{"id":461214,"date":"2019-10-28T16:34:00","date_gmt":"2019-10-28T14:34:00","guid":{"rendered":"http:\/\/devrri.freshlemon.ro\/aktuell\/wahlkampf-14-kandidaten-treten-im-kampf-um-das-amt-des-staatsoberhaupts-id461214.html"},"modified":"2024-02-19T20:51:09","modified_gmt":"2024-02-19T18:51:09","slug":"wahlkampf-14-kandidaten-treten-im-kampf-um-das-amt-des-staatsoberhaupts","status":"publish","type":"post","link":"https:\/\/www.rri.ro\/de\/aktuell\/rri-aktuell\/wahlkampf-14-kandidaten-treten-im-kampf-um-das-amt-des-staatsoberhaupts-id461214.html","title":{"rendered":"Wahlkampf: 14 Kandidaten treten im Kampf um das Amt des Staatsoberhaupts"},"content":{"rendered":"<p>Es sind weniger als zwei Wochen bis zur ersten Runde der Pr\u00e4sidentschaftswahl in Rum\u00e4nien, die am 10. November stattfinden soll, und der bisher ereignislose Wahlkampf endet am 9. November um 17 Uhr. 14 Kandidaten, die alle Fraktionen vertreten und unabh\u00e4ngige Kandidaten treten im Rennen um das Amt des Staatsoberhaupts. Der seit 2014 amtierende Staatspr\u00e4sident Klaus Iohannis kandidiert f\u00fcr eine zweite Amtszeit, unterst\u00fctzt von der national-liberalen Partei PNL, deren Vorsitzender Ludovic Orban designierter Premierminister ist. Die PNL, die als wichtigste Partei der Opposition gilt, hatte den Misstrauensantrag eingeleitet, der zum Sturz der sozialdemokratischen Regierung unter der Leitung von Viorica D\u0103ncil\u0103 f\u00fchrte. D\u0103ncil\u0103 kandidiert auch f\u00fcr den Pr\u00e4sidentenposten.<\/p>\n<p>&#13;<br \/>\n&#13;<\/p>\n<p>&#13;<br \/>\n&#13;<\/p>\n<p>Der Vertreter der USR-PLUS-Allianz Dan Barna, der ehemalige Europaabgeordnete Mircea Diaconu, unterst\u00fctzt von Pro Rum\u00e4nien und der Allianz der Liberalen und Demokraten (ALDE), sind ebenfalls am Rennen beteiligt. ALDE wird von C\u0103lin Popescu Tariceanu geleitet, dessen Entscheidung, aus der Regierungskoalition auszusteigen, die Entlassung der Premierin D\u0103ncil\u0103 ausgel\u00f6st hat. Der Professor, Essayist und Diplomat Toader Paleologu wird von der Partei der Volksbewegung (PMP) unterst\u00fctzt, die die konservative Rechte vertritt, w\u00e4hrend die Demokratische Union der Ungarn in Rum\u00e4nien (UDMR) ihren Vorsitzenden Kelemen Hunor unterst\u00fctzt.<\/p>\n<p>&#13;<br \/>\n&#13;<\/p>\n<p>&#13;<br \/>\n&#13;<\/p>\n<p>Die Kandidaten C\u0103t\u0103lin Ivan, Ninel Peia, Sebastian Constantin Popescu, John-Ion Banu, Ramona-Ioana Bruynseels und Viorel Cataram\u0103 vertreten au\u200e\u00dferparlamentarische Parteien, w\u00e4hrend Bogdan Stanoevici und Alexandru Cump\u0103na\u0219u im Rennen um das Amt des Staatspr\u00e4sidenten als unabh\u00e4ngige Kandidaten treten. Wenn keiner von ihnen in der ersten Runde die absolute Mehrheit erh\u00e4lt, muss das Verfassungsgericht bis zum 15. November die Namen der beiden Kandidaten f\u00fcr die zweite Runde am 24. November bekannt geben. Die Auslandsrum\u00e4nen werden in der ersten Runde vom 8. bis 10. November und in der zweiten Runde vom 22. bis 24. November w\u00e4hlen.<\/p>\n<p>&#13;<br \/>\n&#13;<\/p>\n<p>&#13;<br \/>\n&#13;<\/p>\n<p>Die Abstimmung kann bis Mitternacht verl\u00e4ngert werden, wenn es nicht allen W\u00e4hlern gelingt, ihre Stimme bis 21.00 Uhr abzugeben. Das rum\u00e4nische Au\u200e\u00dfenministerium in Bukarest hat eine interaktive Karte mit den 835 Wahllokalen im Ausland ver\u00f6ffentlicht, die sich \u00fcberwiegend in Spanien, Italien, Deutschland, Gro\u200e\u00dfbritannien und Frankreich, aber auch in den USA, Moldawien, den Niederlanden, Belgien, Irland, D\u00e4nemark, \u00d6sterreich, Griechenland, Portugal und der Schweiz befinden.<\/p>\n<p>&#13;<br \/>\n&#13;<\/p>\n<p>&#13;<br \/>\n&#13;<\/p>\n<p>&#13;<\/p>\n","protected":false},"excerpt":{"rendered":"<p>Rum\u00e4nien steht vor Pr\u00e4sidentschaftswahlen. 14 Kandidaten die alle Fraktionen vertreten und unabh\u00e4ngige Kandidaten treten im Rennen um das Amt des Staatsoberhaupts.<\/p>\n","protected":false},"author":46,"featured_media":461215,"comment_status":"closed","ping_status":"closed","sticky":false,"template":"","format":"standard","meta":{"_acf_changed":false,"footnotes":""},"categories":[99583],"tags":[150651,137226,101795,33035],"coauthors":[],"class_list":["post-461214","post","type-post","status-publish","format-standard","has-post-thumbnail","hentry","category-rri-aktuell","tag-dan-barna-de","tag-klaus-iohannis-de","tag-praesidentschaftswahl","tag-viorica-dancila"],"acf":[],"yoast_head":"<!-- This site is optimized with the Yoast SEO plugin v27.3 - https:\/\/yoast.com\/product\/yoast-seo-wordpress\/ -->\n<title>Wahlkampf: 14 Kandidaten treten im Kampf um das Amt des Staatsoberhaupts - Radio Rum\u00e4nien International<\/title>\n<meta name=\"robots\" content=\"index, follow, max-snippet:-1, max-image-preview:large, max-video-preview:-1\" \/>\n<link rel=\"canonical\" href=\"https:\/\/www.rri.ro\/de\/aktuell\/rri-aktuell\/wahlkampf-14-kandidaten-treten-im-kampf-um-das-amt-des-staatsoberhaupts-id461214.html\" \/>\n<meta property=\"og:locale\" content=\"de_DE\" \/>\n<meta property=\"og:type\" content=\"article\" \/>\n<meta property=\"og:title\" content=\"Wahlkampf: 14 Kandidaten treten im Kampf um das Amt des Staatsoberhaupts - Radio Rum\u00e4nien International\" \/>\n<meta property=\"og:description\" content=\"Rum\u00e4nien steht vor Pr\u00e4sidentschaftswahlen. 14 Kandidaten die alle Fraktionen vertreten und unabh\u00e4ngige Kandidaten treten im Rennen um das Amt des Staatsoberhaupts.\" \/>\n<meta property=\"og:url\" content=\"https:\/\/www.rri.ro\/de\/aktuell\/rri-aktuell\/wahlkampf-14-kandidaten-treten-im-kampf-um-das-amt-des-staatsoberhaupts-id461214.html\" \/>\n<meta property=\"og:site_name\" content=\"Radio Rum\u00e4nien International\" \/>\n<meta property=\"article:published_time\" content=\"2019-10-28T14:34:00+00:00\" \/>\n<meta property=\"article:modified_time\" content=\"2024-02-19T18:51:09+00:00\" \/>\n<meta property=\"og:image\" content=\"https:\/\/www.rri.ro\/wp-content\/uploads\/2023\/10\/alegeri-prezidentiale-2019-foto-maejpg-alt.png\" \/>\n\t<meta property=\"og:image:width\" content=\"640\" \/>\n\t<meta property=\"og:image:height\" content=\"480\" \/>\n\t<meta property=\"og:image:type\" content=\"image\/png\" \/>\n<meta name=\"author\" content=\"Leyla Cheamil\" \/>\n<meta name=\"twitter:card\" content=\"summary_large_image\" \/>\n<meta name=\"twitter:label1\" content=\"Verfasst von\" \/>\n\t<meta name=\"twitter:data1\" content=\"Leyla Cheamil\" \/>\n\t<meta name=\"twitter:label2\" content=\"Gesch\u00e4tzte Lesezeit\" \/>\n\t<meta name=\"twitter:data2\" content=\"2\u00a0Minuten\" \/>\n\t<meta name=\"twitter:label3\" content=\"Written by\" \/>\n\t<meta name=\"twitter:data3\" content=\"Leyla Cheamil\" \/>\n<script type=\"application\/ld+json\" class=\"yoast-schema-graph\">{\"@context\":\"https:\\\/\\\/schema.org\",\"@graph\":[{\"@type\":\"Article\",\"@id\":\"https:\\\/\\\/www.rri.ro\\\/de\\\/aktuell\\\/rri-aktuell\\\/wahlkampf-14-kandidaten-treten-im-kampf-um-das-amt-des-staatsoberhaupts-id461214.html#article\",\"isPartOf\":{\"@id\":\"https:\\\/\\\/www.rri.ro\\\/de\\\/aktuell\\\/rri-aktuell\\\/wahlkampf-14-kandidaten-treten-im-kampf-um-das-amt-des-staatsoberhaupts-id461214.html\"},\"author\":{\"name\":\"Leyla Cheamil\",\"@id\":\"https:\\\/\\\/www.rri.ro\\\/#\\\/schema\\\/person\\\/e6364ed2d4b6af207a82ca66000d07e0\"},\"headline\":\"Wahlkampf: 14 Kandidaten treten im Kampf um das Amt des Staatsoberhaupts\",\"datePublished\":\"2019-10-28T14:34:00+00:00\",\"dateModified\":\"2024-02-19T18:51:09+00:00\",\"mainEntityOfPage\":{\"@id\":\"https:\\\/\\\/www.rri.ro\\\/de\\\/aktuell\\\/rri-aktuell\\\/wahlkampf-14-kandidaten-treten-im-kampf-um-das-amt-des-staatsoberhaupts-id461214.html\"},\"wordCount\":379,\"image\":{\"@id\":\"https:\\\/\\\/www.rri.ro\\\/de\\\/aktuell\\\/rri-aktuell\\\/wahlkampf-14-kandidaten-treten-im-kampf-um-das-amt-des-staatsoberhaupts-id461214.html#primaryimage\"},\"thumbnailUrl\":\"https:\\\/\\\/www.rri.ro\\\/wp-content\\\/uploads\\\/2023\\\/10\\\/alegeri-prezidentiale-2019-foto-maejpg-alt.png\",\"keywords\":[\"Dan Barna\",\"Klaus Iohannis\",\"Pr\u00e4sidentschaftswahl\",\"viorica dancila\"],\"articleSection\":[\"RRI Aktuell\"],\"inLanguage\":\"de\"},{\"@type\":\"WebPage\",\"@id\":\"https:\\\/\\\/www.rri.ro\\\/de\\\/aktuell\\\/rri-aktuell\\\/wahlkampf-14-kandidaten-treten-im-kampf-um-das-amt-des-staatsoberhaupts-id461214.html\",\"url\":\"https:\\\/\\\/www.rri.ro\\\/de\\\/aktuell\\\/rri-aktuell\\\/wahlkampf-14-kandidaten-treten-im-kampf-um-das-amt-des-staatsoberhaupts-id461214.html\",\"name\":\"Wahlkampf: 14 Kandidaten treten im Kampf um das Amt des Staatsoberhaupts - Radio Rum\u00e4nien International\",\"isPartOf\":{\"@id\":\"https:\\\/\\\/www.rri.ro\\\/#website\"},\"primaryImageOfPage\":{\"@id\":\"https:\\\/\\\/www.rri.ro\\\/de\\\/aktuell\\\/rri-aktuell\\\/wahlkampf-14-kandidaten-treten-im-kampf-um-das-amt-des-staatsoberhaupts-id461214.html#primaryimage\"},\"image\":{\"@id\":\"https:\\\/\\\/www.rri.ro\\\/de\\\/aktuell\\\/rri-aktuell\\\/wahlkampf-14-kandidaten-treten-im-kampf-um-das-amt-des-staatsoberhaupts-id461214.html#primaryimage\"},\"thumbnailUrl\":\"https:\\\/\\\/www.rri.ro\\\/wp-content\\\/uploads\\\/2023\\\/10\\\/alegeri-prezidentiale-2019-foto-maejpg-alt.png\",\"datePublished\":\"2019-10-28T14:34:00+00:00\",\"dateModified\":\"2024-02-19T18:51:09+00:00\",\"author\":{\"@id\":\"https:\\\/\\\/www.rri.ro\\\/#\\\/schema\\\/person\\\/e6364ed2d4b6af207a82ca66000d07e0\"},\"breadcrumb\":{\"@id\":\"https:\\\/\\\/www.rri.ro\\\/de\\\/aktuell\\\/rri-aktuell\\\/wahlkampf-14-kandidaten-treten-im-kampf-um-das-amt-des-staatsoberhaupts-id461214.html#breadcrumb\"},\"inLanguage\":\"de\",\"potentialAction\":[{\"@type\":\"ReadAction\",\"target\":[\"https:\\\/\\\/www.rri.ro\\\/de\\\/aktuell\\\/rri-aktuell\\\/wahlkampf-14-kandidaten-treten-im-kampf-um-das-amt-des-staatsoberhaupts-id461214.html\"]}]},{\"@type\":\"ImageObject\",\"inLanguage\":\"de\",\"@id\":\"https:\\\/\\\/www.rri.ro\\\/de\\\/aktuell\\\/rri-aktuell\\\/wahlkampf-14-kandidaten-treten-im-kampf-um-das-amt-des-staatsoberhaupts-id461214.html#primaryimage\",\"url\":\"https:\\\/\\\/www.rri.ro\\\/wp-content\\\/uploads\\\/2023\\\/10\\\/alegeri-prezidentiale-2019-foto-maejpg-alt.png\",\"contentUrl\":\"https:\\\/\\\/www.rri.ro\\\/wp-content\\\/uploads\\\/2023\\\/10\\\/alegeri-prezidentiale-2019-foto-maejpg-alt.png\",\"width\":640,\"height\":480},{\"@type\":\"BreadcrumbList\",\"@id\":\"https:\\\/\\\/www.rri.ro\\\/de\\\/aktuell\\\/rri-aktuell\\\/wahlkampf-14-kandidaten-treten-im-kampf-um-das-amt-des-staatsoberhaupts-id461214.html#breadcrumb\",\"itemListElement\":[{\"@type\":\"ListItem\",\"position\":1,\"name\":\"Startseite\",\"item\":\"https:\\\/\\\/www.rri.ro\\\/de\"},{\"@type\":\"ListItem\",\"position\":2,\"name\":\"Aktuell\",\"item\":\"https:\\\/\\\/www.rri.ro\\\/de\\\/aktuell\"},{\"@type\":\"ListItem\",\"position\":3,\"name\":\"RRI Aktuell\",\"item\":\"https:\\\/\\\/www.rri.ro\\\/de\\\/aktuell\\\/rri-aktuell\"},{\"@type\":\"ListItem\",\"position\":4,\"name\":\"Wahlkampf: 14 Kandidaten treten im Kampf um das Amt des Staatsoberhaupts\"}]},{\"@type\":\"WebSite\",\"@id\":\"https:\\\/\\\/www.rri.ro\\\/#website\",\"url\":\"https:\\\/\\\/www.rri.ro\\\/\",\"name\":\"Radio Rum\u00e4nien International\",\"description\":\"Totul despre Rom\u00e2nia \u015fi rom\u00e2ni, \u00een 13 limbi\\\/dialecte!\",\"inLanguage\":\"de\"},{\"@type\":\"Person\",\"@id\":\"https:\\\/\\\/www.rri.ro\\\/#\\\/schema\\\/person\\\/e6364ed2d4b6af207a82ca66000d07e0\",\"name\":\"Leyla Cheamil\",\"url\":\"https:\\\/\\\/www.rri.ro\\\/de\\\/author\\\/leyla-cheamil\"}]}<\/script>\n<!-- \/ Yoast SEO plugin. -->","yoast_head_json":{"title":"Wahlkampf: 14 Kandidaten treten im Kampf um das Amt des Staatsoberhaupts - Radio Rum\u00e4nien International","robots":{"index":"index","follow":"follow","max-snippet":"max-snippet:-1","max-image-preview":"max-image-preview:large","max-video-preview":"max-video-preview:-1"},"canonical":"https:\/\/www.rri.ro\/de\/aktuell\/rri-aktuell\/wahlkampf-14-kandidaten-treten-im-kampf-um-das-amt-des-staatsoberhaupts-id461214.html","og_locale":"de_DE","og_type":"article","og_title":"Wahlkampf: 14 Kandidaten treten im Kampf um das Amt des Staatsoberhaupts - Radio Rum\u00e4nien International","og_description":"Rum\u00e4nien steht vor Pr\u00e4sidentschaftswahlen. 14 Kandidaten die alle Fraktionen vertreten und unabh\u00e4ngige Kandidaten treten im Rennen um das Amt des Staatsoberhaupts.","og_url":"https:\/\/www.rri.ro\/de\/aktuell\/rri-aktuell\/wahlkampf-14-kandidaten-treten-im-kampf-um-das-amt-des-staatsoberhaupts-id461214.html","og_site_name":"Radio Rum\u00e4nien International","article_published_time":"2019-10-28T14:34:00+00:00","article_modified_time":"2024-02-19T18:51:09+00:00","og_image":[{"width":640,"height":480,"url":"https:\/\/www.rri.ro\/wp-content\/uploads\/2023\/10\/alegeri-prezidentiale-2019-foto-maejpg-alt.png","type":"image\/png"}],"author":"Leyla Cheamil","twitter_card":"summary_large_image","twitter_misc":{"Verfasst von":"Leyla Cheamil","Gesch\u00e4tzte Lesezeit":"2\u00a0Minuten","Written by":"Leyla Cheamil"},"schema":{"@context":"https:\/\/schema.org","@graph":[{"@type":"Article","@id":"https:\/\/www.rri.ro\/de\/aktuell\/rri-aktuell\/wahlkampf-14-kandidaten-treten-im-kampf-um-das-amt-des-staatsoberhaupts-id461214.html#article","isPartOf":{"@id":"https:\/\/www.rri.ro\/de\/aktuell\/rri-aktuell\/wahlkampf-14-kandidaten-treten-im-kampf-um-das-amt-des-staatsoberhaupts-id461214.html"},"author":{"name":"Leyla Cheamil","@id":"https:\/\/www.rri.ro\/#\/schema\/person\/e6364ed2d4b6af207a82ca66000d07e0"},"headline":"Wahlkampf: 14 Kandidaten treten im Kampf um das Amt des Staatsoberhaupts","datePublished":"2019-10-28T14:34:00+00:00","dateModified":"2024-02-19T18:51:09+00:00","mainEntityOfPage":{"@id":"https:\/\/www.rri.ro\/de\/aktuell\/rri-aktuell\/wahlkampf-14-kandidaten-treten-im-kampf-um-das-amt-des-staatsoberhaupts-id461214.html"},"wordCount":379,"image":{"@id":"https:\/\/www.rri.ro\/de\/aktuell\/rri-aktuell\/wahlkampf-14-kandidaten-treten-im-kampf-um-das-amt-des-staatsoberhaupts-id461214.html#primaryimage"},"thumbnailUrl":"https:\/\/www.rri.ro\/wp-content\/uploads\/2023\/10\/alegeri-prezidentiale-2019-foto-maejpg-alt.png","keywords":["Dan Barna","Klaus Iohannis","Pr\u00e4sidentschaftswahl","viorica dancila"],"articleSection":["RRI Aktuell"],"inLanguage":"de"},{"@type":"WebPage","@id":"https:\/\/www.rri.ro\/de\/aktuell\/rri-aktuell\/wahlkampf-14-kandidaten-treten-im-kampf-um-das-amt-des-staatsoberhaupts-id461214.html","url":"https:\/\/www.rri.ro\/de\/aktuell\/rri-aktuell\/wahlkampf-14-kandidaten-treten-im-kampf-um-das-amt-des-staatsoberhaupts-id461214.html","name":"Wahlkampf: 14 Kandidaten treten im Kampf um das Amt des Staatsoberhaupts - Radio Rum\u00e4nien International","isPartOf":{"@id":"https:\/\/www.rri.ro\/#website"},"primaryImageOfPage":{"@id":"https:\/\/www.rri.ro\/de\/aktuell\/rri-aktuell\/wahlkampf-14-kandidaten-treten-im-kampf-um-das-amt-des-staatsoberhaupts-id461214.html#primaryimage"},"image":{"@id":"https:\/\/www.rri.ro\/de\/aktuell\/rri-aktuell\/wahlkampf-14-kandidaten-treten-im-kampf-um-das-amt-des-staatsoberhaupts-id461214.html#primaryimage"},"thumbnailUrl":"https:\/\/www.rri.ro\/wp-content\/uploads\/2023\/10\/alegeri-prezidentiale-2019-foto-maejpg-alt.png","datePublished":"2019-10-28T14:34:00+00:00","dateModified":"2024-02-19T18:51:09+00:00","author":{"@id":"https:\/\/www.rri.ro\/#\/schema\/person\/e6364ed2d4b6af207a82ca66000d07e0"},"breadcrumb":{"@id":"https:\/\/www.rri.ro\/de\/aktuell\/rri-aktuell\/wahlkampf-14-kandidaten-treten-im-kampf-um-das-amt-des-staatsoberhaupts-id461214.html#breadcrumb"},"inLanguage":"de","potentialAction":[{"@type":"ReadAction","target":["https:\/\/www.rri.ro\/de\/aktuell\/rri-aktuell\/wahlkampf-14-kandidaten-treten-im-kampf-um-das-amt-des-staatsoberhaupts-id461214.html"]}]},{"@type":"ImageObject","inLanguage":"de","@id":"https:\/\/www.rri.ro\/de\/aktuell\/rri-aktuell\/wahlkampf-14-kandidaten-treten-im-kampf-um-das-amt-des-staatsoberhaupts-id461214.html#primaryimage","url":"https:\/\/www.rri.ro\/wp-content\/uploads\/2023\/10\/alegeri-prezidentiale-2019-foto-maejpg-alt.png","contentUrl":"https:\/\/www.rri.ro\/wp-content\/uploads\/2023\/10\/alegeri-prezidentiale-2019-foto-maejpg-alt.png","width":640,"height":480},{"@type":"BreadcrumbList","@id":"https:\/\/www.rri.ro\/de\/aktuell\/rri-aktuell\/wahlkampf-14-kandidaten-treten-im-kampf-um-das-amt-des-staatsoberhaupts-id461214.html#breadcrumb","itemListElement":[{"@type":"ListItem","position":1,"name":"Startseite","item":"https:\/\/www.rri.ro\/de"},{"@type":"ListItem","position":2,"name":"Aktuell","item":"https:\/\/www.rri.ro\/de\/aktuell"},{"@type":"ListItem","position":3,"name":"RRI Aktuell","item":"https:\/\/www.rri.ro\/de\/aktuell\/rri-aktuell"},{"@type":"ListItem","position":4,"name":"Wahlkampf: 14 Kandidaten treten im Kampf um das Amt des Staatsoberhaupts"}]},{"@type":"WebSite","@id":"https:\/\/www.rri.ro\/#website","url":"https:\/\/www.rri.ro\/","name":"Radio Rum\u00e4nien International","description":"Totul despre Rom\u00e2nia \u015fi rom\u00e2ni, \u00een 13 limbi\/dialecte!","inLanguage":"de"},{"@type":"Person","@id":"https:\/\/www.rri.ro\/#\/schema\/person\/e6364ed2d4b6af207a82ca66000d07e0","name":"Leyla Cheamil","url":"https:\/\/www.rri.ro\/de\/author\/leyla-cheamil"}]}},"_links":{"self":[{"href":"https:\/\/www.rri.ro\/de\/wp-json\/wp\/v2\/posts\/461214","targetHints":{"allow":["GET"]}}],"collection":[{"href":"https:\/\/www.rri.ro\/de\/wp-json\/wp\/v2\/posts"}],"about":[{"href":"https:\/\/www.rri.ro\/de\/wp-json\/wp\/v2\/types\/post"}],"author":[{"embeddable":true,"href":"https:\/\/www.rri.ro\/de\/wp-json\/wp\/v2\/users\/46"}],"replies":[{"embeddable":true,"href":"https:\/\/www.rri.ro\/de\/wp-json\/wp\/v2\/comments?post=461214"}],"version-history":[{"count":0,"href":"https:\/\/www.rri.ro\/de\/wp-json\/wp\/v2\/posts\/461214\/revisions"}],"wp:featuredmedia":[{"embeddable":true,"href":"https:\/\/www.rri.ro\/de\/wp-json\/wp\/v2\/media\/461215"}],"wp:attachment":[{"href":"https:\/\/www.rri.ro\/de\/wp-json\/wp\/v2\/media?parent=461214"}],"wp:term":[{"taxonomy":"category","embeddable":true,"href":"https:\/\/www.rri.ro\/de\/wp-json\/wp\/v2\/categories?post=461214"},{"taxonomy":"post_tag","embeddable":true,"href":"https:\/\/www.rri.ro\/de\/wp-json\/wp\/v2\/tags?post=461214"},{"taxonomy":"author","embeddable":true,"href":"https:\/\/www.rri.ro\/de\/wp-json\/wp\/v2\/coauthors?post=461214"}],"curies":[{"name":"wp","href":"https:\/\/api.w.org\/{rel}","templated":true}]}}