{"id":461230,"date":"2019-11-01T17:05:00","date_gmt":"2019-11-01T15:05:00","guid":{"rendered":"http:\/\/devrri.freshlemon.ro\/aktuell\/radio-rumaenien-feiert-91-jubilaeum-id461230.html"},"modified":"2024-02-19T20:51:21","modified_gmt":"2024-02-19T18:51:21","slug":"radio-rumaenien-feiert-91-jubilaeum","status":"publish","type":"post","link":"https:\/\/www.rri.ro\/de\/aktuell\/rri-aktuell\/radio-rumaenien-feiert-91-jubilaeum-id461230.html","title":{"rendered":"Radio Rum\u00e4nien feiert 91. Jubil\u00e4um"},"content":{"rendered":"<p>An diesem Freitag feiert Radio Rum\u00e4nien sein 91-j\u00e4hriges Bestehen. Hallo, hallo, hier ist Radio Bukarest\u201c waren die ersten Worte, die dieser Radiosender am 1. November 1928 ausstrahlte, als er Teil der ersten Sendung der Radiotelephongesellschaft in Rum\u00e4nien war. Die Worte wurden vom damaligen Pr\u00e4sidenten der oben genannten Institution Dragomir Hurmuzescu ausgesprochen, der auch der Gr\u00fcndungsvater der rum\u00e4nischen Radiophonie war.<\/p>\n<p>&#13;<br \/>\n&#13;<\/p>\n<p>&#13;<br \/>\n&#13;<\/p>\n<p>Im Laufe der Jahre \u00fcbertrug Radio Rum\u00e4nien Nachrichten von f\u00fchrenden Pers\u00f6nlichkeiten, die ihren Einfluss auf die Geschichte des Landes hatten. Das rum\u00e4nische \u00f6ffentlich-rechtliche Radio, das als Informations-, Bildungs- und Unterhaltungsmedium konzipiert ist, sendet seit 91 Jahren eine redaktionelle Anpassung seiner Politik und \u00fcberlebt die radikalen Regimewechsel, die sich w\u00e4hrend seiner Existenz ereignet haben, vom demokratischen System zwischen den beiden Weltkriegen \u00fcber die rechte Diktatur um den Weltkrieg bis hin zur nachfolgenden kommunistischen Diktatur.<\/p>\n<p>&#13;<br \/>\n&#13;<\/p>\n<p>&#13;<br \/>\n&#13;<\/p>\n<p>Radio Rum\u00e4nien feiert 91 Jahre ununterbrochenen \u00f6ffentlichen Dienst und \u00dcbertragungen, 91 Jahre harte Arbeit und Opfer, aber auch Genugtuung im nachhaltigen Prozess des Aufbaus des Vertrauens, das der Sender heute genie\u200e\u00dft, sagte der Pr\u00e4sident der Institution und Generaldirektor Georgic\u0103 Severin bei dieser Gelegenheit. <em>Wie sprechen \u00fcber die genauen Nachrichten \u00fcber die verschiedenen t\u00e4glichen Ereignisse, die Kultur\u00fcbertragungen, die Sendungen \u00fcber Theaterst\u00fccke aus der nationalen und universellen Dramaturgie oder \u00fcber Konzerte und Auff\u00fchrungen von Rundfunkorchestern und Ch\u00f6ren, diese ununterbrochene, unerm\u00fcdliche Arbeit basiert immer auf Professionalit\u00e4t und Respekt vor den Zuh\u00f6rern\u201c,<\/em> so Georgic\u0103 Severin weiter.<\/p>\n<p>&#13;<br \/>\n&#13;<\/p>\n<p>&#13;<br \/>\n&#13;<\/p>\n<p>Neben den bekannten Sendern Nachrichten und Aktuelles, Kultur, Musik und der Dorfantenne verf\u00fcgt Radio Rum\u00e4nien auch \u00fcber mehrere regionale und lokale Sender sowie die Online-Kan\u00e4le f\u00fcr Kinder und Jugendliche. Das rum\u00e4nische \u00f6ffentliche Radio begann bereits in den 1930er Jahren mit der Ausstrahlung f\u00fcr H\u00f6rer im Ausland und sendet derzeit in 11 Fremdsprachen: Arabisch, Chinesisch, Englisch, Hebr\u00e4isch, Franz\u00f6sisch, Deutsch, Italienisch, Serbisch, Spanisch, Russisch und Ukrainisch sowie im aromunischen Dialekt.<\/p>\n<p>&#13;<br \/>\n&#13;<\/p>\n<p>&#13;<br \/>\n&#13;<\/p>\n<p>Anl\u00e4sslich seines 91. Jubil\u00e4ums veranstaltete Radio Rum\u00e4nien ein Konzert des Nationalen Rundfunkorchesters sowie eine Ausstellung auf dem Gel\u00e4nde, die bis zum 5. November unter dem suggestiven Titel Afghanistan, Gesichter des Krieges\u201c zu sehen ist. Die Ausstellung zeigt Fotos, die der Korrespondent von Radio Romania in diesem Land, Ilie Pintea, aufgenommen hat. Die Ausstellung wurde 2018 in Los Angeles unter der Schirmherrschaft des Generalkonsulats des Landes in Los Angeles und des Kulturinstituts in Bukarest er\u00f6ffnet, als Rum\u00e4nien sein 100-j\u00e4hriges Bestehen feierte.<\/p>\n<p>&#13;<\/p>\n","protected":false},"excerpt":{"rendered":"<p>Jedes Jahr, am ersten November, wird der Tag des rum\u00e4nischen Rundfunks gefeiert, wodurch die Einweihung des nationalen Radiosenders verzeichnet wird.<\/p>\n","protected":false},"author":46,"featured_media":461231,"comment_status":"closed","ping_status":"closed","sticky":false,"template":"","format":"standard","meta":{"_acf_changed":false,"footnotes":""},"categories":[99583],"tags":[101388,99875],"coauthors":[],"class_list":["post-461230","post","type-post","status-publish","format-standard","has-post-thumbnail","hentry","category-rri-aktuell","tag-jubilaeum","tag-radio-rumaenien"],"acf":[],"yoast_head":"<!-- This site is optimized with the Yoast SEO plugin v27.5 - https:\/\/yoast.com\/product\/yoast-seo-wordpress\/ -->\n<title>Radio Rum\u00e4nien feiert 91. Jubil\u00e4um - Radio Rum\u00e4nien International<\/title>\n<meta name=\"robots\" content=\"index, follow, max-snippet:-1, max-image-preview:large, max-video-preview:-1\" \/>\n<link rel=\"canonical\" href=\"https:\/\/www.rri.ro\/de\/aktuell\/rri-aktuell\/radio-rumaenien-feiert-91-jubilaeum-id461230.html\" \/>\n<meta property=\"og:locale\" content=\"de_DE\" \/>\n<meta property=\"og:type\" content=\"article\" \/>\n<meta property=\"og:title\" content=\"Radio Rum\u00e4nien feiert 91. Jubil\u00e4um - Radio Rum\u00e4nien International\" \/>\n<meta property=\"og:description\" content=\"Jedes Jahr, am ersten November, wird der Tag des rum\u00e4nischen Rundfunks gefeiert, wodurch die Einweihung des nationalen Radiosenders verzeichnet wird.\" \/>\n<meta property=\"og:url\" content=\"https:\/\/www.rri.ro\/de\/aktuell\/rri-aktuell\/radio-rumaenien-feiert-91-jubilaeum-id461230.html\" \/>\n<meta property=\"og:site_name\" content=\"Radio Rum\u00e4nien International\" \/>\n<meta property=\"article:published_time\" content=\"2019-11-01T15:05:00+00:00\" \/>\n<meta property=\"article:modified_time\" content=\"2024-02-19T18:51:21+00:00\" \/>\n<meta property=\"og:image\" content=\"https:\/\/www.rri.ro\/wp-content\/uploads\/2023\/10\/RadioRomania-mainbuilding.jpg\" \/>\n\t<meta property=\"og:image:width\" content=\"640\" \/>\n\t<meta property=\"og:image:height\" content=\"452\" \/>\n\t<meta property=\"og:image:type\" content=\"image\/jpeg\" \/>\n<meta name=\"author\" content=\"Leyla Cheamil\" \/>\n<meta name=\"twitter:card\" content=\"summary_large_image\" \/>\n<meta name=\"twitter:label1\" content=\"Verfasst von\" \/>\n\t<meta name=\"twitter:data1\" content=\"Leyla Cheamil\" \/>\n\t<meta name=\"twitter:label2\" content=\"Gesch\u00e4tzte Lesezeit\" \/>\n\t<meta name=\"twitter:data2\" content=\"2\u00a0Minuten\" \/>\n\t<meta name=\"twitter:label3\" content=\"Written by\" \/>\n\t<meta name=\"twitter:data3\" content=\"Leyla Cheamil\" \/>\n<script type=\"application\/ld+json\" class=\"yoast-schema-graph\">{\"@context\":\"https:\\\/\\\/schema.org\",\"@graph\":[{\"@type\":\"Article\",\"@id\":\"https:\\\/\\\/www.rri.ro\\\/de\\\/aktuell\\\/rri-aktuell\\\/radio-rumaenien-feiert-91-jubilaeum-id461230.html#article\",\"isPartOf\":{\"@id\":\"https:\\\/\\\/www.rri.ro\\\/de\\\/aktuell\\\/rri-aktuell\\\/radio-rumaenien-feiert-91-jubilaeum-id461230.html\"},\"author\":{\"name\":\"Leyla Cheamil\",\"@id\":\"https:\\\/\\\/www.rri.ro\\\/#\\\/schema\\\/person\\\/e6364ed2d4b6af207a82ca66000d07e0\"},\"headline\":\"Radio Rum\u00e4nien feiert 91. Jubil\u00e4um\",\"datePublished\":\"2019-11-01T15:05:00+00:00\",\"dateModified\":\"2024-02-19T18:51:21+00:00\",\"mainEntityOfPage\":{\"@id\":\"https:\\\/\\\/www.rri.ro\\\/de\\\/aktuell\\\/rri-aktuell\\\/radio-rumaenien-feiert-91-jubilaeum-id461230.html\"},\"wordCount\":407,\"image\":{\"@id\":\"https:\\\/\\\/www.rri.ro\\\/de\\\/aktuell\\\/rri-aktuell\\\/radio-rumaenien-feiert-91-jubilaeum-id461230.html#primaryimage\"},\"thumbnailUrl\":\"https:\\\/\\\/www.rri.ro\\\/wp-content\\\/uploads\\\/2023\\\/10\\\/RadioRomania-mainbuilding.jpg\",\"keywords\":[\"Jubil\u00e4um\",\"Radio Rum\u00e4nien\"],\"articleSection\":[\"RRI Aktuell\"],\"inLanguage\":\"de\"},{\"@type\":\"WebPage\",\"@id\":\"https:\\\/\\\/www.rri.ro\\\/de\\\/aktuell\\\/rri-aktuell\\\/radio-rumaenien-feiert-91-jubilaeum-id461230.html\",\"url\":\"https:\\\/\\\/www.rri.ro\\\/de\\\/aktuell\\\/rri-aktuell\\\/radio-rumaenien-feiert-91-jubilaeum-id461230.html\",\"name\":\"Radio Rum\u00e4nien feiert 91. Jubil\u00e4um - Radio Rum\u00e4nien International\",\"isPartOf\":{\"@id\":\"https:\\\/\\\/www.rri.ro\\\/#website\"},\"primaryImageOfPage\":{\"@id\":\"https:\\\/\\\/www.rri.ro\\\/de\\\/aktuell\\\/rri-aktuell\\\/radio-rumaenien-feiert-91-jubilaeum-id461230.html#primaryimage\"},\"image\":{\"@id\":\"https:\\\/\\\/www.rri.ro\\\/de\\\/aktuell\\\/rri-aktuell\\\/radio-rumaenien-feiert-91-jubilaeum-id461230.html#primaryimage\"},\"thumbnailUrl\":\"https:\\\/\\\/www.rri.ro\\\/wp-content\\\/uploads\\\/2023\\\/10\\\/RadioRomania-mainbuilding.jpg\",\"datePublished\":\"2019-11-01T15:05:00+00:00\",\"dateModified\":\"2024-02-19T18:51:21+00:00\",\"author\":{\"@id\":\"https:\\\/\\\/www.rri.ro\\\/#\\\/schema\\\/person\\\/e6364ed2d4b6af207a82ca66000d07e0\"},\"breadcrumb\":{\"@id\":\"https:\\\/\\\/www.rri.ro\\\/de\\\/aktuell\\\/rri-aktuell\\\/radio-rumaenien-feiert-91-jubilaeum-id461230.html#breadcrumb\"},\"inLanguage\":\"de\",\"potentialAction\":[{\"@type\":\"ReadAction\",\"target\":[\"https:\\\/\\\/www.rri.ro\\\/de\\\/aktuell\\\/rri-aktuell\\\/radio-rumaenien-feiert-91-jubilaeum-id461230.html\"]}]},{\"@type\":\"ImageObject\",\"inLanguage\":\"de\",\"@id\":\"https:\\\/\\\/www.rri.ro\\\/de\\\/aktuell\\\/rri-aktuell\\\/radio-rumaenien-feiert-91-jubilaeum-id461230.html#primaryimage\",\"url\":\"https:\\\/\\\/www.rri.ro\\\/wp-content\\\/uploads\\\/2023\\\/10\\\/RadioRomania-mainbuilding.jpg\",\"contentUrl\":\"https:\\\/\\\/www.rri.ro\\\/wp-content\\\/uploads\\\/2023\\\/10\\\/RadioRomania-mainbuilding.jpg\",\"width\":640,\"height\":452},{\"@type\":\"BreadcrumbList\",\"@id\":\"https:\\\/\\\/www.rri.ro\\\/de\\\/aktuell\\\/rri-aktuell\\\/radio-rumaenien-feiert-91-jubilaeum-id461230.html#breadcrumb\",\"itemListElement\":[{\"@type\":\"ListItem\",\"position\":1,\"name\":\"Startseite\",\"item\":\"https:\\\/\\\/www.rri.ro\\\/de\"},{\"@type\":\"ListItem\",\"position\":2,\"name\":\"Aktuell\",\"item\":\"https:\\\/\\\/www.rri.ro\\\/de\\\/aktuell\"},{\"@type\":\"ListItem\",\"position\":3,\"name\":\"RRI Aktuell\",\"item\":\"https:\\\/\\\/www.rri.ro\\\/de\\\/aktuell\\\/rri-aktuell\"},{\"@type\":\"ListItem\",\"position\":4,\"name\":\"Radio Rum\u00e4nien feiert 91. Jubil\u00e4um\"}]},{\"@type\":\"WebSite\",\"@id\":\"https:\\\/\\\/www.rri.ro\\\/#website\",\"url\":\"https:\\\/\\\/www.rri.ro\\\/\",\"name\":\"Radio Rum\u00e4nien International\",\"description\":\"Totul despre Rom\u00e2nia \u015fi rom\u00e2ni, \u00een 13 limbi\\\/dialecte!\",\"inLanguage\":\"de\"},{\"@type\":\"Person\",\"@id\":\"https:\\\/\\\/www.rri.ro\\\/#\\\/schema\\\/person\\\/e6364ed2d4b6af207a82ca66000d07e0\",\"name\":\"Leyla Cheamil\",\"url\":\"https:\\\/\\\/www.rri.ro\\\/de\\\/author\\\/leyla-cheamil\"}]}<\/script>\n<!-- \/ Yoast SEO plugin. -->","yoast_head_json":{"title":"Radio Rum\u00e4nien feiert 91. Jubil\u00e4um - Radio Rum\u00e4nien International","robots":{"index":"index","follow":"follow","max-snippet":"max-snippet:-1","max-image-preview":"max-image-preview:large","max-video-preview":"max-video-preview:-1"},"canonical":"https:\/\/www.rri.ro\/de\/aktuell\/rri-aktuell\/radio-rumaenien-feiert-91-jubilaeum-id461230.html","og_locale":"de_DE","og_type":"article","og_title":"Radio Rum\u00e4nien feiert 91. Jubil\u00e4um - Radio Rum\u00e4nien International","og_description":"Jedes Jahr, am ersten November, wird der Tag des rum\u00e4nischen Rundfunks gefeiert, wodurch die Einweihung des nationalen Radiosenders verzeichnet wird.","og_url":"https:\/\/www.rri.ro\/de\/aktuell\/rri-aktuell\/radio-rumaenien-feiert-91-jubilaeum-id461230.html","og_site_name":"Radio Rum\u00e4nien International","article_published_time":"2019-11-01T15:05:00+00:00","article_modified_time":"2024-02-19T18:51:21+00:00","og_image":[{"width":640,"height":452,"url":"https:\/\/www.rri.ro\/wp-content\/uploads\/2023\/10\/RadioRomania-mainbuilding.jpg","type":"image\/jpeg"}],"author":"Leyla Cheamil","twitter_card":"summary_large_image","twitter_misc":{"Verfasst von":"Leyla Cheamil","Gesch\u00e4tzte Lesezeit":"2\u00a0Minuten","Written by":"Leyla Cheamil"},"schema":{"@context":"https:\/\/schema.org","@graph":[{"@type":"Article","@id":"https:\/\/www.rri.ro\/de\/aktuell\/rri-aktuell\/radio-rumaenien-feiert-91-jubilaeum-id461230.html#article","isPartOf":{"@id":"https:\/\/www.rri.ro\/de\/aktuell\/rri-aktuell\/radio-rumaenien-feiert-91-jubilaeum-id461230.html"},"author":{"name":"Leyla Cheamil","@id":"https:\/\/www.rri.ro\/#\/schema\/person\/e6364ed2d4b6af207a82ca66000d07e0"},"headline":"Radio Rum\u00e4nien feiert 91. Jubil\u00e4um","datePublished":"2019-11-01T15:05:00+00:00","dateModified":"2024-02-19T18:51:21+00:00","mainEntityOfPage":{"@id":"https:\/\/www.rri.ro\/de\/aktuell\/rri-aktuell\/radio-rumaenien-feiert-91-jubilaeum-id461230.html"},"wordCount":407,"image":{"@id":"https:\/\/www.rri.ro\/de\/aktuell\/rri-aktuell\/radio-rumaenien-feiert-91-jubilaeum-id461230.html#primaryimage"},"thumbnailUrl":"https:\/\/www.rri.ro\/wp-content\/uploads\/2023\/10\/RadioRomania-mainbuilding.jpg","keywords":["Jubil\u00e4um","Radio Rum\u00e4nien"],"articleSection":["RRI Aktuell"],"inLanguage":"de"},{"@type":"WebPage","@id":"https:\/\/www.rri.ro\/de\/aktuell\/rri-aktuell\/radio-rumaenien-feiert-91-jubilaeum-id461230.html","url":"https:\/\/www.rri.ro\/de\/aktuell\/rri-aktuell\/radio-rumaenien-feiert-91-jubilaeum-id461230.html","name":"Radio Rum\u00e4nien feiert 91. Jubil\u00e4um - Radio Rum\u00e4nien International","isPartOf":{"@id":"https:\/\/www.rri.ro\/#website"},"primaryImageOfPage":{"@id":"https:\/\/www.rri.ro\/de\/aktuell\/rri-aktuell\/radio-rumaenien-feiert-91-jubilaeum-id461230.html#primaryimage"},"image":{"@id":"https:\/\/www.rri.ro\/de\/aktuell\/rri-aktuell\/radio-rumaenien-feiert-91-jubilaeum-id461230.html#primaryimage"},"thumbnailUrl":"https:\/\/www.rri.ro\/wp-content\/uploads\/2023\/10\/RadioRomania-mainbuilding.jpg","datePublished":"2019-11-01T15:05:00+00:00","dateModified":"2024-02-19T18:51:21+00:00","author":{"@id":"https:\/\/www.rri.ro\/#\/schema\/person\/e6364ed2d4b6af207a82ca66000d07e0"},"breadcrumb":{"@id":"https:\/\/www.rri.ro\/de\/aktuell\/rri-aktuell\/radio-rumaenien-feiert-91-jubilaeum-id461230.html#breadcrumb"},"inLanguage":"de","potentialAction":[{"@type":"ReadAction","target":["https:\/\/www.rri.ro\/de\/aktuell\/rri-aktuell\/radio-rumaenien-feiert-91-jubilaeum-id461230.html"]}]},{"@type":"ImageObject","inLanguage":"de","@id":"https:\/\/www.rri.ro\/de\/aktuell\/rri-aktuell\/radio-rumaenien-feiert-91-jubilaeum-id461230.html#primaryimage","url":"https:\/\/www.rri.ro\/wp-content\/uploads\/2023\/10\/RadioRomania-mainbuilding.jpg","contentUrl":"https:\/\/www.rri.ro\/wp-content\/uploads\/2023\/10\/RadioRomania-mainbuilding.jpg","width":640,"height":452},{"@type":"BreadcrumbList","@id":"https:\/\/www.rri.ro\/de\/aktuell\/rri-aktuell\/radio-rumaenien-feiert-91-jubilaeum-id461230.html#breadcrumb","itemListElement":[{"@type":"ListItem","position":1,"name":"Startseite","item":"https:\/\/www.rri.ro\/de"},{"@type":"ListItem","position":2,"name":"Aktuell","item":"https:\/\/www.rri.ro\/de\/aktuell"},{"@type":"ListItem","position":3,"name":"RRI Aktuell","item":"https:\/\/www.rri.ro\/de\/aktuell\/rri-aktuell"},{"@type":"ListItem","position":4,"name":"Radio Rum\u00e4nien feiert 91. Jubil\u00e4um"}]},{"@type":"WebSite","@id":"https:\/\/www.rri.ro\/#website","url":"https:\/\/www.rri.ro\/","name":"Radio Rum\u00e4nien International","description":"Totul despre Rom\u00e2nia \u015fi rom\u00e2ni, \u00een 13 limbi\/dialecte!","inLanguage":"de"},{"@type":"Person","@id":"https:\/\/www.rri.ro\/#\/schema\/person\/e6364ed2d4b6af207a82ca66000d07e0","name":"Leyla Cheamil","url":"https:\/\/www.rri.ro\/de\/author\/leyla-cheamil"}]}},"_links":{"self":[{"href":"https:\/\/www.rri.ro\/de\/wp-json\/wp\/v2\/posts\/461230","targetHints":{"allow":["GET"]}}],"collection":[{"href":"https:\/\/www.rri.ro\/de\/wp-json\/wp\/v2\/posts"}],"about":[{"href":"https:\/\/www.rri.ro\/de\/wp-json\/wp\/v2\/types\/post"}],"author":[{"embeddable":true,"href":"https:\/\/www.rri.ro\/de\/wp-json\/wp\/v2\/users\/46"}],"replies":[{"embeddable":true,"href":"https:\/\/www.rri.ro\/de\/wp-json\/wp\/v2\/comments?post=461230"}],"version-history":[{"count":0,"href":"https:\/\/www.rri.ro\/de\/wp-json\/wp\/v2\/posts\/461230\/revisions"}],"wp:featuredmedia":[{"embeddable":true,"href":"https:\/\/www.rri.ro\/de\/wp-json\/wp\/v2\/media\/461231"}],"wp:attachment":[{"href":"https:\/\/www.rri.ro\/de\/wp-json\/wp\/v2\/media?parent=461230"}],"wp:term":[{"taxonomy":"category","embeddable":true,"href":"https:\/\/www.rri.ro\/de\/wp-json\/wp\/v2\/categories?post=461230"},{"taxonomy":"post_tag","embeddable":true,"href":"https:\/\/www.rri.ro\/de\/wp-json\/wp\/v2\/tags?post=461230"},{"taxonomy":"author","embeddable":true,"href":"https:\/\/www.rri.ro\/de\/wp-json\/wp\/v2\/coauthors?post=461230"}],"curies":[{"name":"wp","href":"https:\/\/api.w.org\/{rel}","templated":true}]}}