{"id":461245,"date":"2019-11-04T15:55:00","date_gmt":"2019-11-04T13:55:00","guid":{"rendered":"http:\/\/devrri.freshlemon.ro\/aktuell\/demonstrationen-fuer-rumaeniens-waelder-id461245.html"},"modified":"2024-02-19T20:51:23","modified_gmt":"2024-02-19T18:51:23","slug":"demonstrationen-fuer-rumaeniens-waelder","status":"publish","type":"post","link":"https:\/\/www.rri.ro\/de\/aktuell\/rri-aktuell\/demonstrationen-fuer-rumaeniens-waelder-id461245.html","title":{"rendered":"Demonstrationen f\u00fcr Rum\u00e4niens W\u00e4lder"},"content":{"rendered":"<p dir=ltr style=line-height:1.38;margin-top:0pt;margin-bottom:0pt;>Der &#8222;Marsch f\u00fcr die W\u00e4lder&#8220;  wurde von drei Verb\u00e4nden organisiert &#8211; Greenpeace, Agent Green und Declic. Ihr Ziel war es, auf die negativen Auswirkungen der massiven Abholzung aufmerksam zu machen. Die Vereine erinnerten auch an die j\u00fcngsten F\u00e4lle von F\u00f6rstern, die im September bzw. Oktober 2019 von Holzdieben get\u00f6tet wurden. In den letzten Jahren wurden sechs F\u00f6rster get\u00f6tet und etwa 200 F\u00f6rster von Holzschmugglern angegriffen, geschlagen oder mit dem Tod bedroht. Zu den Forderungen der Verb\u00e4nde geh\u00f6ren deshalb Satelliten-Wald\u00fcberwachung, obligatorisches GPS-Ger\u00e4t zum Orten der Fahrzeuge mit Holz und \u00dcberwachungskameras an wichtigen Orten.<\/p>\n<p>&#13;<br \/>\n&#13;<\/p>\n<p>&#13;<br \/>\n<br \/>&#13;\n <\/p>\n<p>&#13;<br \/>\n&#13;<\/p>\n<p dir=ltr style=line-height:1.38;margin-top:0pt;margin-bottom:0pt;>Die neuesten Daten aus der Nationalen Waldinventur zeigen den beispiellosen Anstieg des illegalen Holzeinschlags. Die Auswirkungen sind am gravierendsten: Erdrutsche, Lawinen, verheerende \u00dcberschwemmungen, W\u00fcstengebiete, Umweltverschmutzung. <\/p>\n<p>&#13;<br \/>\n&#13;<\/p>\n<p>&#13;<br \/>\n<br \/>&#13;\n <\/p>\n<p>&#13;<br \/>\n&#13;<\/p>\n<p dir=ltr style=line-height:1.38;margin-top:0pt;margin-bottom:0pt;>Radu Melu, Nationaler Koordinator der Forstabteilung des WWF Rum\u00e4nien (World Wild Fund for Nature), schl\u00e4gt L\u00f6sungen f\u00fcr die Sicherheit von F\u00f6rstern und den Schutz der W\u00e4lder vor, wie z.B. die Kontrolle von Holz am Waldrand und die digitale Kennzeichnung der Lastwagen: &#8222;Wir haben eine effektive L\u00f6sung vorgeschlagen, die wir mit allen Stakeholdern des Forstsektors diskutiert haben. Dies w\u00fcrde bedeuten, das Wald\u00fcberwachungssystem auf der Grundlage der Baumkennzeichnung aufzugeben, das seit 30 Jahren nicht mehr wirksam ist. In diesem Fall und auch in \u00dcbereinstimmung mit den Anforderungen der Europ\u00e4ischen Kommission w\u00fcrde eine Kontrolle durchgef\u00fchrt werden, wenn das Holz auf den Markt kommt. Leider ist das in Rum\u00e4nien verwendete System mit der Kennzeichnung der Baumst\u00fcmpfe veraltet und kann nicht einmal im Falle von Gerichtsverfahren eingesetzt werden&#8220;, so der Umweltsch\u00fctzer. <\/p>\n<p>&#13;<br \/>\n&#13;<\/p>\n<p>&#13;<br \/>\n&#13;<\/p>\n<p dir=ltr style=line-height:1.38;margin-top:0pt;margin-bottom:0pt;>Romsilva, die nationale Forstbeh\u00f6rde, die die Staatsw\u00e4lder bewirtschaftet, berichtet, dass in Rum\u00e4nien jedes Jahr 50.000 m3 Holz illegal gef\u00e4llt werden. Die tats\u00e4chliche Menge an gestohlenem Holz w\u00fcrde jedoch 8,8 Millionen m3 betragen, sagen Umweltaktivisten. In den letzten Jahren haben Umweltsch\u00fctzer Untersuchungen vor Ort durchgef\u00fchrt und eine echte Mafia aufgezeigt, die die illegale Abholzung kontrolliert. Das komplizierte System der Seilschaften und der Interessen bleibt jedoch bestehen, und viele sind beteiligt: von F\u00f6rstern bis hin zu lokalen Politikern, die oft in den Handel illegal geschlagenem Holz verwickelt sind. Nicht zuletzt geh\u00f6rt die massive Abholzung zu den Ursachen f\u00fcr die Ver\u00e4nderung des Lebensraums der Braunb\u00e4renpopulation. B\u00e4ren besuchen zunehmend bewohnte Gebiete auf der Suche nach Nahrung und vor kurzem wurden in Rum\u00e4nien mehrere Menschen von B\u00e4ren verletzt und ein Mann sogar get\u00f6tet.<\/p>\n<p>&#13;<br \/>\n&#13;<\/p>\n<div> <\/div>\n<p>&#13;<\/p>\n","protected":false},"excerpt":{"rendered":"<p>Einige tausend Menschen haben am Sonntag in mehreren rum\u00e4nischen St\u00e4dten gegen illegalen Holzeinschlag und Gewalt gegen F\u00f6rster protestiert.<\/p>\n","protected":false},"author":107,"featured_media":83548,"comment_status":"closed","ping_status":"closed","sticky":false,"template":"","format":"standard","meta":{"_acf_changed":false,"footnotes":""},"categories":[99583],"tags":[],"coauthors":[],"class_list":["post-461245","post","type-post","status-publish","format-standard","has-post-thumbnail","hentry","category-rri-aktuell"],"acf":[],"yoast_head":"<!-- This site is optimized with the Yoast SEO plugin v27.3 - https:\/\/yoast.com\/product\/yoast-seo-wordpress\/ -->\n<title>Demonstrationen f\u00fcr Rum\u00e4niens W\u00e4lder - Radio Rum\u00e4nien International<\/title>\n<meta name=\"robots\" content=\"index, follow, max-snippet:-1, max-image-preview:large, max-video-preview:-1\" \/>\n<link rel=\"canonical\" href=\"https:\/\/www.rri.ro\/de\/aktuell\/rri-aktuell\/demonstrationen-fuer-rumaeniens-waelder-id461245.html\" \/>\n<meta property=\"og:locale\" content=\"de_DE\" \/>\n<meta property=\"og:type\" content=\"article\" \/>\n<meta property=\"og:title\" content=\"Demonstrationen f\u00fcr Rum\u00e4niens W\u00e4lder - Radio Rum\u00e4nien International\" \/>\n<meta property=\"og:description\" content=\"Einige tausend Menschen haben am Sonntag in mehreren rum\u00e4nischen St\u00e4dten gegen illegalen Holzeinschlag und Gewalt gegen F\u00f6rster protestiert.\" \/>\n<meta property=\"og:url\" content=\"https:\/\/www.rri.ro\/de\/aktuell\/rri-aktuell\/demonstrationen-fuer-rumaeniens-waelder-id461245.html\" \/>\n<meta property=\"og:site_name\" content=\"Radio Rum\u00e4nien International\" \/>\n<meta property=\"article:published_time\" content=\"2019-11-04T13:55:00+00:00\" \/>\n<meta property=\"article:modified_time\" content=\"2024-02-19T18:51:23+00:00\" \/>\n<meta property=\"og:image\" content=\"https:\/\/www.rri.ro\/wp-content\/uploads\/2023\/10\/marsul-pentru-paduri-fotook.png\" \/>\n\t<meta property=\"og:image:width\" content=\"640\" \/>\n\t<meta property=\"og:image:height\" content=\"480\" \/>\n\t<meta property=\"og:image:type\" content=\"image\/png\" \/>\n<meta name=\"author\" content=\"Daniela Budu\" \/>\n<meta name=\"twitter:card\" content=\"summary_large_image\" \/>\n<meta name=\"twitter:label1\" content=\"Verfasst von\" \/>\n\t<meta name=\"twitter:data1\" content=\"Daniela Budu\" \/>\n\t<meta name=\"twitter:label2\" content=\"Gesch\u00e4tzte Lesezeit\" \/>\n\t<meta name=\"twitter:data2\" content=\"2\u00a0Minuten\" \/>\n\t<meta name=\"twitter:label3\" content=\"Written by\" \/>\n\t<meta name=\"twitter:data3\" content=\"Daniela Budu\" \/>\n<script type=\"application\/ld+json\" class=\"yoast-schema-graph\">{\"@context\":\"https:\\\/\\\/schema.org\",\"@graph\":[{\"@type\":\"Article\",\"@id\":\"https:\\\/\\\/www.rri.ro\\\/de\\\/aktuell\\\/rri-aktuell\\\/demonstrationen-fuer-rumaeniens-waelder-id461245.html#article\",\"isPartOf\":{\"@id\":\"https:\\\/\\\/www.rri.ro\\\/de\\\/aktuell\\\/rri-aktuell\\\/demonstrationen-fuer-rumaeniens-waelder-id461245.html\"},\"author\":{\"name\":\"Daniela Budu\",\"@id\":\"https:\\\/\\\/www.rri.ro\\\/#\\\/schema\\\/person\\\/b46b8f80d7d6e4b5ac9f14f0acbad0c4\"},\"headline\":\"Demonstrationen f\u00fcr Rum\u00e4niens W\u00e4lder\",\"datePublished\":\"2019-11-04T13:55:00+00:00\",\"dateModified\":\"2024-02-19T18:51:23+00:00\",\"mainEntityOfPage\":{\"@id\":\"https:\\\/\\\/www.rri.ro\\\/de\\\/aktuell\\\/rri-aktuell\\\/demonstrationen-fuer-rumaeniens-waelder-id461245.html\"},\"wordCount\":421,\"image\":{\"@id\":\"https:\\\/\\\/www.rri.ro\\\/de\\\/aktuell\\\/rri-aktuell\\\/demonstrationen-fuer-rumaeniens-waelder-id461245.html#primaryimage\"},\"thumbnailUrl\":\"https:\\\/\\\/www.rri.ro\\\/wp-content\\\/uploads\\\/2023\\\/10\\\/marsul-pentru-paduri-fotook.png\",\"articleSection\":[\"RRI Aktuell\"],\"inLanguage\":\"de\"},{\"@type\":\"WebPage\",\"@id\":\"https:\\\/\\\/www.rri.ro\\\/de\\\/aktuell\\\/rri-aktuell\\\/demonstrationen-fuer-rumaeniens-waelder-id461245.html\",\"url\":\"https:\\\/\\\/www.rri.ro\\\/de\\\/aktuell\\\/rri-aktuell\\\/demonstrationen-fuer-rumaeniens-waelder-id461245.html\",\"name\":\"Demonstrationen f\u00fcr Rum\u00e4niens W\u00e4lder - Radio Rum\u00e4nien International\",\"isPartOf\":{\"@id\":\"https:\\\/\\\/www.rri.ro\\\/#website\"},\"primaryImageOfPage\":{\"@id\":\"https:\\\/\\\/www.rri.ro\\\/de\\\/aktuell\\\/rri-aktuell\\\/demonstrationen-fuer-rumaeniens-waelder-id461245.html#primaryimage\"},\"image\":{\"@id\":\"https:\\\/\\\/www.rri.ro\\\/de\\\/aktuell\\\/rri-aktuell\\\/demonstrationen-fuer-rumaeniens-waelder-id461245.html#primaryimage\"},\"thumbnailUrl\":\"https:\\\/\\\/www.rri.ro\\\/wp-content\\\/uploads\\\/2023\\\/10\\\/marsul-pentru-paduri-fotook.png\",\"datePublished\":\"2019-11-04T13:55:00+00:00\",\"dateModified\":\"2024-02-19T18:51:23+00:00\",\"author\":{\"@id\":\"https:\\\/\\\/www.rri.ro\\\/#\\\/schema\\\/person\\\/b46b8f80d7d6e4b5ac9f14f0acbad0c4\"},\"breadcrumb\":{\"@id\":\"https:\\\/\\\/www.rri.ro\\\/de\\\/aktuell\\\/rri-aktuell\\\/demonstrationen-fuer-rumaeniens-waelder-id461245.html#breadcrumb\"},\"inLanguage\":\"de\",\"potentialAction\":[{\"@type\":\"ReadAction\",\"target\":[\"https:\\\/\\\/www.rri.ro\\\/de\\\/aktuell\\\/rri-aktuell\\\/demonstrationen-fuer-rumaeniens-waelder-id461245.html\"]}]},{\"@type\":\"ImageObject\",\"inLanguage\":\"de\",\"@id\":\"https:\\\/\\\/www.rri.ro\\\/de\\\/aktuell\\\/rri-aktuell\\\/demonstrationen-fuer-rumaeniens-waelder-id461245.html#primaryimage\",\"url\":\"https:\\\/\\\/www.rri.ro\\\/wp-content\\\/uploads\\\/2023\\\/10\\\/marsul-pentru-paduri-fotook.png\",\"contentUrl\":\"https:\\\/\\\/www.rri.ro\\\/wp-content\\\/uploads\\\/2023\\\/10\\\/marsul-pentru-paduri-fotook.png\",\"width\":640,\"height\":480},{\"@type\":\"BreadcrumbList\",\"@id\":\"https:\\\/\\\/www.rri.ro\\\/de\\\/aktuell\\\/rri-aktuell\\\/demonstrationen-fuer-rumaeniens-waelder-id461245.html#breadcrumb\",\"itemListElement\":[{\"@type\":\"ListItem\",\"position\":1,\"name\":\"Startseite\",\"item\":\"https:\\\/\\\/www.rri.ro\\\/de\"},{\"@type\":\"ListItem\",\"position\":2,\"name\":\"Aktuell\",\"item\":\"https:\\\/\\\/www.rri.ro\\\/de\\\/aktuell\"},{\"@type\":\"ListItem\",\"position\":3,\"name\":\"RRI Aktuell\",\"item\":\"https:\\\/\\\/www.rri.ro\\\/de\\\/aktuell\\\/rri-aktuell\"},{\"@type\":\"ListItem\",\"position\":4,\"name\":\"Demonstrationen f\u00fcr Rum\u00e4niens W\u00e4lder\"}]},{\"@type\":\"WebSite\",\"@id\":\"https:\\\/\\\/www.rri.ro\\\/#website\",\"url\":\"https:\\\/\\\/www.rri.ro\\\/\",\"name\":\"Radio Rum\u00e4nien International\",\"description\":\"Totul despre Rom\u00e2nia \u015fi rom\u00e2ni, \u00een 13 limbi\\\/dialecte!\",\"inLanguage\":\"de\"},{\"@type\":\"Person\",\"@id\":\"https:\\\/\\\/www.rri.ro\\\/#\\\/schema\\\/person\\\/b46b8f80d7d6e4b5ac9f14f0acbad0c4\",\"name\":\"Daniela Budu\",\"url\":\"https:\\\/\\\/www.rri.ro\\\/de\\\/author\\\/daniela-budu\"}]}<\/script>\n<!-- \/ Yoast SEO plugin. -->","yoast_head_json":{"title":"Demonstrationen f\u00fcr Rum\u00e4niens W\u00e4lder - Radio Rum\u00e4nien International","robots":{"index":"index","follow":"follow","max-snippet":"max-snippet:-1","max-image-preview":"max-image-preview:large","max-video-preview":"max-video-preview:-1"},"canonical":"https:\/\/www.rri.ro\/de\/aktuell\/rri-aktuell\/demonstrationen-fuer-rumaeniens-waelder-id461245.html","og_locale":"de_DE","og_type":"article","og_title":"Demonstrationen f\u00fcr Rum\u00e4niens W\u00e4lder - Radio Rum\u00e4nien International","og_description":"Einige tausend Menschen haben am Sonntag in mehreren rum\u00e4nischen St\u00e4dten gegen illegalen Holzeinschlag und Gewalt gegen F\u00f6rster protestiert.","og_url":"https:\/\/www.rri.ro\/de\/aktuell\/rri-aktuell\/demonstrationen-fuer-rumaeniens-waelder-id461245.html","og_site_name":"Radio Rum\u00e4nien International","article_published_time":"2019-11-04T13:55:00+00:00","article_modified_time":"2024-02-19T18:51:23+00:00","og_image":[{"width":640,"height":480,"url":"https:\/\/www.rri.ro\/wp-content\/uploads\/2023\/10\/marsul-pentru-paduri-fotook.png","type":"image\/png"}],"author":"Daniela Budu","twitter_card":"summary_large_image","twitter_misc":{"Verfasst von":"Daniela Budu","Gesch\u00e4tzte Lesezeit":"2\u00a0Minuten","Written by":"Daniela Budu"},"schema":{"@context":"https:\/\/schema.org","@graph":[{"@type":"Article","@id":"https:\/\/www.rri.ro\/de\/aktuell\/rri-aktuell\/demonstrationen-fuer-rumaeniens-waelder-id461245.html#article","isPartOf":{"@id":"https:\/\/www.rri.ro\/de\/aktuell\/rri-aktuell\/demonstrationen-fuer-rumaeniens-waelder-id461245.html"},"author":{"name":"Daniela Budu","@id":"https:\/\/www.rri.ro\/#\/schema\/person\/b46b8f80d7d6e4b5ac9f14f0acbad0c4"},"headline":"Demonstrationen f\u00fcr Rum\u00e4niens W\u00e4lder","datePublished":"2019-11-04T13:55:00+00:00","dateModified":"2024-02-19T18:51:23+00:00","mainEntityOfPage":{"@id":"https:\/\/www.rri.ro\/de\/aktuell\/rri-aktuell\/demonstrationen-fuer-rumaeniens-waelder-id461245.html"},"wordCount":421,"image":{"@id":"https:\/\/www.rri.ro\/de\/aktuell\/rri-aktuell\/demonstrationen-fuer-rumaeniens-waelder-id461245.html#primaryimage"},"thumbnailUrl":"https:\/\/www.rri.ro\/wp-content\/uploads\/2023\/10\/marsul-pentru-paduri-fotook.png","articleSection":["RRI Aktuell"],"inLanguage":"de"},{"@type":"WebPage","@id":"https:\/\/www.rri.ro\/de\/aktuell\/rri-aktuell\/demonstrationen-fuer-rumaeniens-waelder-id461245.html","url":"https:\/\/www.rri.ro\/de\/aktuell\/rri-aktuell\/demonstrationen-fuer-rumaeniens-waelder-id461245.html","name":"Demonstrationen f\u00fcr Rum\u00e4niens W\u00e4lder - Radio Rum\u00e4nien International","isPartOf":{"@id":"https:\/\/www.rri.ro\/#website"},"primaryImageOfPage":{"@id":"https:\/\/www.rri.ro\/de\/aktuell\/rri-aktuell\/demonstrationen-fuer-rumaeniens-waelder-id461245.html#primaryimage"},"image":{"@id":"https:\/\/www.rri.ro\/de\/aktuell\/rri-aktuell\/demonstrationen-fuer-rumaeniens-waelder-id461245.html#primaryimage"},"thumbnailUrl":"https:\/\/www.rri.ro\/wp-content\/uploads\/2023\/10\/marsul-pentru-paduri-fotook.png","datePublished":"2019-11-04T13:55:00+00:00","dateModified":"2024-02-19T18:51:23+00:00","author":{"@id":"https:\/\/www.rri.ro\/#\/schema\/person\/b46b8f80d7d6e4b5ac9f14f0acbad0c4"},"breadcrumb":{"@id":"https:\/\/www.rri.ro\/de\/aktuell\/rri-aktuell\/demonstrationen-fuer-rumaeniens-waelder-id461245.html#breadcrumb"},"inLanguage":"de","potentialAction":[{"@type":"ReadAction","target":["https:\/\/www.rri.ro\/de\/aktuell\/rri-aktuell\/demonstrationen-fuer-rumaeniens-waelder-id461245.html"]}]},{"@type":"ImageObject","inLanguage":"de","@id":"https:\/\/www.rri.ro\/de\/aktuell\/rri-aktuell\/demonstrationen-fuer-rumaeniens-waelder-id461245.html#primaryimage","url":"https:\/\/www.rri.ro\/wp-content\/uploads\/2023\/10\/marsul-pentru-paduri-fotook.png","contentUrl":"https:\/\/www.rri.ro\/wp-content\/uploads\/2023\/10\/marsul-pentru-paduri-fotook.png","width":640,"height":480},{"@type":"BreadcrumbList","@id":"https:\/\/www.rri.ro\/de\/aktuell\/rri-aktuell\/demonstrationen-fuer-rumaeniens-waelder-id461245.html#breadcrumb","itemListElement":[{"@type":"ListItem","position":1,"name":"Startseite","item":"https:\/\/www.rri.ro\/de"},{"@type":"ListItem","position":2,"name":"Aktuell","item":"https:\/\/www.rri.ro\/de\/aktuell"},{"@type":"ListItem","position":3,"name":"RRI Aktuell","item":"https:\/\/www.rri.ro\/de\/aktuell\/rri-aktuell"},{"@type":"ListItem","position":4,"name":"Demonstrationen f\u00fcr Rum\u00e4niens W\u00e4lder"}]},{"@type":"WebSite","@id":"https:\/\/www.rri.ro\/#website","url":"https:\/\/www.rri.ro\/","name":"Radio Rum\u00e4nien International","description":"Totul despre Rom\u00e2nia \u015fi rom\u00e2ni, \u00een 13 limbi\/dialecte!","inLanguage":"de"},{"@type":"Person","@id":"https:\/\/www.rri.ro\/#\/schema\/person\/b46b8f80d7d6e4b5ac9f14f0acbad0c4","name":"Daniela Budu","url":"https:\/\/www.rri.ro\/de\/author\/daniela-budu"}]}},"_links":{"self":[{"href":"https:\/\/www.rri.ro\/de\/wp-json\/wp\/v2\/posts\/461245","targetHints":{"allow":["GET"]}}],"collection":[{"href":"https:\/\/www.rri.ro\/de\/wp-json\/wp\/v2\/posts"}],"about":[{"href":"https:\/\/www.rri.ro\/de\/wp-json\/wp\/v2\/types\/post"}],"author":[{"embeddable":true,"href":"https:\/\/www.rri.ro\/de\/wp-json\/wp\/v2\/users\/107"}],"replies":[{"embeddable":true,"href":"https:\/\/www.rri.ro\/de\/wp-json\/wp\/v2\/comments?post=461245"}],"version-history":[{"count":0,"href":"https:\/\/www.rri.ro\/de\/wp-json\/wp\/v2\/posts\/461245\/revisions"}],"wp:featuredmedia":[{"embeddable":true,"href":"https:\/\/www.rri.ro\/de\/wp-json\/wp\/v2\/media\/83548"}],"wp:attachment":[{"href":"https:\/\/www.rri.ro\/de\/wp-json\/wp\/v2\/media?parent=461245"}],"wp:term":[{"taxonomy":"category","embeddable":true,"href":"https:\/\/www.rri.ro\/de\/wp-json\/wp\/v2\/categories?post=461245"},{"taxonomy":"post_tag","embeddable":true,"href":"https:\/\/www.rri.ro\/de\/wp-json\/wp\/v2\/tags?post=461245"},{"taxonomy":"author","embeddable":true,"href":"https:\/\/www.rri.ro\/de\/wp-json\/wp\/v2\/coauthors?post=461245"}],"curies":[{"name":"wp","href":"https:\/\/api.w.org\/{rel}","templated":true}]}}