{"id":461294,"date":"2019-12-02T16:20:00","date_gmt":"2019-12-02T14:20:00","guid":{"rendered":"http:\/\/devrri.freshlemon.ro\/aktuell\/ueber-die-buergermeisterwahlen-id461294.html"},"modified":"2024-02-19T20:51:54","modified_gmt":"2024-02-19T18:51:54","slug":"ueber-die-buergermeisterwahlen","status":"publish","type":"post","link":"https:\/\/www.rri.ro\/de\/aktuell\/rri-aktuell\/ueber-die-buergermeisterwahlen-id461294.html","title":{"rendered":"\u00dcber die B\u00fcrgermeisterwahlen"},"content":{"rendered":"<p dir=ltr style=line-height:1.3800000000000001;margin-top:0pt;margin-bottom:10pt;>Das Parlament k\u00f6nnte \u00fcber die R\u00fcckkehr zu einem Zwei-Runden-System f\u00fcr die Wahl von B\u00fcrgermeistern noch in dieser Legislatur abstimmen, glaubt der Pr\u00e4sident der USR, Dan Barna. Er deutet auf einen diesbez\u00fcglichen Gesetzentwurf, der von seiner Partei angeregt wurde. Ihm zufolge sei das Gesetz, das auch von Premierminister Ludovic Orban unterst\u00fctzt wird, eine Priorit\u00e4t f\u00fcr seine Partei. <\/p>\n<p>&#13;<br \/>\n&#13;<\/p>\n<p>&#13;<br \/>\n&#13;<\/p>\n<p dir=ltr style=line-height:1.3800000000000001;margin-top:0pt;margin-bottom:10pt;>&#8222;Meiner Meinung nach k\u00f6nnte der Gesetzentwurf parallel zum Haushaltsentwurf in diesem Monat, in dieser Wahlperiode auf der Tagesordnung des Parlaments stehen, denn es handelt sich um eine \u00c4nderung, auf die die rum\u00e4nische Gesellschaft wirklich wartet. Es besteht Konsens in der Gesellschaft, dass es an der Zeit ist, zu einer echten Demokratie und einer echten Repr\u00e4sentation des Volkes zur\u00fcckzukehren.&#8220;<\/p>\n<p>&#13;<br \/>\n&#13;<\/p>\n<p dir=ltr style=line-height:1.3800000000000001;margin-top:0pt;margin-bottom:10pt;>\n<p>&#13;<br \/>\n&#13;<\/p>\n<p dir=ltr style=line-height:1.3800000000000001;margin-top:0pt;margin-bottom:10pt;>Premierminister Ludovic Orban erkl\u00e4rt, dass die Liberalen f\u00fcr eine \u00c4nderung des Wahlgesetzes sind, wie sie von der USR vorgeschlagen wird. Auch der Vorsitzende der Partei der Volksbewegung, Eugen Tomac, hat nach einem Treffen mit Premierminister Orban gesagt, dass seine Partei ein Zwei-Runden-Wahlsystem f\u00fcr B\u00fcrgermeister unterst\u00fctzen werde. Die Sozialdemokraten sind jedoch gegen den Entwurf. Der Abgeordnete Ion Calin will die Initiative ablehnen und die Beibehaltung der geltenden Gesetzgebung vorschlagen &#8211; dass also die B\u00fcrgermeister in einer einzigen Runde gew\u00e4hlt werden und der Sieger alles gewinnt, egal wie wenige W\u00e4hler f\u00fcr ihn gestimmt haben .<\/p>\n<p>&#13;<br \/>\n&#13;<\/p>\n<p dir=ltr style=line-height:1.3800000000000001;margin-top:0pt;margin-bottom:10pt;>\n<p>&#13;<br \/>\n&#13;<\/p>\n<p dir=ltr style=line-height:1.3800000000000001;margin-top:0pt;margin-bottom:10pt;>&#8222;Demokratie wird durch Abstimmungen zum Ausdruck gebracht. Wer an der Demokratie teilhaben will, wird sein Stimmrecht aus\u00fcben. Wer es nicht will, kann zu Hause bleiben! Was ist Ihr Bezugspunkt, wenn Sie sagen, dass keiner der B\u00fcrgermeister repr\u00e4sentativ ist &#8211;  sind es die auf den permanenten Wahllisten eingetragenen Personen?&#8220;<\/p>\n<p>&#13;<br \/>\n&#13;<\/p>\n<p dir=ltr style=line-height:1.3800000000000001;margin-top:0pt;margin-bottom:10pt;>\n<p>&#13;<br \/>\n&#13;<\/p>\n<p dir=ltr style=line-height:1.3800000000000001;margin-top:0pt;margin-bottom:10pt;>Die bisherige sozialdemokratische Ministerpr\u00e4sidentin Viorica Dancila sagte im Juni letzten Jahres, dass es nicht m\u00f6glich sein w\u00fcrde, zu einem Zwei-Runden-System zur\u00fcckzukehren, da Gesetzes\u00e4nderungen nicht ein Jahr vor den Kommunalwahlen vorgenommen werden k\u00f6nnen. Der von der USR initiierte Gesetzentwurf soll in der Abgeordnetenkammer, die in diesem Fall das Entscheidungsgremium ist, zur Abstimmung gestellt werden, nachdem er im Senat abgelehnt wurde und eine negative Stellungnahme der Abgeordneten im Verwaltungspolitischen Ausschuss erhalten hat. <\/p>\n<p>&#13;<br \/>\n&#13;<\/p>\n<div> <\/div>\n<p>&#13;<\/p>\n","protected":false},"excerpt":{"rendered":"<p>Die Union zur Rettung Rum\u00e4niens (USR) schl\u00e4gt  ein Gesetz \u00fcber die R\u00fcckkehr zum Zwei-Runden-System f\u00fcr die Wahl von B\u00fcrgermeistern vor. Nicht allen Parteien gef\u00e4llt der Vorsto\u00df.<\/p>\n","protected":false},"author":107,"featured_media":83889,"comment_status":"closed","ping_status":"closed","sticky":false,"template":"","format":"standard","meta":{"_acf_changed":false,"footnotes":""},"categories":[99583],"tags":[],"coauthors":[],"class_list":["post-461294","post","type-post","status-publish","format-standard","has-post-thumbnail","hentry","category-rri-aktuell"],"acf":[],"yoast_head":"<!-- This site is optimized with the Yoast SEO plugin v27.3 - https:\/\/yoast.com\/product\/yoast-seo-wordpress\/ -->\n<title>\u00dcber die B\u00fcrgermeisterwahlen - Radio Rum\u00e4nien International<\/title>\n<meta name=\"robots\" content=\"index, follow, max-snippet:-1, max-image-preview:large, max-video-preview:-1\" \/>\n<link rel=\"canonical\" href=\"https:\/\/www.rri.ro\/de\/aktuell\/rri-aktuell\/ueber-die-buergermeisterwahlen-id461294.html\" \/>\n<meta property=\"og:locale\" content=\"de_DE\" \/>\n<meta property=\"og:type\" content=\"article\" \/>\n<meta property=\"og:title\" content=\"\u00dcber die B\u00fcrgermeisterwahlen - Radio Rum\u00e4nien International\" \/>\n<meta property=\"og:description\" content=\"Die Union zur Rettung Rum\u00e4niens (USR) schl\u00e4gt ein Gesetz \u00fcber die R\u00fcckkehr zum Zwei-Runden-System f\u00fcr die Wahl von B\u00fcrgermeistern vor. Nicht allen Parteien gef\u00e4llt der Vorsto\u00df.\" \/>\n<meta property=\"og:url\" content=\"https:\/\/www.rri.ro\/de\/aktuell\/rri-aktuell\/ueber-die-buergermeisterwahlen-id461294.html\" \/>\n<meta property=\"og:site_name\" content=\"Radio Rum\u00e4nien International\" \/>\n<meta property=\"article:published_time\" content=\"2019-12-02T14:20:00+00:00\" \/>\n<meta property=\"article:modified_time\" content=\"2024-02-19T18:51:54+00:00\" \/>\n<meta property=\"og:image\" content=\"https:\/\/www.rri.ro\/wp-content\/uploads\/2023\/10\/ludovic-orban-dan-barna-agerpres.jpg\" \/>\n\t<meta property=\"og:image:width\" content=\"640\" \/>\n\t<meta property=\"og:image:height\" content=\"426\" \/>\n\t<meta property=\"og:image:type\" content=\"image\/jpeg\" \/>\n<meta name=\"author\" content=\"Daniela Budu\" \/>\n<meta name=\"twitter:card\" content=\"summary_large_image\" \/>\n<meta name=\"twitter:label1\" content=\"Verfasst von\" \/>\n\t<meta name=\"twitter:data1\" content=\"Daniela Budu\" \/>\n\t<meta name=\"twitter:label2\" content=\"Gesch\u00e4tzte Lesezeit\" \/>\n\t<meta name=\"twitter:data2\" content=\"2\u00a0Minuten\" \/>\n\t<meta name=\"twitter:label3\" content=\"Written by\" \/>\n\t<meta name=\"twitter:data3\" content=\"Daniela Budu\" \/>\n<script type=\"application\/ld+json\" class=\"yoast-schema-graph\">{\"@context\":\"https:\\\/\\\/schema.org\",\"@graph\":[{\"@type\":\"Article\",\"@id\":\"https:\\\/\\\/www.rri.ro\\\/de\\\/aktuell\\\/rri-aktuell\\\/ueber-die-buergermeisterwahlen-id461294.html#article\",\"isPartOf\":{\"@id\":\"https:\\\/\\\/www.rri.ro\\\/de\\\/aktuell\\\/rri-aktuell\\\/ueber-die-buergermeisterwahlen-id461294.html\"},\"author\":{\"name\":\"Daniela Budu\",\"@id\":\"https:\\\/\\\/www.rri.ro\\\/#\\\/schema\\\/person\\\/b46b8f80d7d6e4b5ac9f14f0acbad0c4\"},\"headline\":\"\u00dcber die B\u00fcrgermeisterwahlen\",\"datePublished\":\"2019-12-02T14:20:00+00:00\",\"dateModified\":\"2024-02-19T18:51:54+00:00\",\"mainEntityOfPage\":{\"@id\":\"https:\\\/\\\/www.rri.ro\\\/de\\\/aktuell\\\/rri-aktuell\\\/ueber-die-buergermeisterwahlen-id461294.html\"},\"wordCount\":359,\"image\":{\"@id\":\"https:\\\/\\\/www.rri.ro\\\/de\\\/aktuell\\\/rri-aktuell\\\/ueber-die-buergermeisterwahlen-id461294.html#primaryimage\"},\"thumbnailUrl\":\"https:\\\/\\\/www.rri.ro\\\/wp-content\\\/uploads\\\/2023\\\/10\\\/ludovic-orban-dan-barna-agerpres.jpg\",\"articleSection\":[\"RRI Aktuell\"],\"inLanguage\":\"de\"},{\"@type\":\"WebPage\",\"@id\":\"https:\\\/\\\/www.rri.ro\\\/de\\\/aktuell\\\/rri-aktuell\\\/ueber-die-buergermeisterwahlen-id461294.html\",\"url\":\"https:\\\/\\\/www.rri.ro\\\/de\\\/aktuell\\\/rri-aktuell\\\/ueber-die-buergermeisterwahlen-id461294.html\",\"name\":\"\u00dcber die B\u00fcrgermeisterwahlen - Radio Rum\u00e4nien International\",\"isPartOf\":{\"@id\":\"https:\\\/\\\/www.rri.ro\\\/#website\"},\"primaryImageOfPage\":{\"@id\":\"https:\\\/\\\/www.rri.ro\\\/de\\\/aktuell\\\/rri-aktuell\\\/ueber-die-buergermeisterwahlen-id461294.html#primaryimage\"},\"image\":{\"@id\":\"https:\\\/\\\/www.rri.ro\\\/de\\\/aktuell\\\/rri-aktuell\\\/ueber-die-buergermeisterwahlen-id461294.html#primaryimage\"},\"thumbnailUrl\":\"https:\\\/\\\/www.rri.ro\\\/wp-content\\\/uploads\\\/2023\\\/10\\\/ludovic-orban-dan-barna-agerpres.jpg\",\"datePublished\":\"2019-12-02T14:20:00+00:00\",\"dateModified\":\"2024-02-19T18:51:54+00:00\",\"author\":{\"@id\":\"https:\\\/\\\/www.rri.ro\\\/#\\\/schema\\\/person\\\/b46b8f80d7d6e4b5ac9f14f0acbad0c4\"},\"breadcrumb\":{\"@id\":\"https:\\\/\\\/www.rri.ro\\\/de\\\/aktuell\\\/rri-aktuell\\\/ueber-die-buergermeisterwahlen-id461294.html#breadcrumb\"},\"inLanguage\":\"de\",\"potentialAction\":[{\"@type\":\"ReadAction\",\"target\":[\"https:\\\/\\\/www.rri.ro\\\/de\\\/aktuell\\\/rri-aktuell\\\/ueber-die-buergermeisterwahlen-id461294.html\"]}]},{\"@type\":\"ImageObject\",\"inLanguage\":\"de\",\"@id\":\"https:\\\/\\\/www.rri.ro\\\/de\\\/aktuell\\\/rri-aktuell\\\/ueber-die-buergermeisterwahlen-id461294.html#primaryimage\",\"url\":\"https:\\\/\\\/www.rri.ro\\\/wp-content\\\/uploads\\\/2023\\\/10\\\/ludovic-orban-dan-barna-agerpres.jpg\",\"contentUrl\":\"https:\\\/\\\/www.rri.ro\\\/wp-content\\\/uploads\\\/2023\\\/10\\\/ludovic-orban-dan-barna-agerpres.jpg\",\"width\":640,\"height\":426},{\"@type\":\"BreadcrumbList\",\"@id\":\"https:\\\/\\\/www.rri.ro\\\/de\\\/aktuell\\\/rri-aktuell\\\/ueber-die-buergermeisterwahlen-id461294.html#breadcrumb\",\"itemListElement\":[{\"@type\":\"ListItem\",\"position\":1,\"name\":\"Startseite\",\"item\":\"https:\\\/\\\/www.rri.ro\\\/de\"},{\"@type\":\"ListItem\",\"position\":2,\"name\":\"Aktuell\",\"item\":\"https:\\\/\\\/www.rri.ro\\\/de\\\/aktuell\"},{\"@type\":\"ListItem\",\"position\":3,\"name\":\"RRI Aktuell\",\"item\":\"https:\\\/\\\/www.rri.ro\\\/de\\\/aktuell\\\/rri-aktuell\"},{\"@type\":\"ListItem\",\"position\":4,\"name\":\"\u00dcber die B\u00fcrgermeisterwahlen\"}]},{\"@type\":\"WebSite\",\"@id\":\"https:\\\/\\\/www.rri.ro\\\/#website\",\"url\":\"https:\\\/\\\/www.rri.ro\\\/\",\"name\":\"Radio Rum\u00e4nien International\",\"description\":\"Totul despre Rom\u00e2nia \u015fi rom\u00e2ni, \u00een 13 limbi\\\/dialecte!\",\"inLanguage\":\"de\"},{\"@type\":\"Person\",\"@id\":\"https:\\\/\\\/www.rri.ro\\\/#\\\/schema\\\/person\\\/b46b8f80d7d6e4b5ac9f14f0acbad0c4\",\"name\":\"Daniela Budu\",\"url\":\"https:\\\/\\\/www.rri.ro\\\/de\\\/author\\\/daniela-budu\"}]}<\/script>\n<!-- \/ Yoast SEO plugin. -->","yoast_head_json":{"title":"\u00dcber die B\u00fcrgermeisterwahlen - Radio Rum\u00e4nien International","robots":{"index":"index","follow":"follow","max-snippet":"max-snippet:-1","max-image-preview":"max-image-preview:large","max-video-preview":"max-video-preview:-1"},"canonical":"https:\/\/www.rri.ro\/de\/aktuell\/rri-aktuell\/ueber-die-buergermeisterwahlen-id461294.html","og_locale":"de_DE","og_type":"article","og_title":"\u00dcber die B\u00fcrgermeisterwahlen - Radio Rum\u00e4nien International","og_description":"Die Union zur Rettung Rum\u00e4niens (USR) schl\u00e4gt ein Gesetz \u00fcber die R\u00fcckkehr zum Zwei-Runden-System f\u00fcr die Wahl von B\u00fcrgermeistern vor. Nicht allen Parteien gef\u00e4llt der Vorsto\u00df.","og_url":"https:\/\/www.rri.ro\/de\/aktuell\/rri-aktuell\/ueber-die-buergermeisterwahlen-id461294.html","og_site_name":"Radio Rum\u00e4nien International","article_published_time":"2019-12-02T14:20:00+00:00","article_modified_time":"2024-02-19T18:51:54+00:00","og_image":[{"width":640,"height":426,"url":"https:\/\/www.rri.ro\/wp-content\/uploads\/2023\/10\/ludovic-orban-dan-barna-agerpres.jpg","type":"image\/jpeg"}],"author":"Daniela Budu","twitter_card":"summary_large_image","twitter_misc":{"Verfasst von":"Daniela Budu","Gesch\u00e4tzte Lesezeit":"2\u00a0Minuten","Written by":"Daniela Budu"},"schema":{"@context":"https:\/\/schema.org","@graph":[{"@type":"Article","@id":"https:\/\/www.rri.ro\/de\/aktuell\/rri-aktuell\/ueber-die-buergermeisterwahlen-id461294.html#article","isPartOf":{"@id":"https:\/\/www.rri.ro\/de\/aktuell\/rri-aktuell\/ueber-die-buergermeisterwahlen-id461294.html"},"author":{"name":"Daniela Budu","@id":"https:\/\/www.rri.ro\/#\/schema\/person\/b46b8f80d7d6e4b5ac9f14f0acbad0c4"},"headline":"\u00dcber die B\u00fcrgermeisterwahlen","datePublished":"2019-12-02T14:20:00+00:00","dateModified":"2024-02-19T18:51:54+00:00","mainEntityOfPage":{"@id":"https:\/\/www.rri.ro\/de\/aktuell\/rri-aktuell\/ueber-die-buergermeisterwahlen-id461294.html"},"wordCount":359,"image":{"@id":"https:\/\/www.rri.ro\/de\/aktuell\/rri-aktuell\/ueber-die-buergermeisterwahlen-id461294.html#primaryimage"},"thumbnailUrl":"https:\/\/www.rri.ro\/wp-content\/uploads\/2023\/10\/ludovic-orban-dan-barna-agerpres.jpg","articleSection":["RRI Aktuell"],"inLanguage":"de"},{"@type":"WebPage","@id":"https:\/\/www.rri.ro\/de\/aktuell\/rri-aktuell\/ueber-die-buergermeisterwahlen-id461294.html","url":"https:\/\/www.rri.ro\/de\/aktuell\/rri-aktuell\/ueber-die-buergermeisterwahlen-id461294.html","name":"\u00dcber die B\u00fcrgermeisterwahlen - Radio Rum\u00e4nien International","isPartOf":{"@id":"https:\/\/www.rri.ro\/#website"},"primaryImageOfPage":{"@id":"https:\/\/www.rri.ro\/de\/aktuell\/rri-aktuell\/ueber-die-buergermeisterwahlen-id461294.html#primaryimage"},"image":{"@id":"https:\/\/www.rri.ro\/de\/aktuell\/rri-aktuell\/ueber-die-buergermeisterwahlen-id461294.html#primaryimage"},"thumbnailUrl":"https:\/\/www.rri.ro\/wp-content\/uploads\/2023\/10\/ludovic-orban-dan-barna-agerpres.jpg","datePublished":"2019-12-02T14:20:00+00:00","dateModified":"2024-02-19T18:51:54+00:00","author":{"@id":"https:\/\/www.rri.ro\/#\/schema\/person\/b46b8f80d7d6e4b5ac9f14f0acbad0c4"},"breadcrumb":{"@id":"https:\/\/www.rri.ro\/de\/aktuell\/rri-aktuell\/ueber-die-buergermeisterwahlen-id461294.html#breadcrumb"},"inLanguage":"de","potentialAction":[{"@type":"ReadAction","target":["https:\/\/www.rri.ro\/de\/aktuell\/rri-aktuell\/ueber-die-buergermeisterwahlen-id461294.html"]}]},{"@type":"ImageObject","inLanguage":"de","@id":"https:\/\/www.rri.ro\/de\/aktuell\/rri-aktuell\/ueber-die-buergermeisterwahlen-id461294.html#primaryimage","url":"https:\/\/www.rri.ro\/wp-content\/uploads\/2023\/10\/ludovic-orban-dan-barna-agerpres.jpg","contentUrl":"https:\/\/www.rri.ro\/wp-content\/uploads\/2023\/10\/ludovic-orban-dan-barna-agerpres.jpg","width":640,"height":426},{"@type":"BreadcrumbList","@id":"https:\/\/www.rri.ro\/de\/aktuell\/rri-aktuell\/ueber-die-buergermeisterwahlen-id461294.html#breadcrumb","itemListElement":[{"@type":"ListItem","position":1,"name":"Startseite","item":"https:\/\/www.rri.ro\/de"},{"@type":"ListItem","position":2,"name":"Aktuell","item":"https:\/\/www.rri.ro\/de\/aktuell"},{"@type":"ListItem","position":3,"name":"RRI Aktuell","item":"https:\/\/www.rri.ro\/de\/aktuell\/rri-aktuell"},{"@type":"ListItem","position":4,"name":"\u00dcber die B\u00fcrgermeisterwahlen"}]},{"@type":"WebSite","@id":"https:\/\/www.rri.ro\/#website","url":"https:\/\/www.rri.ro\/","name":"Radio Rum\u00e4nien International","description":"Totul despre Rom\u00e2nia \u015fi rom\u00e2ni, \u00een 13 limbi\/dialecte!","inLanguage":"de"},{"@type":"Person","@id":"https:\/\/www.rri.ro\/#\/schema\/person\/b46b8f80d7d6e4b5ac9f14f0acbad0c4","name":"Daniela Budu","url":"https:\/\/www.rri.ro\/de\/author\/daniela-budu"}]}},"_links":{"self":[{"href":"https:\/\/www.rri.ro\/de\/wp-json\/wp\/v2\/posts\/461294","targetHints":{"allow":["GET"]}}],"collection":[{"href":"https:\/\/www.rri.ro\/de\/wp-json\/wp\/v2\/posts"}],"about":[{"href":"https:\/\/www.rri.ro\/de\/wp-json\/wp\/v2\/types\/post"}],"author":[{"embeddable":true,"href":"https:\/\/www.rri.ro\/de\/wp-json\/wp\/v2\/users\/107"}],"replies":[{"embeddable":true,"href":"https:\/\/www.rri.ro\/de\/wp-json\/wp\/v2\/comments?post=461294"}],"version-history":[{"count":0,"href":"https:\/\/www.rri.ro\/de\/wp-json\/wp\/v2\/posts\/461294\/revisions"}],"wp:featuredmedia":[{"embeddable":true,"href":"https:\/\/www.rri.ro\/de\/wp-json\/wp\/v2\/media\/83889"}],"wp:attachment":[{"href":"https:\/\/www.rri.ro\/de\/wp-json\/wp\/v2\/media?parent=461294"}],"wp:term":[{"taxonomy":"category","embeddable":true,"href":"https:\/\/www.rri.ro\/de\/wp-json\/wp\/v2\/categories?post=461294"},{"taxonomy":"post_tag","embeddable":true,"href":"https:\/\/www.rri.ro\/de\/wp-json\/wp\/v2\/tags?post=461294"},{"taxonomy":"author","embeddable":true,"href":"https:\/\/www.rri.ro\/de\/wp-json\/wp\/v2\/coauthors?post=461294"}],"curies":[{"name":"wp","href":"https:\/\/api.w.org\/{rel}","templated":true}]}}