{"id":461305,"date":"2019-12-11T17:10:00","date_gmt":"2019-12-11T15:10:00","guid":{"rendered":"http:\/\/devrri.freshlemon.ro\/aktuell\/der-schweinefleischmarkt-schrumpft-aufgrund-der-afrikanischen-schweinepest-id461305.html"},"modified":"2024-02-19T20:52:03","modified_gmt":"2024-02-19T18:52:03","slug":"der-schweinefleischmarkt-schrumpft-aufgrund-der-afrikanischen-schweinepest","status":"publish","type":"post","link":"https:\/\/www.rri.ro\/de\/aktuell\/rri-aktuell\/der-schweinefleischmarkt-schrumpft-aufgrund-der-afrikanischen-schweinepest-id461305.html","title":{"rendered":"Der Schweinefleischmarkt schrumpft aufgrund der Afrikanischen Schweinepest"},"content":{"rendered":"<p style=margin: 0px 0px 13.33px; text-align: justify;>Vertreter des rum\u00e4nischen Fleischverbandes haben zugesichert, dass es auf dem Inlandsmarkt Schweinefleisch geben wird, obwohl der Markt stark von der afrikanischen Schweinegrippe und von gestiegenen Einfuhrpreisen betroffen ist. Der Preis f\u00fcr Schweinefleisch hat sich in diesem Jahr verdoppelt und k\u00f6nnte sich Anfang n\u00e4chsten Jahres verdreifachen, so der Chef des rum\u00e4nischen Fleischverbandes Radu Timi\u015f:<\/p>\n<p>&#13;<br \/>\n&#13;<\/p>\n<p style=margin: 0px 0px 13.33px; text-align: justify;>\n<p>&#13;<br \/>\n&#13;<\/p>\n<p style=margin: 0px 0px 13.33px; text-align: justify;>Die Situation ist sehr ernst. Wenn wir in diesem Jahr eine Verdoppelung der Preise gesehen haben, kann ich mit Sicherheit sagen, dass sie sich im n\u00e4chsten Jahr verdreifachen werden, wenn das Hauptproblem nicht der Preis, sondern die Schweinefleischlieferungen auf dem Markt sein werden. Die gr\u00f6\u200e\u00dfte Herausforderung wird darin bestehen, den Rohstoff f\u00fcr die Produktion zu finden.\u201c<\/p>\n<p>&#13;<br \/>\n&#13;<\/p>\n<p style=margin: 0px 0px 13.33px; text-align: justify;>\n<p>&#13;<br \/>\n&#13;<\/p>\n<p style=margin: 0px 0px 13.33px; text-align: justify;>In Rum\u00e4nien gibt es derzeit \u00fcber 700 Schweinepestzentren in 28 Bezirken. In den letzten drei Jahren seit der ersten Meldung der Krankheit in Rum\u00e4nien wurden \u00fcber 540 000 Schweine get\u00f6tet. Nur zwei Landkreise im Norden Rum\u00e4niens sind frei von dem Virus. Zur Situation in Europa hat der Gesch\u00e4ftsf\u00fchrer des Rum\u00e4nischen Fleischverbandes, Radu T\u0103nase, gesagt:<\/p>\n<p>&#13;<br \/>\n&#13;<\/p>\n<p style=margin: 0px 0px 13.33px; text-align: justify;>\n<p>&#13;<br \/>\n&#13;<\/p>\n<p style=margin: 0px 0px 13.33px; text-align: justify;>Auf europ\u00e4ischer Ebene sind die Brutst\u00e4tten weniger umfangreich geworden, in einigen Gebieten in Polen. In Rum\u00e4nien ist die Zahl der Schweine seit dem Ausbruch der Afrikanischen Schweinegrippe jedes Jahr um 900.000 zur\u00fcckgegangen, seit Beschr\u00e4nkungen erlassen wurden. Die Schweineeinfuhren stiegen von 306 Tonnen im Jahr 2017 auf 458 Tonnen allein im letzten Jahr.\u201c<\/p>\n<p>&#13;<br \/>\n&#13;<\/p>\n<p style=margin: 0px 0px 13.33px; text-align: justify;>\n<p>&#13;<br \/>\n&#13;<\/p>\n<p style=margin: 0px 0px 13.33px; text-align: justify;>Andererseits sagt Radu Timi\u015f, dass die chinesische Regierung die gesamte Produktion der europ\u00e4ischen Unternehmen kauft. Ein Kilo Schweinefleisch kostet in China 6 Euro und in Rum\u00e4nien 4 Euro. Laut Radu Timi\u015f wird es bei allen anderen Fleischsorten zu einer Preiserh\u00f6hung kommen. Allerdings ist Schweinefleisch aufgrund des Exportverbots noch in den rum\u00e4nischen Regalen erh\u00e4ltlich. Die Krise betrifft nicht nur Rum\u00e4nien, sondern auch viele andere L\u00e4nder, so dass die seit mehr als 20 Jahren prognostizierte Lebensmittelkrise n\u00e4her denn je ist, sagte Radu Timis.<\/p>\n<p>&#13;<br \/>\n&#13;<\/p>\n<p style=margin: 0px 0px 13.33px; text-align: justify;>\n<p>&#13;<br \/>\n&#13;<\/p>\n<p style=margin: 0px 0px 13.33px; text-align: justify;>In einem j\u00fcngsten Bericht der Europ\u00e4ischen Kommission hei\u200e\u00dft es, dass der Anstieg der weltweiten Nachfrage nach Schweinefleisch voraussichtlich zu einem kurzfristigen Anstieg der EU-Schweineproduktion und h\u00f6heren Preisen f\u00fchren wird. Letzteres k\u00f6nnte zu einem st\u00e4rkeren R\u00fcckgang des EU-Verbrauchs f\u00fchren als geplant. Wenn sich der asiatische Fleischmarkt jedoch erholt, wird erwartet, dass die EU-Produktion und die Preise stark zur\u00fcckgehen werden, hei\u200e\u00dft es auch im Bericht. Laut Bloomberg wird erwartet, dass der Schweinefleischpreis den h\u00f6chsten Stand seit 15 Jahren erreicht.<\/p>\n<p>&#13;<br \/>\n&#13;<\/p>\n<p style=margin: 0px 0px 13.33px; text-align: justify;>\n<p>&#13;<br \/>\n&#13;<\/p>\n<p style=margin: 0px 0px 13.33px; text-align: justify;>Die f\u00fcr den Menschen harmlose, aber f\u00fcr Schweine t\u00f6dliche Afrikanische Schweinepest wurde im August in China entdeckt und hat dort f\u00fcr Verw\u00fcstung gesorgt, was dazu f\u00fchrte, dass mehr als 1,2 Mio. Schweine get\u00f6tet wurden. China ist die Heimat von fast der H\u00e4lfte der Schweine der Welt, und die Nachricht schickte den globalen Preis f\u00fcr Schweinefleisch in die H\u00f6he. Es gibt keine Impfung gegen die Afrikanische Schweinepest, die dazu f\u00fchrt, dass Schweine bis zum Tod innerlich bluten, so dass die einzige M\u00f6glichkeit, die Krankheit einzud\u00e4mmen, darin besteht, alle kontaminierten Tiere zu t\u00f6ten.<\/p>\n<p>&#13;<\/p>\n","protected":false},"excerpt":{"rendered":"<p>Die Verluste durch die Afrikanische Schweinepest liegen bei 400.000 Schweinen, was das Schweinefleisch erheblich verteuern wird.<\/p>\n","protected":false},"author":107,"featured_media":78340,"comment_status":"closed","ping_status":"closed","sticky":false,"template":"","format":"standard","meta":{"_acf_changed":false,"footnotes":""},"categories":[99583],"tags":[104831,104397],"coauthors":[],"class_list":["post-461305","post","type-post","status-publish","format-standard","has-post-thumbnail","hentry","category-rri-aktuell","tag-schweinegrippe","tag-schweinepest"],"acf":[],"yoast_head":"<!-- This site is optimized with the Yoast SEO plugin v27.3 - https:\/\/yoast.com\/product\/yoast-seo-wordpress\/ -->\n<title>Der Schweinefleischmarkt schrumpft aufgrund der Afrikanischen Schweinepest - Radio Rum\u00e4nien International<\/title>\n<meta name=\"robots\" content=\"index, follow, max-snippet:-1, max-image-preview:large, max-video-preview:-1\" \/>\n<link rel=\"canonical\" href=\"https:\/\/www.rri.ro\/de\/aktuell\/rri-aktuell\/der-schweinefleischmarkt-schrumpft-aufgrund-der-afrikanischen-schweinepest-id461305.html\" \/>\n<meta property=\"og:locale\" content=\"de_DE\" \/>\n<meta property=\"og:type\" content=\"article\" \/>\n<meta property=\"og:title\" content=\"Der Schweinefleischmarkt schrumpft aufgrund der Afrikanischen Schweinepest - Radio Rum\u00e4nien International\" \/>\n<meta property=\"og:description\" content=\"Die Verluste durch die Afrikanische Schweinepest liegen bei 400.000 Schweinen, was das Schweinefleisch erheblich verteuern wird.\" \/>\n<meta property=\"og:url\" content=\"https:\/\/www.rri.ro\/de\/aktuell\/rri-aktuell\/der-schweinefleischmarkt-schrumpft-aufgrund-der-afrikanischen-schweinepest-id461305.html\" \/>\n<meta property=\"og:site_name\" content=\"Radio Rum\u00e4nien International\" \/>\n<meta property=\"article:published_time\" content=\"2019-12-11T15:10:00+00:00\" \/>\n<meta property=\"article:modified_time\" content=\"2024-02-19T18:52:03+00:00\" \/>\n<meta property=\"og:image\" content=\"https:\/\/www.rri.ro\/wp-content\/uploads\/2023\/10\/porci-foto-facebook-madr.png\" \/>\n\t<meta property=\"og:image:width\" content=\"640\" \/>\n\t<meta property=\"og:image:height\" content=\"449\" \/>\n\t<meta property=\"og:image:type\" content=\"image\/png\" \/>\n<meta name=\"author\" content=\"Daniela Budu\" \/>\n<meta name=\"twitter:card\" content=\"summary_large_image\" \/>\n<meta name=\"twitter:label1\" content=\"Verfasst von\" \/>\n\t<meta name=\"twitter:data1\" content=\"Daniela Budu\" \/>\n\t<meta name=\"twitter:label2\" content=\"Gesch\u00e4tzte Lesezeit\" \/>\n\t<meta name=\"twitter:data2\" content=\"3\u00a0Minuten\" \/>\n\t<meta name=\"twitter:label3\" content=\"Written by\" \/>\n\t<meta name=\"twitter:data3\" content=\"Daniela Budu\" \/>\n<script type=\"application\/ld+json\" class=\"yoast-schema-graph\">{\"@context\":\"https:\\\/\\\/schema.org\",\"@graph\":[{\"@type\":\"Article\",\"@id\":\"https:\\\/\\\/www.rri.ro\\\/de\\\/aktuell\\\/rri-aktuell\\\/der-schweinefleischmarkt-schrumpft-aufgrund-der-afrikanischen-schweinepest-id461305.html#article\",\"isPartOf\":{\"@id\":\"https:\\\/\\\/www.rri.ro\\\/de\\\/aktuell\\\/rri-aktuell\\\/der-schweinefleischmarkt-schrumpft-aufgrund-der-afrikanischen-schweinepest-id461305.html\"},\"author\":{\"name\":\"Daniela Budu\",\"@id\":\"https:\\\/\\\/www.rri.ro\\\/#\\\/schema\\\/person\\\/b46b8f80d7d6e4b5ac9f14f0acbad0c4\"},\"headline\":\"Der Schweinefleischmarkt schrumpft aufgrund der Afrikanischen Schweinepest\",\"datePublished\":\"2019-12-11T15:10:00+00:00\",\"dateModified\":\"2024-02-19T18:52:03+00:00\",\"mainEntityOfPage\":{\"@id\":\"https:\\\/\\\/www.rri.ro\\\/de\\\/aktuell\\\/rri-aktuell\\\/der-schweinefleischmarkt-schrumpft-aufgrund-der-afrikanischen-schweinepest-id461305.html\"},\"wordCount\":513,\"image\":{\"@id\":\"https:\\\/\\\/www.rri.ro\\\/de\\\/aktuell\\\/rri-aktuell\\\/der-schweinefleischmarkt-schrumpft-aufgrund-der-afrikanischen-schweinepest-id461305.html#primaryimage\"},\"thumbnailUrl\":\"https:\\\/\\\/www.rri.ro\\\/wp-content\\\/uploads\\\/2023\\\/10\\\/porci-foto-facebook-madr.png\",\"keywords\":[\"Schweinegrippe\",\"Schweinepest\"],\"articleSection\":[\"RRI Aktuell\"],\"inLanguage\":\"de\"},{\"@type\":\"WebPage\",\"@id\":\"https:\\\/\\\/www.rri.ro\\\/de\\\/aktuell\\\/rri-aktuell\\\/der-schweinefleischmarkt-schrumpft-aufgrund-der-afrikanischen-schweinepest-id461305.html\",\"url\":\"https:\\\/\\\/www.rri.ro\\\/de\\\/aktuell\\\/rri-aktuell\\\/der-schweinefleischmarkt-schrumpft-aufgrund-der-afrikanischen-schweinepest-id461305.html\",\"name\":\"Der Schweinefleischmarkt schrumpft aufgrund der Afrikanischen Schweinepest - Radio Rum\u00e4nien International\",\"isPartOf\":{\"@id\":\"https:\\\/\\\/www.rri.ro\\\/#website\"},\"primaryImageOfPage\":{\"@id\":\"https:\\\/\\\/www.rri.ro\\\/de\\\/aktuell\\\/rri-aktuell\\\/der-schweinefleischmarkt-schrumpft-aufgrund-der-afrikanischen-schweinepest-id461305.html#primaryimage\"},\"image\":{\"@id\":\"https:\\\/\\\/www.rri.ro\\\/de\\\/aktuell\\\/rri-aktuell\\\/der-schweinefleischmarkt-schrumpft-aufgrund-der-afrikanischen-schweinepest-id461305.html#primaryimage\"},\"thumbnailUrl\":\"https:\\\/\\\/www.rri.ro\\\/wp-content\\\/uploads\\\/2023\\\/10\\\/porci-foto-facebook-madr.png\",\"datePublished\":\"2019-12-11T15:10:00+00:00\",\"dateModified\":\"2024-02-19T18:52:03+00:00\",\"author\":{\"@id\":\"https:\\\/\\\/www.rri.ro\\\/#\\\/schema\\\/person\\\/b46b8f80d7d6e4b5ac9f14f0acbad0c4\"},\"breadcrumb\":{\"@id\":\"https:\\\/\\\/www.rri.ro\\\/de\\\/aktuell\\\/rri-aktuell\\\/der-schweinefleischmarkt-schrumpft-aufgrund-der-afrikanischen-schweinepest-id461305.html#breadcrumb\"},\"inLanguage\":\"de\",\"potentialAction\":[{\"@type\":\"ReadAction\",\"target\":[\"https:\\\/\\\/www.rri.ro\\\/de\\\/aktuell\\\/rri-aktuell\\\/der-schweinefleischmarkt-schrumpft-aufgrund-der-afrikanischen-schweinepest-id461305.html\"]}]},{\"@type\":\"ImageObject\",\"inLanguage\":\"de\",\"@id\":\"https:\\\/\\\/www.rri.ro\\\/de\\\/aktuell\\\/rri-aktuell\\\/der-schweinefleischmarkt-schrumpft-aufgrund-der-afrikanischen-schweinepest-id461305.html#primaryimage\",\"url\":\"https:\\\/\\\/www.rri.ro\\\/wp-content\\\/uploads\\\/2023\\\/10\\\/porci-foto-facebook-madr.png\",\"contentUrl\":\"https:\\\/\\\/www.rri.ro\\\/wp-content\\\/uploads\\\/2023\\\/10\\\/porci-foto-facebook-madr.png\",\"width\":640,\"height\":449},{\"@type\":\"BreadcrumbList\",\"@id\":\"https:\\\/\\\/www.rri.ro\\\/de\\\/aktuell\\\/rri-aktuell\\\/der-schweinefleischmarkt-schrumpft-aufgrund-der-afrikanischen-schweinepest-id461305.html#breadcrumb\",\"itemListElement\":[{\"@type\":\"ListItem\",\"position\":1,\"name\":\"Startseite\",\"item\":\"https:\\\/\\\/www.rri.ro\\\/de\"},{\"@type\":\"ListItem\",\"position\":2,\"name\":\"Aktuell\",\"item\":\"https:\\\/\\\/www.rri.ro\\\/de\\\/aktuell\"},{\"@type\":\"ListItem\",\"position\":3,\"name\":\"RRI Aktuell\",\"item\":\"https:\\\/\\\/www.rri.ro\\\/de\\\/aktuell\\\/rri-aktuell\"},{\"@type\":\"ListItem\",\"position\":4,\"name\":\"Der Schweinefleischmarkt schrumpft aufgrund der Afrikanischen Schweinepest\"}]},{\"@type\":\"WebSite\",\"@id\":\"https:\\\/\\\/www.rri.ro\\\/#website\",\"url\":\"https:\\\/\\\/www.rri.ro\\\/\",\"name\":\"Radio Rum\u00e4nien International\",\"description\":\"Totul despre Rom\u00e2nia \u015fi rom\u00e2ni, \u00een 13 limbi\\\/dialecte!\",\"inLanguage\":\"de\"},{\"@type\":\"Person\",\"@id\":\"https:\\\/\\\/www.rri.ro\\\/#\\\/schema\\\/person\\\/b46b8f80d7d6e4b5ac9f14f0acbad0c4\",\"name\":\"Daniela Budu\",\"url\":\"https:\\\/\\\/www.rri.ro\\\/de\\\/author\\\/daniela-budu\"}]}<\/script>\n<!-- \/ Yoast SEO plugin. -->","yoast_head_json":{"title":"Der Schweinefleischmarkt schrumpft aufgrund der Afrikanischen Schweinepest - Radio Rum\u00e4nien International","robots":{"index":"index","follow":"follow","max-snippet":"max-snippet:-1","max-image-preview":"max-image-preview:large","max-video-preview":"max-video-preview:-1"},"canonical":"https:\/\/www.rri.ro\/de\/aktuell\/rri-aktuell\/der-schweinefleischmarkt-schrumpft-aufgrund-der-afrikanischen-schweinepest-id461305.html","og_locale":"de_DE","og_type":"article","og_title":"Der Schweinefleischmarkt schrumpft aufgrund der Afrikanischen Schweinepest - Radio Rum\u00e4nien International","og_description":"Die Verluste durch die Afrikanische Schweinepest liegen bei 400.000 Schweinen, was das Schweinefleisch erheblich verteuern wird.","og_url":"https:\/\/www.rri.ro\/de\/aktuell\/rri-aktuell\/der-schweinefleischmarkt-schrumpft-aufgrund-der-afrikanischen-schweinepest-id461305.html","og_site_name":"Radio Rum\u00e4nien International","article_published_time":"2019-12-11T15:10:00+00:00","article_modified_time":"2024-02-19T18:52:03+00:00","og_image":[{"width":640,"height":449,"url":"https:\/\/www.rri.ro\/wp-content\/uploads\/2023\/10\/porci-foto-facebook-madr.png","type":"image\/png"}],"author":"Daniela Budu","twitter_card":"summary_large_image","twitter_misc":{"Verfasst von":"Daniela Budu","Gesch\u00e4tzte Lesezeit":"3\u00a0Minuten","Written by":"Daniela Budu"},"schema":{"@context":"https:\/\/schema.org","@graph":[{"@type":"Article","@id":"https:\/\/www.rri.ro\/de\/aktuell\/rri-aktuell\/der-schweinefleischmarkt-schrumpft-aufgrund-der-afrikanischen-schweinepest-id461305.html#article","isPartOf":{"@id":"https:\/\/www.rri.ro\/de\/aktuell\/rri-aktuell\/der-schweinefleischmarkt-schrumpft-aufgrund-der-afrikanischen-schweinepest-id461305.html"},"author":{"name":"Daniela Budu","@id":"https:\/\/www.rri.ro\/#\/schema\/person\/b46b8f80d7d6e4b5ac9f14f0acbad0c4"},"headline":"Der Schweinefleischmarkt schrumpft aufgrund der Afrikanischen Schweinepest","datePublished":"2019-12-11T15:10:00+00:00","dateModified":"2024-02-19T18:52:03+00:00","mainEntityOfPage":{"@id":"https:\/\/www.rri.ro\/de\/aktuell\/rri-aktuell\/der-schweinefleischmarkt-schrumpft-aufgrund-der-afrikanischen-schweinepest-id461305.html"},"wordCount":513,"image":{"@id":"https:\/\/www.rri.ro\/de\/aktuell\/rri-aktuell\/der-schweinefleischmarkt-schrumpft-aufgrund-der-afrikanischen-schweinepest-id461305.html#primaryimage"},"thumbnailUrl":"https:\/\/www.rri.ro\/wp-content\/uploads\/2023\/10\/porci-foto-facebook-madr.png","keywords":["Schweinegrippe","Schweinepest"],"articleSection":["RRI Aktuell"],"inLanguage":"de"},{"@type":"WebPage","@id":"https:\/\/www.rri.ro\/de\/aktuell\/rri-aktuell\/der-schweinefleischmarkt-schrumpft-aufgrund-der-afrikanischen-schweinepest-id461305.html","url":"https:\/\/www.rri.ro\/de\/aktuell\/rri-aktuell\/der-schweinefleischmarkt-schrumpft-aufgrund-der-afrikanischen-schweinepest-id461305.html","name":"Der Schweinefleischmarkt schrumpft aufgrund der Afrikanischen Schweinepest - Radio Rum\u00e4nien International","isPartOf":{"@id":"https:\/\/www.rri.ro\/#website"},"primaryImageOfPage":{"@id":"https:\/\/www.rri.ro\/de\/aktuell\/rri-aktuell\/der-schweinefleischmarkt-schrumpft-aufgrund-der-afrikanischen-schweinepest-id461305.html#primaryimage"},"image":{"@id":"https:\/\/www.rri.ro\/de\/aktuell\/rri-aktuell\/der-schweinefleischmarkt-schrumpft-aufgrund-der-afrikanischen-schweinepest-id461305.html#primaryimage"},"thumbnailUrl":"https:\/\/www.rri.ro\/wp-content\/uploads\/2023\/10\/porci-foto-facebook-madr.png","datePublished":"2019-12-11T15:10:00+00:00","dateModified":"2024-02-19T18:52:03+00:00","author":{"@id":"https:\/\/www.rri.ro\/#\/schema\/person\/b46b8f80d7d6e4b5ac9f14f0acbad0c4"},"breadcrumb":{"@id":"https:\/\/www.rri.ro\/de\/aktuell\/rri-aktuell\/der-schweinefleischmarkt-schrumpft-aufgrund-der-afrikanischen-schweinepest-id461305.html#breadcrumb"},"inLanguage":"de","potentialAction":[{"@type":"ReadAction","target":["https:\/\/www.rri.ro\/de\/aktuell\/rri-aktuell\/der-schweinefleischmarkt-schrumpft-aufgrund-der-afrikanischen-schweinepest-id461305.html"]}]},{"@type":"ImageObject","inLanguage":"de","@id":"https:\/\/www.rri.ro\/de\/aktuell\/rri-aktuell\/der-schweinefleischmarkt-schrumpft-aufgrund-der-afrikanischen-schweinepest-id461305.html#primaryimage","url":"https:\/\/www.rri.ro\/wp-content\/uploads\/2023\/10\/porci-foto-facebook-madr.png","contentUrl":"https:\/\/www.rri.ro\/wp-content\/uploads\/2023\/10\/porci-foto-facebook-madr.png","width":640,"height":449},{"@type":"BreadcrumbList","@id":"https:\/\/www.rri.ro\/de\/aktuell\/rri-aktuell\/der-schweinefleischmarkt-schrumpft-aufgrund-der-afrikanischen-schweinepest-id461305.html#breadcrumb","itemListElement":[{"@type":"ListItem","position":1,"name":"Startseite","item":"https:\/\/www.rri.ro\/de"},{"@type":"ListItem","position":2,"name":"Aktuell","item":"https:\/\/www.rri.ro\/de\/aktuell"},{"@type":"ListItem","position":3,"name":"RRI Aktuell","item":"https:\/\/www.rri.ro\/de\/aktuell\/rri-aktuell"},{"@type":"ListItem","position":4,"name":"Der Schweinefleischmarkt schrumpft aufgrund der Afrikanischen Schweinepest"}]},{"@type":"WebSite","@id":"https:\/\/www.rri.ro\/#website","url":"https:\/\/www.rri.ro\/","name":"Radio Rum\u00e4nien International","description":"Totul despre Rom\u00e2nia \u015fi rom\u00e2ni, \u00een 13 limbi\/dialecte!","inLanguage":"de"},{"@type":"Person","@id":"https:\/\/www.rri.ro\/#\/schema\/person\/b46b8f80d7d6e4b5ac9f14f0acbad0c4","name":"Daniela Budu","url":"https:\/\/www.rri.ro\/de\/author\/daniela-budu"}]}},"_links":{"self":[{"href":"https:\/\/www.rri.ro\/de\/wp-json\/wp\/v2\/posts\/461305","targetHints":{"allow":["GET"]}}],"collection":[{"href":"https:\/\/www.rri.ro\/de\/wp-json\/wp\/v2\/posts"}],"about":[{"href":"https:\/\/www.rri.ro\/de\/wp-json\/wp\/v2\/types\/post"}],"author":[{"embeddable":true,"href":"https:\/\/www.rri.ro\/de\/wp-json\/wp\/v2\/users\/107"}],"replies":[{"embeddable":true,"href":"https:\/\/www.rri.ro\/de\/wp-json\/wp\/v2\/comments?post=461305"}],"version-history":[{"count":0,"href":"https:\/\/www.rri.ro\/de\/wp-json\/wp\/v2\/posts\/461305\/revisions"}],"wp:featuredmedia":[{"embeddable":true,"href":"https:\/\/www.rri.ro\/de\/wp-json\/wp\/v2\/media\/78340"}],"wp:attachment":[{"href":"https:\/\/www.rri.ro\/de\/wp-json\/wp\/v2\/media?parent=461305"}],"wp:term":[{"taxonomy":"category","embeddable":true,"href":"https:\/\/www.rri.ro\/de\/wp-json\/wp\/v2\/categories?post=461305"},{"taxonomy":"post_tag","embeddable":true,"href":"https:\/\/www.rri.ro\/de\/wp-json\/wp\/v2\/tags?post=461305"},{"taxonomy":"author","embeddable":true,"href":"https:\/\/www.rri.ro\/de\/wp-json\/wp\/v2\/coauthors?post=461305"}],"curies":[{"name":"wp","href":"https:\/\/api.w.org\/{rel}","templated":true}]}}