{"id":461307,"date":"2019-12-12T17:31:00","date_gmt":"2019-12-12T15:31:00","guid":{"rendered":"http:\/\/devrri.freshlemon.ro\/aktuell\/verurteilten-werden-auszeichnungen-entzogen-id461307.html"},"modified":"2024-02-19T20:52:05","modified_gmt":"2024-02-19T18:52:05","slug":"verurteilten-werden-auszeichnungen-entzogen","status":"publish","type":"post","link":"https:\/\/www.rri.ro\/de\/aktuell\/rri-aktuell\/verurteilten-werden-auszeichnungen-entzogen-id461307.html","title":{"rendered":"Verurteilten werden Auszeichnungen entzogen"},"content":{"rendered":"<p>Zu den zur\u00fcckgezogenen Auszeichnungen und Medaillen geh\u00f6ren der Orden des Sterns von Rum\u00e4nien in den Reihen Gro\u00dfkreuz, Gro\u00dfoffizier oder der Nationale Orden f\u00fcr Treue.<\/p>\n<p>&#13;<br \/>\n&#13;<\/p>\n<p>Pr\u00e4sident Iohannis hatte zuvor den Schritt angek\u00fcndigt, der im Prozess der Korruptionsbek\u00e4mpfung als nat\u00fcrlich angesehen wird, der aber bei seinen Kritikern viel Aufmerksamkeit erregt hat, vor allem aus dem linken politischen Spektrum. Auf der Liste stehen ehemalige Minister wie Miron Mitrea oder Adrian Severin, der auch Mitglied des Europ\u00e4ischen Parlaments war, sowie Dan Voiculescu.<\/p>\n<p>&#13;<br \/>\n&#13;<\/p>\n<p>Die Liste umfasst auch Gheorghe Mencinicopschi, einen renommierten Wissenschaftler, der derzeit eine Gef\u00e4ngnisstrafe wegen Amtsmissbrauchs und F\u00e4lschung verb\u00fc\u00dft. Alle in der Liste aufgef\u00fchrten Personen haben oder verb\u00fc\u00dfen derzeit Haftstrafen wegen Korruption. Einer der von der neuen Ma\u00dfnahme betroffenen Personen, der ehemalige Premierminister des Landes, Adrian Nastase, reagierte heftig auf die Entscheidung des Pr\u00e4sidenten.<\/p>\n<p>&#13;<br \/>\n&#13;<\/p>\n<p>Der ehemalige Premierminister, der zwei Haftstrafen wegen Erpressung und Bestechung erhielt, erhielt 2002 den Orden des Sterns von Rum\u00e4nien im Rang des Gro\u00dfkreuzes. Laut Nastase will der Pr\u00e4sident die Geschichte auf Vorschlag von, Zitat, einigen Zugv\u00f6geln und ideologischen Taliban umschreiben.<\/p>\n<p>&#13;<br \/>\n&#13;<\/p>\n<p>Der ehemalige Premierminister ist \u00fcberzeugt, dass der Visaverzicht zugunsten der Rum\u00e4nen, die NATO- und EU-Integrationsbem\u00fchungen, die Modernisierung und das Wirtschaftswachstum des Landes, die w\u00e4hrend seiner Amtszeit zwischen 2001 und 2004 erworben wurden, nicht aus den Geschichtsb\u00fcchern gel\u00f6scht werden k\u00f6nnen, und dass sie auch nicht mit der unbedeutenden T\u00e4tigkeit von Pr\u00e4sident Iohannis w\u00e4hrend seiner Amtszeit verglichen werden k\u00f6nnen.<\/p>\n<p>&#13;<br \/>\n&#13;<\/p>\n<p>Der ehemalige PSD-Chef hat die rostige und unbegr\u00fcndete Erkl\u00e4rung seiner Anklage bekr\u00e4ftigt, die aus rein politischen Gr\u00fcnden erfolgte. Der letzte Schritt von Pr\u00e4sident Iohannis ist nicht einzigartig, vor drei Jahren zog er den Stern des rum\u00e4nischen Ordens von Lazlo Tokes, einem ehemaligen reformierten Pastor, der zu Beginn der antikommunistischen Revolution von 1989 eine wichtige Rolle spielte, f\u00fcr seine chauvinistischen Reden zur\u00fcck.<\/p>\n<p>&#13;<br \/>\n&#13;<\/p>\n<p>Tokes hatte vorgeschlagen, dass Ungarn den Status eines Protektors der ungarischen Minderheit in Siebenb\u00fcrgen h\u00e4tte \u00fcbernehmen sollen. Der Oberste Gerichtshof f\u00fcr Kassation und Gerechtigkeit in Rum\u00e4nien sprach sich f\u00fcr Pr\u00e4sident Iohannis aus und wies die Berufung von Pastor Tokes zur\u00fcck.<\/p>\n<p>&#13;<\/p>\n","protected":false},"excerpt":{"rendered":"<p>Die Pr\u00e4sidialverwaltung in Bukarest hat eine Liste von Personen angek\u00fcndigt, denen ihre Auszeichnungen wegen strafrechtlicher Verurteilungen entzogen wurden.<\/p>\n","protected":false},"author":110,"featured_media":80800,"comment_status":"closed","ping_status":"closed","sticky":false,"template":"","format":"standard","meta":{"_acf_changed":false,"footnotes":""},"categories":[99583],"tags":[103324,102114,99589],"coauthors":[],"class_list":["post-461307","post","type-post","status-publish","format-standard","has-post-thumbnail","hentry","category-rri-aktuell","tag-auszeichnungen","tag-praesident","tag-rumaenien"],"acf":[],"yoast_head":"<!-- This site is optimized with the Yoast SEO plugin v27.3 - https:\/\/yoast.com\/product\/yoast-seo-wordpress\/ -->\n<title>Verurteilten werden Auszeichnungen entzogen - Radio Rum\u00e4nien International<\/title>\n<meta name=\"robots\" content=\"index, follow, max-snippet:-1, max-image-preview:large, max-video-preview:-1\" \/>\n<link rel=\"canonical\" href=\"https:\/\/www.rri.ro\/de\/aktuell\/rri-aktuell\/verurteilten-werden-auszeichnungen-entzogen-id461307.html\" \/>\n<meta property=\"og:locale\" content=\"de_DE\" \/>\n<meta property=\"og:type\" content=\"article\" \/>\n<meta property=\"og:title\" content=\"Verurteilten werden Auszeichnungen entzogen - Radio Rum\u00e4nien International\" \/>\n<meta property=\"og:description\" content=\"Die Pr\u00e4sidialverwaltung in Bukarest hat eine Liste von Personen angek\u00fcndigt, denen ihre Auszeichnungen wegen strafrechtlicher Verurteilungen entzogen wurden.\" \/>\n<meta property=\"og:url\" content=\"https:\/\/www.rri.ro\/de\/aktuell\/rri-aktuell\/verurteilten-werden-auszeichnungen-entzogen-id461307.html\" \/>\n<meta property=\"og:site_name\" content=\"Radio Rum\u00e4nien International\" \/>\n<meta property=\"article:published_time\" content=\"2019-12-12T15:31:00+00:00\" \/>\n<meta property=\"article:modified_time\" content=\"2024-02-19T18:52:05+00:00\" \/>\n<meta property=\"og:image\" content=\"https:\/\/www.rri.ro\/wp-content\/uploads\/2023\/10\/klaus-iohannis-ok.png\" \/>\n\t<meta property=\"og:image:width\" content=\"640\" \/>\n\t<meta property=\"og:image:height\" content=\"427\" \/>\n\t<meta property=\"og:image:type\" content=\"image\/png\" \/>\n<meta name=\"author\" content=\"\u015etefan Stoica\" \/>\n<meta name=\"twitter:card\" content=\"summary_large_image\" \/>\n<meta name=\"twitter:label1\" content=\"Verfasst von\" \/>\n\t<meta name=\"twitter:data1\" content=\"\u015etefan Stoica\" \/>\n\t<meta name=\"twitter:label2\" content=\"Gesch\u00e4tzte Lesezeit\" \/>\n\t<meta name=\"twitter:data2\" content=\"2\u00a0Minuten\" \/>\n\t<meta name=\"twitter:label3\" content=\"Written by\" \/>\n\t<meta name=\"twitter:data3\" content=\"\u015etefan Stoica\" \/>\n<script type=\"application\/ld+json\" class=\"yoast-schema-graph\">{\"@context\":\"https:\\\/\\\/schema.org\",\"@graph\":[{\"@type\":\"Article\",\"@id\":\"https:\\\/\\\/www.rri.ro\\\/de\\\/aktuell\\\/rri-aktuell\\\/verurteilten-werden-auszeichnungen-entzogen-id461307.html#article\",\"isPartOf\":{\"@id\":\"https:\\\/\\\/www.rri.ro\\\/de\\\/aktuell\\\/rri-aktuell\\\/verurteilten-werden-auszeichnungen-entzogen-id461307.html\"},\"author\":{\"name\":\"\u015etefan Stoica\",\"@id\":\"https:\\\/\\\/www.rri.ro\\\/#\\\/schema\\\/person\\\/2d81d5dc94d44190d13245f64551d334\"},\"headline\":\"Verurteilten werden Auszeichnungen entzogen\",\"datePublished\":\"2019-12-12T15:31:00+00:00\",\"dateModified\":\"2024-02-19T18:52:05+00:00\",\"mainEntityOfPage\":{\"@id\":\"https:\\\/\\\/www.rri.ro\\\/de\\\/aktuell\\\/rri-aktuell\\\/verurteilten-werden-auszeichnungen-entzogen-id461307.html\"},\"wordCount\":376,\"image\":{\"@id\":\"https:\\\/\\\/www.rri.ro\\\/de\\\/aktuell\\\/rri-aktuell\\\/verurteilten-werden-auszeichnungen-entzogen-id461307.html#primaryimage\"},\"thumbnailUrl\":\"https:\\\/\\\/www.rri.ro\\\/wp-content\\\/uploads\\\/2023\\\/10\\\/klaus-iohannis-ok.png\",\"keywords\":[\"Auszeichnungen\",\"Pr\u00e4sident\",\"Rum\u00e4nien\"],\"articleSection\":[\"RRI Aktuell\"],\"inLanguage\":\"de\"},{\"@type\":\"WebPage\",\"@id\":\"https:\\\/\\\/www.rri.ro\\\/de\\\/aktuell\\\/rri-aktuell\\\/verurteilten-werden-auszeichnungen-entzogen-id461307.html\",\"url\":\"https:\\\/\\\/www.rri.ro\\\/de\\\/aktuell\\\/rri-aktuell\\\/verurteilten-werden-auszeichnungen-entzogen-id461307.html\",\"name\":\"Verurteilten werden Auszeichnungen entzogen - Radio Rum\u00e4nien International\",\"isPartOf\":{\"@id\":\"https:\\\/\\\/www.rri.ro\\\/#website\"},\"primaryImageOfPage\":{\"@id\":\"https:\\\/\\\/www.rri.ro\\\/de\\\/aktuell\\\/rri-aktuell\\\/verurteilten-werden-auszeichnungen-entzogen-id461307.html#primaryimage\"},\"image\":{\"@id\":\"https:\\\/\\\/www.rri.ro\\\/de\\\/aktuell\\\/rri-aktuell\\\/verurteilten-werden-auszeichnungen-entzogen-id461307.html#primaryimage\"},\"thumbnailUrl\":\"https:\\\/\\\/www.rri.ro\\\/wp-content\\\/uploads\\\/2023\\\/10\\\/klaus-iohannis-ok.png\",\"datePublished\":\"2019-12-12T15:31:00+00:00\",\"dateModified\":\"2024-02-19T18:52:05+00:00\",\"author\":{\"@id\":\"https:\\\/\\\/www.rri.ro\\\/#\\\/schema\\\/person\\\/2d81d5dc94d44190d13245f64551d334\"},\"breadcrumb\":{\"@id\":\"https:\\\/\\\/www.rri.ro\\\/de\\\/aktuell\\\/rri-aktuell\\\/verurteilten-werden-auszeichnungen-entzogen-id461307.html#breadcrumb\"},\"inLanguage\":\"de\",\"potentialAction\":[{\"@type\":\"ReadAction\",\"target\":[\"https:\\\/\\\/www.rri.ro\\\/de\\\/aktuell\\\/rri-aktuell\\\/verurteilten-werden-auszeichnungen-entzogen-id461307.html\"]}]},{\"@type\":\"ImageObject\",\"inLanguage\":\"de\",\"@id\":\"https:\\\/\\\/www.rri.ro\\\/de\\\/aktuell\\\/rri-aktuell\\\/verurteilten-werden-auszeichnungen-entzogen-id461307.html#primaryimage\",\"url\":\"https:\\\/\\\/www.rri.ro\\\/wp-content\\\/uploads\\\/2023\\\/10\\\/klaus-iohannis-ok.png\",\"contentUrl\":\"https:\\\/\\\/www.rri.ro\\\/wp-content\\\/uploads\\\/2023\\\/10\\\/klaus-iohannis-ok.png\",\"width\":640,\"height\":427},{\"@type\":\"BreadcrumbList\",\"@id\":\"https:\\\/\\\/www.rri.ro\\\/de\\\/aktuell\\\/rri-aktuell\\\/verurteilten-werden-auszeichnungen-entzogen-id461307.html#breadcrumb\",\"itemListElement\":[{\"@type\":\"ListItem\",\"position\":1,\"name\":\"Startseite\",\"item\":\"https:\\\/\\\/www.rri.ro\\\/de\"},{\"@type\":\"ListItem\",\"position\":2,\"name\":\"Aktuell\",\"item\":\"https:\\\/\\\/www.rri.ro\\\/de\\\/aktuell\"},{\"@type\":\"ListItem\",\"position\":3,\"name\":\"RRI Aktuell\",\"item\":\"https:\\\/\\\/www.rri.ro\\\/de\\\/aktuell\\\/rri-aktuell\"},{\"@type\":\"ListItem\",\"position\":4,\"name\":\"Verurteilten werden Auszeichnungen entzogen\"}]},{\"@type\":\"WebSite\",\"@id\":\"https:\\\/\\\/www.rri.ro\\\/#website\",\"url\":\"https:\\\/\\\/www.rri.ro\\\/\",\"name\":\"Radio Rum\u00e4nien International\",\"description\":\"Totul despre Rom\u00e2nia \u015fi rom\u00e2ni, \u00een 13 limbi\\\/dialecte!\",\"inLanguage\":\"de\"},{\"@type\":\"Person\",\"@id\":\"https:\\\/\\\/www.rri.ro\\\/#\\\/schema\\\/person\\\/2d81d5dc94d44190d13245f64551d334\",\"name\":\"\u015etefan Stoica\",\"url\":\"https:\\\/\\\/www.rri.ro\\\/de\\\/author\\\/stefan-stoica\"}]}<\/script>\n<!-- \/ Yoast SEO plugin. -->","yoast_head_json":{"title":"Verurteilten werden Auszeichnungen entzogen - Radio Rum\u00e4nien International","robots":{"index":"index","follow":"follow","max-snippet":"max-snippet:-1","max-image-preview":"max-image-preview:large","max-video-preview":"max-video-preview:-1"},"canonical":"https:\/\/www.rri.ro\/de\/aktuell\/rri-aktuell\/verurteilten-werden-auszeichnungen-entzogen-id461307.html","og_locale":"de_DE","og_type":"article","og_title":"Verurteilten werden Auszeichnungen entzogen - Radio Rum\u00e4nien International","og_description":"Die Pr\u00e4sidialverwaltung in Bukarest hat eine Liste von Personen angek\u00fcndigt, denen ihre Auszeichnungen wegen strafrechtlicher Verurteilungen entzogen wurden.","og_url":"https:\/\/www.rri.ro\/de\/aktuell\/rri-aktuell\/verurteilten-werden-auszeichnungen-entzogen-id461307.html","og_site_name":"Radio Rum\u00e4nien International","article_published_time":"2019-12-12T15:31:00+00:00","article_modified_time":"2024-02-19T18:52:05+00:00","og_image":[{"width":640,"height":427,"url":"https:\/\/www.rri.ro\/wp-content\/uploads\/2023\/10\/klaus-iohannis-ok.png","type":"image\/png"}],"author":"\u015etefan Stoica","twitter_card":"summary_large_image","twitter_misc":{"Verfasst von":"\u015etefan Stoica","Gesch\u00e4tzte Lesezeit":"2\u00a0Minuten","Written by":"\u015etefan Stoica"},"schema":{"@context":"https:\/\/schema.org","@graph":[{"@type":"Article","@id":"https:\/\/www.rri.ro\/de\/aktuell\/rri-aktuell\/verurteilten-werden-auszeichnungen-entzogen-id461307.html#article","isPartOf":{"@id":"https:\/\/www.rri.ro\/de\/aktuell\/rri-aktuell\/verurteilten-werden-auszeichnungen-entzogen-id461307.html"},"author":{"name":"\u015etefan Stoica","@id":"https:\/\/www.rri.ro\/#\/schema\/person\/2d81d5dc94d44190d13245f64551d334"},"headline":"Verurteilten werden Auszeichnungen entzogen","datePublished":"2019-12-12T15:31:00+00:00","dateModified":"2024-02-19T18:52:05+00:00","mainEntityOfPage":{"@id":"https:\/\/www.rri.ro\/de\/aktuell\/rri-aktuell\/verurteilten-werden-auszeichnungen-entzogen-id461307.html"},"wordCount":376,"image":{"@id":"https:\/\/www.rri.ro\/de\/aktuell\/rri-aktuell\/verurteilten-werden-auszeichnungen-entzogen-id461307.html#primaryimage"},"thumbnailUrl":"https:\/\/www.rri.ro\/wp-content\/uploads\/2023\/10\/klaus-iohannis-ok.png","keywords":["Auszeichnungen","Pr\u00e4sident","Rum\u00e4nien"],"articleSection":["RRI Aktuell"],"inLanguage":"de"},{"@type":"WebPage","@id":"https:\/\/www.rri.ro\/de\/aktuell\/rri-aktuell\/verurteilten-werden-auszeichnungen-entzogen-id461307.html","url":"https:\/\/www.rri.ro\/de\/aktuell\/rri-aktuell\/verurteilten-werden-auszeichnungen-entzogen-id461307.html","name":"Verurteilten werden Auszeichnungen entzogen - Radio Rum\u00e4nien International","isPartOf":{"@id":"https:\/\/www.rri.ro\/#website"},"primaryImageOfPage":{"@id":"https:\/\/www.rri.ro\/de\/aktuell\/rri-aktuell\/verurteilten-werden-auszeichnungen-entzogen-id461307.html#primaryimage"},"image":{"@id":"https:\/\/www.rri.ro\/de\/aktuell\/rri-aktuell\/verurteilten-werden-auszeichnungen-entzogen-id461307.html#primaryimage"},"thumbnailUrl":"https:\/\/www.rri.ro\/wp-content\/uploads\/2023\/10\/klaus-iohannis-ok.png","datePublished":"2019-12-12T15:31:00+00:00","dateModified":"2024-02-19T18:52:05+00:00","author":{"@id":"https:\/\/www.rri.ro\/#\/schema\/person\/2d81d5dc94d44190d13245f64551d334"},"breadcrumb":{"@id":"https:\/\/www.rri.ro\/de\/aktuell\/rri-aktuell\/verurteilten-werden-auszeichnungen-entzogen-id461307.html#breadcrumb"},"inLanguage":"de","potentialAction":[{"@type":"ReadAction","target":["https:\/\/www.rri.ro\/de\/aktuell\/rri-aktuell\/verurteilten-werden-auszeichnungen-entzogen-id461307.html"]}]},{"@type":"ImageObject","inLanguage":"de","@id":"https:\/\/www.rri.ro\/de\/aktuell\/rri-aktuell\/verurteilten-werden-auszeichnungen-entzogen-id461307.html#primaryimage","url":"https:\/\/www.rri.ro\/wp-content\/uploads\/2023\/10\/klaus-iohannis-ok.png","contentUrl":"https:\/\/www.rri.ro\/wp-content\/uploads\/2023\/10\/klaus-iohannis-ok.png","width":640,"height":427},{"@type":"BreadcrumbList","@id":"https:\/\/www.rri.ro\/de\/aktuell\/rri-aktuell\/verurteilten-werden-auszeichnungen-entzogen-id461307.html#breadcrumb","itemListElement":[{"@type":"ListItem","position":1,"name":"Startseite","item":"https:\/\/www.rri.ro\/de"},{"@type":"ListItem","position":2,"name":"Aktuell","item":"https:\/\/www.rri.ro\/de\/aktuell"},{"@type":"ListItem","position":3,"name":"RRI Aktuell","item":"https:\/\/www.rri.ro\/de\/aktuell\/rri-aktuell"},{"@type":"ListItem","position":4,"name":"Verurteilten werden Auszeichnungen entzogen"}]},{"@type":"WebSite","@id":"https:\/\/www.rri.ro\/#website","url":"https:\/\/www.rri.ro\/","name":"Radio Rum\u00e4nien International","description":"Totul despre Rom\u00e2nia \u015fi rom\u00e2ni, \u00een 13 limbi\/dialecte!","inLanguage":"de"},{"@type":"Person","@id":"https:\/\/www.rri.ro\/#\/schema\/person\/2d81d5dc94d44190d13245f64551d334","name":"\u015etefan Stoica","url":"https:\/\/www.rri.ro\/de\/author\/stefan-stoica"}]}},"_links":{"self":[{"href":"https:\/\/www.rri.ro\/de\/wp-json\/wp\/v2\/posts\/461307","targetHints":{"allow":["GET"]}}],"collection":[{"href":"https:\/\/www.rri.ro\/de\/wp-json\/wp\/v2\/posts"}],"about":[{"href":"https:\/\/www.rri.ro\/de\/wp-json\/wp\/v2\/types\/post"}],"author":[{"embeddable":true,"href":"https:\/\/www.rri.ro\/de\/wp-json\/wp\/v2\/users\/110"}],"replies":[{"embeddable":true,"href":"https:\/\/www.rri.ro\/de\/wp-json\/wp\/v2\/comments?post=461307"}],"version-history":[{"count":0,"href":"https:\/\/www.rri.ro\/de\/wp-json\/wp\/v2\/posts\/461307\/revisions"}],"wp:featuredmedia":[{"embeddable":true,"href":"https:\/\/www.rri.ro\/de\/wp-json\/wp\/v2\/media\/80800"}],"wp:attachment":[{"href":"https:\/\/www.rri.ro\/de\/wp-json\/wp\/v2\/media?parent=461307"}],"wp:term":[{"taxonomy":"category","embeddable":true,"href":"https:\/\/www.rri.ro\/de\/wp-json\/wp\/v2\/categories?post=461307"},{"taxonomy":"post_tag","embeddable":true,"href":"https:\/\/www.rri.ro\/de\/wp-json\/wp\/v2\/tags?post=461307"},{"taxonomy":"author","embeddable":true,"href":"https:\/\/www.rri.ro\/de\/wp-json\/wp\/v2\/coauthors?post=461307"}],"curies":[{"name":"wp","href":"https:\/\/api.w.org\/{rel}","templated":true}]}}