{"id":461315,"date":"2019-12-20T17:06:00","date_gmt":"2019-12-20T15:06:00","guid":{"rendered":"http:\/\/devrri.freshlemon.ro\/aktuell\/europaeisches-parlament-verabschiedet-resolution-zur-rumaenischen-revolution-id461315.html"},"modified":"2024-02-19T20:52:11","modified_gmt":"2024-02-19T18:52:11","slug":"europaeisches-parlament-verabschiedet-resolution-zur-rumaenischen-revolution","status":"publish","type":"post","link":"https:\/\/www.rri.ro\/de\/aktuell\/rri-aktuell\/europaeisches-parlament-verabschiedet-resolution-zur-rumaenischen-revolution-id461315.html","title":{"rendered":"Europ\u00e4isches Parlament verabschiedet Resolution zur rum\u00e4nischen Revolution"},"content":{"rendered":"<p>Das Europ\u00e4ische Parlament hat am Donnerstag eine Entschlie\u200e\u00dfung zum 30. Jahrestag der antikommunistischen Revolution von 1989 in Rum\u00e4nien verabschiedet. Dies ist das erste Mal, dass das Parlament einen offiziellen Standpunkt zu den Ereignissen von 89 einnimmt, die den Kurs des Landes f\u00fcr immer ver\u00e4ndert haben. In dem Dokument, das am Montag im Plenum diskutiert wurde, hei\u200e\u00dft es, dass 1.142 Menschen get\u00f6tet, weitere 3.000 schwer verwundet und einige Hundert illegal inhaftiert und gefoltert wurden. Das Europ\u00e4ische Parlament gedenkt des Ereignisses und ehrt die Familien der Opfer, indem es sagt, dass das damalige Opfer der Menschen den \u00dcbergang Rum\u00e4niens zu Demokratie, Rechtsstaatlichkeit und Marktwirtschaft erm\u00f6glichte und zur Integration des Landes in die NATO im Jahr 2004 und in die Europ\u00e4ische Union im Jahr 2007 beitrug.<\/p>\n<p>&#13;<br \/>\n&#13;<\/p>\n<p>&#13;<br \/>\n&#13;<\/p>\n<p>Die Abgeordneten forderten Rum\u00e4nien auf, seine Bem\u00fchungen um die Aufkl\u00e4rung der Wahrheit \u00fcber die Ereignisse der Revolution zu verst\u00e4rken. Das Parlament fordert auch die Institutionen der Europ\u00e4ischen Union und ihrer Mitgliedstaaten, einschlie\u200e\u00dflich Rum\u00e4niens, auf, alles in ihrer Macht Stehende zu tun, um sicherzustellen, dass der Verbrechen der kommunistischen Regime gedacht wird, und zu garantieren, dass solche Verbrechen nie wieder begangen werden. In Bukarest begr\u00fc\u200e\u00dfte Pr\u00e4sident Klaus Iohannis die Annahme der Entschlie\u200e\u00dfung, die erneut best\u00e4tigt, dass das Opfer der Rum\u00e4nen im Dezember 1989 ein Eckpfeiler der Demokratie in Rum\u00e4nien ist. Der Pr\u00e4sident r\u00e4umt ein, dass der Staat rasch handeln muss, um die Wahrheit hinter den Ereignissen von 89 zu ermitteln und die Schuldigen vor Gericht zu bringen.<\/p>\n<p>&#13;<br \/>\n&#13;<\/p>\n<p>&#13;<br \/>\n&#13;<\/p>\n<p>Im Dezember 1989 sagten die Rum\u00e4nen &#8222;nein&#8220; zum Kommunismus und sie bezahlten daf\u00fcr mit ihrem Leben. Heute sind die Rum\u00e4nen wieder Teil der europ\u00e4ischen Familie, sagte der Europaabgeordnete Traian B\u0103sescu seinerseits. Bereits 2006, w\u00e4hrend seiner Amtszeit als Pr\u00e4sident, verurteilte Traian B\u0103sescu offiziell das kommunistische Regime und bezeichnete es als kriminell und illegitim.<\/p>\n<p>&#13;<br \/>\n&#13;<\/p>\n<p>&#13;<br \/>\n&#13;<\/p>\n<p>Die Diktatur in Bukarest, die am Ende des Zweiten Weltkrieges mit der Besetzung durch sowjetische Truppen in Rum\u00e4nien errichtet wurde, wird von einigen Historikern als eine der schlimmsten hinter dem Eisernen Vorhang angesehen. In den ersten zwei Jahrzehnten, dem Repressionsapparat von Gheorghe Gheorghiu-Dej, einem Sympathisanten des stalinistischen Russlands, wurden etwa 600 Tausend Menschen inhaftiert, von demokratischen hochrangigen Beamten bis zu einfachen Bauern, die ihr Land nicht aufgeben wollten, von ostkatholischen Kardin\u00e4len bis zu Studenten, die ihr Land liebten. <\/p>\n<p>&#13;<br \/>\n&#13;<\/p>\n<p>&#13;<br \/>\n&#13;<\/p>\n<p>Nachdem er die Nachfolge von Dej angetreten hatte, sch\u00fcrte Nicolae Ceausescu f\u00fcr eine kurze Zeit die Illusion der inneren Liberalisierung und des Auseinanderbrechens mit Moskau. Mit der Zeit wurde sein Regime zu einer Ein-Mann-Diktatur, in deren Mittelpunkt ein grotesker Personenkult stand und der Bev\u00f6lkerung eine unertr\u00e4gliche Strenge auferlegt wurde. Sein krankhafter Machthunger sollte Rum\u00e4nien schlie\u200e\u00dflich zum einzigen Land in Mittel- und Osteuropa machen, in dem der Sturz des kommunistischen Regimes ein Blutvergie\u200e\u00dfen zur Folge hatte. <\/p>\n<p>&#13;<\/p>\n","protected":false},"excerpt":{"rendered":"<p>Das Europ\u00e4ische Parlament hat zum ersten Mal ein offizielles Dokument \u00fcber die rum\u00e4nische Revolution von 1989 angenommen.<\/p>\n","protected":false},"author":105,"featured_media":84078,"comment_status":"closed","ping_status":"closed","sticky":false,"template":"","format":"standard","meta":{"_acf_changed":false,"footnotes":""},"categories":[99583],"tags":[100477,29592,104834],"coauthors":[],"class_list":["post-461315","post","type-post","status-publish","format-standard","has-post-thumbnail","hentry","category-rri-aktuell","tag-europaeisches-parlament","tag-resolution","tag-rumaenische-revolution-von-1989"],"acf":[],"yoast_head":"<!-- This site is optimized with the Yoast SEO plugin v27.3 - https:\/\/yoast.com\/product\/yoast-seo-wordpress\/ -->\n<title>Europ\u00e4isches Parlament verabschiedet Resolution zur rum\u00e4nischen Revolution - Radio Rum\u00e4nien International<\/title>\n<meta name=\"robots\" content=\"index, follow, max-snippet:-1, max-image-preview:large, max-video-preview:-1\" \/>\n<link rel=\"canonical\" href=\"https:\/\/www.rri.ro\/de\/aktuell\/rri-aktuell\/europaeisches-parlament-verabschiedet-resolution-zur-rumaenischen-revolution-id461315.html\" \/>\n<meta property=\"og:locale\" content=\"de_DE\" \/>\n<meta property=\"og:type\" content=\"article\" \/>\n<meta property=\"og:title\" content=\"Europ\u00e4isches Parlament verabschiedet Resolution zur rum\u00e4nischen Revolution - Radio Rum\u00e4nien International\" \/>\n<meta property=\"og:description\" content=\"Das Europ\u00e4ische Parlament hat zum ersten Mal ein offizielles Dokument \u00fcber die rum\u00e4nische Revolution von 1989 angenommen.\" \/>\n<meta property=\"og:url\" content=\"https:\/\/www.rri.ro\/de\/aktuell\/rri-aktuell\/europaeisches-parlament-verabschiedet-resolution-zur-rumaenischen-revolution-id461315.html\" \/>\n<meta property=\"og:site_name\" content=\"Radio Rum\u00e4nien International\" \/>\n<meta property=\"article:published_time\" content=\"2019-12-20T15:06:00+00:00\" \/>\n<meta property=\"article:modified_time\" content=\"2024-02-19T18:52:11+00:00\" \/>\n<meta property=\"og:image\" content=\"https:\/\/www.rri.ro\/wp-content\/uploads\/2023\/10\/strasbourg-parlamentul-european-foto-rri.png\" \/>\n\t<meta property=\"og:image:width\" content=\"640\" \/>\n\t<meta property=\"og:image:height\" content=\"480\" \/>\n\t<meta property=\"og:image:type\" content=\"image\/png\" \/>\n<meta name=\"author\" content=\"Bogdan Matei\" \/>\n<meta name=\"twitter:card\" content=\"summary_large_image\" \/>\n<meta name=\"twitter:label1\" content=\"Verfasst von\" \/>\n\t<meta name=\"twitter:data1\" content=\"Bogdan Matei\" \/>\n\t<meta name=\"twitter:label2\" content=\"Gesch\u00e4tzte Lesezeit\" \/>\n\t<meta name=\"twitter:data2\" content=\"2\u00a0Minuten\" \/>\n\t<meta name=\"twitter:label3\" content=\"Written by\" \/>\n\t<meta name=\"twitter:data3\" content=\"Bogdan Matei\" \/>\n<script type=\"application\/ld+json\" class=\"yoast-schema-graph\">{\"@context\":\"https:\\\/\\\/schema.org\",\"@graph\":[{\"@type\":\"Article\",\"@id\":\"https:\\\/\\\/www.rri.ro\\\/de\\\/aktuell\\\/rri-aktuell\\\/europaeisches-parlament-verabschiedet-resolution-zur-rumaenischen-revolution-id461315.html#article\",\"isPartOf\":{\"@id\":\"https:\\\/\\\/www.rri.ro\\\/de\\\/aktuell\\\/rri-aktuell\\\/europaeisches-parlament-verabschiedet-resolution-zur-rumaenischen-revolution-id461315.html\"},\"author\":{\"name\":\"Bogdan Matei\",\"@id\":\"https:\\\/\\\/www.rri.ro\\\/#\\\/schema\\\/person\\\/0ed327d40678578e6dbb840527e3ba32\"},\"headline\":\"Europ\u00e4isches Parlament verabschiedet Resolution zur rum\u00e4nischen Revolution\",\"datePublished\":\"2019-12-20T15:06:00+00:00\",\"dateModified\":\"2024-02-19T18:52:11+00:00\",\"mainEntityOfPage\":{\"@id\":\"https:\\\/\\\/www.rri.ro\\\/de\\\/aktuell\\\/rri-aktuell\\\/europaeisches-parlament-verabschiedet-resolution-zur-rumaenischen-revolution-id461315.html\"},\"wordCount\":484,\"image\":{\"@id\":\"https:\\\/\\\/www.rri.ro\\\/de\\\/aktuell\\\/rri-aktuell\\\/europaeisches-parlament-verabschiedet-resolution-zur-rumaenischen-revolution-id461315.html#primaryimage\"},\"thumbnailUrl\":\"https:\\\/\\\/www.rri.ro\\\/wp-content\\\/uploads\\\/2023\\\/10\\\/strasbourg-parlamentul-european-foto-rri.png\",\"keywords\":[\"Europ\u00e4isches Parlament\",\"resolution\",\"Rum\u00e4nische Revolution von 1989\"],\"articleSection\":[\"RRI Aktuell\"],\"inLanguage\":\"de\"},{\"@type\":\"WebPage\",\"@id\":\"https:\\\/\\\/www.rri.ro\\\/de\\\/aktuell\\\/rri-aktuell\\\/europaeisches-parlament-verabschiedet-resolution-zur-rumaenischen-revolution-id461315.html\",\"url\":\"https:\\\/\\\/www.rri.ro\\\/de\\\/aktuell\\\/rri-aktuell\\\/europaeisches-parlament-verabschiedet-resolution-zur-rumaenischen-revolution-id461315.html\",\"name\":\"Europ\u00e4isches Parlament verabschiedet Resolution zur rum\u00e4nischen Revolution - Radio Rum\u00e4nien International\",\"isPartOf\":{\"@id\":\"https:\\\/\\\/www.rri.ro\\\/#website\"},\"primaryImageOfPage\":{\"@id\":\"https:\\\/\\\/www.rri.ro\\\/de\\\/aktuell\\\/rri-aktuell\\\/europaeisches-parlament-verabschiedet-resolution-zur-rumaenischen-revolution-id461315.html#primaryimage\"},\"image\":{\"@id\":\"https:\\\/\\\/www.rri.ro\\\/de\\\/aktuell\\\/rri-aktuell\\\/europaeisches-parlament-verabschiedet-resolution-zur-rumaenischen-revolution-id461315.html#primaryimage\"},\"thumbnailUrl\":\"https:\\\/\\\/www.rri.ro\\\/wp-content\\\/uploads\\\/2023\\\/10\\\/strasbourg-parlamentul-european-foto-rri.png\",\"datePublished\":\"2019-12-20T15:06:00+00:00\",\"dateModified\":\"2024-02-19T18:52:11+00:00\",\"author\":{\"@id\":\"https:\\\/\\\/www.rri.ro\\\/#\\\/schema\\\/person\\\/0ed327d40678578e6dbb840527e3ba32\"},\"breadcrumb\":{\"@id\":\"https:\\\/\\\/www.rri.ro\\\/de\\\/aktuell\\\/rri-aktuell\\\/europaeisches-parlament-verabschiedet-resolution-zur-rumaenischen-revolution-id461315.html#breadcrumb\"},\"inLanguage\":\"de\",\"potentialAction\":[{\"@type\":\"ReadAction\",\"target\":[\"https:\\\/\\\/www.rri.ro\\\/de\\\/aktuell\\\/rri-aktuell\\\/europaeisches-parlament-verabschiedet-resolution-zur-rumaenischen-revolution-id461315.html\"]}]},{\"@type\":\"ImageObject\",\"inLanguage\":\"de\",\"@id\":\"https:\\\/\\\/www.rri.ro\\\/de\\\/aktuell\\\/rri-aktuell\\\/europaeisches-parlament-verabschiedet-resolution-zur-rumaenischen-revolution-id461315.html#primaryimage\",\"url\":\"https:\\\/\\\/www.rri.ro\\\/wp-content\\\/uploads\\\/2023\\\/10\\\/strasbourg-parlamentul-european-foto-rri.png\",\"contentUrl\":\"https:\\\/\\\/www.rri.ro\\\/wp-content\\\/uploads\\\/2023\\\/10\\\/strasbourg-parlamentul-european-foto-rri.png\",\"width\":640,\"height\":480,\"caption\":\"strasbourg-parlamentul-european-foto-rri\"},{\"@type\":\"BreadcrumbList\",\"@id\":\"https:\\\/\\\/www.rri.ro\\\/de\\\/aktuell\\\/rri-aktuell\\\/europaeisches-parlament-verabschiedet-resolution-zur-rumaenischen-revolution-id461315.html#breadcrumb\",\"itemListElement\":[{\"@type\":\"ListItem\",\"position\":1,\"name\":\"Startseite\",\"item\":\"https:\\\/\\\/www.rri.ro\\\/de\"},{\"@type\":\"ListItem\",\"position\":2,\"name\":\"Aktuell\",\"item\":\"https:\\\/\\\/www.rri.ro\\\/de\\\/aktuell\"},{\"@type\":\"ListItem\",\"position\":3,\"name\":\"RRI Aktuell\",\"item\":\"https:\\\/\\\/www.rri.ro\\\/de\\\/aktuell\\\/rri-aktuell\"},{\"@type\":\"ListItem\",\"position\":4,\"name\":\"Europ\u00e4isches Parlament verabschiedet Resolution zur rum\u00e4nischen Revolution\"}]},{\"@type\":\"WebSite\",\"@id\":\"https:\\\/\\\/www.rri.ro\\\/#website\",\"url\":\"https:\\\/\\\/www.rri.ro\\\/\",\"name\":\"Radio Rum\u00e4nien International\",\"description\":\"Totul despre Rom\u00e2nia \u015fi rom\u00e2ni, \u00een 13 limbi\\\/dialecte!\",\"inLanguage\":\"de\"},{\"@type\":\"Person\",\"@id\":\"https:\\\/\\\/www.rri.ro\\\/#\\\/schema\\\/person\\\/0ed327d40678578e6dbb840527e3ba32\",\"name\":\"Bogdan Matei\",\"url\":\"https:\\\/\\\/www.rri.ro\\\/de\\\/author\\\/bogdan-matei\"}]}<\/script>\n<!-- \/ Yoast SEO plugin. -->","yoast_head_json":{"title":"Europ\u00e4isches Parlament verabschiedet Resolution zur rum\u00e4nischen Revolution - Radio Rum\u00e4nien International","robots":{"index":"index","follow":"follow","max-snippet":"max-snippet:-1","max-image-preview":"max-image-preview:large","max-video-preview":"max-video-preview:-1"},"canonical":"https:\/\/www.rri.ro\/de\/aktuell\/rri-aktuell\/europaeisches-parlament-verabschiedet-resolution-zur-rumaenischen-revolution-id461315.html","og_locale":"de_DE","og_type":"article","og_title":"Europ\u00e4isches Parlament verabschiedet Resolution zur rum\u00e4nischen Revolution - Radio Rum\u00e4nien International","og_description":"Das Europ\u00e4ische Parlament hat zum ersten Mal ein offizielles Dokument \u00fcber die rum\u00e4nische Revolution von 1989 angenommen.","og_url":"https:\/\/www.rri.ro\/de\/aktuell\/rri-aktuell\/europaeisches-parlament-verabschiedet-resolution-zur-rumaenischen-revolution-id461315.html","og_site_name":"Radio Rum\u00e4nien International","article_published_time":"2019-12-20T15:06:00+00:00","article_modified_time":"2024-02-19T18:52:11+00:00","og_image":[{"width":640,"height":480,"url":"https:\/\/www.rri.ro\/wp-content\/uploads\/2023\/10\/strasbourg-parlamentul-european-foto-rri.png","type":"image\/png"}],"author":"Bogdan Matei","twitter_card":"summary_large_image","twitter_misc":{"Verfasst von":"Bogdan Matei","Gesch\u00e4tzte Lesezeit":"2\u00a0Minuten","Written by":"Bogdan Matei"},"schema":{"@context":"https:\/\/schema.org","@graph":[{"@type":"Article","@id":"https:\/\/www.rri.ro\/de\/aktuell\/rri-aktuell\/europaeisches-parlament-verabschiedet-resolution-zur-rumaenischen-revolution-id461315.html#article","isPartOf":{"@id":"https:\/\/www.rri.ro\/de\/aktuell\/rri-aktuell\/europaeisches-parlament-verabschiedet-resolution-zur-rumaenischen-revolution-id461315.html"},"author":{"name":"Bogdan Matei","@id":"https:\/\/www.rri.ro\/#\/schema\/person\/0ed327d40678578e6dbb840527e3ba32"},"headline":"Europ\u00e4isches Parlament verabschiedet Resolution zur rum\u00e4nischen Revolution","datePublished":"2019-12-20T15:06:00+00:00","dateModified":"2024-02-19T18:52:11+00:00","mainEntityOfPage":{"@id":"https:\/\/www.rri.ro\/de\/aktuell\/rri-aktuell\/europaeisches-parlament-verabschiedet-resolution-zur-rumaenischen-revolution-id461315.html"},"wordCount":484,"image":{"@id":"https:\/\/www.rri.ro\/de\/aktuell\/rri-aktuell\/europaeisches-parlament-verabschiedet-resolution-zur-rumaenischen-revolution-id461315.html#primaryimage"},"thumbnailUrl":"https:\/\/www.rri.ro\/wp-content\/uploads\/2023\/10\/strasbourg-parlamentul-european-foto-rri.png","keywords":["Europ\u00e4isches Parlament","resolution","Rum\u00e4nische Revolution von 1989"],"articleSection":["RRI Aktuell"],"inLanguage":"de"},{"@type":"WebPage","@id":"https:\/\/www.rri.ro\/de\/aktuell\/rri-aktuell\/europaeisches-parlament-verabschiedet-resolution-zur-rumaenischen-revolution-id461315.html","url":"https:\/\/www.rri.ro\/de\/aktuell\/rri-aktuell\/europaeisches-parlament-verabschiedet-resolution-zur-rumaenischen-revolution-id461315.html","name":"Europ\u00e4isches Parlament verabschiedet Resolution zur rum\u00e4nischen Revolution - Radio Rum\u00e4nien International","isPartOf":{"@id":"https:\/\/www.rri.ro\/#website"},"primaryImageOfPage":{"@id":"https:\/\/www.rri.ro\/de\/aktuell\/rri-aktuell\/europaeisches-parlament-verabschiedet-resolution-zur-rumaenischen-revolution-id461315.html#primaryimage"},"image":{"@id":"https:\/\/www.rri.ro\/de\/aktuell\/rri-aktuell\/europaeisches-parlament-verabschiedet-resolution-zur-rumaenischen-revolution-id461315.html#primaryimage"},"thumbnailUrl":"https:\/\/www.rri.ro\/wp-content\/uploads\/2023\/10\/strasbourg-parlamentul-european-foto-rri.png","datePublished":"2019-12-20T15:06:00+00:00","dateModified":"2024-02-19T18:52:11+00:00","author":{"@id":"https:\/\/www.rri.ro\/#\/schema\/person\/0ed327d40678578e6dbb840527e3ba32"},"breadcrumb":{"@id":"https:\/\/www.rri.ro\/de\/aktuell\/rri-aktuell\/europaeisches-parlament-verabschiedet-resolution-zur-rumaenischen-revolution-id461315.html#breadcrumb"},"inLanguage":"de","potentialAction":[{"@type":"ReadAction","target":["https:\/\/www.rri.ro\/de\/aktuell\/rri-aktuell\/europaeisches-parlament-verabschiedet-resolution-zur-rumaenischen-revolution-id461315.html"]}]},{"@type":"ImageObject","inLanguage":"de","@id":"https:\/\/www.rri.ro\/de\/aktuell\/rri-aktuell\/europaeisches-parlament-verabschiedet-resolution-zur-rumaenischen-revolution-id461315.html#primaryimage","url":"https:\/\/www.rri.ro\/wp-content\/uploads\/2023\/10\/strasbourg-parlamentul-european-foto-rri.png","contentUrl":"https:\/\/www.rri.ro\/wp-content\/uploads\/2023\/10\/strasbourg-parlamentul-european-foto-rri.png","width":640,"height":480,"caption":"strasbourg-parlamentul-european-foto-rri"},{"@type":"BreadcrumbList","@id":"https:\/\/www.rri.ro\/de\/aktuell\/rri-aktuell\/europaeisches-parlament-verabschiedet-resolution-zur-rumaenischen-revolution-id461315.html#breadcrumb","itemListElement":[{"@type":"ListItem","position":1,"name":"Startseite","item":"https:\/\/www.rri.ro\/de"},{"@type":"ListItem","position":2,"name":"Aktuell","item":"https:\/\/www.rri.ro\/de\/aktuell"},{"@type":"ListItem","position":3,"name":"RRI Aktuell","item":"https:\/\/www.rri.ro\/de\/aktuell\/rri-aktuell"},{"@type":"ListItem","position":4,"name":"Europ\u00e4isches Parlament verabschiedet Resolution zur rum\u00e4nischen Revolution"}]},{"@type":"WebSite","@id":"https:\/\/www.rri.ro\/#website","url":"https:\/\/www.rri.ro\/","name":"Radio Rum\u00e4nien International","description":"Totul despre Rom\u00e2nia \u015fi rom\u00e2ni, \u00een 13 limbi\/dialecte!","inLanguage":"de"},{"@type":"Person","@id":"https:\/\/www.rri.ro\/#\/schema\/person\/0ed327d40678578e6dbb840527e3ba32","name":"Bogdan Matei","url":"https:\/\/www.rri.ro\/de\/author\/bogdan-matei"}]}},"_links":{"self":[{"href":"https:\/\/www.rri.ro\/de\/wp-json\/wp\/v2\/posts\/461315","targetHints":{"allow":["GET"]}}],"collection":[{"href":"https:\/\/www.rri.ro\/de\/wp-json\/wp\/v2\/posts"}],"about":[{"href":"https:\/\/www.rri.ro\/de\/wp-json\/wp\/v2\/types\/post"}],"author":[{"embeddable":true,"href":"https:\/\/www.rri.ro\/de\/wp-json\/wp\/v2\/users\/105"}],"replies":[{"embeddable":true,"href":"https:\/\/www.rri.ro\/de\/wp-json\/wp\/v2\/comments?post=461315"}],"version-history":[{"count":0,"href":"https:\/\/www.rri.ro\/de\/wp-json\/wp\/v2\/posts\/461315\/revisions"}],"wp:featuredmedia":[{"embeddable":true,"href":"https:\/\/www.rri.ro\/de\/wp-json\/wp\/v2\/media\/84078"}],"wp:attachment":[{"href":"https:\/\/www.rri.ro\/de\/wp-json\/wp\/v2\/media?parent=461315"}],"wp:term":[{"taxonomy":"category","embeddable":true,"href":"https:\/\/www.rri.ro\/de\/wp-json\/wp\/v2\/categories?post=461315"},{"taxonomy":"post_tag","embeddable":true,"href":"https:\/\/www.rri.ro\/de\/wp-json\/wp\/v2\/tags?post=461315"},{"taxonomy":"author","embeddable":true,"href":"https:\/\/www.rri.ro\/de\/wp-json\/wp\/v2\/coauthors?post=461315"}],"curies":[{"name":"wp","href":"https:\/\/api.w.org\/{rel}","templated":true}]}}