{"id":461357,"date":"2020-02-04T17:10:00","date_gmt":"2020-02-04T15:10:00","guid":{"rendered":"http:\/\/devrri.freshlemon.ro\/aktuell\/entschaedigungen-fuer-die-opfer-der-brandkatastrophe-im-colectiv-klub-id461357.html"},"modified":"2024-02-19T20:52:49","modified_gmt":"2024-02-19T18:52:49","slug":"entschaedigungen-fuer-die-opfer-der-brandkatastrophe-im-colectiv-klub","status":"publish","type":"post","link":"https:\/\/www.rri.ro\/de\/aktuell\/rri-aktuell\/entschaedigungen-fuer-die-opfer-der-brandkatastrophe-im-colectiv-klub-id461357.html","title":{"rendered":"Entsch\u00e4digungen f\u00fcr die Opfer der Brandkatastrophe im Colectiv-Klub"},"content":{"rendered":"<p dir=ltr style=line-height:1.3800000000000001;margin-top:0pt;margin-bottom:10pt;>Der Gesetzentwurf wurde von einer Gruppe von Senatoren der Liberalen Partei, der Union &#8222;Rettet Rum\u00e4nien&#8220;, der Demokratischen Union der ethnischen Ungarn in Rum\u00e4nien und der Allianz der Liberalen und Demokraten initiiert und von den 111 anwesenden Senatoren einstimmig angenommen.<\/p>\n<p>&#13;<br \/>\n&#13;<\/p>\n<p>&#13;<br \/>\n&#13;<\/p>\n<p dir=ltr style=line-height:1.3800000000000001;margin-top:0pt;margin-bottom:10pt;>Mit diesem Gesetzesentwurf genehmigen die Beh\u00f6rden die Zahlung der Kosten f\u00fcr eine notwendige medizinische Behandlung aus dem Haushalt des Gesundheitsministeriums f\u00fcr unbegrenzte Zeit im In- oder Ausland, sowohl in privaten als auch in staatlichen Krankenh\u00e4usern, mit unabh\u00e4ngigen \u00c4rzten und Therapeuten, f\u00fcr ambulante oder station\u00e4re Behandlung. Die betroffenen Personen bekommen lebenslange medizinische Behandlungen finanziert, wenn ihre Behandlung in direktem Zusammenhang mit dem Brand steht, der sich am 30. Oktober 2015 im Colectiv Club ereignet hat. Das Gesetz wurde vom Senat verabschiedet, und die beschlussfassende Abgeordnetenkammer wird dar\u00fcber abschlie\u200e\u00dfend abstimmen.<\/p>\n<p>&#13;<br \/>\n&#13;<\/p>\n<p>&#13;<br \/>\n&#13;<\/p>\n<p dir=ltr style=line-height:1.3800000000000001;margin-top:0pt;margin-bottom:10pt;>Die Trag\u00f6die von 2015 hinterlie\u200e\u00df 64 Tote, meist junge Menschen, und 200 Verletzte, und es dauerte Jahre der Untersuchungen, bis in diesem Fall endlich ein erstintstanzliches Urteil gef\u00e4llt wurde. Das Feuer ging von einer pyrotechnischen Einlage w\u00e4hrend eines Konzerts aus. Zwei Jahre lang war der Prozess aufgrund von Verfahrensfragen blockiert, und der urspr\u00fcnglich f\u00fcr den Fall vorgesehene Richter trat in den Ruhestand und wurde im Oktober 2018 ersetzt. Der zweite Richter versprach, das Verfahren zu beschleunigen: er hielt  Wort und lud w\u00f6chentlich Dutzende von Zeugen und Opfern zur Aussage vor.<\/p>\n<p>&#13;<br \/>\n&#13;<\/p>\n<p dir=ltr style=line-height:1.3800000000000001;margin-top:0pt;margin-bottom:10pt;>\n<p>&#13;<br \/>\n&#13;<\/p>\n<p dir=ltr style=line-height:1.3800000000000001;margin-top:0pt;margin-bottom:10pt;>Mehr als vier Jahre nach der Trag\u00f6die erlie\u200e\u00df ein Bukarester Gericht im Dezember 2019 ein erstes Urteil. Der ehemalige B\u00fcrgermeister des Bukarester Berzirks, in dem der Club angesiedelt war, Cristian Popescu-Piedone, erhielt eine Gef\u00e4ngnisstrafe von 8 Jahren und 6 Monaten wegen Amtsmissbrauchs im Zusammenhang mit der Erteilung von Betriebsgenehmigungen f\u00fcr den jeweiligen Club. Die beiden Eigent\u00fcmer des Clubs bekamen eine Gef\u00e4ngnisstrafe von 11 Jahren und 8 Monaten wegen fahrl\u00e4ssiger T\u00f6tung mit schweren Folgen, schwerer K\u00f6rperverletzung und Unterlassung rechtlicher Ma\u200e\u00dfnahmen in Bezug auf Sicherheit und Gesundheit am Arbeitsplatz.<\/p>\n<p>&#13;<br \/>\n&#13;<\/p>\n<p dir=ltr style=line-height:1.3800000000000001;margin-top:0pt;margin-bottom:10pt;>\n<p>&#13;<br \/>\n&#13;<\/p>\n<p dir=ltr style=line-height:1.3800000000000001;margin-top:0pt;margin-bottom:10pt;>Die Eigent\u00fcmer der Pyrotechnik-Firma wurden zu Strafen von 12 Jahren und 8 Monaten bzw. 3 Jahren und 6 Monaten veruerteilt, w\u00e4hrend die beiden Pyrotechniker zu 9 Jahren und 8 Monaten bzw. 10 Jahren Gef\u00e4ngnis verurteilt wurden. Zwei Feuerwehrleute von der Noteinsatzstelle, die den Colectiv-Club \u00fcberpr\u00fcft hatten, ohne die erforderlichen rechtlichen Ma\u200e\u00dfnahmen hinsichtlich der Einhaltung der Brandschutznormen zu ergreifen, erhielten jeweils eine Gef\u00e4ngnisstrafe von 9 Jahren und 2 Monaten.<\/p>\n<p>&#13;<br \/>\n&#13;<\/p>\n<p dir=ltr style=line-height:1.3800000000000001;margin-top:0pt;margin-bottom:10pt;>\n<p>&#13;<br \/>\n&#13;<\/p>\n<p dir=ltr style=line-height:1.3800000000000001;margin-top:0pt;margin-bottom:10pt;>Die Schuldigen  m\u00fcssen zusammen mit dem Rathaus und der Noteinsatzstelle Schmerzensgeld und materiellen Schadenersatz in H\u00f6he von mehr als 50 Millionen Euro an die \u00dcberlebenden des Feuers und die Familien der Opfer zahlen. Keiner der Angeklagten hat in diesem Fall seine Schuld eingestanden hat und ihre Anw\u00e4lte fordern weiterhin Freispruch.<\/p>\n<p>&#13;<br \/>\n&#13;<\/p>\n<div> <\/div>\n<p>&#13;<\/p>\n","protected":false},"excerpt":{"rendered":"<p>Die Opfer des Brandes im Bukarester Colectiv-Club sollen vom Staat lebenslange finanzielle Unterst\u00fctzung erhalten &#8211; der rum\u00e4nische Senat billigte am Montag einen entsprechenden Gesetzentwurf<\/p>\n","protected":false},"author":107,"featured_media":66077,"comment_status":"closed","ping_status":"closed","sticky":false,"template":"","format":"standard","meta":{"_acf_changed":false,"footnotes":""},"categories":[99583],"tags":[],"coauthors":[],"class_list":["post-461357","post","type-post","status-publish","format-standard","has-post-thumbnail","hentry","category-rri-aktuell"],"acf":[],"yoast_head":"<!-- This site is optimized with the Yoast SEO plugin v27.3 - https:\/\/yoast.com\/product\/yoast-seo-wordpress\/ -->\n<title>Entsch\u00e4digungen f\u00fcr die Opfer der Brandkatastrophe im Colectiv-Klub - Radio Rum\u00e4nien International<\/title>\n<meta name=\"robots\" content=\"index, follow, max-snippet:-1, max-image-preview:large, max-video-preview:-1\" \/>\n<link rel=\"canonical\" href=\"https:\/\/www.rri.ro\/de\/aktuell\/rri-aktuell\/entschaedigungen-fuer-die-opfer-der-brandkatastrophe-im-colectiv-klub-id461357.html\" \/>\n<meta property=\"og:locale\" content=\"de_DE\" \/>\n<meta property=\"og:type\" content=\"article\" \/>\n<meta property=\"og:title\" content=\"Entsch\u00e4digungen f\u00fcr die Opfer der Brandkatastrophe im Colectiv-Klub - Radio Rum\u00e4nien International\" \/>\n<meta property=\"og:description\" content=\"Die Opfer des Brandes im Bukarester Colectiv-Club sollen vom Staat lebenslange finanzielle Unterst\u00fctzung erhalten - der rum\u00e4nische Senat billigte am Montag einen entsprechenden Gesetzentwurf\" \/>\n<meta property=\"og:url\" content=\"https:\/\/www.rri.ro\/de\/aktuell\/rri-aktuell\/entschaedigungen-fuer-die-opfer-der-brandkatastrophe-im-colectiv-klub-id461357.html\" \/>\n<meta property=\"og:site_name\" content=\"Radio Rum\u00e4nien International\" \/>\n<meta property=\"article:published_time\" content=\"2020-02-04T15:10:00+00:00\" \/>\n<meta property=\"article:modified_time\" content=\"2024-02-19T18:52:49+00:00\" \/>\n<meta property=\"og:image\" content=\"https:\/\/www.rri.ro\/wp-content\/uploads\/2023\/10\/colectiv-raniti-smurd.png\" \/>\n\t<meta property=\"og:image:width\" content=\"640\" \/>\n\t<meta property=\"og:image:height\" content=\"480\" \/>\n\t<meta property=\"og:image:type\" content=\"image\/png\" \/>\n<meta name=\"author\" content=\"Daniela Budu\" \/>\n<meta name=\"twitter:card\" content=\"summary_large_image\" \/>\n<meta name=\"twitter:label1\" content=\"Verfasst von\" \/>\n\t<meta name=\"twitter:data1\" content=\"Daniela Budu\" \/>\n\t<meta name=\"twitter:label2\" content=\"Gesch\u00e4tzte Lesezeit\" \/>\n\t<meta name=\"twitter:data2\" content=\"2\u00a0Minuten\" \/>\n\t<meta name=\"twitter:label3\" content=\"Written by\" \/>\n\t<meta name=\"twitter:data3\" content=\"Daniela Budu\" \/>\n<script type=\"application\/ld+json\" class=\"yoast-schema-graph\">{\"@context\":\"https:\\\/\\\/schema.org\",\"@graph\":[{\"@type\":\"Article\",\"@id\":\"https:\\\/\\\/www.rri.ro\\\/de\\\/aktuell\\\/rri-aktuell\\\/entschaedigungen-fuer-die-opfer-der-brandkatastrophe-im-colectiv-klub-id461357.html#article\",\"isPartOf\":{\"@id\":\"https:\\\/\\\/www.rri.ro\\\/de\\\/aktuell\\\/rri-aktuell\\\/entschaedigungen-fuer-die-opfer-der-brandkatastrophe-im-colectiv-klub-id461357.html\"},\"author\":{\"name\":\"Daniela Budu\",\"@id\":\"https:\\\/\\\/www.rri.ro\\\/#\\\/schema\\\/person\\\/b46b8f80d7d6e4b5ac9f14f0acbad0c4\"},\"headline\":\"Entsch\u00e4digungen f\u00fcr die Opfer der Brandkatastrophe im Colectiv-Klub\",\"datePublished\":\"2020-02-04T15:10:00+00:00\",\"dateModified\":\"2024-02-19T18:52:49+00:00\",\"mainEntityOfPage\":{\"@id\":\"https:\\\/\\\/www.rri.ro\\\/de\\\/aktuell\\\/rri-aktuell\\\/entschaedigungen-fuer-die-opfer-der-brandkatastrophe-im-colectiv-klub-id461357.html\"},\"wordCount\":446,\"image\":{\"@id\":\"https:\\\/\\\/www.rri.ro\\\/de\\\/aktuell\\\/rri-aktuell\\\/entschaedigungen-fuer-die-opfer-der-brandkatastrophe-im-colectiv-klub-id461357.html#primaryimage\"},\"thumbnailUrl\":\"https:\\\/\\\/www.rri.ro\\\/wp-content\\\/uploads\\\/2023\\\/10\\\/colectiv-raniti-smurd.png\",\"articleSection\":[\"RRI Aktuell\"],\"inLanguage\":\"de\"},{\"@type\":\"WebPage\",\"@id\":\"https:\\\/\\\/www.rri.ro\\\/de\\\/aktuell\\\/rri-aktuell\\\/entschaedigungen-fuer-die-opfer-der-brandkatastrophe-im-colectiv-klub-id461357.html\",\"url\":\"https:\\\/\\\/www.rri.ro\\\/de\\\/aktuell\\\/rri-aktuell\\\/entschaedigungen-fuer-die-opfer-der-brandkatastrophe-im-colectiv-klub-id461357.html\",\"name\":\"Entsch\u00e4digungen f\u00fcr die Opfer der Brandkatastrophe im Colectiv-Klub - Radio Rum\u00e4nien International\",\"isPartOf\":{\"@id\":\"https:\\\/\\\/www.rri.ro\\\/#website\"},\"primaryImageOfPage\":{\"@id\":\"https:\\\/\\\/www.rri.ro\\\/de\\\/aktuell\\\/rri-aktuell\\\/entschaedigungen-fuer-die-opfer-der-brandkatastrophe-im-colectiv-klub-id461357.html#primaryimage\"},\"image\":{\"@id\":\"https:\\\/\\\/www.rri.ro\\\/de\\\/aktuell\\\/rri-aktuell\\\/entschaedigungen-fuer-die-opfer-der-brandkatastrophe-im-colectiv-klub-id461357.html#primaryimage\"},\"thumbnailUrl\":\"https:\\\/\\\/www.rri.ro\\\/wp-content\\\/uploads\\\/2023\\\/10\\\/colectiv-raniti-smurd.png\",\"datePublished\":\"2020-02-04T15:10:00+00:00\",\"dateModified\":\"2024-02-19T18:52:49+00:00\",\"author\":{\"@id\":\"https:\\\/\\\/www.rri.ro\\\/#\\\/schema\\\/person\\\/b46b8f80d7d6e4b5ac9f14f0acbad0c4\"},\"breadcrumb\":{\"@id\":\"https:\\\/\\\/www.rri.ro\\\/de\\\/aktuell\\\/rri-aktuell\\\/entschaedigungen-fuer-die-opfer-der-brandkatastrophe-im-colectiv-klub-id461357.html#breadcrumb\"},\"inLanguage\":\"de\",\"potentialAction\":[{\"@type\":\"ReadAction\",\"target\":[\"https:\\\/\\\/www.rri.ro\\\/de\\\/aktuell\\\/rri-aktuell\\\/entschaedigungen-fuer-die-opfer-der-brandkatastrophe-im-colectiv-klub-id461357.html\"]}]},{\"@type\":\"ImageObject\",\"inLanguage\":\"de\",\"@id\":\"https:\\\/\\\/www.rri.ro\\\/de\\\/aktuell\\\/rri-aktuell\\\/entschaedigungen-fuer-die-opfer-der-brandkatastrophe-im-colectiv-klub-id461357.html#primaryimage\",\"url\":\"https:\\\/\\\/www.rri.ro\\\/wp-content\\\/uploads\\\/2023\\\/10\\\/colectiv-raniti-smurd.png\",\"contentUrl\":\"https:\\\/\\\/www.rri.ro\\\/wp-content\\\/uploads\\\/2023\\\/10\\\/colectiv-raniti-smurd.png\",\"width\":640,\"height\":480},{\"@type\":\"BreadcrumbList\",\"@id\":\"https:\\\/\\\/www.rri.ro\\\/de\\\/aktuell\\\/rri-aktuell\\\/entschaedigungen-fuer-die-opfer-der-brandkatastrophe-im-colectiv-klub-id461357.html#breadcrumb\",\"itemListElement\":[{\"@type\":\"ListItem\",\"position\":1,\"name\":\"Startseite\",\"item\":\"https:\\\/\\\/www.rri.ro\\\/de\"},{\"@type\":\"ListItem\",\"position\":2,\"name\":\"Aktuell\",\"item\":\"https:\\\/\\\/www.rri.ro\\\/de\\\/aktuell\"},{\"@type\":\"ListItem\",\"position\":3,\"name\":\"RRI Aktuell\",\"item\":\"https:\\\/\\\/www.rri.ro\\\/de\\\/aktuell\\\/rri-aktuell\"},{\"@type\":\"ListItem\",\"position\":4,\"name\":\"Entsch\u00e4digungen f\u00fcr die Opfer der Brandkatastrophe im Colectiv-Klub\"}]},{\"@type\":\"WebSite\",\"@id\":\"https:\\\/\\\/www.rri.ro\\\/#website\",\"url\":\"https:\\\/\\\/www.rri.ro\\\/\",\"name\":\"Radio Rum\u00e4nien International\",\"description\":\"Totul despre Rom\u00e2nia \u015fi rom\u00e2ni, \u00een 13 limbi\\\/dialecte!\",\"inLanguage\":\"de\"},{\"@type\":\"Person\",\"@id\":\"https:\\\/\\\/www.rri.ro\\\/#\\\/schema\\\/person\\\/b46b8f80d7d6e4b5ac9f14f0acbad0c4\",\"name\":\"Daniela Budu\",\"url\":\"https:\\\/\\\/www.rri.ro\\\/de\\\/author\\\/daniela-budu\"}]}<\/script>\n<!-- \/ Yoast SEO plugin. -->","yoast_head_json":{"title":"Entsch\u00e4digungen f\u00fcr die Opfer der Brandkatastrophe im Colectiv-Klub - Radio Rum\u00e4nien International","robots":{"index":"index","follow":"follow","max-snippet":"max-snippet:-1","max-image-preview":"max-image-preview:large","max-video-preview":"max-video-preview:-1"},"canonical":"https:\/\/www.rri.ro\/de\/aktuell\/rri-aktuell\/entschaedigungen-fuer-die-opfer-der-brandkatastrophe-im-colectiv-klub-id461357.html","og_locale":"de_DE","og_type":"article","og_title":"Entsch\u00e4digungen f\u00fcr die Opfer der Brandkatastrophe im Colectiv-Klub - Radio Rum\u00e4nien International","og_description":"Die Opfer des Brandes im Bukarester Colectiv-Club sollen vom Staat lebenslange finanzielle Unterst\u00fctzung erhalten - der rum\u00e4nische Senat billigte am Montag einen entsprechenden Gesetzentwurf","og_url":"https:\/\/www.rri.ro\/de\/aktuell\/rri-aktuell\/entschaedigungen-fuer-die-opfer-der-brandkatastrophe-im-colectiv-klub-id461357.html","og_site_name":"Radio Rum\u00e4nien International","article_published_time":"2020-02-04T15:10:00+00:00","article_modified_time":"2024-02-19T18:52:49+00:00","og_image":[{"width":640,"height":480,"url":"https:\/\/www.rri.ro\/wp-content\/uploads\/2023\/10\/colectiv-raniti-smurd.png","type":"image\/png"}],"author":"Daniela Budu","twitter_card":"summary_large_image","twitter_misc":{"Verfasst von":"Daniela Budu","Gesch\u00e4tzte Lesezeit":"2\u00a0Minuten","Written by":"Daniela Budu"},"schema":{"@context":"https:\/\/schema.org","@graph":[{"@type":"Article","@id":"https:\/\/www.rri.ro\/de\/aktuell\/rri-aktuell\/entschaedigungen-fuer-die-opfer-der-brandkatastrophe-im-colectiv-klub-id461357.html#article","isPartOf":{"@id":"https:\/\/www.rri.ro\/de\/aktuell\/rri-aktuell\/entschaedigungen-fuer-die-opfer-der-brandkatastrophe-im-colectiv-klub-id461357.html"},"author":{"name":"Daniela Budu","@id":"https:\/\/www.rri.ro\/#\/schema\/person\/b46b8f80d7d6e4b5ac9f14f0acbad0c4"},"headline":"Entsch\u00e4digungen f\u00fcr die Opfer der Brandkatastrophe im Colectiv-Klub","datePublished":"2020-02-04T15:10:00+00:00","dateModified":"2024-02-19T18:52:49+00:00","mainEntityOfPage":{"@id":"https:\/\/www.rri.ro\/de\/aktuell\/rri-aktuell\/entschaedigungen-fuer-die-opfer-der-brandkatastrophe-im-colectiv-klub-id461357.html"},"wordCount":446,"image":{"@id":"https:\/\/www.rri.ro\/de\/aktuell\/rri-aktuell\/entschaedigungen-fuer-die-opfer-der-brandkatastrophe-im-colectiv-klub-id461357.html#primaryimage"},"thumbnailUrl":"https:\/\/www.rri.ro\/wp-content\/uploads\/2023\/10\/colectiv-raniti-smurd.png","articleSection":["RRI Aktuell"],"inLanguage":"de"},{"@type":"WebPage","@id":"https:\/\/www.rri.ro\/de\/aktuell\/rri-aktuell\/entschaedigungen-fuer-die-opfer-der-brandkatastrophe-im-colectiv-klub-id461357.html","url":"https:\/\/www.rri.ro\/de\/aktuell\/rri-aktuell\/entschaedigungen-fuer-die-opfer-der-brandkatastrophe-im-colectiv-klub-id461357.html","name":"Entsch\u00e4digungen f\u00fcr die Opfer der Brandkatastrophe im Colectiv-Klub - Radio Rum\u00e4nien International","isPartOf":{"@id":"https:\/\/www.rri.ro\/#website"},"primaryImageOfPage":{"@id":"https:\/\/www.rri.ro\/de\/aktuell\/rri-aktuell\/entschaedigungen-fuer-die-opfer-der-brandkatastrophe-im-colectiv-klub-id461357.html#primaryimage"},"image":{"@id":"https:\/\/www.rri.ro\/de\/aktuell\/rri-aktuell\/entschaedigungen-fuer-die-opfer-der-brandkatastrophe-im-colectiv-klub-id461357.html#primaryimage"},"thumbnailUrl":"https:\/\/www.rri.ro\/wp-content\/uploads\/2023\/10\/colectiv-raniti-smurd.png","datePublished":"2020-02-04T15:10:00+00:00","dateModified":"2024-02-19T18:52:49+00:00","author":{"@id":"https:\/\/www.rri.ro\/#\/schema\/person\/b46b8f80d7d6e4b5ac9f14f0acbad0c4"},"breadcrumb":{"@id":"https:\/\/www.rri.ro\/de\/aktuell\/rri-aktuell\/entschaedigungen-fuer-die-opfer-der-brandkatastrophe-im-colectiv-klub-id461357.html#breadcrumb"},"inLanguage":"de","potentialAction":[{"@type":"ReadAction","target":["https:\/\/www.rri.ro\/de\/aktuell\/rri-aktuell\/entschaedigungen-fuer-die-opfer-der-brandkatastrophe-im-colectiv-klub-id461357.html"]}]},{"@type":"ImageObject","inLanguage":"de","@id":"https:\/\/www.rri.ro\/de\/aktuell\/rri-aktuell\/entschaedigungen-fuer-die-opfer-der-brandkatastrophe-im-colectiv-klub-id461357.html#primaryimage","url":"https:\/\/www.rri.ro\/wp-content\/uploads\/2023\/10\/colectiv-raniti-smurd.png","contentUrl":"https:\/\/www.rri.ro\/wp-content\/uploads\/2023\/10\/colectiv-raniti-smurd.png","width":640,"height":480},{"@type":"BreadcrumbList","@id":"https:\/\/www.rri.ro\/de\/aktuell\/rri-aktuell\/entschaedigungen-fuer-die-opfer-der-brandkatastrophe-im-colectiv-klub-id461357.html#breadcrumb","itemListElement":[{"@type":"ListItem","position":1,"name":"Startseite","item":"https:\/\/www.rri.ro\/de"},{"@type":"ListItem","position":2,"name":"Aktuell","item":"https:\/\/www.rri.ro\/de\/aktuell"},{"@type":"ListItem","position":3,"name":"RRI Aktuell","item":"https:\/\/www.rri.ro\/de\/aktuell\/rri-aktuell"},{"@type":"ListItem","position":4,"name":"Entsch\u00e4digungen f\u00fcr die Opfer der Brandkatastrophe im Colectiv-Klub"}]},{"@type":"WebSite","@id":"https:\/\/www.rri.ro\/#website","url":"https:\/\/www.rri.ro\/","name":"Radio Rum\u00e4nien International","description":"Totul despre Rom\u00e2nia \u015fi rom\u00e2ni, \u00een 13 limbi\/dialecte!","inLanguage":"de"},{"@type":"Person","@id":"https:\/\/www.rri.ro\/#\/schema\/person\/b46b8f80d7d6e4b5ac9f14f0acbad0c4","name":"Daniela Budu","url":"https:\/\/www.rri.ro\/de\/author\/daniela-budu"}]}},"_links":{"self":[{"href":"https:\/\/www.rri.ro\/de\/wp-json\/wp\/v2\/posts\/461357","targetHints":{"allow":["GET"]}}],"collection":[{"href":"https:\/\/www.rri.ro\/de\/wp-json\/wp\/v2\/posts"}],"about":[{"href":"https:\/\/www.rri.ro\/de\/wp-json\/wp\/v2\/types\/post"}],"author":[{"embeddable":true,"href":"https:\/\/www.rri.ro\/de\/wp-json\/wp\/v2\/users\/107"}],"replies":[{"embeddable":true,"href":"https:\/\/www.rri.ro\/de\/wp-json\/wp\/v2\/comments?post=461357"}],"version-history":[{"count":0,"href":"https:\/\/www.rri.ro\/de\/wp-json\/wp\/v2\/posts\/461357\/revisions"}],"wp:featuredmedia":[{"embeddable":true,"href":"https:\/\/www.rri.ro\/de\/wp-json\/wp\/v2\/media\/66077"}],"wp:attachment":[{"href":"https:\/\/www.rri.ro\/de\/wp-json\/wp\/v2\/media?parent=461357"}],"wp:term":[{"taxonomy":"category","embeddable":true,"href":"https:\/\/www.rri.ro\/de\/wp-json\/wp\/v2\/categories?post=461357"},{"taxonomy":"post_tag","embeddable":true,"href":"https:\/\/www.rri.ro\/de\/wp-json\/wp\/v2\/tags?post=461357"},{"taxonomy":"author","embeddable":true,"href":"https:\/\/www.rri.ro\/de\/wp-json\/wp\/v2\/coauthors?post=461357"}],"curies":[{"name":"wp","href":"https:\/\/api.w.org\/{rel}","templated":true}]}}