{"id":461376,"date":"2020-02-18T16:20:00","date_gmt":"2020-02-18T14:20:00","guid":{"rendered":"http:\/\/devrri.freshlemon.ro\/aktuell\/die-zukunft-des-rumaenischen-dorfes-id461376.html"},"modified":"2024-02-19T20:53:05","modified_gmt":"2024-02-19T18:53:05","slug":"die-zukunft-des-rumaenischen-dorfes","status":"publish","type":"post","link":"https:\/\/www.rri.ro\/de\/aktuell\/rri-aktuell\/die-zukunft-des-rumaenischen-dorfes-id461376.html","title":{"rendered":"Die Zukunft des rum\u00e4nischen Dorfes"},"content":{"rendered":"<p>Die l\u00e4ndlichen Gegenden k\u00f6nnen nicht f\u00fcr immer zu Armut und Unterentwicklung verdammt werden. Fast die H\u00e4lfte der Haushalte Rum\u00e4niens ist nicht an der Kanalisation angeschlossen, nur jeder dritte Landbewohner hat Zugang zu \u00f6ffentlichen Trinkwasserversorgungen\u201c &#8212; sagte Pr\u00e4sident Klaus Iohannis am Montag auf der Mitgliederversammlung des Gemeindeverbandes Rum\u00e4niens. Dar\u00fcber hinaus zeigen offizielle Daten auch, dass zwei Drittel der l\u00e4ndlichen Bev\u00f6lkerung nicht an das Gasnetz angeschlossen sind.<\/p>\n<p>&#13;<br \/>\n&#13;<\/p>\n<p>Nach den Worten des Staatsoberhauptes sollten k\u00fcnftige Projekte das Erdgasnetz ausbauen und europ\u00e4ischen Finanzmitteln abrufen. Klaus Iohannis: &#8222;Das rum\u00e4nische Dorf hat ein enormes Entwicklungspotenzial. Es fehlt uns nicht an Ideen und es fehlt uns auch nicht an Kraft. Was fehlt uns also? Ein langfristiger Plan, eine klare Strategie und konkrete Ma\u200e\u00dfnahmen, um das Potenzial der l\u00e4ndlichen Gegenden besser und effektiver zu nutzen. Dieser Plan sollte ein \u00fcbergeordnetes Ziel haben: die Praktiken zu stoppen, die die Ungleichheiten zwischen Stadt und Land aufrechterhalten und verst\u00e4rken. \u00bb<\/p>\n<p>&#13;<br \/>\n&#13;<\/p>\n<p>Ebenso sollten Kinder in l\u00e4ndlichen Gegenden die gleichen Bedingungen haben wie die in Gro\u200e\u00dfst\u00e4dten lebenden. Entv\u00f6lkerte D\u00f6rfer, Schulabbruch, eingeschr\u00e4nkter oder gar fehlender Zugang zur Bildung oder unzureichend qualitativ gute Unterrichtsr\u00e4umen geben genug Anlass zur Sorge. Aber wie finden wir angemessene L\u00f6sungen f\u00fcr diese ernsten und sogar kritischen Fragen? Nach Ansicht des rum\u00e4nischen Pr\u00e4sidenten ist ein langfristiger integrierter Ansatz, der sowohl die zentralen als auch die lokalen Beh\u00f6rden einbezieht, unerl\u00e4sslich. Es sei absolut unerl\u00e4sslich, f\u00fcgte er hinzu, dass Transparenz, Integrit\u00e4t, Professionalit\u00e4t, Gerechtigkeit und Meritokratie in der zentralen und lokalen \u00f6ffentlichen Verwaltung herrschen, um die Lebensqualit\u00e4t der Rum\u00e4nen zu verbessern und sicherzustellen, dass die \u00f6ffentlichen Dienstleistungen auf h\u00f6chstem Niveau sind. Das normale Rum\u00e4nien ist kein Land, in dem einige B\u00fcrger weniger Chancen und M\u00f6glichkeiten haben, weil sie in l\u00e4ndlichen Gegenden leben. Jeder Rum\u00e4ne, unabh\u00e4ngig davon, wo er oder sie lebt, muss Zugang zu qualitativ hochwertigen \u00f6ffentlichen Dienstleistungen haben und einen ehrlichen Partner in der lokalen Verwaltung finden\u201c &#8212; schloss Klaus Iohannis.<\/p>\n<p>&#13;<br \/>\n&#13;<\/p>\n<p>Umweltminister Costel Alexe, der ebenfalls an der Sitzung des Gemeindeverbandes Rum\u00e4niens teilnahm, nannte auch das Hauptproblem des l\u00e4ndlichen Rum\u00e4niens: den Anschluss an das Erdgasnetz, das Landesweit schlecht ausgebaut ist. 3,5 Millionen Haushalte heizen immer noch mit Holz, und jeder zweite gef\u00e4llte Baum wird als Brennstoff verwendet. Ich denke, es sollte f\u00fcr uns alle ein Ziel sein, den Anschluss an das Gasnetz zu beschleunigen, um den Druck, auf die W\u00e4lder Rum\u00e4niens, zu verringern\u201c &#8212; sagte der rum\u00e4nische Umweltminister.<\/p>\n<p>&#13;<\/p>\n","protected":false},"excerpt":{"rendered":"<p>Im Jahr 2020 heizen in Rum\u00e4nien noch 3,5 Millionen Haushalte mit Holz.<\/p>\n","protected":false},"author":107,"featured_media":84701,"comment_status":"closed","ping_status":"closed","sticky":false,"template":"","format":"standard","meta":{"_acf_changed":false,"footnotes":""},"categories":[99583],"tags":[40148,104906,104905,104902,137226,104903,104904],"coauthors":[],"class_list":["post-461376","post","type-post","status-publish","format-standard","has-post-thumbnail","hentry","category-rri-aktuell","tag-costel-alexe","tag-erdgasnetz","tag-gemeindeverband","tag-kanalisation","tag-klaus-iohannis-de","tag-laendlichen-gegende","tag-trinkwasserversorgungen"],"acf":[],"yoast_head":"<!-- This site is optimized with the Yoast SEO plugin v27.3 - https:\/\/yoast.com\/product\/yoast-seo-wordpress\/ -->\n<title>Die Zukunft des rum\u00e4nischen Dorfes - Radio Rum\u00e4nien International<\/title>\n<meta name=\"robots\" content=\"index, follow, max-snippet:-1, max-image-preview:large, max-video-preview:-1\" \/>\n<link rel=\"canonical\" href=\"https:\/\/www.rri.ro\/de\/aktuell\/rri-aktuell\/die-zukunft-des-rumaenischen-dorfes-id461376.html\" \/>\n<meta property=\"og:locale\" content=\"de_DE\" \/>\n<meta property=\"og:type\" content=\"article\" \/>\n<meta property=\"og:title\" content=\"Die Zukunft des rum\u00e4nischen Dorfes - Radio Rum\u00e4nien International\" \/>\n<meta property=\"og:description\" content=\"Im Jahr 2020 heizen in Rum\u00e4nien noch 3,5 Millionen Haushalte mit Holz.\" \/>\n<meta property=\"og:url\" content=\"https:\/\/www.rri.ro\/de\/aktuell\/rri-aktuell\/die-zukunft-des-rumaenischen-dorfes-id461376.html\" \/>\n<meta property=\"og:site_name\" content=\"Radio Rum\u00e4nien International\" \/>\n<meta property=\"article:published_time\" content=\"2020-02-18T14:20:00+00:00\" \/>\n<meta property=\"article:modified_time\" content=\"2024-02-19T18:53:05+00:00\" \/>\n<meta property=\"og:image\" content=\"https:\/\/www.rri.ro\/wp-content\/uploads\/2023\/10\/lemn-foc-sursa-pixabay-com.jpg\" \/>\n\t<meta property=\"og:image:width\" content=\"640\" \/>\n\t<meta property=\"og:image:height\" content=\"426\" \/>\n\t<meta property=\"og:image:type\" content=\"image\/jpeg\" \/>\n<meta name=\"author\" content=\"Daniela Budu\" \/>\n<meta name=\"twitter:card\" content=\"summary_large_image\" \/>\n<meta name=\"twitter:label1\" content=\"Verfasst von\" \/>\n\t<meta name=\"twitter:data1\" content=\"Daniela Budu\" \/>\n\t<meta name=\"twitter:label2\" content=\"Gesch\u00e4tzte Lesezeit\" \/>\n\t<meta name=\"twitter:data2\" content=\"2\u00a0Minuten\" \/>\n\t<meta name=\"twitter:label3\" content=\"Written by\" \/>\n\t<meta name=\"twitter:data3\" content=\"Daniela Budu\" \/>\n<script type=\"application\/ld+json\" class=\"yoast-schema-graph\">{\"@context\":\"https:\\\/\\\/schema.org\",\"@graph\":[{\"@type\":\"Article\",\"@id\":\"https:\\\/\\\/www.rri.ro\\\/de\\\/aktuell\\\/rri-aktuell\\\/die-zukunft-des-rumaenischen-dorfes-id461376.html#article\",\"isPartOf\":{\"@id\":\"https:\\\/\\\/www.rri.ro\\\/de\\\/aktuell\\\/rri-aktuell\\\/die-zukunft-des-rumaenischen-dorfes-id461376.html\"},\"author\":{\"name\":\"Daniela Budu\",\"@id\":\"https:\\\/\\\/www.rri.ro\\\/#\\\/schema\\\/person\\\/b46b8f80d7d6e4b5ac9f14f0acbad0c4\"},\"headline\":\"Die Zukunft des rum\u00e4nischen Dorfes\",\"datePublished\":\"2020-02-18T14:20:00+00:00\",\"dateModified\":\"2024-02-19T18:53:05+00:00\",\"mainEntityOfPage\":{\"@id\":\"https:\\\/\\\/www.rri.ro\\\/de\\\/aktuell\\\/rri-aktuell\\\/die-zukunft-des-rumaenischen-dorfes-id461376.html\"},\"wordCount\":439,\"image\":{\"@id\":\"https:\\\/\\\/www.rri.ro\\\/de\\\/aktuell\\\/rri-aktuell\\\/die-zukunft-des-rumaenischen-dorfes-id461376.html#primaryimage\"},\"thumbnailUrl\":\"https:\\\/\\\/www.rri.ro\\\/wp-content\\\/uploads\\\/2023\\\/10\\\/lemn-foc-sursa-pixabay-com.jpg\",\"keywords\":[\"Costel Alexe\",\"Erdgasnetz\",\"Gemeindeverband\",\"Kanalisation\",\"Klaus Iohannis\",\"l\u00e4ndlichen Gegende\",\"Trinkwasserversorgungen\"],\"articleSection\":[\"RRI Aktuell\"],\"inLanguage\":\"de\"},{\"@type\":\"WebPage\",\"@id\":\"https:\\\/\\\/www.rri.ro\\\/de\\\/aktuell\\\/rri-aktuell\\\/die-zukunft-des-rumaenischen-dorfes-id461376.html\",\"url\":\"https:\\\/\\\/www.rri.ro\\\/de\\\/aktuell\\\/rri-aktuell\\\/die-zukunft-des-rumaenischen-dorfes-id461376.html\",\"name\":\"Die Zukunft des rum\u00e4nischen Dorfes - Radio Rum\u00e4nien International\",\"isPartOf\":{\"@id\":\"https:\\\/\\\/www.rri.ro\\\/#website\"},\"primaryImageOfPage\":{\"@id\":\"https:\\\/\\\/www.rri.ro\\\/de\\\/aktuell\\\/rri-aktuell\\\/die-zukunft-des-rumaenischen-dorfes-id461376.html#primaryimage\"},\"image\":{\"@id\":\"https:\\\/\\\/www.rri.ro\\\/de\\\/aktuell\\\/rri-aktuell\\\/die-zukunft-des-rumaenischen-dorfes-id461376.html#primaryimage\"},\"thumbnailUrl\":\"https:\\\/\\\/www.rri.ro\\\/wp-content\\\/uploads\\\/2023\\\/10\\\/lemn-foc-sursa-pixabay-com.jpg\",\"datePublished\":\"2020-02-18T14:20:00+00:00\",\"dateModified\":\"2024-02-19T18:53:05+00:00\",\"author\":{\"@id\":\"https:\\\/\\\/www.rri.ro\\\/#\\\/schema\\\/person\\\/b46b8f80d7d6e4b5ac9f14f0acbad0c4\"},\"breadcrumb\":{\"@id\":\"https:\\\/\\\/www.rri.ro\\\/de\\\/aktuell\\\/rri-aktuell\\\/die-zukunft-des-rumaenischen-dorfes-id461376.html#breadcrumb\"},\"inLanguage\":\"de\",\"potentialAction\":[{\"@type\":\"ReadAction\",\"target\":[\"https:\\\/\\\/www.rri.ro\\\/de\\\/aktuell\\\/rri-aktuell\\\/die-zukunft-des-rumaenischen-dorfes-id461376.html\"]}]},{\"@type\":\"ImageObject\",\"inLanguage\":\"de\",\"@id\":\"https:\\\/\\\/www.rri.ro\\\/de\\\/aktuell\\\/rri-aktuell\\\/die-zukunft-des-rumaenischen-dorfes-id461376.html#primaryimage\",\"url\":\"https:\\\/\\\/www.rri.ro\\\/wp-content\\\/uploads\\\/2023\\\/10\\\/lemn-foc-sursa-pixabay-com.jpg\",\"contentUrl\":\"https:\\\/\\\/www.rri.ro\\\/wp-content\\\/uploads\\\/2023\\\/10\\\/lemn-foc-sursa-pixabay-com.jpg\",\"width\":640,\"height\":426},{\"@type\":\"BreadcrumbList\",\"@id\":\"https:\\\/\\\/www.rri.ro\\\/de\\\/aktuell\\\/rri-aktuell\\\/die-zukunft-des-rumaenischen-dorfes-id461376.html#breadcrumb\",\"itemListElement\":[{\"@type\":\"ListItem\",\"position\":1,\"name\":\"Startseite\",\"item\":\"https:\\\/\\\/www.rri.ro\\\/de\"},{\"@type\":\"ListItem\",\"position\":2,\"name\":\"Aktuell\",\"item\":\"https:\\\/\\\/www.rri.ro\\\/de\\\/aktuell\"},{\"@type\":\"ListItem\",\"position\":3,\"name\":\"RRI Aktuell\",\"item\":\"https:\\\/\\\/www.rri.ro\\\/de\\\/aktuell\\\/rri-aktuell\"},{\"@type\":\"ListItem\",\"position\":4,\"name\":\"Die Zukunft des rum\u00e4nischen Dorfes\"}]},{\"@type\":\"WebSite\",\"@id\":\"https:\\\/\\\/www.rri.ro\\\/#website\",\"url\":\"https:\\\/\\\/www.rri.ro\\\/\",\"name\":\"Radio Rum\u00e4nien International\",\"description\":\"Totul despre Rom\u00e2nia \u015fi rom\u00e2ni, \u00een 13 limbi\\\/dialecte!\",\"inLanguage\":\"de\"},{\"@type\":\"Person\",\"@id\":\"https:\\\/\\\/www.rri.ro\\\/#\\\/schema\\\/person\\\/b46b8f80d7d6e4b5ac9f14f0acbad0c4\",\"name\":\"Daniela Budu\",\"url\":\"https:\\\/\\\/www.rri.ro\\\/de\\\/author\\\/daniela-budu\"}]}<\/script>\n<!-- \/ Yoast SEO plugin. -->","yoast_head_json":{"title":"Die Zukunft des rum\u00e4nischen Dorfes - Radio Rum\u00e4nien International","robots":{"index":"index","follow":"follow","max-snippet":"max-snippet:-1","max-image-preview":"max-image-preview:large","max-video-preview":"max-video-preview:-1"},"canonical":"https:\/\/www.rri.ro\/de\/aktuell\/rri-aktuell\/die-zukunft-des-rumaenischen-dorfes-id461376.html","og_locale":"de_DE","og_type":"article","og_title":"Die Zukunft des rum\u00e4nischen Dorfes - Radio Rum\u00e4nien International","og_description":"Im Jahr 2020 heizen in Rum\u00e4nien noch 3,5 Millionen Haushalte mit Holz.","og_url":"https:\/\/www.rri.ro\/de\/aktuell\/rri-aktuell\/die-zukunft-des-rumaenischen-dorfes-id461376.html","og_site_name":"Radio Rum\u00e4nien International","article_published_time":"2020-02-18T14:20:00+00:00","article_modified_time":"2024-02-19T18:53:05+00:00","og_image":[{"width":640,"height":426,"url":"https:\/\/www.rri.ro\/wp-content\/uploads\/2023\/10\/lemn-foc-sursa-pixabay-com.jpg","type":"image\/jpeg"}],"author":"Daniela Budu","twitter_card":"summary_large_image","twitter_misc":{"Verfasst von":"Daniela Budu","Gesch\u00e4tzte Lesezeit":"2\u00a0Minuten","Written by":"Daniela Budu"},"schema":{"@context":"https:\/\/schema.org","@graph":[{"@type":"Article","@id":"https:\/\/www.rri.ro\/de\/aktuell\/rri-aktuell\/die-zukunft-des-rumaenischen-dorfes-id461376.html#article","isPartOf":{"@id":"https:\/\/www.rri.ro\/de\/aktuell\/rri-aktuell\/die-zukunft-des-rumaenischen-dorfes-id461376.html"},"author":{"name":"Daniela Budu","@id":"https:\/\/www.rri.ro\/#\/schema\/person\/b46b8f80d7d6e4b5ac9f14f0acbad0c4"},"headline":"Die Zukunft des rum\u00e4nischen Dorfes","datePublished":"2020-02-18T14:20:00+00:00","dateModified":"2024-02-19T18:53:05+00:00","mainEntityOfPage":{"@id":"https:\/\/www.rri.ro\/de\/aktuell\/rri-aktuell\/die-zukunft-des-rumaenischen-dorfes-id461376.html"},"wordCount":439,"image":{"@id":"https:\/\/www.rri.ro\/de\/aktuell\/rri-aktuell\/die-zukunft-des-rumaenischen-dorfes-id461376.html#primaryimage"},"thumbnailUrl":"https:\/\/www.rri.ro\/wp-content\/uploads\/2023\/10\/lemn-foc-sursa-pixabay-com.jpg","keywords":["Costel Alexe","Erdgasnetz","Gemeindeverband","Kanalisation","Klaus Iohannis","l\u00e4ndlichen Gegende","Trinkwasserversorgungen"],"articleSection":["RRI Aktuell"],"inLanguage":"de"},{"@type":"WebPage","@id":"https:\/\/www.rri.ro\/de\/aktuell\/rri-aktuell\/die-zukunft-des-rumaenischen-dorfes-id461376.html","url":"https:\/\/www.rri.ro\/de\/aktuell\/rri-aktuell\/die-zukunft-des-rumaenischen-dorfes-id461376.html","name":"Die Zukunft des rum\u00e4nischen Dorfes - Radio Rum\u00e4nien International","isPartOf":{"@id":"https:\/\/www.rri.ro\/#website"},"primaryImageOfPage":{"@id":"https:\/\/www.rri.ro\/de\/aktuell\/rri-aktuell\/die-zukunft-des-rumaenischen-dorfes-id461376.html#primaryimage"},"image":{"@id":"https:\/\/www.rri.ro\/de\/aktuell\/rri-aktuell\/die-zukunft-des-rumaenischen-dorfes-id461376.html#primaryimage"},"thumbnailUrl":"https:\/\/www.rri.ro\/wp-content\/uploads\/2023\/10\/lemn-foc-sursa-pixabay-com.jpg","datePublished":"2020-02-18T14:20:00+00:00","dateModified":"2024-02-19T18:53:05+00:00","author":{"@id":"https:\/\/www.rri.ro\/#\/schema\/person\/b46b8f80d7d6e4b5ac9f14f0acbad0c4"},"breadcrumb":{"@id":"https:\/\/www.rri.ro\/de\/aktuell\/rri-aktuell\/die-zukunft-des-rumaenischen-dorfes-id461376.html#breadcrumb"},"inLanguage":"de","potentialAction":[{"@type":"ReadAction","target":["https:\/\/www.rri.ro\/de\/aktuell\/rri-aktuell\/die-zukunft-des-rumaenischen-dorfes-id461376.html"]}]},{"@type":"ImageObject","inLanguage":"de","@id":"https:\/\/www.rri.ro\/de\/aktuell\/rri-aktuell\/die-zukunft-des-rumaenischen-dorfes-id461376.html#primaryimage","url":"https:\/\/www.rri.ro\/wp-content\/uploads\/2023\/10\/lemn-foc-sursa-pixabay-com.jpg","contentUrl":"https:\/\/www.rri.ro\/wp-content\/uploads\/2023\/10\/lemn-foc-sursa-pixabay-com.jpg","width":640,"height":426},{"@type":"BreadcrumbList","@id":"https:\/\/www.rri.ro\/de\/aktuell\/rri-aktuell\/die-zukunft-des-rumaenischen-dorfes-id461376.html#breadcrumb","itemListElement":[{"@type":"ListItem","position":1,"name":"Startseite","item":"https:\/\/www.rri.ro\/de"},{"@type":"ListItem","position":2,"name":"Aktuell","item":"https:\/\/www.rri.ro\/de\/aktuell"},{"@type":"ListItem","position":3,"name":"RRI Aktuell","item":"https:\/\/www.rri.ro\/de\/aktuell\/rri-aktuell"},{"@type":"ListItem","position":4,"name":"Die Zukunft des rum\u00e4nischen Dorfes"}]},{"@type":"WebSite","@id":"https:\/\/www.rri.ro\/#website","url":"https:\/\/www.rri.ro\/","name":"Radio Rum\u00e4nien International","description":"Totul despre Rom\u00e2nia \u015fi rom\u00e2ni, \u00een 13 limbi\/dialecte!","inLanguage":"de"},{"@type":"Person","@id":"https:\/\/www.rri.ro\/#\/schema\/person\/b46b8f80d7d6e4b5ac9f14f0acbad0c4","name":"Daniela Budu","url":"https:\/\/www.rri.ro\/de\/author\/daniela-budu"}]}},"_links":{"self":[{"href":"https:\/\/www.rri.ro\/de\/wp-json\/wp\/v2\/posts\/461376","targetHints":{"allow":["GET"]}}],"collection":[{"href":"https:\/\/www.rri.ro\/de\/wp-json\/wp\/v2\/posts"}],"about":[{"href":"https:\/\/www.rri.ro\/de\/wp-json\/wp\/v2\/types\/post"}],"author":[{"embeddable":true,"href":"https:\/\/www.rri.ro\/de\/wp-json\/wp\/v2\/users\/107"}],"replies":[{"embeddable":true,"href":"https:\/\/www.rri.ro\/de\/wp-json\/wp\/v2\/comments?post=461376"}],"version-history":[{"count":0,"href":"https:\/\/www.rri.ro\/de\/wp-json\/wp\/v2\/posts\/461376\/revisions"}],"wp:featuredmedia":[{"embeddable":true,"href":"https:\/\/www.rri.ro\/de\/wp-json\/wp\/v2\/media\/84701"}],"wp:attachment":[{"href":"https:\/\/www.rri.ro\/de\/wp-json\/wp\/v2\/media?parent=461376"}],"wp:term":[{"taxonomy":"category","embeddable":true,"href":"https:\/\/www.rri.ro\/de\/wp-json\/wp\/v2\/categories?post=461376"},{"taxonomy":"post_tag","embeddable":true,"href":"https:\/\/www.rri.ro\/de\/wp-json\/wp\/v2\/tags?post=461376"},{"taxonomy":"author","embeddable":true,"href":"https:\/\/www.rri.ro\/de\/wp-json\/wp\/v2\/coauthors?post=461376"}],"curies":[{"name":"wp","href":"https:\/\/api.w.org\/{rel}","templated":true}]}}