{"id":461396,"date":"2020-03-03T16:12:00","date_gmt":"2020-03-03T14:12:00","guid":{"rendered":"http:\/\/devrri.freshlemon.ro\/aktuell\/politische-unsicherheit-in-bukarest-bleibt-bestehen-id461396.html"},"modified":"2024-02-19T20:53:21","modified_gmt":"2024-02-19T18:53:21","slug":"politische-unsicherheit-in-bukarest-bleibt-bestehen","status":"publish","type":"post","link":"https:\/\/www.rri.ro\/de\/aktuell\/rri-aktuell\/politische-unsicherheit-in-bukarest-bleibt-bestehen-id461396.html","title":{"rendered":"Politische Unsicherheit in Bukarest bleibt bestehen"},"content":{"rendered":"<p>Die Mitglieder des Kabinetts von Florin C\u00ee\u0163u werden diese Woche in den Fachaussch\u00fcssen des Parlaments angeh\u00f6rt. Es ist ein obligatorischer Verfahrensschritt vor der Investitur-Abstimmung. Im Parlament ist diese die dritte Anh\u00f6rungsrunde innerhalb weniger Monate. Die Aussch\u00fcsse werden dieselben Minister befragen, die sie im vergangenen November befragt haben, nachdem der Vorsitzende der Nationalliberalen Partei Ludovic Orban das Amt des Premierministers von der Sozialdemokratin Viorica D\u0103ncil\u0103 \u00fcbernommen hat, derselbe Orban, der im vergangenen Monat durch einen Misstrauensantrag im Parlament abgesetzt wurde. Orban wurde erneut vom Pr\u00e4sidenten nominiert, aber das Verfassungsgericht sprach sich gegen diese Nominierung aus.<\/p>\n<p>&#13;<br \/>\n&#13;<\/p>\n<p>&#13;<br \/>\n&#13;<\/p>\n<p>Die einzige personelle \u00c4nderung im derzeitige Kabinett ist Lucian Heiu\u015f, und zwar als Finanzminister an Stelle von Florin C\u00ee\u0163u, der den Regierungsauftrag erhalten hat. Die Liberalen sagen, dass sie mit den anderen Parlamentsparteien, mit Ausnahme der Sozialdemokratischen Partei und der Allianz der Liberalen und Demokraten, verhandeln, um eine Mehrheit zu bilden. Die Liberalen haben 20% der Sitze im Parlament inne, die Sozialdemokraten immer noch die Mehrheit.<\/p>\n<p>&#13;<br \/>\n&#13;<\/p>\n<p>&#13;<br \/>\n&#13;<\/p>\n<p>Um im Parlament eingesetzt zu werden, ben\u00f6tigt C\u00ee\u0163us Kabinett Stimmen von allen Seiten des politischen Spektrums. Dan Barna, der Vorsitzende der drittgr\u00f6\u200e\u00dften Partei im Parlament, der Union Rettet Rum\u00e4nien, sagte nach den Gespr\u00e4chen am vergangen Montag, dass die Liberale Partei keine Antr\u00e4ge bez\u00fcglich der Einsetzung des neuen Kabinetts gestellt habe und dass das Treffen mit Florin C\u00ee\u0163u rein technisch sei. Hunor Kelemen, der Vorsitzende des Ungarnverbandes, sagte seinerseits, dass seine Partei noch keine Entscheidung zur Unterst\u00fctzung der liberalen Regierung getroffen habe. Die Partei Pro Rum\u00e4nien, die sich aus Dissidenten der Sozialdemokratischen Partei zusammensetzt und vom ehemaligen Premierminister Victor Ponta gef\u00fchrt wird, k\u00fcndigte an, dass ihre Mitglieder gegen das neue Kabinett stimmen werden. Schlie\u200e\u00dflich scheinen die Stimmen der Sozialdemokratischen Partei und der Allianz der Liberalen und Demokraten f\u00fcr die Liberalen wenig interessant zu sein. Deren offensichtliches Desinteresse an den laufenden Verhandlungen f\u00fchren politische Experten auf den Versuch der Liberalen, die in Umfragen gut stehen, doch noch vorgezogene Wahlen zu erzwingen.<\/p>\n<p>&#13;<br \/>\n&#13;<\/p>\n<p>&#13;<br \/>\n&#13;<\/p>\n<p>Vorgezogene Wahlen k\u00f6nnen durchgef\u00fchrt werden, wenn zwei aufeinanderfolgende Regierungen innerhalb von 60 Tagen abgelehnt und das Parlament aufgel\u00f6st wird. Der Pr\u00e4sident bef\u00fcrwortet dieses Szenario. Auf das Urteil des Verfassungsgerichts gegen die zweite Nominierung Orbans zum Premierminister bezogen sagte er, dass die Chancen, vorgezogene Wahlen zu organisieren, damit auf unter 50% gesunken sind. Experten sagen, dass der 21. Juni die Frist f\u00fcr vorgezogene Wahlen ist, da das Parlament nach diesem Datum nicht mehr aufgel\u00f6st werden kann, weil dann die letzten sechs Mandatsmonate folgen. Vorgezogene Wahlen wurden in Rum\u00e4nien seit der antikommunistischen Revolution von 1989 noch nie abgehalten, egal wie viel Instabilit\u00e4t unser Land auf politischer Ebene erlebt hat.<\/p>\n<p>&#13;<\/p>\n","protected":false},"excerpt":{"rendered":"<p>In der Hauptstadt Rum\u00e4niens wird f\u00fcr die Regierungsbildung verhandelt und angeh\u00f6rt.<\/p>\n","protected":false},"author":105,"featured_media":82385,"comment_status":"closed","ping_status":"closed","sticky":false,"template":"","format":"standard","meta":{"_acf_changed":false,"footnotes":""},"categories":[99583],"tags":[100434,104924,101414],"coauthors":[],"class_list":["post-461396","post","type-post","status-publish","format-standard","has-post-thumbnail","hentry","category-rri-aktuell","tag-finanzminister","tag-investitur","tag-vorgezogene-wahlen"],"acf":[],"yoast_head":"<!-- This site is optimized with the Yoast SEO plugin v27.3 - https:\/\/yoast.com\/product\/yoast-seo-wordpress\/ -->\n<title>Politische Unsicherheit in Bukarest bleibt bestehen - Radio Rum\u00e4nien International<\/title>\n<meta name=\"robots\" content=\"index, follow, max-snippet:-1, max-image-preview:large, max-video-preview:-1\" \/>\n<link rel=\"canonical\" href=\"https:\/\/www.rri.ro\/de\/aktuell\/rri-aktuell\/politische-unsicherheit-in-bukarest-bleibt-bestehen-id461396.html\" \/>\n<meta property=\"og:locale\" content=\"de_DE\" \/>\n<meta property=\"og:type\" content=\"article\" \/>\n<meta property=\"og:title\" content=\"Politische Unsicherheit in Bukarest bleibt bestehen - Radio Rum\u00e4nien International\" \/>\n<meta property=\"og:description\" content=\"In der Hauptstadt Rum\u00e4niens wird f\u00fcr die Regierungsbildung verhandelt und angeh\u00f6rt.\" \/>\n<meta property=\"og:url\" content=\"https:\/\/www.rri.ro\/de\/aktuell\/rri-aktuell\/politische-unsicherheit-in-bukarest-bleibt-bestehen-id461396.html\" \/>\n<meta property=\"og:site_name\" content=\"Radio Rum\u00e4nien International\" \/>\n<meta property=\"article:published_time\" content=\"2020-03-03T14:12:00+00:00\" \/>\n<meta property=\"article:modified_time\" content=\"2024-02-19T18:53:21+00:00\" \/>\n<meta property=\"og:image\" content=\"https:\/\/www.rri.ro\/wp-content\/uploads\/2023\/10\/camera-deputatilor-parlament-foto-fb-parlamentul-romaniei-camera-deputatilor.png\" \/>\n\t<meta property=\"og:image:width\" content=\"640\" \/>\n\t<meta property=\"og:image:height\" content=\"480\" \/>\n\t<meta property=\"og:image:type\" content=\"image\/png\" \/>\n<meta name=\"author\" content=\"Bogdan Matei\" \/>\n<meta name=\"twitter:card\" content=\"summary_large_image\" \/>\n<meta name=\"twitter:label1\" content=\"Verfasst von\" \/>\n\t<meta name=\"twitter:data1\" content=\"Bogdan Matei\" \/>\n\t<meta name=\"twitter:label2\" content=\"Gesch\u00e4tzte Lesezeit\" \/>\n\t<meta name=\"twitter:data2\" content=\"2\u00a0Minuten\" \/>\n\t<meta name=\"twitter:label3\" content=\"Written by\" \/>\n\t<meta name=\"twitter:data3\" content=\"Bogdan Matei\" \/>\n<script type=\"application\/ld+json\" class=\"yoast-schema-graph\">{\"@context\":\"https:\\\/\\\/schema.org\",\"@graph\":[{\"@type\":\"Article\",\"@id\":\"https:\\\/\\\/www.rri.ro\\\/de\\\/aktuell\\\/rri-aktuell\\\/politische-unsicherheit-in-bukarest-bleibt-bestehen-id461396.html#article\",\"isPartOf\":{\"@id\":\"https:\\\/\\\/www.rri.ro\\\/de\\\/aktuell\\\/rri-aktuell\\\/politische-unsicherheit-in-bukarest-bleibt-bestehen-id461396.html\"},\"author\":{\"name\":\"Bogdan Matei\",\"@id\":\"https:\\\/\\\/www.rri.ro\\\/#\\\/schema\\\/person\\\/0ed327d40678578e6dbb840527e3ba32\"},\"headline\":\"Politische Unsicherheit in Bukarest bleibt bestehen\",\"datePublished\":\"2020-03-03T14:12:00+00:00\",\"dateModified\":\"2024-02-19T18:53:21+00:00\",\"mainEntityOfPage\":{\"@id\":\"https:\\\/\\\/www.rri.ro\\\/de\\\/aktuell\\\/rri-aktuell\\\/politische-unsicherheit-in-bukarest-bleibt-bestehen-id461396.html\"},\"wordCount\":459,\"image\":{\"@id\":\"https:\\\/\\\/www.rri.ro\\\/de\\\/aktuell\\\/rri-aktuell\\\/politische-unsicherheit-in-bukarest-bleibt-bestehen-id461396.html#primaryimage\"},\"thumbnailUrl\":\"https:\\\/\\\/www.rri.ro\\\/wp-content\\\/uploads\\\/2023\\\/10\\\/camera-deputatilor-parlament-foto-fb-parlamentul-romaniei-camera-deputatilor.png\",\"keywords\":[\"Finanzminister\",\"Investitur\",\"vorgezogene Wahlen\"],\"articleSection\":[\"RRI Aktuell\"],\"inLanguage\":\"de\"},{\"@type\":\"WebPage\",\"@id\":\"https:\\\/\\\/www.rri.ro\\\/de\\\/aktuell\\\/rri-aktuell\\\/politische-unsicherheit-in-bukarest-bleibt-bestehen-id461396.html\",\"url\":\"https:\\\/\\\/www.rri.ro\\\/de\\\/aktuell\\\/rri-aktuell\\\/politische-unsicherheit-in-bukarest-bleibt-bestehen-id461396.html\",\"name\":\"Politische Unsicherheit in Bukarest bleibt bestehen - Radio Rum\u00e4nien International\",\"isPartOf\":{\"@id\":\"https:\\\/\\\/www.rri.ro\\\/#website\"},\"primaryImageOfPage\":{\"@id\":\"https:\\\/\\\/www.rri.ro\\\/de\\\/aktuell\\\/rri-aktuell\\\/politische-unsicherheit-in-bukarest-bleibt-bestehen-id461396.html#primaryimage\"},\"image\":{\"@id\":\"https:\\\/\\\/www.rri.ro\\\/de\\\/aktuell\\\/rri-aktuell\\\/politische-unsicherheit-in-bukarest-bleibt-bestehen-id461396.html#primaryimage\"},\"thumbnailUrl\":\"https:\\\/\\\/www.rri.ro\\\/wp-content\\\/uploads\\\/2023\\\/10\\\/camera-deputatilor-parlament-foto-fb-parlamentul-romaniei-camera-deputatilor.png\",\"datePublished\":\"2020-03-03T14:12:00+00:00\",\"dateModified\":\"2024-02-19T18:53:21+00:00\",\"author\":{\"@id\":\"https:\\\/\\\/www.rri.ro\\\/#\\\/schema\\\/person\\\/0ed327d40678578e6dbb840527e3ba32\"},\"breadcrumb\":{\"@id\":\"https:\\\/\\\/www.rri.ro\\\/de\\\/aktuell\\\/rri-aktuell\\\/politische-unsicherheit-in-bukarest-bleibt-bestehen-id461396.html#breadcrumb\"},\"inLanguage\":\"de\",\"potentialAction\":[{\"@type\":\"ReadAction\",\"target\":[\"https:\\\/\\\/www.rri.ro\\\/de\\\/aktuell\\\/rri-aktuell\\\/politische-unsicherheit-in-bukarest-bleibt-bestehen-id461396.html\"]}]},{\"@type\":\"ImageObject\",\"inLanguage\":\"de\",\"@id\":\"https:\\\/\\\/www.rri.ro\\\/de\\\/aktuell\\\/rri-aktuell\\\/politische-unsicherheit-in-bukarest-bleibt-bestehen-id461396.html#primaryimage\",\"url\":\"https:\\\/\\\/www.rri.ro\\\/wp-content\\\/uploads\\\/2023\\\/10\\\/camera-deputatilor-parlament-foto-fb-parlamentul-romaniei-camera-deputatilor.png\",\"contentUrl\":\"https:\\\/\\\/www.rri.ro\\\/wp-content\\\/uploads\\\/2023\\\/10\\\/camera-deputatilor-parlament-foto-fb-parlamentul-romaniei-camera-deputatilor.png\",\"width\":640,\"height\":480},{\"@type\":\"BreadcrumbList\",\"@id\":\"https:\\\/\\\/www.rri.ro\\\/de\\\/aktuell\\\/rri-aktuell\\\/politische-unsicherheit-in-bukarest-bleibt-bestehen-id461396.html#breadcrumb\",\"itemListElement\":[{\"@type\":\"ListItem\",\"position\":1,\"name\":\"Startseite\",\"item\":\"https:\\\/\\\/www.rri.ro\\\/de\"},{\"@type\":\"ListItem\",\"position\":2,\"name\":\"Aktuell\",\"item\":\"https:\\\/\\\/www.rri.ro\\\/de\\\/aktuell\"},{\"@type\":\"ListItem\",\"position\":3,\"name\":\"RRI Aktuell\",\"item\":\"https:\\\/\\\/www.rri.ro\\\/de\\\/aktuell\\\/rri-aktuell\"},{\"@type\":\"ListItem\",\"position\":4,\"name\":\"Politische Unsicherheit in Bukarest bleibt bestehen\"}]},{\"@type\":\"WebSite\",\"@id\":\"https:\\\/\\\/www.rri.ro\\\/#website\",\"url\":\"https:\\\/\\\/www.rri.ro\\\/\",\"name\":\"Radio Rum\u00e4nien International\",\"description\":\"Totul despre Rom\u00e2nia \u015fi rom\u00e2ni, \u00een 13 limbi\\\/dialecte!\",\"inLanguage\":\"de\"},{\"@type\":\"Person\",\"@id\":\"https:\\\/\\\/www.rri.ro\\\/#\\\/schema\\\/person\\\/0ed327d40678578e6dbb840527e3ba32\",\"name\":\"Bogdan Matei\",\"url\":\"https:\\\/\\\/www.rri.ro\\\/de\\\/author\\\/bogdan-matei\"}]}<\/script>\n<!-- \/ Yoast SEO plugin. -->","yoast_head_json":{"title":"Politische Unsicherheit in Bukarest bleibt bestehen - Radio Rum\u00e4nien International","robots":{"index":"index","follow":"follow","max-snippet":"max-snippet:-1","max-image-preview":"max-image-preview:large","max-video-preview":"max-video-preview:-1"},"canonical":"https:\/\/www.rri.ro\/de\/aktuell\/rri-aktuell\/politische-unsicherheit-in-bukarest-bleibt-bestehen-id461396.html","og_locale":"de_DE","og_type":"article","og_title":"Politische Unsicherheit in Bukarest bleibt bestehen - Radio Rum\u00e4nien International","og_description":"In der Hauptstadt Rum\u00e4niens wird f\u00fcr die Regierungsbildung verhandelt und angeh\u00f6rt.","og_url":"https:\/\/www.rri.ro\/de\/aktuell\/rri-aktuell\/politische-unsicherheit-in-bukarest-bleibt-bestehen-id461396.html","og_site_name":"Radio Rum\u00e4nien International","article_published_time":"2020-03-03T14:12:00+00:00","article_modified_time":"2024-02-19T18:53:21+00:00","og_image":[{"width":640,"height":480,"url":"https:\/\/www.rri.ro\/wp-content\/uploads\/2023\/10\/camera-deputatilor-parlament-foto-fb-parlamentul-romaniei-camera-deputatilor.png","type":"image\/png"}],"author":"Bogdan Matei","twitter_card":"summary_large_image","twitter_misc":{"Verfasst von":"Bogdan Matei","Gesch\u00e4tzte Lesezeit":"2\u00a0Minuten","Written by":"Bogdan Matei"},"schema":{"@context":"https:\/\/schema.org","@graph":[{"@type":"Article","@id":"https:\/\/www.rri.ro\/de\/aktuell\/rri-aktuell\/politische-unsicherheit-in-bukarest-bleibt-bestehen-id461396.html#article","isPartOf":{"@id":"https:\/\/www.rri.ro\/de\/aktuell\/rri-aktuell\/politische-unsicherheit-in-bukarest-bleibt-bestehen-id461396.html"},"author":{"name":"Bogdan Matei","@id":"https:\/\/www.rri.ro\/#\/schema\/person\/0ed327d40678578e6dbb840527e3ba32"},"headline":"Politische Unsicherheit in Bukarest bleibt bestehen","datePublished":"2020-03-03T14:12:00+00:00","dateModified":"2024-02-19T18:53:21+00:00","mainEntityOfPage":{"@id":"https:\/\/www.rri.ro\/de\/aktuell\/rri-aktuell\/politische-unsicherheit-in-bukarest-bleibt-bestehen-id461396.html"},"wordCount":459,"image":{"@id":"https:\/\/www.rri.ro\/de\/aktuell\/rri-aktuell\/politische-unsicherheit-in-bukarest-bleibt-bestehen-id461396.html#primaryimage"},"thumbnailUrl":"https:\/\/www.rri.ro\/wp-content\/uploads\/2023\/10\/camera-deputatilor-parlament-foto-fb-parlamentul-romaniei-camera-deputatilor.png","keywords":["Finanzminister","Investitur","vorgezogene Wahlen"],"articleSection":["RRI Aktuell"],"inLanguage":"de"},{"@type":"WebPage","@id":"https:\/\/www.rri.ro\/de\/aktuell\/rri-aktuell\/politische-unsicherheit-in-bukarest-bleibt-bestehen-id461396.html","url":"https:\/\/www.rri.ro\/de\/aktuell\/rri-aktuell\/politische-unsicherheit-in-bukarest-bleibt-bestehen-id461396.html","name":"Politische Unsicherheit in Bukarest bleibt bestehen - Radio Rum\u00e4nien International","isPartOf":{"@id":"https:\/\/www.rri.ro\/#website"},"primaryImageOfPage":{"@id":"https:\/\/www.rri.ro\/de\/aktuell\/rri-aktuell\/politische-unsicherheit-in-bukarest-bleibt-bestehen-id461396.html#primaryimage"},"image":{"@id":"https:\/\/www.rri.ro\/de\/aktuell\/rri-aktuell\/politische-unsicherheit-in-bukarest-bleibt-bestehen-id461396.html#primaryimage"},"thumbnailUrl":"https:\/\/www.rri.ro\/wp-content\/uploads\/2023\/10\/camera-deputatilor-parlament-foto-fb-parlamentul-romaniei-camera-deputatilor.png","datePublished":"2020-03-03T14:12:00+00:00","dateModified":"2024-02-19T18:53:21+00:00","author":{"@id":"https:\/\/www.rri.ro\/#\/schema\/person\/0ed327d40678578e6dbb840527e3ba32"},"breadcrumb":{"@id":"https:\/\/www.rri.ro\/de\/aktuell\/rri-aktuell\/politische-unsicherheit-in-bukarest-bleibt-bestehen-id461396.html#breadcrumb"},"inLanguage":"de","potentialAction":[{"@type":"ReadAction","target":["https:\/\/www.rri.ro\/de\/aktuell\/rri-aktuell\/politische-unsicherheit-in-bukarest-bleibt-bestehen-id461396.html"]}]},{"@type":"ImageObject","inLanguage":"de","@id":"https:\/\/www.rri.ro\/de\/aktuell\/rri-aktuell\/politische-unsicherheit-in-bukarest-bleibt-bestehen-id461396.html#primaryimage","url":"https:\/\/www.rri.ro\/wp-content\/uploads\/2023\/10\/camera-deputatilor-parlament-foto-fb-parlamentul-romaniei-camera-deputatilor.png","contentUrl":"https:\/\/www.rri.ro\/wp-content\/uploads\/2023\/10\/camera-deputatilor-parlament-foto-fb-parlamentul-romaniei-camera-deputatilor.png","width":640,"height":480},{"@type":"BreadcrumbList","@id":"https:\/\/www.rri.ro\/de\/aktuell\/rri-aktuell\/politische-unsicherheit-in-bukarest-bleibt-bestehen-id461396.html#breadcrumb","itemListElement":[{"@type":"ListItem","position":1,"name":"Startseite","item":"https:\/\/www.rri.ro\/de"},{"@type":"ListItem","position":2,"name":"Aktuell","item":"https:\/\/www.rri.ro\/de\/aktuell"},{"@type":"ListItem","position":3,"name":"RRI Aktuell","item":"https:\/\/www.rri.ro\/de\/aktuell\/rri-aktuell"},{"@type":"ListItem","position":4,"name":"Politische Unsicherheit in Bukarest bleibt bestehen"}]},{"@type":"WebSite","@id":"https:\/\/www.rri.ro\/#website","url":"https:\/\/www.rri.ro\/","name":"Radio Rum\u00e4nien International","description":"Totul despre Rom\u00e2nia \u015fi rom\u00e2ni, \u00een 13 limbi\/dialecte!","inLanguage":"de"},{"@type":"Person","@id":"https:\/\/www.rri.ro\/#\/schema\/person\/0ed327d40678578e6dbb840527e3ba32","name":"Bogdan Matei","url":"https:\/\/www.rri.ro\/de\/author\/bogdan-matei"}]}},"_links":{"self":[{"href":"https:\/\/www.rri.ro\/de\/wp-json\/wp\/v2\/posts\/461396","targetHints":{"allow":["GET"]}}],"collection":[{"href":"https:\/\/www.rri.ro\/de\/wp-json\/wp\/v2\/posts"}],"about":[{"href":"https:\/\/www.rri.ro\/de\/wp-json\/wp\/v2\/types\/post"}],"author":[{"embeddable":true,"href":"https:\/\/www.rri.ro\/de\/wp-json\/wp\/v2\/users\/105"}],"replies":[{"embeddable":true,"href":"https:\/\/www.rri.ro\/de\/wp-json\/wp\/v2\/comments?post=461396"}],"version-history":[{"count":0,"href":"https:\/\/www.rri.ro\/de\/wp-json\/wp\/v2\/posts\/461396\/revisions"}],"wp:featuredmedia":[{"embeddable":true,"href":"https:\/\/www.rri.ro\/de\/wp-json\/wp\/v2\/media\/82385"}],"wp:attachment":[{"href":"https:\/\/www.rri.ro\/de\/wp-json\/wp\/v2\/media?parent=461396"}],"wp:term":[{"taxonomy":"category","embeddable":true,"href":"https:\/\/www.rri.ro\/de\/wp-json\/wp\/v2\/categories?post=461396"},{"taxonomy":"post_tag","embeddable":true,"href":"https:\/\/www.rri.ro\/de\/wp-json\/wp\/v2\/tags?post=461396"},{"taxonomy":"author","embeddable":true,"href":"https:\/\/www.rri.ro\/de\/wp-json\/wp\/v2\/coauthors?post=461396"}],"curies":[{"name":"wp","href":"https:\/\/api.w.org\/{rel}","templated":true}]}}