{"id":461408,"date":"2020-03-11T14:52:00","date_gmt":"2020-03-11T12:52:00","guid":{"rendered":"http:\/\/devrri.freshlemon.ro\/aktuell\/wann-finden-die-kommunalwahlen-in-rumaenien-statt-id461408.html"},"modified":"2024-02-19T20:53:32","modified_gmt":"2024-02-19T18:53:32","slug":"wann-finden-die-kommunalwahlen-in-rumaenien-statt","status":"publish","type":"post","link":"https:\/\/www.rri.ro\/de\/aktuell\/rri-aktuell\/wann-finden-die-kommunalwahlen-in-rumaenien-statt-id461408.html","title":{"rendered":"Wann finden die Kommunalwahlen in Rum\u00e4nien statt?"},"content":{"rendered":"<p>Alle wichtigen Entscheidungen sind zu dieser Zeit dem Imperativ untergeordnet, die Coronovirus-Epidemie zu bew\u00e4ltigen. Zu diesem Schluss kamen praktisch die Teilnehmer am Treffen, das der amtierende Rum\u00e4nische Ministerpr\u00e4sident, PNL-Chef Ludovic Orban mit den Parlamentsparteien zum Thema des Termins der Kommunalwahlen  hatte. Die PSD fehlte: ihrer Meinung nach zeigen die Liberalen , dass sie andere Priorit\u00e4ten haben, als die Realit\u00e4t sie vorgibt. Die meisten Spitzenpolitiker, die an den Konsultationen teilnahmen, sind der Ansicht, dass das von der PNL vorgeschlagene Datum, n\u00e4mlich der 28. Juni, am besten f\u00fcr die Kommunalwahlen passt. Alles h\u00e4ngt jedoch von der Entwicklung der Epidemie ab.<\/p>\n<p>&#13;<br \/>\n&#13;<\/p>\n<p>&#13;<br \/>\n&#13;<\/p>\n<p>Premierminister Ludovic Orban sagte, das Argument zur die Durchf\u00fchrung der Kampagne bei h\u00f6heren Temperaturen sei ber\u00fccksichtigt worden, so dass nach den Prognosen der Entwicklung der Epidemie sie einen nur minimalen Einfluss auf die Kampagne haben werde. Zu diesem Zeitpunkt werden auch die Mittelstufen- und Abiturpr\u00fcfungen abgeschlossen sein, was die Organisation der Wahl in Schulen erm\u00f6glicht.<\/p>\n<p>&#13;<br \/>\n&#13;<\/p>\n<p>&#13;<br \/>\n&#13;<\/p>\n<p>Der Chef der USR, Dan Barna erkl\u00e4rte, dass seine Partei die Durchf\u00fchrung von Kommunalwahlen Ende Juni unterst\u00fctzt &#8211; sollte sich die Epidemie verschlimmern, stimme er dem Szenario einer Verschiebung f\u00fcr den Herbst voll zu.<\/p>\n<p>&#13;<br \/>\n&#13;<\/p>\n<p>&#13;<br \/>\n&#13;<\/p>\n<p>Victor Ponta, Pr\u00e4sident der Pro Rum\u00e4nien-Partei sagte, dass Kommunwahlen nicht angebracht seien, wenn die Corona-Virus-Epidemie weiter zunimmt und au\u200e\u00dfer Kontrolle ger\u00e4t. Er bestand darauf, dass das Land schnell eine stabile Regierung braucht, die alle notwendigen Ma\u200e\u00dfnahmen ergreifen kann, um die Epidemie zu bek\u00e4mpfen. Dieser Meinung ist auch der Chef der Partei der Volksbewegung Eugen Tomac.<\/p>\n<p>&#13;<br \/>\n&#13;<\/p>\n<p>&#13;<br \/>\n&#13;<\/p>\n<p>Der UDMR h\u00e4tten die  Kommunalwahlen am 14. Juni eher gepasst, sie w\u00fcrde aber weder gegen die Verschiebung per se, noch  gegen den 28. Juni als Termin sein, sagte Parteichef Kelemen Hunor. Varujan Vosganian, der die bis letztes Jahr mitregierende Allianz der Liberalen und Demokraten  ALDE vertritt,  sagte, dass neben Ma\u200e\u00dfnahmen zum Schutz der Gesundheit der Bev\u00f6lkerung, die Regierung  auch Ma\u200e\u00dfnahmen zum Schutz der Wirtschaft in Betracht ziehen m\u00fcsste. Er wies auf die  Turbulenzen hin, die das neue Virus bereits auf den Finanzm\u00e4rkten verursacht. Rum\u00e4nien k\u00f6nnte ab Donnerstag eine voll handlungsf\u00e4hige Regierung  &#8211; an diesem Tag stellt sich das vom Liberalen Florin C\u00e2tu vorgeschlagene Kabinett der Abstimmung im  Parlament<\/p>\n<p>&#13;<\/p>\n","protected":false},"excerpt":{"rendered":"<p>In Rum\u00e4nien k\u00f6nnten Ende Juni Kommunalwahlen stattfinden, aber alles h\u00e4ngt von der Entwicklung der Coronavirus-Epidemie ab.<\/p>\n","protected":false},"author":110,"featured_media":83789,"comment_status":"closed","ping_status":"closed","sticky":false,"template":"","format":"standard","meta":{"_acf_changed":false,"footnotes":""},"categories":[99583],"tags":[35339,103242,102747,99589],"coauthors":[],"class_list":["post-461408","post","type-post","status-publish","format-standard","has-post-thumbnail","hentry","category-rri-aktuell","tag-coronavirus","tag-innenpolitik","tag-kommunalwahlen","tag-rumaenien"],"acf":[],"yoast_head":"<!-- This site is optimized with the Yoast SEO plugin v27.3 - https:\/\/yoast.com\/product\/yoast-seo-wordpress\/ -->\n<title>Wann finden die Kommunalwahlen in Rum\u00e4nien statt? - Radio Rum\u00e4nien International<\/title>\n<meta name=\"robots\" content=\"index, follow, max-snippet:-1, max-image-preview:large, max-video-preview:-1\" \/>\n<link rel=\"canonical\" href=\"https:\/\/www.rri.ro\/de\/aktuell\/rri-aktuell\/wann-finden-die-kommunalwahlen-in-rumaenien-statt-id461408.html\" \/>\n<meta property=\"og:locale\" content=\"de_DE\" \/>\n<meta property=\"og:type\" content=\"article\" \/>\n<meta property=\"og:title\" content=\"Wann finden die Kommunalwahlen in Rum\u00e4nien statt? - Radio Rum\u00e4nien International\" \/>\n<meta property=\"og:description\" content=\"In Rum\u00e4nien k\u00f6nnten Ende Juni Kommunalwahlen stattfinden, aber alles h\u00e4ngt von der Entwicklung der Coronavirus-Epidemie ab.\" \/>\n<meta property=\"og:url\" content=\"https:\/\/www.rri.ro\/de\/aktuell\/rri-aktuell\/wann-finden-die-kommunalwahlen-in-rumaenien-statt-id461408.html\" \/>\n<meta property=\"og:site_name\" content=\"Radio Rum\u00e4nien International\" \/>\n<meta property=\"article:published_time\" content=\"2020-03-11T12:52:00+00:00\" \/>\n<meta property=\"article:modified_time\" content=\"2024-02-19T18:53:32+00:00\" \/>\n<meta property=\"og:image\" content=\"https:\/\/www.rri.ro\/wp-content\/uploads\/2023\/10\/stampila-vot-alegeri-foto-fb-mae.png\" \/>\n\t<meta property=\"og:image:width\" content=\"640\" \/>\n\t<meta property=\"og:image:height\" content=\"426\" \/>\n\t<meta property=\"og:image:type\" content=\"image\/png\" \/>\n<meta name=\"author\" content=\"\u015etefan Stoica\" \/>\n<meta name=\"twitter:card\" content=\"summary_large_image\" \/>\n<meta name=\"twitter:label1\" content=\"Verfasst von\" \/>\n\t<meta name=\"twitter:data1\" content=\"\u015etefan Stoica\" \/>\n\t<meta name=\"twitter:label2\" content=\"Gesch\u00e4tzte Lesezeit\" \/>\n\t<meta name=\"twitter:data2\" content=\"2\u00a0Minuten\" \/>\n\t<meta name=\"twitter:label3\" content=\"Written by\" \/>\n\t<meta name=\"twitter:data3\" content=\"\u015etefan Stoica\" \/>\n<script type=\"application\/ld+json\" class=\"yoast-schema-graph\">{\"@context\":\"https:\\\/\\\/schema.org\",\"@graph\":[{\"@type\":\"Article\",\"@id\":\"https:\\\/\\\/www.rri.ro\\\/de\\\/aktuell\\\/rri-aktuell\\\/wann-finden-die-kommunalwahlen-in-rumaenien-statt-id461408.html#article\",\"isPartOf\":{\"@id\":\"https:\\\/\\\/www.rri.ro\\\/de\\\/aktuell\\\/rri-aktuell\\\/wann-finden-die-kommunalwahlen-in-rumaenien-statt-id461408.html\"},\"author\":{\"name\":\"\u015etefan Stoica\",\"@id\":\"https:\\\/\\\/www.rri.ro\\\/#\\\/schema\\\/person\\\/2d81d5dc94d44190d13245f64551d334\"},\"headline\":\"Wann finden die Kommunalwahlen in Rum\u00e4nien statt?\",\"datePublished\":\"2020-03-11T12:52:00+00:00\",\"dateModified\":\"2024-02-19T18:53:32+00:00\",\"mainEntityOfPage\":{\"@id\":\"https:\\\/\\\/www.rri.ro\\\/de\\\/aktuell\\\/rri-aktuell\\\/wann-finden-die-kommunalwahlen-in-rumaenien-statt-id461408.html\"},\"wordCount\":388,\"image\":{\"@id\":\"https:\\\/\\\/www.rri.ro\\\/de\\\/aktuell\\\/rri-aktuell\\\/wann-finden-die-kommunalwahlen-in-rumaenien-statt-id461408.html#primaryimage\"},\"thumbnailUrl\":\"https:\\\/\\\/www.rri.ro\\\/wp-content\\\/uploads\\\/2023\\\/10\\\/stampila-vot-alegeri-foto-fb-mae.png\",\"keywords\":[\"coronavirus\",\"Innenpolitik\",\"Kommunalwahlen\",\"Rum\u00e4nien\"],\"articleSection\":[\"RRI Aktuell\"],\"inLanguage\":\"de\"},{\"@type\":\"WebPage\",\"@id\":\"https:\\\/\\\/www.rri.ro\\\/de\\\/aktuell\\\/rri-aktuell\\\/wann-finden-die-kommunalwahlen-in-rumaenien-statt-id461408.html\",\"url\":\"https:\\\/\\\/www.rri.ro\\\/de\\\/aktuell\\\/rri-aktuell\\\/wann-finden-die-kommunalwahlen-in-rumaenien-statt-id461408.html\",\"name\":\"Wann finden die Kommunalwahlen in Rum\u00e4nien statt? - Radio Rum\u00e4nien International\",\"isPartOf\":{\"@id\":\"https:\\\/\\\/www.rri.ro\\\/#website\"},\"primaryImageOfPage\":{\"@id\":\"https:\\\/\\\/www.rri.ro\\\/de\\\/aktuell\\\/rri-aktuell\\\/wann-finden-die-kommunalwahlen-in-rumaenien-statt-id461408.html#primaryimage\"},\"image\":{\"@id\":\"https:\\\/\\\/www.rri.ro\\\/de\\\/aktuell\\\/rri-aktuell\\\/wann-finden-die-kommunalwahlen-in-rumaenien-statt-id461408.html#primaryimage\"},\"thumbnailUrl\":\"https:\\\/\\\/www.rri.ro\\\/wp-content\\\/uploads\\\/2023\\\/10\\\/stampila-vot-alegeri-foto-fb-mae.png\",\"datePublished\":\"2020-03-11T12:52:00+00:00\",\"dateModified\":\"2024-02-19T18:53:32+00:00\",\"author\":{\"@id\":\"https:\\\/\\\/www.rri.ro\\\/#\\\/schema\\\/person\\\/2d81d5dc94d44190d13245f64551d334\"},\"breadcrumb\":{\"@id\":\"https:\\\/\\\/www.rri.ro\\\/de\\\/aktuell\\\/rri-aktuell\\\/wann-finden-die-kommunalwahlen-in-rumaenien-statt-id461408.html#breadcrumb\"},\"inLanguage\":\"de\",\"potentialAction\":[{\"@type\":\"ReadAction\",\"target\":[\"https:\\\/\\\/www.rri.ro\\\/de\\\/aktuell\\\/rri-aktuell\\\/wann-finden-die-kommunalwahlen-in-rumaenien-statt-id461408.html\"]}]},{\"@type\":\"ImageObject\",\"inLanguage\":\"de\",\"@id\":\"https:\\\/\\\/www.rri.ro\\\/de\\\/aktuell\\\/rri-aktuell\\\/wann-finden-die-kommunalwahlen-in-rumaenien-statt-id461408.html#primaryimage\",\"url\":\"https:\\\/\\\/www.rri.ro\\\/wp-content\\\/uploads\\\/2023\\\/10\\\/stampila-vot-alegeri-foto-fb-mae.png\",\"contentUrl\":\"https:\\\/\\\/www.rri.ro\\\/wp-content\\\/uploads\\\/2023\\\/10\\\/stampila-vot-alegeri-foto-fb-mae.png\",\"width\":640,\"height\":426,\"caption\":\"(Credits: @mae.romania)\"},{\"@type\":\"BreadcrumbList\",\"@id\":\"https:\\\/\\\/www.rri.ro\\\/de\\\/aktuell\\\/rri-aktuell\\\/wann-finden-die-kommunalwahlen-in-rumaenien-statt-id461408.html#breadcrumb\",\"itemListElement\":[{\"@type\":\"ListItem\",\"position\":1,\"name\":\"Startseite\",\"item\":\"https:\\\/\\\/www.rri.ro\\\/de\"},{\"@type\":\"ListItem\",\"position\":2,\"name\":\"Aktuell\",\"item\":\"https:\\\/\\\/www.rri.ro\\\/de\\\/aktuell\"},{\"@type\":\"ListItem\",\"position\":3,\"name\":\"RRI Aktuell\",\"item\":\"https:\\\/\\\/www.rri.ro\\\/de\\\/aktuell\\\/rri-aktuell\"},{\"@type\":\"ListItem\",\"position\":4,\"name\":\"Wann finden die Kommunalwahlen in Rum\u00e4nien statt?\"}]},{\"@type\":\"WebSite\",\"@id\":\"https:\\\/\\\/www.rri.ro\\\/#website\",\"url\":\"https:\\\/\\\/www.rri.ro\\\/\",\"name\":\"Radio Rum\u00e4nien International\",\"description\":\"Totul despre Rom\u00e2nia \u015fi rom\u00e2ni, \u00een 13 limbi\\\/dialecte!\",\"inLanguage\":\"de\"},{\"@type\":\"Person\",\"@id\":\"https:\\\/\\\/www.rri.ro\\\/#\\\/schema\\\/person\\\/2d81d5dc94d44190d13245f64551d334\",\"name\":\"\u015etefan Stoica\",\"url\":\"https:\\\/\\\/www.rri.ro\\\/de\\\/author\\\/stefan-stoica\"}]}<\/script>\n<!-- \/ Yoast SEO plugin. -->","yoast_head_json":{"title":"Wann finden die Kommunalwahlen in Rum\u00e4nien statt? - Radio Rum\u00e4nien International","robots":{"index":"index","follow":"follow","max-snippet":"max-snippet:-1","max-image-preview":"max-image-preview:large","max-video-preview":"max-video-preview:-1"},"canonical":"https:\/\/www.rri.ro\/de\/aktuell\/rri-aktuell\/wann-finden-die-kommunalwahlen-in-rumaenien-statt-id461408.html","og_locale":"de_DE","og_type":"article","og_title":"Wann finden die Kommunalwahlen in Rum\u00e4nien statt? - Radio Rum\u00e4nien International","og_description":"In Rum\u00e4nien k\u00f6nnten Ende Juni Kommunalwahlen stattfinden, aber alles h\u00e4ngt von der Entwicklung der Coronavirus-Epidemie ab.","og_url":"https:\/\/www.rri.ro\/de\/aktuell\/rri-aktuell\/wann-finden-die-kommunalwahlen-in-rumaenien-statt-id461408.html","og_site_name":"Radio Rum\u00e4nien International","article_published_time":"2020-03-11T12:52:00+00:00","article_modified_time":"2024-02-19T18:53:32+00:00","og_image":[{"width":640,"height":426,"url":"https:\/\/www.rri.ro\/wp-content\/uploads\/2023\/10\/stampila-vot-alegeri-foto-fb-mae.png","type":"image\/png"}],"author":"\u015etefan Stoica","twitter_card":"summary_large_image","twitter_misc":{"Verfasst von":"\u015etefan Stoica","Gesch\u00e4tzte Lesezeit":"2\u00a0Minuten","Written by":"\u015etefan Stoica"},"schema":{"@context":"https:\/\/schema.org","@graph":[{"@type":"Article","@id":"https:\/\/www.rri.ro\/de\/aktuell\/rri-aktuell\/wann-finden-die-kommunalwahlen-in-rumaenien-statt-id461408.html#article","isPartOf":{"@id":"https:\/\/www.rri.ro\/de\/aktuell\/rri-aktuell\/wann-finden-die-kommunalwahlen-in-rumaenien-statt-id461408.html"},"author":{"name":"\u015etefan Stoica","@id":"https:\/\/www.rri.ro\/#\/schema\/person\/2d81d5dc94d44190d13245f64551d334"},"headline":"Wann finden die Kommunalwahlen in Rum\u00e4nien statt?","datePublished":"2020-03-11T12:52:00+00:00","dateModified":"2024-02-19T18:53:32+00:00","mainEntityOfPage":{"@id":"https:\/\/www.rri.ro\/de\/aktuell\/rri-aktuell\/wann-finden-die-kommunalwahlen-in-rumaenien-statt-id461408.html"},"wordCount":388,"image":{"@id":"https:\/\/www.rri.ro\/de\/aktuell\/rri-aktuell\/wann-finden-die-kommunalwahlen-in-rumaenien-statt-id461408.html#primaryimage"},"thumbnailUrl":"https:\/\/www.rri.ro\/wp-content\/uploads\/2023\/10\/stampila-vot-alegeri-foto-fb-mae.png","keywords":["coronavirus","Innenpolitik","Kommunalwahlen","Rum\u00e4nien"],"articleSection":["RRI Aktuell"],"inLanguage":"de"},{"@type":"WebPage","@id":"https:\/\/www.rri.ro\/de\/aktuell\/rri-aktuell\/wann-finden-die-kommunalwahlen-in-rumaenien-statt-id461408.html","url":"https:\/\/www.rri.ro\/de\/aktuell\/rri-aktuell\/wann-finden-die-kommunalwahlen-in-rumaenien-statt-id461408.html","name":"Wann finden die Kommunalwahlen in Rum\u00e4nien statt? - Radio Rum\u00e4nien International","isPartOf":{"@id":"https:\/\/www.rri.ro\/#website"},"primaryImageOfPage":{"@id":"https:\/\/www.rri.ro\/de\/aktuell\/rri-aktuell\/wann-finden-die-kommunalwahlen-in-rumaenien-statt-id461408.html#primaryimage"},"image":{"@id":"https:\/\/www.rri.ro\/de\/aktuell\/rri-aktuell\/wann-finden-die-kommunalwahlen-in-rumaenien-statt-id461408.html#primaryimage"},"thumbnailUrl":"https:\/\/www.rri.ro\/wp-content\/uploads\/2023\/10\/stampila-vot-alegeri-foto-fb-mae.png","datePublished":"2020-03-11T12:52:00+00:00","dateModified":"2024-02-19T18:53:32+00:00","author":{"@id":"https:\/\/www.rri.ro\/#\/schema\/person\/2d81d5dc94d44190d13245f64551d334"},"breadcrumb":{"@id":"https:\/\/www.rri.ro\/de\/aktuell\/rri-aktuell\/wann-finden-die-kommunalwahlen-in-rumaenien-statt-id461408.html#breadcrumb"},"inLanguage":"de","potentialAction":[{"@type":"ReadAction","target":["https:\/\/www.rri.ro\/de\/aktuell\/rri-aktuell\/wann-finden-die-kommunalwahlen-in-rumaenien-statt-id461408.html"]}]},{"@type":"ImageObject","inLanguage":"de","@id":"https:\/\/www.rri.ro\/de\/aktuell\/rri-aktuell\/wann-finden-die-kommunalwahlen-in-rumaenien-statt-id461408.html#primaryimage","url":"https:\/\/www.rri.ro\/wp-content\/uploads\/2023\/10\/stampila-vot-alegeri-foto-fb-mae.png","contentUrl":"https:\/\/www.rri.ro\/wp-content\/uploads\/2023\/10\/stampila-vot-alegeri-foto-fb-mae.png","width":640,"height":426,"caption":"(Credits: @mae.romania)"},{"@type":"BreadcrumbList","@id":"https:\/\/www.rri.ro\/de\/aktuell\/rri-aktuell\/wann-finden-die-kommunalwahlen-in-rumaenien-statt-id461408.html#breadcrumb","itemListElement":[{"@type":"ListItem","position":1,"name":"Startseite","item":"https:\/\/www.rri.ro\/de"},{"@type":"ListItem","position":2,"name":"Aktuell","item":"https:\/\/www.rri.ro\/de\/aktuell"},{"@type":"ListItem","position":3,"name":"RRI Aktuell","item":"https:\/\/www.rri.ro\/de\/aktuell\/rri-aktuell"},{"@type":"ListItem","position":4,"name":"Wann finden die Kommunalwahlen in Rum\u00e4nien statt?"}]},{"@type":"WebSite","@id":"https:\/\/www.rri.ro\/#website","url":"https:\/\/www.rri.ro\/","name":"Radio Rum\u00e4nien International","description":"Totul despre Rom\u00e2nia \u015fi rom\u00e2ni, \u00een 13 limbi\/dialecte!","inLanguage":"de"},{"@type":"Person","@id":"https:\/\/www.rri.ro\/#\/schema\/person\/2d81d5dc94d44190d13245f64551d334","name":"\u015etefan Stoica","url":"https:\/\/www.rri.ro\/de\/author\/stefan-stoica"}]}},"_links":{"self":[{"href":"https:\/\/www.rri.ro\/de\/wp-json\/wp\/v2\/posts\/461408","targetHints":{"allow":["GET"]}}],"collection":[{"href":"https:\/\/www.rri.ro\/de\/wp-json\/wp\/v2\/posts"}],"about":[{"href":"https:\/\/www.rri.ro\/de\/wp-json\/wp\/v2\/types\/post"}],"author":[{"embeddable":true,"href":"https:\/\/www.rri.ro\/de\/wp-json\/wp\/v2\/users\/110"}],"replies":[{"embeddable":true,"href":"https:\/\/www.rri.ro\/de\/wp-json\/wp\/v2\/comments?post=461408"}],"version-history":[{"count":0,"href":"https:\/\/www.rri.ro\/de\/wp-json\/wp\/v2\/posts\/461408\/revisions"}],"wp:featuredmedia":[{"embeddable":true,"href":"https:\/\/www.rri.ro\/de\/wp-json\/wp\/v2\/media\/83789"}],"wp:attachment":[{"href":"https:\/\/www.rri.ro\/de\/wp-json\/wp\/v2\/media?parent=461408"}],"wp:term":[{"taxonomy":"category","embeddable":true,"href":"https:\/\/www.rri.ro\/de\/wp-json\/wp\/v2\/categories?post=461408"},{"taxonomy":"post_tag","embeddable":true,"href":"https:\/\/www.rri.ro\/de\/wp-json\/wp\/v2\/tags?post=461408"},{"taxonomy":"author","embeddable":true,"href":"https:\/\/www.rri.ro\/de\/wp-json\/wp\/v2\/coauthors?post=461408"}],"curies":[{"name":"wp","href":"https:\/\/api.w.org\/{rel}","templated":true}]}}