{"id":461432,"date":"2020-03-25T14:48:00","date_gmt":"2020-03-25T12:48:00","guid":{"rendered":"http:\/\/devrri.freshlemon.ro\/aktuell\/aufruf-des-rumaenischen-praesidenten-2-id461432.html"},"modified":"2024-02-19T20:53:50","modified_gmt":"2024-02-19T18:53:50","slug":"aufruf-des-rumaenischen-praesidenten-2","status":"publish","type":"post","link":"https:\/\/www.rri.ro\/de\/aktuell\/rri-aktuell\/aufruf-des-rumaenischen-praesidenten-2-id461432.html","title":{"rendered":"Aufruf des rum\u00e4nischen Pr\u00e4sidenten"},"content":{"rendered":"<p>In Rum\u00e4nien stieg die Zahl der mit dem neuen Coronavirus infizierten Personen an, wie erwartet traten auch die ersten Todesf\u00e4lle ein. Wie in anderen L\u00e4ndern sind t\u00f6dliche F\u00e4lle bei \u00e4lteren Menschen, Menschen \u00fcber 65, die eine geringere Immunit\u00e4t haben und an anderen Gesundheitsproblemen leiden, viel h\u00f6her. In einem Fernsehaufruf an seine Mitb\u00fcrger forderte Pr\u00e4sident Klaus Iohannis die Rentner auf, sich nicht unn\u00f6tig einem gro\u200e\u00dfen Risiko auszusetzen und ihre Wohnungen so weit wie m\u00f6glich nicht zu verlassen. Nur so k\u00f6nnen Sie sich und andere vor den durch dieses Virus verursachten Krankheiten und Leiden sch\u00fctzen, sagte das Staatsoberhaupt.<\/p>\n<p>&#13;<br \/>\n&#13;<\/p>\n<p>&#13;<br \/>\n&#13;<\/p>\n<p>Klaus Iohannis: Liebe Rum\u00e4nen, in einer schrecklichen Ironie des Schicksals k\u00f6nnen sie heute und in den kommenden Wochen, anderen zu helfen, indem sie sich von ihnen fernhalten. So grausam und paradox dies auch klingen mag, es ist wahr. Die Wahrung der sozialen Distanz ist der Weg, der uns nach dieser unglaublich schwierigen Zeit ans Licht bringt. Lasst uns jetzt sehr auf unsere Eltern und Gro\u200e\u00dfeltern aufpassen, aber aus der Ferne. Die gesamte Menschheit macht eine schwere Zeit durch, die keiner von uns f\u00fcr m\u00f6glich gehalten h\u00e4tte. Es folgen kritische Wochen, die alle F\u00e4higkeiten des Staates, aber auch unsere moralische und emotionale Standfestigkeit auf die Probe stellen. Jetzt ist die Zeit gekommen, stark zu sein und zu unterst\u00fctzen. Die wahre St\u00e4rke einer Nation ist die F\u00e4higkeit, f\u00fcr einander zu sorgen und niemanden in Stich zu lassen. &#8222;<\/p>\n<p>&#13;<br \/>\n&#13;<\/p>\n<p>&#13;<br \/>\n&#13;<\/p>\n<p>Er forderte die B\u00fcrger erneut auf, sich strikt an die Regeln und Empfehlungen der Beh\u00f6rden zu halten, um wertvolle Zeit zu gewinnen, in der das medizinische System die Infizierten behandeln k\u00f6nne. Wenn wir zu Hause bleiben, helfen wir den \u00c4rzten, die wirklich Pflegebed\u00fcrftigen zu unterst\u00fctzen. Lassen Sie uns die Arbeit derer, in diesen kritischen Momenten unter enormem Druck stehen, nicht weiter erschweren, forderte Klaus Iohannis. Er erkl\u00e4rte, dass die bisherigen restriktiven Ma\u200e\u00dfnahmen schrittweise ergriffen wurden, je nachdem, in welchem Stadium der \u00dcbertragung des Virus auf die Gemeinschaft wir uns befanden. Es ist keine leichte Entscheidung, aber sie ist notwendig, um die Gesundheit der Rum\u00e4nen und ihrer Familien zu sch\u00fctzen, sagte das Staatsoberhaupt. Er versicherte, dass die Beh\u00f6rden alles in ihrer Macht Stehende tun, um die Situation gut zu \u00fcberwinden. Klaus Iohannis :<\/p>\n<p>&#13;<br \/>\n&#13;<\/p>\n<p>&#13;<br \/>\n&#13;<\/p>\n<p>Alles, was wir zur Verf\u00fcgung haben, alle steuerlichen und wirtschaftlichen Instrumente, alle Ressourcen, einschlie\u200e\u00dflich derjenigen, die wir auf EU-Ebene erhalten k\u00f6nnen, werden im Dienste der Gesundheit der Rum\u00e4nen und der Unterst\u00fctzung der Unternehmen und der Arbeitnehmer gestellt, die in diesen Tagen dramatische Momente durchmachen. Heute haben wir den Vorteil, zur gro\u200e\u00dfen europ\u00e4ischen Familie zu geh\u00f6ren und mit unseren Partnern zusammenzuarbeiten. Ich bin zuversichtlich, dass wir den durch diese Krise verursachten sozialen und wirtschaftlichen Schock \u00fcberwinden werden. In Momenten der Kameradschaft, in denen wir vor den gr\u00f6\u200e\u00dften Herausforderungen stehen, zeigen wir, wer wir wirklich sind. \u201c Es ist Zeit f\u00fcr Mitgef\u00fchl, Gro\u200e\u00dfz\u00fcgigkeit und Altruismus, appellierte der rum\u00e4nische Pr\u00e4sident.<\/p>\n<p>&#13;<\/p>\n","protected":false},"excerpt":{"rendered":"<p>Pr\u00e4sident Klaus Iohannis fordert die B\u00fcrger zu verantwortungsbewusstem und solidarischem Handeln auf.<\/p>\n","protected":false},"author":104,"featured_media":85156,"comment_status":"closed","ping_status":"closed","sticky":false,"template":"","format":"standard","meta":{"_acf_changed":false,"footnotes":""},"categories":[99583],"tags":[99734,35339,101639,134270,137226,103270,101774],"coauthors":[],"class_list":["post-461432","post","type-post","status-publish","format-standard","has-post-thumbnail","hentry","category-rri-aktuell","tag-aerzte","tag-coronavirus","tag-empfehlungen","tag-eu-de","tag-klaus-iohannis-de","tag-regeln","tag-rentner"],"acf":[],"yoast_head":"<!-- This site is optimized with the Yoast SEO plugin v27.3 - https:\/\/yoast.com\/product\/yoast-seo-wordpress\/ -->\n<title>Aufruf des rum\u00e4nischen Pr\u00e4sidenten - Radio Rum\u00e4nien International<\/title>\n<meta name=\"robots\" content=\"index, follow, max-snippet:-1, max-image-preview:large, max-video-preview:-1\" \/>\n<link rel=\"canonical\" href=\"https:\/\/www.rri.ro\/de\/aktuell\/rri-aktuell\/aufruf-des-rumaenischen-praesidenten-2-id461432.html\" \/>\n<meta property=\"og:locale\" content=\"de_DE\" \/>\n<meta property=\"og:type\" content=\"article\" \/>\n<meta property=\"og:title\" content=\"Aufruf des rum\u00e4nischen Pr\u00e4sidenten - Radio Rum\u00e4nien International\" \/>\n<meta property=\"og:description\" content=\"Pr\u00e4sident Klaus Iohannis fordert die B\u00fcrger zu verantwortungsbewusstem und solidarischem Handeln auf.\" \/>\n<meta property=\"og:url\" content=\"https:\/\/www.rri.ro\/de\/aktuell\/rri-aktuell\/aufruf-des-rumaenischen-praesidenten-2-id461432.html\" \/>\n<meta property=\"og:site_name\" content=\"Radio Rum\u00e4nien International\" \/>\n<meta property=\"article:published_time\" content=\"2020-03-25T12:48:00+00:00\" \/>\n<meta property=\"article:modified_time\" content=\"2024-02-19T18:53:50+00:00\" \/>\n<meta property=\"og:image\" content=\"https:\/\/www.rri.ro\/wp-content\/uploads\/2023\/10\/klaus-iohannis-videoconferinta20martie2020-foto-presidency.png\" \/>\n\t<meta property=\"og:image:width\" content=\"640\" \/>\n\t<meta property=\"og:image:height\" content=\"426\" \/>\n\t<meta property=\"og:image:type\" content=\"image\/png\" \/>\n<meta name=\"author\" content=\"Eugen Coroianu\" \/>\n<meta name=\"twitter:card\" content=\"summary_large_image\" \/>\n<meta name=\"twitter:label1\" content=\"Verfasst von\" \/>\n\t<meta name=\"twitter:data1\" content=\"Eugen Coroianu\" \/>\n\t<meta name=\"twitter:label2\" content=\"Gesch\u00e4tzte Lesezeit\" \/>\n\t<meta name=\"twitter:data2\" content=\"3\u00a0Minuten\" \/>\n\t<meta name=\"twitter:label3\" content=\"Written by\" \/>\n\t<meta name=\"twitter:data3\" content=\"Eugen Coroianu\" \/>\n<script type=\"application\/ld+json\" class=\"yoast-schema-graph\">{\"@context\":\"https:\\\/\\\/schema.org\",\"@graph\":[{\"@type\":\"Article\",\"@id\":\"https:\\\/\\\/www.rri.ro\\\/de\\\/aktuell\\\/rri-aktuell\\\/aufruf-des-rumaenischen-praesidenten-2-id461432.html#article\",\"isPartOf\":{\"@id\":\"https:\\\/\\\/www.rri.ro\\\/de\\\/aktuell\\\/rri-aktuell\\\/aufruf-des-rumaenischen-praesidenten-2-id461432.html\"},\"author\":{\"name\":\"Eugen Coroianu\",\"@id\":\"https:\\\/\\\/www.rri.ro\\\/#\\\/schema\\\/person\\\/5d5d5bd8eec0e962a50aaf3b0f6919c4\"},\"headline\":\"Aufruf des rum\u00e4nischen Pr\u00e4sidenten\",\"datePublished\":\"2020-03-25T12:48:00+00:00\",\"dateModified\":\"2024-02-19T18:53:50+00:00\",\"mainEntityOfPage\":{\"@id\":\"https:\\\/\\\/www.rri.ro\\\/de\\\/aktuell\\\/rri-aktuell\\\/aufruf-des-rumaenischen-praesidenten-2-id461432.html\"},\"wordCount\":523,\"image\":{\"@id\":\"https:\\\/\\\/www.rri.ro\\\/de\\\/aktuell\\\/rri-aktuell\\\/aufruf-des-rumaenischen-praesidenten-2-id461432.html#primaryimage\"},\"thumbnailUrl\":\"https:\\\/\\\/www.rri.ro\\\/wp-content\\\/uploads\\\/2023\\\/10\\\/klaus-iohannis-videoconferinta20martie2020-foto-presidency.png\",\"keywords\":[\"\u00c4rzte\",\"coronavirus\",\"Empfehlungen\",\"EU\",\"Klaus Iohannis\",\"Regeln\",\"Rentner\"],\"articleSection\":[\"RRI Aktuell\"],\"inLanguage\":\"de\"},{\"@type\":\"WebPage\",\"@id\":\"https:\\\/\\\/www.rri.ro\\\/de\\\/aktuell\\\/rri-aktuell\\\/aufruf-des-rumaenischen-praesidenten-2-id461432.html\",\"url\":\"https:\\\/\\\/www.rri.ro\\\/de\\\/aktuell\\\/rri-aktuell\\\/aufruf-des-rumaenischen-praesidenten-2-id461432.html\",\"name\":\"Aufruf des rum\u00e4nischen Pr\u00e4sidenten - Radio Rum\u00e4nien International\",\"isPartOf\":{\"@id\":\"https:\\\/\\\/www.rri.ro\\\/#website\"},\"primaryImageOfPage\":{\"@id\":\"https:\\\/\\\/www.rri.ro\\\/de\\\/aktuell\\\/rri-aktuell\\\/aufruf-des-rumaenischen-praesidenten-2-id461432.html#primaryimage\"},\"image\":{\"@id\":\"https:\\\/\\\/www.rri.ro\\\/de\\\/aktuell\\\/rri-aktuell\\\/aufruf-des-rumaenischen-praesidenten-2-id461432.html#primaryimage\"},\"thumbnailUrl\":\"https:\\\/\\\/www.rri.ro\\\/wp-content\\\/uploads\\\/2023\\\/10\\\/klaus-iohannis-videoconferinta20martie2020-foto-presidency.png\",\"datePublished\":\"2020-03-25T12:48:00+00:00\",\"dateModified\":\"2024-02-19T18:53:50+00:00\",\"author\":{\"@id\":\"https:\\\/\\\/www.rri.ro\\\/#\\\/schema\\\/person\\\/5d5d5bd8eec0e962a50aaf3b0f6919c4\"},\"breadcrumb\":{\"@id\":\"https:\\\/\\\/www.rri.ro\\\/de\\\/aktuell\\\/rri-aktuell\\\/aufruf-des-rumaenischen-praesidenten-2-id461432.html#breadcrumb\"},\"inLanguage\":\"de\",\"potentialAction\":[{\"@type\":\"ReadAction\",\"target\":[\"https:\\\/\\\/www.rri.ro\\\/de\\\/aktuell\\\/rri-aktuell\\\/aufruf-des-rumaenischen-praesidenten-2-id461432.html\"]}]},{\"@type\":\"ImageObject\",\"inLanguage\":\"de\",\"@id\":\"https:\\\/\\\/www.rri.ro\\\/de\\\/aktuell\\\/rri-aktuell\\\/aufruf-des-rumaenischen-praesidenten-2-id461432.html#primaryimage\",\"url\":\"https:\\\/\\\/www.rri.ro\\\/wp-content\\\/uploads\\\/2023\\\/10\\\/klaus-iohannis-videoconferinta20martie2020-foto-presidency.png\",\"contentUrl\":\"https:\\\/\\\/www.rri.ro\\\/wp-content\\\/uploads\\\/2023\\\/10\\\/klaus-iohannis-videoconferinta20martie2020-foto-presidency.png\",\"width\":640,\"height\":426},{\"@type\":\"BreadcrumbList\",\"@id\":\"https:\\\/\\\/www.rri.ro\\\/de\\\/aktuell\\\/rri-aktuell\\\/aufruf-des-rumaenischen-praesidenten-2-id461432.html#breadcrumb\",\"itemListElement\":[{\"@type\":\"ListItem\",\"position\":1,\"name\":\"Startseite\",\"item\":\"https:\\\/\\\/www.rri.ro\\\/de\"},{\"@type\":\"ListItem\",\"position\":2,\"name\":\"Aktuell\",\"item\":\"https:\\\/\\\/www.rri.ro\\\/de\\\/aktuell\"},{\"@type\":\"ListItem\",\"position\":3,\"name\":\"RRI Aktuell\",\"item\":\"https:\\\/\\\/www.rri.ro\\\/de\\\/aktuell\\\/rri-aktuell\"},{\"@type\":\"ListItem\",\"position\":4,\"name\":\"Aufruf des rum\u00e4nischen Pr\u00e4sidenten\"}]},{\"@type\":\"WebSite\",\"@id\":\"https:\\\/\\\/www.rri.ro\\\/#website\",\"url\":\"https:\\\/\\\/www.rri.ro\\\/\",\"name\":\"Radio Rum\u00e4nien International\",\"description\":\"Totul despre Rom\u00e2nia \u015fi rom\u00e2ni, \u00een 13 limbi\\\/dialecte!\",\"inLanguage\":\"de\"},{\"@type\":\"Person\",\"@id\":\"https:\\\/\\\/www.rri.ro\\\/#\\\/schema\\\/person\\\/5d5d5bd8eec0e962a50aaf3b0f6919c4\",\"name\":\"Eugen Coroianu\",\"url\":\"https:\\\/\\\/www.rri.ro\\\/de\\\/author\\\/eugen-coroianu\"}]}<\/script>\n<!-- \/ Yoast SEO plugin. -->","yoast_head_json":{"title":"Aufruf des rum\u00e4nischen Pr\u00e4sidenten - Radio Rum\u00e4nien International","robots":{"index":"index","follow":"follow","max-snippet":"max-snippet:-1","max-image-preview":"max-image-preview:large","max-video-preview":"max-video-preview:-1"},"canonical":"https:\/\/www.rri.ro\/de\/aktuell\/rri-aktuell\/aufruf-des-rumaenischen-praesidenten-2-id461432.html","og_locale":"de_DE","og_type":"article","og_title":"Aufruf des rum\u00e4nischen Pr\u00e4sidenten - Radio Rum\u00e4nien International","og_description":"Pr\u00e4sident Klaus Iohannis fordert die B\u00fcrger zu verantwortungsbewusstem und solidarischem Handeln auf.","og_url":"https:\/\/www.rri.ro\/de\/aktuell\/rri-aktuell\/aufruf-des-rumaenischen-praesidenten-2-id461432.html","og_site_name":"Radio Rum\u00e4nien International","article_published_time":"2020-03-25T12:48:00+00:00","article_modified_time":"2024-02-19T18:53:50+00:00","og_image":[{"width":640,"height":426,"url":"https:\/\/www.rri.ro\/wp-content\/uploads\/2023\/10\/klaus-iohannis-videoconferinta20martie2020-foto-presidency.png","type":"image\/png"}],"author":"Eugen Coroianu","twitter_card":"summary_large_image","twitter_misc":{"Verfasst von":"Eugen Coroianu","Gesch\u00e4tzte Lesezeit":"3\u00a0Minuten","Written by":"Eugen Coroianu"},"schema":{"@context":"https:\/\/schema.org","@graph":[{"@type":"Article","@id":"https:\/\/www.rri.ro\/de\/aktuell\/rri-aktuell\/aufruf-des-rumaenischen-praesidenten-2-id461432.html#article","isPartOf":{"@id":"https:\/\/www.rri.ro\/de\/aktuell\/rri-aktuell\/aufruf-des-rumaenischen-praesidenten-2-id461432.html"},"author":{"name":"Eugen Coroianu","@id":"https:\/\/www.rri.ro\/#\/schema\/person\/5d5d5bd8eec0e962a50aaf3b0f6919c4"},"headline":"Aufruf des rum\u00e4nischen Pr\u00e4sidenten","datePublished":"2020-03-25T12:48:00+00:00","dateModified":"2024-02-19T18:53:50+00:00","mainEntityOfPage":{"@id":"https:\/\/www.rri.ro\/de\/aktuell\/rri-aktuell\/aufruf-des-rumaenischen-praesidenten-2-id461432.html"},"wordCount":523,"image":{"@id":"https:\/\/www.rri.ro\/de\/aktuell\/rri-aktuell\/aufruf-des-rumaenischen-praesidenten-2-id461432.html#primaryimage"},"thumbnailUrl":"https:\/\/www.rri.ro\/wp-content\/uploads\/2023\/10\/klaus-iohannis-videoconferinta20martie2020-foto-presidency.png","keywords":["\u00c4rzte","coronavirus","Empfehlungen","EU","Klaus Iohannis","Regeln","Rentner"],"articleSection":["RRI Aktuell"],"inLanguage":"de"},{"@type":"WebPage","@id":"https:\/\/www.rri.ro\/de\/aktuell\/rri-aktuell\/aufruf-des-rumaenischen-praesidenten-2-id461432.html","url":"https:\/\/www.rri.ro\/de\/aktuell\/rri-aktuell\/aufruf-des-rumaenischen-praesidenten-2-id461432.html","name":"Aufruf des rum\u00e4nischen Pr\u00e4sidenten - Radio Rum\u00e4nien International","isPartOf":{"@id":"https:\/\/www.rri.ro\/#website"},"primaryImageOfPage":{"@id":"https:\/\/www.rri.ro\/de\/aktuell\/rri-aktuell\/aufruf-des-rumaenischen-praesidenten-2-id461432.html#primaryimage"},"image":{"@id":"https:\/\/www.rri.ro\/de\/aktuell\/rri-aktuell\/aufruf-des-rumaenischen-praesidenten-2-id461432.html#primaryimage"},"thumbnailUrl":"https:\/\/www.rri.ro\/wp-content\/uploads\/2023\/10\/klaus-iohannis-videoconferinta20martie2020-foto-presidency.png","datePublished":"2020-03-25T12:48:00+00:00","dateModified":"2024-02-19T18:53:50+00:00","author":{"@id":"https:\/\/www.rri.ro\/#\/schema\/person\/5d5d5bd8eec0e962a50aaf3b0f6919c4"},"breadcrumb":{"@id":"https:\/\/www.rri.ro\/de\/aktuell\/rri-aktuell\/aufruf-des-rumaenischen-praesidenten-2-id461432.html#breadcrumb"},"inLanguage":"de","potentialAction":[{"@type":"ReadAction","target":["https:\/\/www.rri.ro\/de\/aktuell\/rri-aktuell\/aufruf-des-rumaenischen-praesidenten-2-id461432.html"]}]},{"@type":"ImageObject","inLanguage":"de","@id":"https:\/\/www.rri.ro\/de\/aktuell\/rri-aktuell\/aufruf-des-rumaenischen-praesidenten-2-id461432.html#primaryimage","url":"https:\/\/www.rri.ro\/wp-content\/uploads\/2023\/10\/klaus-iohannis-videoconferinta20martie2020-foto-presidency.png","contentUrl":"https:\/\/www.rri.ro\/wp-content\/uploads\/2023\/10\/klaus-iohannis-videoconferinta20martie2020-foto-presidency.png","width":640,"height":426},{"@type":"BreadcrumbList","@id":"https:\/\/www.rri.ro\/de\/aktuell\/rri-aktuell\/aufruf-des-rumaenischen-praesidenten-2-id461432.html#breadcrumb","itemListElement":[{"@type":"ListItem","position":1,"name":"Startseite","item":"https:\/\/www.rri.ro\/de"},{"@type":"ListItem","position":2,"name":"Aktuell","item":"https:\/\/www.rri.ro\/de\/aktuell"},{"@type":"ListItem","position":3,"name":"RRI Aktuell","item":"https:\/\/www.rri.ro\/de\/aktuell\/rri-aktuell"},{"@type":"ListItem","position":4,"name":"Aufruf des rum\u00e4nischen Pr\u00e4sidenten"}]},{"@type":"WebSite","@id":"https:\/\/www.rri.ro\/#website","url":"https:\/\/www.rri.ro\/","name":"Radio Rum\u00e4nien International","description":"Totul despre Rom\u00e2nia \u015fi rom\u00e2ni, \u00een 13 limbi\/dialecte!","inLanguage":"de"},{"@type":"Person","@id":"https:\/\/www.rri.ro\/#\/schema\/person\/5d5d5bd8eec0e962a50aaf3b0f6919c4","name":"Eugen Coroianu","url":"https:\/\/www.rri.ro\/de\/author\/eugen-coroianu"}]}},"_links":{"self":[{"href":"https:\/\/www.rri.ro\/de\/wp-json\/wp\/v2\/posts\/461432","targetHints":{"allow":["GET"]}}],"collection":[{"href":"https:\/\/www.rri.ro\/de\/wp-json\/wp\/v2\/posts"}],"about":[{"href":"https:\/\/www.rri.ro\/de\/wp-json\/wp\/v2\/types\/post"}],"author":[{"embeddable":true,"href":"https:\/\/www.rri.ro\/de\/wp-json\/wp\/v2\/users\/104"}],"replies":[{"embeddable":true,"href":"https:\/\/www.rri.ro\/de\/wp-json\/wp\/v2\/comments?post=461432"}],"version-history":[{"count":0,"href":"https:\/\/www.rri.ro\/de\/wp-json\/wp\/v2\/posts\/461432\/revisions"}],"wp:featuredmedia":[{"embeddable":true,"href":"https:\/\/www.rri.ro\/de\/wp-json\/wp\/v2\/media\/85156"}],"wp:attachment":[{"href":"https:\/\/www.rri.ro\/de\/wp-json\/wp\/v2\/media?parent=461432"}],"wp:term":[{"taxonomy":"category","embeddable":true,"href":"https:\/\/www.rri.ro\/de\/wp-json\/wp\/v2\/categories?post=461432"},{"taxonomy":"post_tag","embeddable":true,"href":"https:\/\/www.rri.ro\/de\/wp-json\/wp\/v2\/tags?post=461432"},{"taxonomy":"author","embeddable":true,"href":"https:\/\/www.rri.ro\/de\/wp-json\/wp\/v2\/coauthors?post=461432"}],"curies":[{"name":"wp","href":"https:\/\/api.w.org\/{rel}","templated":true}]}}