{"id":461483,"date":"2020-05-13T15:20:00","date_gmt":"2020-05-13T12:20:00","guid":{"rendered":"http:\/\/devrri.freshlemon.ro\/aktuell\/mehr-als-1-000-menschen-wegen-covid-19-in-rumaenien-gestorben-id461483.html"},"modified":"2024-02-19T20:54:34","modified_gmt":"2024-02-19T18:54:34","slug":"mehr-als-1-000-menschen-wegen-covid-19-in-rumaenien-gestorben","status":"publish","type":"post","link":"https:\/\/www.rri.ro\/de\/aktuell\/rri-aktuell\/mehr-als-1-000-menschen-wegen-covid-19-in-rumaenien-gestorben-id461483.html","title":{"rendered":"Mehr als 1.000 Menschen wegen COVID-19 in Rum\u00e4nien gestorben"},"content":{"rendered":"<p>Laut den statistischen Daten ist Rum\u00e4nien das mittel- und osteurop\u00e4ische Land mit der h\u00f6chsten Zahl von Covid-19-Toten. Gem\u00e4\u200e\u00df der Gruppe f\u00fcr strategische Kommunikation, die t\u00e4glich die neuen \u00f6ffentlichen Zahlen bekannt macht, sind seit Best\u00e4tigung des ersten Covid-19-Falles, Ende Februar, ca. 16.000 Menschen landesweit daran erkrankt. Die gute Nachricht ist, dass ca. die H\u00e4lfte davon wieder genesen ist. Seit mehr als zwei Wochen hat sich die Zahl der Erkrankten auf 7.300-7.500 eingependelt. Mehr noch, die Zahl der Genesenen n\u00e4hrt sich, ja \u00fcberschreitet sogar in manchen Tag die der Neuerkrankten. Aber die Zahl der mit Sars-CoV-2 infizierten, die Intensivtherapie ben\u00f6tigen ist konstant geblieben. Es sind t\u00e4glich ca. 250 Patienten. Bis heute sind landesweit ca. 270 Tests durchgef\u00fchrt worden.<\/p>\n<p>&#13;<br \/>\n&#13;<\/p>\n<p>&#13;<br \/>\n&#13;<\/p>\n<p>Von den im Ausland lebenden Rum\u00e4nien sind etwa 3.000 rum\u00e4nische B\u00fcrger mit dem neuen Coronavirus infiziert, geht aus den von den diplomatischen und konsularischen Vertretungen Rum\u00e4niens im Ausland erhobenen Daten hervor. Mehr als die H\u00e4lfte dieser F\u00e4lle wurde in Italien verzeichnet, viele auch in Spanien und Deutschland. Seit Beginn der Pandemie sind \u00fcber 100 im Ausland lebende rum\u00e4nische Staatsb\u00fcrger gestorben, die meisten davon in Gro\u200e\u00dfbritannien, Italien und Frankreich.<\/p>\n<p>&#13;<br \/>\n&#13;<\/p>\n<p>&#13;<br \/>\n&#13;<\/p>\n<p>Einige Experten sagen, dass die Ansteckungsrate mit COVID-19 f\u00fcr M\u00e4nner, Frauen und Kinder gleich hoch ist, aber ihre Reaktion auf die Infektion sehr unterschiedlich ausf\u00e4llt. Am anf\u00e4lligsten gegen\u00fcber dem neuen Coronavirus sind alte Menschen und Menschen mit chronischen Krankheiten. Nach Angaben der Weltgesundheitsorganisation (WHO) sind am meisten \u00e4ltere Menschen gef\u00e4hrdet, die an Herz-Kreislauf-Erkrankungen, Diabetes, Bluthochdruck, Erkrankungen der Atemwege und Krebs leiden. Die durch das neue Coronavirus verursachten Komplikationen an den Lungen haben mehr M\u00e4nner get\u00f6tet, so die WHO. Kinder geh\u00f6ren anscheinend nicht zu den Gef\u00e4hrdeten.<\/p>\n<p>&#13;<br \/>\n&#13;<\/p>\n<p>&#13;<br \/>\n&#13;<\/p>\n<p>In Rum\u00e4nien galt f\u00fcr zwei Monate der Notstand, diesem soll nun ein Alarmzustand folgen. Das bedeutet, dass die strengen Einschr\u00e4nkungen etwas gelockert werden. Die Beh\u00f6rden haben jedoch mitgeteilt, dass weiterhin Ma\u200e\u00dfnahmen zur Bek\u00e4mpfung der Ausbreitung von COVID-19 erforderlich sind. Daher m\u00fcssen ab Freitag, dem 15. Mai, in \u00f6ffentlichen R\u00e4umen und in \u00f6ffentlichen Verkehrsmitteln Gesichtsmasken getragen werden. W\u00e4hrend des Alarmzustands brauchen Rum\u00e4nen keine unterzeichnete Erkl\u00e4rung mehr, in der sie den genauen Grund angeben, warum sie ihre Wohnung verlassen, doch sie brauchen weiterhin eine, um ihren Wohnort zu verlassen.<\/p>\n<p>&#13;<\/p>\n","protected":false},"excerpt":{"rendered":"<p>Bis zum 22. M\u00e4rz sind in Rum\u00e4nien \u00fcber 1.000 Menschen mit COVID-19 gestorben.<\/p>\n","protected":false},"author":107,"featured_media":85731,"comment_status":"closed","ping_status":"closed","sticky":false,"template":"","format":"standard","meta":{"_acf_changed":false,"footnotes":""},"categories":[99583],"tags":[105027,35374,104950],"coauthors":[],"class_list":["post-461483","post","type-post","status-publish","format-standard","has-post-thumbnail","hentry","category-rri-aktuell","tag-alarmzustand","tag-covid-19","tag-notstand"],"acf":[],"yoast_head":"<!-- This site is optimized with the Yoast SEO plugin v27.3 - https:\/\/yoast.com\/product\/yoast-seo-wordpress\/ -->\n<title>Mehr als 1.000 Menschen wegen COVID-19 in Rum\u00e4nien gestorben - Radio Rum\u00e4nien International<\/title>\n<meta name=\"robots\" content=\"index, follow, max-snippet:-1, max-image-preview:large, max-video-preview:-1\" \/>\n<link rel=\"canonical\" href=\"https:\/\/www.rri.ro\/de\/aktuell\/rri-aktuell\/mehr-als-1-000-menschen-wegen-covid-19-in-rumaenien-gestorben-id461483.html\" \/>\n<meta property=\"og:locale\" content=\"de_DE\" \/>\n<meta property=\"og:type\" content=\"article\" \/>\n<meta property=\"og:title\" content=\"Mehr als 1.000 Menschen wegen COVID-19 in Rum\u00e4nien gestorben - Radio Rum\u00e4nien International\" \/>\n<meta property=\"og:description\" content=\"Bis zum 22. M\u00e4rz sind in Rum\u00e4nien \u00fcber 1.000 Menschen mit COVID-19 gestorben.\" \/>\n<meta property=\"og:url\" content=\"https:\/\/www.rri.ro\/de\/aktuell\/rri-aktuell\/mehr-als-1-000-menschen-wegen-covid-19-in-rumaenien-gestorben-id461483.html\" \/>\n<meta property=\"og:site_name\" content=\"Radio Rum\u00e4nien International\" \/>\n<meta property=\"article:published_time\" content=\"2020-05-13T12:20:00+00:00\" \/>\n<meta property=\"article:modified_time\" content=\"2024-02-19T18:54:34+00:00\" \/>\n<meta property=\"og:image\" content=\"https:\/\/www.rri.ro\/wp-content\/uploads\/2023\/10\/coronavirus-izoleta-infectare-pacient-foto-isu-timis.png\" \/>\n\t<meta property=\"og:image:width\" content=\"640\" \/>\n\t<meta property=\"og:image:height\" content=\"427\" \/>\n\t<meta property=\"og:image:type\" content=\"image\/png\" \/>\n<meta name=\"author\" content=\"Daniela Budu\" \/>\n<meta name=\"twitter:card\" content=\"summary_large_image\" \/>\n<meta name=\"twitter:label1\" content=\"Verfasst von\" \/>\n\t<meta name=\"twitter:data1\" content=\"Daniela Budu\" \/>\n\t<meta name=\"twitter:label2\" content=\"Gesch\u00e4tzte Lesezeit\" \/>\n\t<meta name=\"twitter:data2\" content=\"2\u00a0Minuten\" \/>\n\t<meta name=\"twitter:label3\" content=\"Written by\" \/>\n\t<meta name=\"twitter:data3\" content=\"Daniela Budu\" \/>\n<script type=\"application\/ld+json\" class=\"yoast-schema-graph\">{\"@context\":\"https:\\\/\\\/schema.org\",\"@graph\":[{\"@type\":\"Article\",\"@id\":\"https:\\\/\\\/www.rri.ro\\\/de\\\/aktuell\\\/rri-aktuell\\\/mehr-als-1-000-menschen-wegen-covid-19-in-rumaenien-gestorben-id461483.html#article\",\"isPartOf\":{\"@id\":\"https:\\\/\\\/www.rri.ro\\\/de\\\/aktuell\\\/rri-aktuell\\\/mehr-als-1-000-menschen-wegen-covid-19-in-rumaenien-gestorben-id461483.html\"},\"author\":{\"name\":\"Daniela Budu\",\"@id\":\"https:\\\/\\\/www.rri.ro\\\/#\\\/schema\\\/person\\\/b46b8f80d7d6e4b5ac9f14f0acbad0c4\"},\"headline\":\"Mehr als 1.000 Menschen wegen COVID-19 in Rum\u00e4nien gestorben\",\"datePublished\":\"2020-05-13T12:20:00+00:00\",\"dateModified\":\"2024-02-19T18:54:34+00:00\",\"mainEntityOfPage\":{\"@id\":\"https:\\\/\\\/www.rri.ro\\\/de\\\/aktuell\\\/rri-aktuell\\\/mehr-als-1-000-menschen-wegen-covid-19-in-rumaenien-gestorben-id461483.html\"},\"wordCount\":402,\"image\":{\"@id\":\"https:\\\/\\\/www.rri.ro\\\/de\\\/aktuell\\\/rri-aktuell\\\/mehr-als-1-000-menschen-wegen-covid-19-in-rumaenien-gestorben-id461483.html#primaryimage\"},\"thumbnailUrl\":\"https:\\\/\\\/www.rri.ro\\\/wp-content\\\/uploads\\\/2023\\\/10\\\/coronavirus-izoleta-infectare-pacient-foto-isu-timis.png\",\"keywords\":[\"Alarmzustand\",\"Covid-19\",\"Notstand\"],\"articleSection\":[\"RRI Aktuell\"],\"inLanguage\":\"de\"},{\"@type\":\"WebPage\",\"@id\":\"https:\\\/\\\/www.rri.ro\\\/de\\\/aktuell\\\/rri-aktuell\\\/mehr-als-1-000-menschen-wegen-covid-19-in-rumaenien-gestorben-id461483.html\",\"url\":\"https:\\\/\\\/www.rri.ro\\\/de\\\/aktuell\\\/rri-aktuell\\\/mehr-als-1-000-menschen-wegen-covid-19-in-rumaenien-gestorben-id461483.html\",\"name\":\"Mehr als 1.000 Menschen wegen COVID-19 in Rum\u00e4nien gestorben - Radio Rum\u00e4nien International\",\"isPartOf\":{\"@id\":\"https:\\\/\\\/www.rri.ro\\\/#website\"},\"primaryImageOfPage\":{\"@id\":\"https:\\\/\\\/www.rri.ro\\\/de\\\/aktuell\\\/rri-aktuell\\\/mehr-als-1-000-menschen-wegen-covid-19-in-rumaenien-gestorben-id461483.html#primaryimage\"},\"image\":{\"@id\":\"https:\\\/\\\/www.rri.ro\\\/de\\\/aktuell\\\/rri-aktuell\\\/mehr-als-1-000-menschen-wegen-covid-19-in-rumaenien-gestorben-id461483.html#primaryimage\"},\"thumbnailUrl\":\"https:\\\/\\\/www.rri.ro\\\/wp-content\\\/uploads\\\/2023\\\/10\\\/coronavirus-izoleta-infectare-pacient-foto-isu-timis.png\",\"datePublished\":\"2020-05-13T12:20:00+00:00\",\"dateModified\":\"2024-02-19T18:54:34+00:00\",\"author\":{\"@id\":\"https:\\\/\\\/www.rri.ro\\\/#\\\/schema\\\/person\\\/b46b8f80d7d6e4b5ac9f14f0acbad0c4\"},\"breadcrumb\":{\"@id\":\"https:\\\/\\\/www.rri.ro\\\/de\\\/aktuell\\\/rri-aktuell\\\/mehr-als-1-000-menschen-wegen-covid-19-in-rumaenien-gestorben-id461483.html#breadcrumb\"},\"inLanguage\":\"de\",\"potentialAction\":[{\"@type\":\"ReadAction\",\"target\":[\"https:\\\/\\\/www.rri.ro\\\/de\\\/aktuell\\\/rri-aktuell\\\/mehr-als-1-000-menschen-wegen-covid-19-in-rumaenien-gestorben-id461483.html\"]}]},{\"@type\":\"ImageObject\",\"inLanguage\":\"de\",\"@id\":\"https:\\\/\\\/www.rri.ro\\\/de\\\/aktuell\\\/rri-aktuell\\\/mehr-als-1-000-menschen-wegen-covid-19-in-rumaenien-gestorben-id461483.html#primaryimage\",\"url\":\"https:\\\/\\\/www.rri.ro\\\/wp-content\\\/uploads\\\/2023\\\/10\\\/coronavirus-izoleta-infectare-pacient-foto-isu-timis.png\",\"contentUrl\":\"https:\\\/\\\/www.rri.ro\\\/wp-content\\\/uploads\\\/2023\\\/10\\\/coronavirus-izoleta-infectare-pacient-foto-isu-timis.png\",\"width\":640,\"height\":427},{\"@type\":\"BreadcrumbList\",\"@id\":\"https:\\\/\\\/www.rri.ro\\\/de\\\/aktuell\\\/rri-aktuell\\\/mehr-als-1-000-menschen-wegen-covid-19-in-rumaenien-gestorben-id461483.html#breadcrumb\",\"itemListElement\":[{\"@type\":\"ListItem\",\"position\":1,\"name\":\"Startseite\",\"item\":\"https:\\\/\\\/www.rri.ro\\\/de\"},{\"@type\":\"ListItem\",\"position\":2,\"name\":\"Aktuell\",\"item\":\"https:\\\/\\\/www.rri.ro\\\/de\\\/aktuell\"},{\"@type\":\"ListItem\",\"position\":3,\"name\":\"RRI Aktuell\",\"item\":\"https:\\\/\\\/www.rri.ro\\\/de\\\/aktuell\\\/rri-aktuell\"},{\"@type\":\"ListItem\",\"position\":4,\"name\":\"Mehr als 1.000 Menschen wegen COVID-19 in Rum\u00e4nien gestorben\"}]},{\"@type\":\"WebSite\",\"@id\":\"https:\\\/\\\/www.rri.ro\\\/#website\",\"url\":\"https:\\\/\\\/www.rri.ro\\\/\",\"name\":\"Radio Rum\u00e4nien International\",\"description\":\"Totul despre Rom\u00e2nia \u015fi rom\u00e2ni, \u00een 13 limbi\\\/dialecte!\",\"inLanguage\":\"de\"},{\"@type\":\"Person\",\"@id\":\"https:\\\/\\\/www.rri.ro\\\/#\\\/schema\\\/person\\\/b46b8f80d7d6e4b5ac9f14f0acbad0c4\",\"name\":\"Daniela Budu\",\"url\":\"https:\\\/\\\/www.rri.ro\\\/de\\\/author\\\/daniela-budu\"}]}<\/script>\n<!-- \/ Yoast SEO plugin. -->","yoast_head_json":{"title":"Mehr als 1.000 Menschen wegen COVID-19 in Rum\u00e4nien gestorben - Radio Rum\u00e4nien International","robots":{"index":"index","follow":"follow","max-snippet":"max-snippet:-1","max-image-preview":"max-image-preview:large","max-video-preview":"max-video-preview:-1"},"canonical":"https:\/\/www.rri.ro\/de\/aktuell\/rri-aktuell\/mehr-als-1-000-menschen-wegen-covid-19-in-rumaenien-gestorben-id461483.html","og_locale":"de_DE","og_type":"article","og_title":"Mehr als 1.000 Menschen wegen COVID-19 in Rum\u00e4nien gestorben - Radio Rum\u00e4nien International","og_description":"Bis zum 22. M\u00e4rz sind in Rum\u00e4nien \u00fcber 1.000 Menschen mit COVID-19 gestorben.","og_url":"https:\/\/www.rri.ro\/de\/aktuell\/rri-aktuell\/mehr-als-1-000-menschen-wegen-covid-19-in-rumaenien-gestorben-id461483.html","og_site_name":"Radio Rum\u00e4nien International","article_published_time":"2020-05-13T12:20:00+00:00","article_modified_time":"2024-02-19T18:54:34+00:00","og_image":[{"width":640,"height":427,"url":"https:\/\/www.rri.ro\/wp-content\/uploads\/2023\/10\/coronavirus-izoleta-infectare-pacient-foto-isu-timis.png","type":"image\/png"}],"author":"Daniela Budu","twitter_card":"summary_large_image","twitter_misc":{"Verfasst von":"Daniela Budu","Gesch\u00e4tzte Lesezeit":"2\u00a0Minuten","Written by":"Daniela Budu"},"schema":{"@context":"https:\/\/schema.org","@graph":[{"@type":"Article","@id":"https:\/\/www.rri.ro\/de\/aktuell\/rri-aktuell\/mehr-als-1-000-menschen-wegen-covid-19-in-rumaenien-gestorben-id461483.html#article","isPartOf":{"@id":"https:\/\/www.rri.ro\/de\/aktuell\/rri-aktuell\/mehr-als-1-000-menschen-wegen-covid-19-in-rumaenien-gestorben-id461483.html"},"author":{"name":"Daniela Budu","@id":"https:\/\/www.rri.ro\/#\/schema\/person\/b46b8f80d7d6e4b5ac9f14f0acbad0c4"},"headline":"Mehr als 1.000 Menschen wegen COVID-19 in Rum\u00e4nien gestorben","datePublished":"2020-05-13T12:20:00+00:00","dateModified":"2024-02-19T18:54:34+00:00","mainEntityOfPage":{"@id":"https:\/\/www.rri.ro\/de\/aktuell\/rri-aktuell\/mehr-als-1-000-menschen-wegen-covid-19-in-rumaenien-gestorben-id461483.html"},"wordCount":402,"image":{"@id":"https:\/\/www.rri.ro\/de\/aktuell\/rri-aktuell\/mehr-als-1-000-menschen-wegen-covid-19-in-rumaenien-gestorben-id461483.html#primaryimage"},"thumbnailUrl":"https:\/\/www.rri.ro\/wp-content\/uploads\/2023\/10\/coronavirus-izoleta-infectare-pacient-foto-isu-timis.png","keywords":["Alarmzustand","Covid-19","Notstand"],"articleSection":["RRI Aktuell"],"inLanguage":"de"},{"@type":"WebPage","@id":"https:\/\/www.rri.ro\/de\/aktuell\/rri-aktuell\/mehr-als-1-000-menschen-wegen-covid-19-in-rumaenien-gestorben-id461483.html","url":"https:\/\/www.rri.ro\/de\/aktuell\/rri-aktuell\/mehr-als-1-000-menschen-wegen-covid-19-in-rumaenien-gestorben-id461483.html","name":"Mehr als 1.000 Menschen wegen COVID-19 in Rum\u00e4nien gestorben - Radio Rum\u00e4nien International","isPartOf":{"@id":"https:\/\/www.rri.ro\/#website"},"primaryImageOfPage":{"@id":"https:\/\/www.rri.ro\/de\/aktuell\/rri-aktuell\/mehr-als-1-000-menschen-wegen-covid-19-in-rumaenien-gestorben-id461483.html#primaryimage"},"image":{"@id":"https:\/\/www.rri.ro\/de\/aktuell\/rri-aktuell\/mehr-als-1-000-menschen-wegen-covid-19-in-rumaenien-gestorben-id461483.html#primaryimage"},"thumbnailUrl":"https:\/\/www.rri.ro\/wp-content\/uploads\/2023\/10\/coronavirus-izoleta-infectare-pacient-foto-isu-timis.png","datePublished":"2020-05-13T12:20:00+00:00","dateModified":"2024-02-19T18:54:34+00:00","author":{"@id":"https:\/\/www.rri.ro\/#\/schema\/person\/b46b8f80d7d6e4b5ac9f14f0acbad0c4"},"breadcrumb":{"@id":"https:\/\/www.rri.ro\/de\/aktuell\/rri-aktuell\/mehr-als-1-000-menschen-wegen-covid-19-in-rumaenien-gestorben-id461483.html#breadcrumb"},"inLanguage":"de","potentialAction":[{"@type":"ReadAction","target":["https:\/\/www.rri.ro\/de\/aktuell\/rri-aktuell\/mehr-als-1-000-menschen-wegen-covid-19-in-rumaenien-gestorben-id461483.html"]}]},{"@type":"ImageObject","inLanguage":"de","@id":"https:\/\/www.rri.ro\/de\/aktuell\/rri-aktuell\/mehr-als-1-000-menschen-wegen-covid-19-in-rumaenien-gestorben-id461483.html#primaryimage","url":"https:\/\/www.rri.ro\/wp-content\/uploads\/2023\/10\/coronavirus-izoleta-infectare-pacient-foto-isu-timis.png","contentUrl":"https:\/\/www.rri.ro\/wp-content\/uploads\/2023\/10\/coronavirus-izoleta-infectare-pacient-foto-isu-timis.png","width":640,"height":427},{"@type":"BreadcrumbList","@id":"https:\/\/www.rri.ro\/de\/aktuell\/rri-aktuell\/mehr-als-1-000-menschen-wegen-covid-19-in-rumaenien-gestorben-id461483.html#breadcrumb","itemListElement":[{"@type":"ListItem","position":1,"name":"Startseite","item":"https:\/\/www.rri.ro\/de"},{"@type":"ListItem","position":2,"name":"Aktuell","item":"https:\/\/www.rri.ro\/de\/aktuell"},{"@type":"ListItem","position":3,"name":"RRI Aktuell","item":"https:\/\/www.rri.ro\/de\/aktuell\/rri-aktuell"},{"@type":"ListItem","position":4,"name":"Mehr als 1.000 Menschen wegen COVID-19 in Rum\u00e4nien gestorben"}]},{"@type":"WebSite","@id":"https:\/\/www.rri.ro\/#website","url":"https:\/\/www.rri.ro\/","name":"Radio Rum\u00e4nien International","description":"Totul despre Rom\u00e2nia \u015fi rom\u00e2ni, \u00een 13 limbi\/dialecte!","inLanguage":"de"},{"@type":"Person","@id":"https:\/\/www.rri.ro\/#\/schema\/person\/b46b8f80d7d6e4b5ac9f14f0acbad0c4","name":"Daniela Budu","url":"https:\/\/www.rri.ro\/de\/author\/daniela-budu"}]}},"_links":{"self":[{"href":"https:\/\/www.rri.ro\/de\/wp-json\/wp\/v2\/posts\/461483","targetHints":{"allow":["GET"]}}],"collection":[{"href":"https:\/\/www.rri.ro\/de\/wp-json\/wp\/v2\/posts"}],"about":[{"href":"https:\/\/www.rri.ro\/de\/wp-json\/wp\/v2\/types\/post"}],"author":[{"embeddable":true,"href":"https:\/\/www.rri.ro\/de\/wp-json\/wp\/v2\/users\/107"}],"replies":[{"embeddable":true,"href":"https:\/\/www.rri.ro\/de\/wp-json\/wp\/v2\/comments?post=461483"}],"version-history":[{"count":0,"href":"https:\/\/www.rri.ro\/de\/wp-json\/wp\/v2\/posts\/461483\/revisions"}],"wp:featuredmedia":[{"embeddable":true,"href":"https:\/\/www.rri.ro\/de\/wp-json\/wp\/v2\/media\/85731"}],"wp:attachment":[{"href":"https:\/\/www.rri.ro\/de\/wp-json\/wp\/v2\/media?parent=461483"}],"wp:term":[{"taxonomy":"category","embeddable":true,"href":"https:\/\/www.rri.ro\/de\/wp-json\/wp\/v2\/categories?post=461483"},{"taxonomy":"post_tag","embeddable":true,"href":"https:\/\/www.rri.ro\/de\/wp-json\/wp\/v2\/tags?post=461483"},{"taxonomy":"author","embeddable":true,"href":"https:\/\/www.rri.ro\/de\/wp-json\/wp\/v2\/coauthors?post=461483"}],"curies":[{"name":"wp","href":"https:\/\/api.w.org\/{rel}","templated":true}]}}