{"id":461508,"date":"2020-06-10T15:46:00","date_gmt":"2020-06-10T12:46:00","guid":{"rendered":"http:\/\/devrri.freshlemon.ro\/aktuell\/warnzustand-soll-in-rumaenien-verlaengert-werden-id461508.html"},"modified":"2024-02-19T20:58:56","modified_gmt":"2024-02-19T18:58:56","slug":"warnzustand-soll-in-rumaenien-verlaengert-werden","status":"publish","type":"post","link":"https:\/\/www.rri.ro\/de\/aktuell\/rri-aktuell\/warnzustand-soll-in-rumaenien-verlaengert-werden-id461508.html","title":{"rendered":"Warnzustand soll in Rum\u00e4nien verl\u00e4ngert werden"},"content":{"rendered":"<p>Nach einem Treffen mit Premierminister Ludovic Orban und mehreren Ministern k\u00fcndigte das rum\u00e4nische Staatsoberhaupt Klaus Iohannis am Dienstag neue Ma\u200e\u00dfnahmen zur Lockerung der Beschr\u00e4nkungen an, die zur Begrenzung der Ausbreitung des neuen Coronavirus verh\u00e4ngt worden waren. Der Pr\u00e4sident sagte, dass es nach dem 15. Juni m\u00f6glich sein wird, Einkaufszentren wieder zu \u00f6ffnen, jedoch ohne Restaurants und Spielpl\u00e4tze, sowie Fitnessr\u00e4ume und Freib\u00e4der, jedoch unter Einhaltung spezieller sanit\u00e4rer Vorschriften und strenger k\u00f6rperlicher Abstandsregeln. Auch private Veranstaltungen, jedoch nicht \u00f6ffentliche, werden m\u00f6glich sein, mit maximal 20 Teilnehmern, wenn sie in geschlossenen R\u00e4umen stattfinden, und 50, wenn sie im Freien stattfinden. Au\u200e\u00dferdem wird es zur Unterst\u00fctzung der Eltern, die w\u00e4hrend der Schulferien zur Arbeit gehen m\u00fcssen, m\u00f6glich sein, Horte, Kinderg\u00e4rten und private Kinderkrippen wieder zu er\u00f6ffnen.<\/p>\n<p>&#13;<br \/>\n&#13;<\/p>\n<p>&#13;<br \/>\n&#13;<\/p>\n<p>Nach Ansicht von Pr\u00e4sident Klaus Iohannis sind jedoch weiterhin Vorsichtsma\u200e\u00dfnahmen erforderlich. Der Warnzustand, so das Staatsoberhaupt, solle nach dessen Ablauf, Mitte dieses Monats, verl\u00e4ngert werden, da die Zahl der neuen Krankheiten nicht wesentlich zur\u00fcckgehe. Die Verl\u00e4ngerung des Warnzustands, der Mitte Mai nach Aufhebung des am 16. M\u00e4rz verh\u00e4ngten Notstands eingeleitet wurde, h\u00e4ngt jedoch von der Abstimmung der Legislative ab. Deshalb forderte der Pr\u00e4sident die Parlamentarier auf, der Verl\u00e4ngerung des Warnzustands zuzustimmen.<\/p>\n<p>&#13;<br \/>\n&#13;<\/p>\n<p>&#13;<br \/>\n&#13;<\/p>\n<p>Klaus Iohannis: <em>Verehrte Parlamentarier, seien Sie verantwortungsbewusst. Denken Sie daran, dass das Virus nicht mit einer Abstimmung im Parlament verschwindet, aber wenn Sie die Regierung unterst\u00fctzen, dann k\u00f6nnen wir diese Ausbreitung der Epidemie, wie bereits beweisen, wirksam kontrollieren. Wahrscheinlich haben sie eine sehr junge Studie eines renommierten Londoner Instituts gelesen. Diese besagt, dass wir ohne diese Ma\u200e\u00dfnahmen, die ergriffen wurden, in der Welt, insbesondere in Europa, Millionen von Toten gehabt h\u00e4tten. Die Tatsache, dass wir in Rum\u00e4nien diese Ma\u200e\u00dfnahmen rechtzeitig durchgesetzt haben, hat uns erm\u00f6glicht, die Ausbreitung der Epidemie so weit wie m\u00f6glich einzud\u00e4mmen.\u201c<\/em><\/p>\n<p>&#13;<br \/>\n&#13;<\/p>\n<p>&#13;<br \/>\n&#13;<\/p>\n<p>Die Ank\u00fcndigung des Pr\u00e4sidenten wurde von der um die PSD gebildete Opposition mit Kritik aufgenommen. Die Sozialdemokraten gaben durch die Stimme des Parteisprechers Lucian Roma\u0219canu bekannt, dass sie nicht f\u00fcr die Verl\u00e4ngerung des Warnzustands stimmen werden. <em>Der Vorschlag des Pr\u00e4sidenten ist inakzeptabel, zumindest was die Gr\u00fcnde betrifft, die er uns mitgeteilt hat. Diese werden von keinem Standpunkt der Wissenschaftler, der Epidemiologen unterst\u00fctzt.\u201c<\/em><\/p>\n<p>&#13;<br \/>\n&#13;<\/p>\n<p>&#13;<br \/>\n&#13;<\/p>\n<p>Die Partei Pro Rum\u00e4nien k\u00fcndigte auch an, dass ihre Parlamentarier nicht f\u00fcr die Verl\u00e4ngerung des Warnzustands stimmen werden, und die Union Rettet Rum\u00e4nien\u201c bedingt die Abstimmung durch die Vorlage klarer Daten \u00fcber die Entwicklung der epidemiologischen Situation. USR h\u00e4lt es f\u00fcr sinnvoller, den Warnzustand nur in den Orten einzuf\u00fchren, in denen das Risiko einer Infektion mit dem SARS-CoV-2-Virus besteht. <\/p>\n<p>&#13;<\/p>\n","protected":false},"excerpt":{"rendered":"<p>Der Pr\u00e4sident Rum\u00e4niens, Klaus Iohannis, erkl\u00e4rte, dass der Warnzustand verl\u00e4ngert werden m\u00fcsse, jedoch mit weniger Einschr\u00e4nkungen. Was wird ab dem 15. Juni erlaubt oder weiterhin untersagt sein?<\/p>\n","protected":false},"author":46,"featured_media":86040,"comment_status":"closed","ping_status":"closed","sticky":false,"template":"","format":"standard","meta":{"_acf_changed":false,"footnotes":""},"categories":[99583],"tags":[35339,102143,105021],"coauthors":[],"class_list":["post-461508","post","type-post","status-publish","format-standard","has-post-thumbnail","hentry","category-rri-aktuell","tag-coronavirus","tag-praesident-klaus-iohannis","tag-warnzustand"],"acf":[],"yoast_head":"<!-- This site is optimized with the Yoast SEO plugin v27.3 - https:\/\/yoast.com\/product\/yoast-seo-wordpress\/ -->\n<title>Warnzustand soll in Rum\u00e4nien verl\u00e4ngert werden - Radio Rum\u00e4nien International<\/title>\n<meta name=\"robots\" content=\"index, follow, max-snippet:-1, max-image-preview:large, max-video-preview:-1\" \/>\n<link rel=\"canonical\" href=\"https:\/\/www.rri.ro\/de\/aktuell\/rri-aktuell\/warnzustand-soll-in-rumaenien-verlaengert-werden-id461508.html\" \/>\n<meta property=\"og:locale\" content=\"de_DE\" \/>\n<meta property=\"og:type\" content=\"article\" \/>\n<meta property=\"og:title\" content=\"Warnzustand soll in Rum\u00e4nien verl\u00e4ngert werden - Radio Rum\u00e4nien International\" \/>\n<meta property=\"og:description\" content=\"Der Pr\u00e4sident Rum\u00e4niens, Klaus Iohannis, erkl\u00e4rte, dass der Warnzustand verl\u00e4ngert werden m\u00fcsse, jedoch mit weniger Einschr\u00e4nkungen. Was wird ab dem 15. Juni erlaubt oder weiterhin untersagt sein?\" \/>\n<meta property=\"og:url\" content=\"https:\/\/www.rri.ro\/de\/aktuell\/rri-aktuell\/warnzustand-soll-in-rumaenien-verlaengert-werden-id461508.html\" \/>\n<meta property=\"og:site_name\" content=\"Radio Rum\u00e4nien International\" \/>\n<meta property=\"article:published_time\" content=\"2020-06-10T12:46:00+00:00\" \/>\n<meta property=\"article:modified_time\" content=\"2024-02-19T18:58:56+00:00\" \/>\n<meta property=\"og:image\" content=\"https:\/\/www.rri.ro\/wp-content\/uploads\/2023\/10\/klaus-iohannis-declaratii-csat-foto-presidency.png\" \/>\n\t<meta property=\"og:image:width\" content=\"640\" \/>\n\t<meta property=\"og:image:height\" content=\"427\" \/>\n\t<meta property=\"og:image:type\" content=\"image\/png\" \/>\n<meta name=\"author\" content=\"Leyla Cheamil\" \/>\n<meta name=\"twitter:card\" content=\"summary_large_image\" \/>\n<meta name=\"twitter:label1\" content=\"Verfasst von\" \/>\n\t<meta name=\"twitter:data1\" content=\"Leyla Cheamil\" \/>\n\t<meta name=\"twitter:label2\" content=\"Gesch\u00e4tzte Lesezeit\" \/>\n\t<meta name=\"twitter:data2\" content=\"2\u00a0Minuten\" \/>\n\t<meta name=\"twitter:label3\" content=\"Written by\" \/>\n\t<meta name=\"twitter:data3\" content=\"Leyla Cheamil\" \/>\n<script type=\"application\/ld+json\" class=\"yoast-schema-graph\">{\"@context\":\"https:\\\/\\\/schema.org\",\"@graph\":[{\"@type\":\"Article\",\"@id\":\"https:\\\/\\\/www.rri.ro\\\/de\\\/aktuell\\\/rri-aktuell\\\/warnzustand-soll-in-rumaenien-verlaengert-werden-id461508.html#article\",\"isPartOf\":{\"@id\":\"https:\\\/\\\/www.rri.ro\\\/de\\\/aktuell\\\/rri-aktuell\\\/warnzustand-soll-in-rumaenien-verlaengert-werden-id461508.html\"},\"author\":{\"name\":\"Leyla Cheamil\",\"@id\":\"https:\\\/\\\/www.rri.ro\\\/#\\\/schema\\\/person\\\/e6364ed2d4b6af207a82ca66000d07e0\"},\"headline\":\"Warnzustand soll in Rum\u00e4nien verl\u00e4ngert werden\",\"datePublished\":\"2020-06-10T12:46:00+00:00\",\"dateModified\":\"2024-02-19T18:58:56+00:00\",\"mainEntityOfPage\":{\"@id\":\"https:\\\/\\\/www.rri.ro\\\/de\\\/aktuell\\\/rri-aktuell\\\/warnzustand-soll-in-rumaenien-verlaengert-werden-id461508.html\"},\"wordCount\":469,\"image\":{\"@id\":\"https:\\\/\\\/www.rri.ro\\\/de\\\/aktuell\\\/rri-aktuell\\\/warnzustand-soll-in-rumaenien-verlaengert-werden-id461508.html#primaryimage\"},\"thumbnailUrl\":\"https:\\\/\\\/www.rri.ro\\\/wp-content\\\/uploads\\\/2023\\\/10\\\/klaus-iohannis-declaratii-csat-foto-presidency.png\",\"keywords\":[\"coronavirus\",\"Pr\u00e4sident Klaus Iohannis\",\"Warnzustand\"],\"articleSection\":[\"RRI Aktuell\"],\"inLanguage\":\"de\"},{\"@type\":\"WebPage\",\"@id\":\"https:\\\/\\\/www.rri.ro\\\/de\\\/aktuell\\\/rri-aktuell\\\/warnzustand-soll-in-rumaenien-verlaengert-werden-id461508.html\",\"url\":\"https:\\\/\\\/www.rri.ro\\\/de\\\/aktuell\\\/rri-aktuell\\\/warnzustand-soll-in-rumaenien-verlaengert-werden-id461508.html\",\"name\":\"Warnzustand soll in Rum\u00e4nien verl\u00e4ngert werden - Radio Rum\u00e4nien International\",\"isPartOf\":{\"@id\":\"https:\\\/\\\/www.rri.ro\\\/#website\"},\"primaryImageOfPage\":{\"@id\":\"https:\\\/\\\/www.rri.ro\\\/de\\\/aktuell\\\/rri-aktuell\\\/warnzustand-soll-in-rumaenien-verlaengert-werden-id461508.html#primaryimage\"},\"image\":{\"@id\":\"https:\\\/\\\/www.rri.ro\\\/de\\\/aktuell\\\/rri-aktuell\\\/warnzustand-soll-in-rumaenien-verlaengert-werden-id461508.html#primaryimage\"},\"thumbnailUrl\":\"https:\\\/\\\/www.rri.ro\\\/wp-content\\\/uploads\\\/2023\\\/10\\\/klaus-iohannis-declaratii-csat-foto-presidency.png\",\"datePublished\":\"2020-06-10T12:46:00+00:00\",\"dateModified\":\"2024-02-19T18:58:56+00:00\",\"author\":{\"@id\":\"https:\\\/\\\/www.rri.ro\\\/#\\\/schema\\\/person\\\/e6364ed2d4b6af207a82ca66000d07e0\"},\"breadcrumb\":{\"@id\":\"https:\\\/\\\/www.rri.ro\\\/de\\\/aktuell\\\/rri-aktuell\\\/warnzustand-soll-in-rumaenien-verlaengert-werden-id461508.html#breadcrumb\"},\"inLanguage\":\"de\",\"potentialAction\":[{\"@type\":\"ReadAction\",\"target\":[\"https:\\\/\\\/www.rri.ro\\\/de\\\/aktuell\\\/rri-aktuell\\\/warnzustand-soll-in-rumaenien-verlaengert-werden-id461508.html\"]}]},{\"@type\":\"ImageObject\",\"inLanguage\":\"de\",\"@id\":\"https:\\\/\\\/www.rri.ro\\\/de\\\/aktuell\\\/rri-aktuell\\\/warnzustand-soll-in-rumaenien-verlaengert-werden-id461508.html#primaryimage\",\"url\":\"https:\\\/\\\/www.rri.ro\\\/wp-content\\\/uploads\\\/2023\\\/10\\\/klaus-iohannis-declaratii-csat-foto-presidency.png\",\"contentUrl\":\"https:\\\/\\\/www.rri.ro\\\/wp-content\\\/uploads\\\/2023\\\/10\\\/klaus-iohannis-declaratii-csat-foto-presidency.png\",\"width\":640,\"height\":427},{\"@type\":\"BreadcrumbList\",\"@id\":\"https:\\\/\\\/www.rri.ro\\\/de\\\/aktuell\\\/rri-aktuell\\\/warnzustand-soll-in-rumaenien-verlaengert-werden-id461508.html#breadcrumb\",\"itemListElement\":[{\"@type\":\"ListItem\",\"position\":1,\"name\":\"Startseite\",\"item\":\"https:\\\/\\\/www.rri.ro\\\/de\"},{\"@type\":\"ListItem\",\"position\":2,\"name\":\"Aktuell\",\"item\":\"https:\\\/\\\/www.rri.ro\\\/de\\\/aktuell\"},{\"@type\":\"ListItem\",\"position\":3,\"name\":\"RRI Aktuell\",\"item\":\"https:\\\/\\\/www.rri.ro\\\/de\\\/aktuell\\\/rri-aktuell\"},{\"@type\":\"ListItem\",\"position\":4,\"name\":\"Warnzustand soll in Rum\u00e4nien verl\u00e4ngert werden\"}]},{\"@type\":\"WebSite\",\"@id\":\"https:\\\/\\\/www.rri.ro\\\/#website\",\"url\":\"https:\\\/\\\/www.rri.ro\\\/\",\"name\":\"Radio Rum\u00e4nien International\",\"description\":\"Totul despre Rom\u00e2nia \u015fi rom\u00e2ni, \u00een 13 limbi\\\/dialecte!\",\"inLanguage\":\"de\"},{\"@type\":\"Person\",\"@id\":\"https:\\\/\\\/www.rri.ro\\\/#\\\/schema\\\/person\\\/e6364ed2d4b6af207a82ca66000d07e0\",\"name\":\"Leyla Cheamil\",\"url\":\"https:\\\/\\\/www.rri.ro\\\/de\\\/author\\\/leyla-cheamil\"}]}<\/script>\n<!-- \/ Yoast SEO plugin. -->","yoast_head_json":{"title":"Warnzustand soll in Rum\u00e4nien verl\u00e4ngert werden - Radio Rum\u00e4nien International","robots":{"index":"index","follow":"follow","max-snippet":"max-snippet:-1","max-image-preview":"max-image-preview:large","max-video-preview":"max-video-preview:-1"},"canonical":"https:\/\/www.rri.ro\/de\/aktuell\/rri-aktuell\/warnzustand-soll-in-rumaenien-verlaengert-werden-id461508.html","og_locale":"de_DE","og_type":"article","og_title":"Warnzustand soll in Rum\u00e4nien verl\u00e4ngert werden - Radio Rum\u00e4nien International","og_description":"Der Pr\u00e4sident Rum\u00e4niens, Klaus Iohannis, erkl\u00e4rte, dass der Warnzustand verl\u00e4ngert werden m\u00fcsse, jedoch mit weniger Einschr\u00e4nkungen. Was wird ab dem 15. Juni erlaubt oder weiterhin untersagt sein?","og_url":"https:\/\/www.rri.ro\/de\/aktuell\/rri-aktuell\/warnzustand-soll-in-rumaenien-verlaengert-werden-id461508.html","og_site_name":"Radio Rum\u00e4nien International","article_published_time":"2020-06-10T12:46:00+00:00","article_modified_time":"2024-02-19T18:58:56+00:00","og_image":[{"width":640,"height":427,"url":"https:\/\/www.rri.ro\/wp-content\/uploads\/2023\/10\/klaus-iohannis-declaratii-csat-foto-presidency.png","type":"image\/png"}],"author":"Leyla Cheamil","twitter_card":"summary_large_image","twitter_misc":{"Verfasst von":"Leyla Cheamil","Gesch\u00e4tzte Lesezeit":"2\u00a0Minuten","Written by":"Leyla Cheamil"},"schema":{"@context":"https:\/\/schema.org","@graph":[{"@type":"Article","@id":"https:\/\/www.rri.ro\/de\/aktuell\/rri-aktuell\/warnzustand-soll-in-rumaenien-verlaengert-werden-id461508.html#article","isPartOf":{"@id":"https:\/\/www.rri.ro\/de\/aktuell\/rri-aktuell\/warnzustand-soll-in-rumaenien-verlaengert-werden-id461508.html"},"author":{"name":"Leyla Cheamil","@id":"https:\/\/www.rri.ro\/#\/schema\/person\/e6364ed2d4b6af207a82ca66000d07e0"},"headline":"Warnzustand soll in Rum\u00e4nien verl\u00e4ngert werden","datePublished":"2020-06-10T12:46:00+00:00","dateModified":"2024-02-19T18:58:56+00:00","mainEntityOfPage":{"@id":"https:\/\/www.rri.ro\/de\/aktuell\/rri-aktuell\/warnzustand-soll-in-rumaenien-verlaengert-werden-id461508.html"},"wordCount":469,"image":{"@id":"https:\/\/www.rri.ro\/de\/aktuell\/rri-aktuell\/warnzustand-soll-in-rumaenien-verlaengert-werden-id461508.html#primaryimage"},"thumbnailUrl":"https:\/\/www.rri.ro\/wp-content\/uploads\/2023\/10\/klaus-iohannis-declaratii-csat-foto-presidency.png","keywords":["coronavirus","Pr\u00e4sident Klaus Iohannis","Warnzustand"],"articleSection":["RRI Aktuell"],"inLanguage":"de"},{"@type":"WebPage","@id":"https:\/\/www.rri.ro\/de\/aktuell\/rri-aktuell\/warnzustand-soll-in-rumaenien-verlaengert-werden-id461508.html","url":"https:\/\/www.rri.ro\/de\/aktuell\/rri-aktuell\/warnzustand-soll-in-rumaenien-verlaengert-werden-id461508.html","name":"Warnzustand soll in Rum\u00e4nien verl\u00e4ngert werden - Radio Rum\u00e4nien International","isPartOf":{"@id":"https:\/\/www.rri.ro\/#website"},"primaryImageOfPage":{"@id":"https:\/\/www.rri.ro\/de\/aktuell\/rri-aktuell\/warnzustand-soll-in-rumaenien-verlaengert-werden-id461508.html#primaryimage"},"image":{"@id":"https:\/\/www.rri.ro\/de\/aktuell\/rri-aktuell\/warnzustand-soll-in-rumaenien-verlaengert-werden-id461508.html#primaryimage"},"thumbnailUrl":"https:\/\/www.rri.ro\/wp-content\/uploads\/2023\/10\/klaus-iohannis-declaratii-csat-foto-presidency.png","datePublished":"2020-06-10T12:46:00+00:00","dateModified":"2024-02-19T18:58:56+00:00","author":{"@id":"https:\/\/www.rri.ro\/#\/schema\/person\/e6364ed2d4b6af207a82ca66000d07e0"},"breadcrumb":{"@id":"https:\/\/www.rri.ro\/de\/aktuell\/rri-aktuell\/warnzustand-soll-in-rumaenien-verlaengert-werden-id461508.html#breadcrumb"},"inLanguage":"de","potentialAction":[{"@type":"ReadAction","target":["https:\/\/www.rri.ro\/de\/aktuell\/rri-aktuell\/warnzustand-soll-in-rumaenien-verlaengert-werden-id461508.html"]}]},{"@type":"ImageObject","inLanguage":"de","@id":"https:\/\/www.rri.ro\/de\/aktuell\/rri-aktuell\/warnzustand-soll-in-rumaenien-verlaengert-werden-id461508.html#primaryimage","url":"https:\/\/www.rri.ro\/wp-content\/uploads\/2023\/10\/klaus-iohannis-declaratii-csat-foto-presidency.png","contentUrl":"https:\/\/www.rri.ro\/wp-content\/uploads\/2023\/10\/klaus-iohannis-declaratii-csat-foto-presidency.png","width":640,"height":427},{"@type":"BreadcrumbList","@id":"https:\/\/www.rri.ro\/de\/aktuell\/rri-aktuell\/warnzustand-soll-in-rumaenien-verlaengert-werden-id461508.html#breadcrumb","itemListElement":[{"@type":"ListItem","position":1,"name":"Startseite","item":"https:\/\/www.rri.ro\/de"},{"@type":"ListItem","position":2,"name":"Aktuell","item":"https:\/\/www.rri.ro\/de\/aktuell"},{"@type":"ListItem","position":3,"name":"RRI Aktuell","item":"https:\/\/www.rri.ro\/de\/aktuell\/rri-aktuell"},{"@type":"ListItem","position":4,"name":"Warnzustand soll in Rum\u00e4nien verl\u00e4ngert werden"}]},{"@type":"WebSite","@id":"https:\/\/www.rri.ro\/#website","url":"https:\/\/www.rri.ro\/","name":"Radio Rum\u00e4nien International","description":"Totul despre Rom\u00e2nia \u015fi rom\u00e2ni, \u00een 13 limbi\/dialecte!","inLanguage":"de"},{"@type":"Person","@id":"https:\/\/www.rri.ro\/#\/schema\/person\/e6364ed2d4b6af207a82ca66000d07e0","name":"Leyla Cheamil","url":"https:\/\/www.rri.ro\/de\/author\/leyla-cheamil"}]}},"_links":{"self":[{"href":"https:\/\/www.rri.ro\/de\/wp-json\/wp\/v2\/posts\/461508","targetHints":{"allow":["GET"]}}],"collection":[{"href":"https:\/\/www.rri.ro\/de\/wp-json\/wp\/v2\/posts"}],"about":[{"href":"https:\/\/www.rri.ro\/de\/wp-json\/wp\/v2\/types\/post"}],"author":[{"embeddable":true,"href":"https:\/\/www.rri.ro\/de\/wp-json\/wp\/v2\/users\/46"}],"replies":[{"embeddable":true,"href":"https:\/\/www.rri.ro\/de\/wp-json\/wp\/v2\/comments?post=461508"}],"version-history":[{"count":0,"href":"https:\/\/www.rri.ro\/de\/wp-json\/wp\/v2\/posts\/461508\/revisions"}],"wp:featuredmedia":[{"embeddable":true,"href":"https:\/\/www.rri.ro\/de\/wp-json\/wp\/v2\/media\/86040"}],"wp:attachment":[{"href":"https:\/\/www.rri.ro\/de\/wp-json\/wp\/v2\/media?parent=461508"}],"wp:term":[{"taxonomy":"category","embeddable":true,"href":"https:\/\/www.rri.ro\/de\/wp-json\/wp\/v2\/categories?post=461508"},{"taxonomy":"post_tag","embeddable":true,"href":"https:\/\/www.rri.ro\/de\/wp-json\/wp\/v2\/tags?post=461508"},{"taxonomy":"author","embeddable":true,"href":"https:\/\/www.rri.ro\/de\/wp-json\/wp\/v2\/coauthors?post=461508"}],"curies":[{"name":"wp","href":"https:\/\/api.w.org\/{rel}","templated":true}]}}