{"id":461509,"date":"2020-06-12T15:12:00","date_gmt":"2020-06-12T12:12:00","guid":{"rendered":"http:\/\/devrri.freshlemon.ro\/aktuell\/rumaenien-von-unwetter-heimgesucht-id461509.html"},"modified":"2024-02-19T20:58:57","modified_gmt":"2024-02-19T18:58:57","slug":"rumaenien-von-unwetter-heimgesucht","status":"publish","type":"post","link":"https:\/\/www.rri.ro\/de\/aktuell\/rri-aktuell\/rumaenien-von-unwetter-heimgesucht-id461509.html","title":{"rendered":"Rum\u00e4nien von Unwetter heimgesucht"},"content":{"rendered":"<p>In den kommenden tagen gilt Warnstufe Rot f\u00fcr sintflutartiger Regenf\u00e4lle und Hagel in mehreren Ortschaften im Zentrum, Norden und Osten des Landes. Schlechtes Wetter gibt es schon seit mehreren Tagen. Es st\u00fcrmte, das Wetter war unbest\u00e4ndig, mit Schauern, Blitz, Donner und starken Windb\u00f6en. Hydrologen gaben gelbe und orangefarbene Flutwarnungen f\u00fcr Fl\u00fcsse in etwa 20 Landkreisen heraus. In diesen Gebieten war der Verkehr auf mehreren National- und Landstra\u200e\u00dfen durch Schlammlawinen blockiert aber auch wegen entwurzelter und umgefallener B\u00e4ume.<\/p>\n<p>&#13;<br \/>\n&#13;<\/p>\n<p>&#13;<br \/>\n&#13;<\/p>\n<p>Dar\u00fcber hinaus wurden die Stromversorgung mehrerer Ortschaften unterbrochen, nachdem der Wind Strommasten besch\u00e4digt hatte. In einigen Landesgegenden besch\u00e4digte Hagel die Ernten, insbesondere in Obstg\u00e4rten, und der Wind riss Dachziegel von D\u00e4chern ab. Feuerwehrleute mussten eingreifen, um Wasser aus Hunderten von \u00fcberfluteten Wirtschaften zu pumpten und Stra\u200e\u00dfen zu r\u00e4umen.<\/p>\n<p>&#13;<br \/>\n&#13;<\/p>\n<p>&#13;<br \/>\n&#13;<\/p>\n<p>Weil das Wetter in den kommenden Tagen weiterhin instabil bleibt, steht die Notfallinspektionen in Alarmbereitschaft, um so schnell wie m\u00f6glich dort eingreifen zu k\u00f6nnen, wo ihre Anwesenheit erforderlich sein wird. Flussstr\u00f6mungen und -pegel werden von der Generalinspektion f\u00fcr Notfallsituationen \u00fcberwacht, um bei Bedarf Einsatzkr\u00e4fte in hochwassergef\u00e4hrdete Gebiete zu verlegen.<\/p>\n<p>&#13;<br \/>\n&#13;<\/p>\n<p>&#13;<br \/>\n&#13;<\/p>\n<p>Das Wetter bleibt auch in den n\u00e4chsten Tagen in Rum\u00e4nien instabil. Ganze Regionen werden von Gewittern heimgesucht, begleitet von Blitz, str\u00f6mendem Regen, Hagel und starken Windb\u00f6en. Die Wassermengen werden 25 bis 30 Liter und an einigen Orten 40 bis 60 Liter pro Quadratmeter \u00fcbersteigen.<\/p>\n<p>&#13;<br \/>\n&#13;<\/p>\n<p>&#13;<br \/>\n&#13;<\/p>\n<p>Der Nationale Wetterdienst sagt auch in der Landeshauptstadt schlechtes Wetter voraus. In Bukarest werden sintflutartigen Regenf\u00e4llen, begleitet von Blitz, Donner und Hagel erwartet. Nach Angaben des Nationalen Wetterdienstes bleibt das Wetter bis Mitte n\u00e4chster Woche im fast ganzen Land unbest\u00e4ndig.<\/p>\n<p>&#13;<\/p>\n","protected":false},"excerpt":{"rendered":"<p>Ganz Rum\u00e4nien steht in diesen Tagen unter Alarmstufe Orange f\u00fcr Unwetter.<\/p>\n","protected":false},"author":107,"featured_media":81947,"comment_status":"closed","ping_status":"closed","sticky":false,"template":"","format":"standard","meta":{"_acf_changed":false,"footnotes":""},"categories":[99583],"tags":[101738,99721,100101],"coauthors":[],"class_list":["post-461509","post","type-post","status-publish","format-standard","has-post-thumbnail","hentry","category-rri-aktuell","tag-stromversorgung","tag-unwetter","tag-verkehr"],"acf":[],"yoast_head":"<!-- This site is optimized with the Yoast SEO plugin v27.3 - https:\/\/yoast.com\/product\/yoast-seo-wordpress\/ -->\n<title>Rum\u00e4nien von Unwetter heimgesucht - Radio Rum\u00e4nien International<\/title>\n<meta name=\"robots\" content=\"index, follow, max-snippet:-1, max-image-preview:large, max-video-preview:-1\" \/>\n<link rel=\"canonical\" href=\"https:\/\/www.rri.ro\/de\/aktuell\/rri-aktuell\/rumaenien-von-unwetter-heimgesucht-id461509.html\" \/>\n<meta property=\"og:locale\" content=\"de_DE\" \/>\n<meta property=\"og:type\" content=\"article\" \/>\n<meta property=\"og:title\" content=\"Rum\u00e4nien von Unwetter heimgesucht - Radio Rum\u00e4nien International\" \/>\n<meta property=\"og:description\" content=\"Ganz Rum\u00e4nien steht in diesen Tagen unter Alarmstufe Orange f\u00fcr Unwetter.\" \/>\n<meta property=\"og:url\" content=\"https:\/\/www.rri.ro\/de\/aktuell\/rri-aktuell\/rumaenien-von-unwetter-heimgesucht-id461509.html\" \/>\n<meta property=\"og:site_name\" content=\"Radio Rum\u00e4nien International\" \/>\n<meta property=\"article:published_time\" content=\"2020-06-12T12:12:00+00:00\" \/>\n<meta property=\"article:modified_time\" content=\"2024-02-19T18:58:57+00:00\" \/>\n<meta property=\"og:image\" content=\"https:\/\/www.rri.ro\/wp-content\/uploads\/2023\/10\/inundatii-foto-facebook-igsusituatiideurgenta-ok.png\" \/>\n\t<meta property=\"og:image:width\" content=\"640\" \/>\n\t<meta property=\"og:image:height\" content=\"480\" \/>\n\t<meta property=\"og:image:type\" content=\"image\/png\" \/>\n<meta name=\"author\" content=\"Daniela Budu\" \/>\n<meta name=\"twitter:card\" content=\"summary_large_image\" \/>\n<meta name=\"twitter:label1\" content=\"Verfasst von\" \/>\n\t<meta name=\"twitter:data1\" content=\"Daniela Budu\" \/>\n\t<meta name=\"twitter:label2\" content=\"Gesch\u00e4tzte Lesezeit\" \/>\n\t<meta name=\"twitter:data2\" content=\"1\u00a0Minute\" \/>\n\t<meta name=\"twitter:label3\" content=\"Written by\" \/>\n\t<meta name=\"twitter:data3\" content=\"Daniela Budu\" \/>\n<script type=\"application\/ld+json\" class=\"yoast-schema-graph\">{\"@context\":\"https:\\\/\\\/schema.org\",\"@graph\":[{\"@type\":\"Article\",\"@id\":\"https:\\\/\\\/www.rri.ro\\\/de\\\/aktuell\\\/rri-aktuell\\\/rumaenien-von-unwetter-heimgesucht-id461509.html#article\",\"isPartOf\":{\"@id\":\"https:\\\/\\\/www.rri.ro\\\/de\\\/aktuell\\\/rri-aktuell\\\/rumaenien-von-unwetter-heimgesucht-id461509.html\"},\"author\":{\"name\":\"Daniela Budu\",\"@id\":\"https:\\\/\\\/www.rri.ro\\\/#\\\/schema\\\/person\\\/b46b8f80d7d6e4b5ac9f14f0acbad0c4\"},\"headline\":\"Rum\u00e4nien von Unwetter heimgesucht\",\"datePublished\":\"2020-06-12T12:12:00+00:00\",\"dateModified\":\"2024-02-19T18:58:57+00:00\",\"mainEntityOfPage\":{\"@id\":\"https:\\\/\\\/www.rri.ro\\\/de\\\/aktuell\\\/rri-aktuell\\\/rumaenien-von-unwetter-heimgesucht-id461509.html\"},\"wordCount\":287,\"image\":{\"@id\":\"https:\\\/\\\/www.rri.ro\\\/de\\\/aktuell\\\/rri-aktuell\\\/rumaenien-von-unwetter-heimgesucht-id461509.html#primaryimage\"},\"thumbnailUrl\":\"https:\\\/\\\/www.rri.ro\\\/wp-content\\\/uploads\\\/2023\\\/10\\\/inundatii-foto-facebook-igsusituatiideurgenta-ok.png\",\"keywords\":[\"Stromversorgung\",\"Unwetter\",\"Verkehr\"],\"articleSection\":[\"RRI Aktuell\"],\"inLanguage\":\"de\"},{\"@type\":\"WebPage\",\"@id\":\"https:\\\/\\\/www.rri.ro\\\/de\\\/aktuell\\\/rri-aktuell\\\/rumaenien-von-unwetter-heimgesucht-id461509.html\",\"url\":\"https:\\\/\\\/www.rri.ro\\\/de\\\/aktuell\\\/rri-aktuell\\\/rumaenien-von-unwetter-heimgesucht-id461509.html\",\"name\":\"Rum\u00e4nien von Unwetter heimgesucht - Radio Rum\u00e4nien International\",\"isPartOf\":{\"@id\":\"https:\\\/\\\/www.rri.ro\\\/#website\"},\"primaryImageOfPage\":{\"@id\":\"https:\\\/\\\/www.rri.ro\\\/de\\\/aktuell\\\/rri-aktuell\\\/rumaenien-von-unwetter-heimgesucht-id461509.html#primaryimage\"},\"image\":{\"@id\":\"https:\\\/\\\/www.rri.ro\\\/de\\\/aktuell\\\/rri-aktuell\\\/rumaenien-von-unwetter-heimgesucht-id461509.html#primaryimage\"},\"thumbnailUrl\":\"https:\\\/\\\/www.rri.ro\\\/wp-content\\\/uploads\\\/2023\\\/10\\\/inundatii-foto-facebook-igsusituatiideurgenta-ok.png\",\"datePublished\":\"2020-06-12T12:12:00+00:00\",\"dateModified\":\"2024-02-19T18:58:57+00:00\",\"author\":{\"@id\":\"https:\\\/\\\/www.rri.ro\\\/#\\\/schema\\\/person\\\/b46b8f80d7d6e4b5ac9f14f0acbad0c4\"},\"breadcrumb\":{\"@id\":\"https:\\\/\\\/www.rri.ro\\\/de\\\/aktuell\\\/rri-aktuell\\\/rumaenien-von-unwetter-heimgesucht-id461509.html#breadcrumb\"},\"inLanguage\":\"de\",\"potentialAction\":[{\"@type\":\"ReadAction\",\"target\":[\"https:\\\/\\\/www.rri.ro\\\/de\\\/aktuell\\\/rri-aktuell\\\/rumaenien-von-unwetter-heimgesucht-id461509.html\"]}]},{\"@type\":\"ImageObject\",\"inLanguage\":\"de\",\"@id\":\"https:\\\/\\\/www.rri.ro\\\/de\\\/aktuell\\\/rri-aktuell\\\/rumaenien-von-unwetter-heimgesucht-id461509.html#primaryimage\",\"url\":\"https:\\\/\\\/www.rri.ro\\\/wp-content\\\/uploads\\\/2023\\\/10\\\/inundatii-foto-facebook-igsusituatiideurgenta-ok.png\",\"contentUrl\":\"https:\\\/\\\/www.rri.ro\\\/wp-content\\\/uploads\\\/2023\\\/10\\\/inundatii-foto-facebook-igsusituatiideurgenta-ok.png\",\"width\":640,\"height\":480},{\"@type\":\"BreadcrumbList\",\"@id\":\"https:\\\/\\\/www.rri.ro\\\/de\\\/aktuell\\\/rri-aktuell\\\/rumaenien-von-unwetter-heimgesucht-id461509.html#breadcrumb\",\"itemListElement\":[{\"@type\":\"ListItem\",\"position\":1,\"name\":\"Startseite\",\"item\":\"https:\\\/\\\/www.rri.ro\\\/de\"},{\"@type\":\"ListItem\",\"position\":2,\"name\":\"Aktuell\",\"item\":\"https:\\\/\\\/www.rri.ro\\\/de\\\/aktuell\"},{\"@type\":\"ListItem\",\"position\":3,\"name\":\"RRI Aktuell\",\"item\":\"https:\\\/\\\/www.rri.ro\\\/de\\\/aktuell\\\/rri-aktuell\"},{\"@type\":\"ListItem\",\"position\":4,\"name\":\"Rum\u00e4nien von Unwetter heimgesucht\"}]},{\"@type\":\"WebSite\",\"@id\":\"https:\\\/\\\/www.rri.ro\\\/#website\",\"url\":\"https:\\\/\\\/www.rri.ro\\\/\",\"name\":\"Radio Rum\u00e4nien International\",\"description\":\"Totul despre Rom\u00e2nia \u015fi rom\u00e2ni, \u00een 13 limbi\\\/dialecte!\",\"inLanguage\":\"de\"},{\"@type\":\"Person\",\"@id\":\"https:\\\/\\\/www.rri.ro\\\/#\\\/schema\\\/person\\\/b46b8f80d7d6e4b5ac9f14f0acbad0c4\",\"name\":\"Daniela Budu\",\"url\":\"https:\\\/\\\/www.rri.ro\\\/de\\\/author\\\/daniela-budu\"}]}<\/script>\n<!-- \/ Yoast SEO plugin. -->","yoast_head_json":{"title":"Rum\u00e4nien von Unwetter heimgesucht - Radio Rum\u00e4nien International","robots":{"index":"index","follow":"follow","max-snippet":"max-snippet:-1","max-image-preview":"max-image-preview:large","max-video-preview":"max-video-preview:-1"},"canonical":"https:\/\/www.rri.ro\/de\/aktuell\/rri-aktuell\/rumaenien-von-unwetter-heimgesucht-id461509.html","og_locale":"de_DE","og_type":"article","og_title":"Rum\u00e4nien von Unwetter heimgesucht - Radio Rum\u00e4nien International","og_description":"Ganz Rum\u00e4nien steht in diesen Tagen unter Alarmstufe Orange f\u00fcr Unwetter.","og_url":"https:\/\/www.rri.ro\/de\/aktuell\/rri-aktuell\/rumaenien-von-unwetter-heimgesucht-id461509.html","og_site_name":"Radio Rum\u00e4nien International","article_published_time":"2020-06-12T12:12:00+00:00","article_modified_time":"2024-02-19T18:58:57+00:00","og_image":[{"width":640,"height":480,"url":"https:\/\/www.rri.ro\/wp-content\/uploads\/2023\/10\/inundatii-foto-facebook-igsusituatiideurgenta-ok.png","type":"image\/png"}],"author":"Daniela Budu","twitter_card":"summary_large_image","twitter_misc":{"Verfasst von":"Daniela Budu","Gesch\u00e4tzte Lesezeit":"1\u00a0Minute","Written by":"Daniela Budu"},"schema":{"@context":"https:\/\/schema.org","@graph":[{"@type":"Article","@id":"https:\/\/www.rri.ro\/de\/aktuell\/rri-aktuell\/rumaenien-von-unwetter-heimgesucht-id461509.html#article","isPartOf":{"@id":"https:\/\/www.rri.ro\/de\/aktuell\/rri-aktuell\/rumaenien-von-unwetter-heimgesucht-id461509.html"},"author":{"name":"Daniela Budu","@id":"https:\/\/www.rri.ro\/#\/schema\/person\/b46b8f80d7d6e4b5ac9f14f0acbad0c4"},"headline":"Rum\u00e4nien von Unwetter heimgesucht","datePublished":"2020-06-12T12:12:00+00:00","dateModified":"2024-02-19T18:58:57+00:00","mainEntityOfPage":{"@id":"https:\/\/www.rri.ro\/de\/aktuell\/rri-aktuell\/rumaenien-von-unwetter-heimgesucht-id461509.html"},"wordCount":287,"image":{"@id":"https:\/\/www.rri.ro\/de\/aktuell\/rri-aktuell\/rumaenien-von-unwetter-heimgesucht-id461509.html#primaryimage"},"thumbnailUrl":"https:\/\/www.rri.ro\/wp-content\/uploads\/2023\/10\/inundatii-foto-facebook-igsusituatiideurgenta-ok.png","keywords":["Stromversorgung","Unwetter","Verkehr"],"articleSection":["RRI Aktuell"],"inLanguage":"de"},{"@type":"WebPage","@id":"https:\/\/www.rri.ro\/de\/aktuell\/rri-aktuell\/rumaenien-von-unwetter-heimgesucht-id461509.html","url":"https:\/\/www.rri.ro\/de\/aktuell\/rri-aktuell\/rumaenien-von-unwetter-heimgesucht-id461509.html","name":"Rum\u00e4nien von Unwetter heimgesucht - Radio Rum\u00e4nien International","isPartOf":{"@id":"https:\/\/www.rri.ro\/#website"},"primaryImageOfPage":{"@id":"https:\/\/www.rri.ro\/de\/aktuell\/rri-aktuell\/rumaenien-von-unwetter-heimgesucht-id461509.html#primaryimage"},"image":{"@id":"https:\/\/www.rri.ro\/de\/aktuell\/rri-aktuell\/rumaenien-von-unwetter-heimgesucht-id461509.html#primaryimage"},"thumbnailUrl":"https:\/\/www.rri.ro\/wp-content\/uploads\/2023\/10\/inundatii-foto-facebook-igsusituatiideurgenta-ok.png","datePublished":"2020-06-12T12:12:00+00:00","dateModified":"2024-02-19T18:58:57+00:00","author":{"@id":"https:\/\/www.rri.ro\/#\/schema\/person\/b46b8f80d7d6e4b5ac9f14f0acbad0c4"},"breadcrumb":{"@id":"https:\/\/www.rri.ro\/de\/aktuell\/rri-aktuell\/rumaenien-von-unwetter-heimgesucht-id461509.html#breadcrumb"},"inLanguage":"de","potentialAction":[{"@type":"ReadAction","target":["https:\/\/www.rri.ro\/de\/aktuell\/rri-aktuell\/rumaenien-von-unwetter-heimgesucht-id461509.html"]}]},{"@type":"ImageObject","inLanguage":"de","@id":"https:\/\/www.rri.ro\/de\/aktuell\/rri-aktuell\/rumaenien-von-unwetter-heimgesucht-id461509.html#primaryimage","url":"https:\/\/www.rri.ro\/wp-content\/uploads\/2023\/10\/inundatii-foto-facebook-igsusituatiideurgenta-ok.png","contentUrl":"https:\/\/www.rri.ro\/wp-content\/uploads\/2023\/10\/inundatii-foto-facebook-igsusituatiideurgenta-ok.png","width":640,"height":480},{"@type":"BreadcrumbList","@id":"https:\/\/www.rri.ro\/de\/aktuell\/rri-aktuell\/rumaenien-von-unwetter-heimgesucht-id461509.html#breadcrumb","itemListElement":[{"@type":"ListItem","position":1,"name":"Startseite","item":"https:\/\/www.rri.ro\/de"},{"@type":"ListItem","position":2,"name":"Aktuell","item":"https:\/\/www.rri.ro\/de\/aktuell"},{"@type":"ListItem","position":3,"name":"RRI Aktuell","item":"https:\/\/www.rri.ro\/de\/aktuell\/rri-aktuell"},{"@type":"ListItem","position":4,"name":"Rum\u00e4nien von Unwetter heimgesucht"}]},{"@type":"WebSite","@id":"https:\/\/www.rri.ro\/#website","url":"https:\/\/www.rri.ro\/","name":"Radio Rum\u00e4nien International","description":"Totul despre Rom\u00e2nia \u015fi rom\u00e2ni, \u00een 13 limbi\/dialecte!","inLanguage":"de"},{"@type":"Person","@id":"https:\/\/www.rri.ro\/#\/schema\/person\/b46b8f80d7d6e4b5ac9f14f0acbad0c4","name":"Daniela Budu","url":"https:\/\/www.rri.ro\/de\/author\/daniela-budu"}]}},"_links":{"self":[{"href":"https:\/\/www.rri.ro\/de\/wp-json\/wp\/v2\/posts\/461509","targetHints":{"allow":["GET"]}}],"collection":[{"href":"https:\/\/www.rri.ro\/de\/wp-json\/wp\/v2\/posts"}],"about":[{"href":"https:\/\/www.rri.ro\/de\/wp-json\/wp\/v2\/types\/post"}],"author":[{"embeddable":true,"href":"https:\/\/www.rri.ro\/de\/wp-json\/wp\/v2\/users\/107"}],"replies":[{"embeddable":true,"href":"https:\/\/www.rri.ro\/de\/wp-json\/wp\/v2\/comments?post=461509"}],"version-history":[{"count":0,"href":"https:\/\/www.rri.ro\/de\/wp-json\/wp\/v2\/posts\/461509\/revisions"}],"wp:featuredmedia":[{"embeddable":true,"href":"https:\/\/www.rri.ro\/de\/wp-json\/wp\/v2\/media\/81947"}],"wp:attachment":[{"href":"https:\/\/www.rri.ro\/de\/wp-json\/wp\/v2\/media?parent=461509"}],"wp:term":[{"taxonomy":"category","embeddable":true,"href":"https:\/\/www.rri.ro\/de\/wp-json\/wp\/v2\/categories?post=461509"},{"taxonomy":"post_tag","embeddable":true,"href":"https:\/\/www.rri.ro\/de\/wp-json\/wp\/v2\/tags?post=461509"},{"taxonomy":"author","embeddable":true,"href":"https:\/\/www.rri.ro\/de\/wp-json\/wp\/v2\/coauthors?post=461509"}],"curies":[{"name":"wp","href":"https:\/\/api.w.org\/{rel}","templated":true}]}}