{"id":461551,"date":"2020-07-30T15:26:00","date_gmt":"2020-07-30T12:26:00","guid":{"rendered":"http:\/\/devrri.freshlemon.ro\/aktuell\/pandemiewarnungen-und-empfehlungen-id461551.html"},"modified":"2024-02-19T20:59:32","modified_gmt":"2024-02-19T18:59:32","slug":"pandemiewarnungen-und-empfehlungen","status":"publish","type":"post","link":"https:\/\/www.rri.ro\/de\/aktuell\/rri-aktuell\/pandemiewarnungen-und-empfehlungen-id461551.html","title":{"rendered":"Pandemiewarnungen und Empfehlungen"},"content":{"rendered":"<p>Die durch das neue Coronavirus verursachte Situation in Rum\u00e4nien ist sehr ernst &#8211; sagte Pr\u00e4sident Klaus Iohannis, der jedoch in einer Pressekonferenz betonte, dass die R\u00fcckkehr zum Notstand, der die Freiheiten und B\u00fcrgerrechte beeintr\u00e4chtigen und das wirtschaftliche Leben hemmen w\u00fcrde, der letzte Ausweg sei. Vor dem Hintergrund der hohen t\u00e4glichen Zahl neuer Infektionsf\u00e4lle wies er erneut darauf hin, dass die Einhaltung der zur Verhinderung der Ausbreitung des Virus verh\u00e4ngten Ma\u200e\u00dfnahmen unerl\u00e4sslich ist.<\/p>\n<p>&#13;<br \/>\n&#13;<\/p>\n<p>&#13;<br \/>\n&#13;<\/p>\n<p>Klaus Iohannis: Das Tragen einer Maske ist sehr wichtig. Distanzierung ist sehr wichtig und wird auferlegt. Schlie\u200e\u00dflich m\u00fcssen wir realistisch sein: Was wollen wir? Wollen wir der Krankheit freien Lauf lassen, eine kranke Nation werden, oder wollen wir die Epidemie eind\u00e4mmen?\u201c<\/p>\n<p>&#13;<br \/>\n&#13;<\/p>\n<p>&#13;<br \/>\n&#13;<\/p>\n<p>Eine der immer wiederkehrenden Fragen dieser Zeit h\u00e4ngt mit dem Beginn des neuen Schuljahres Mitte September zusammen. Da die Regierung angibt, dass sie mehrere Szenarien auf dem Tisch hat, sagte Pr\u00e4sident Iohannis auf der Grundlage der Meinungen von Lehrern:<\/p>\n<p>&#13;<br \/>\n&#13;<\/p>\n<p>&#13;<br \/>\n&#13;<\/p>\n<p>Die Schule wird nat\u00fcrlich nicht unter normalen Bedingungen beginnen, denn die Pandemie wird nicht vor September verschwinden, das ist klar. Es w\u00e4re sehr kompliziert, nur eine Online-Schule zu haben, und dann bewegen wir uns nat\u00fcrlich auf ein gemischtes Szenario zu, in dem wir wahrscheinlich, und abh\u00e4ngig von den \u00f6rtlichen Bedingungen, mehr normale Schule haben werden, also mit Sch\u00fclern in der Schule, oder mehr online oder ein gemischtes System.\u201c<\/p>\n<p>&#13;<br \/>\n&#13;<\/p>\n<p>&#13;<br \/>\n&#13;<\/p>\n<p>Es ist auch interessant, ob am 27. September Kommunalwahlen stattfinden werden, wie es das Gesetz vorschreibt. Laut dem Pr\u00e4sidenten des Landes befinden wir uns einerseits mitten in einer Pandemie, die nachlassen kann oder auch nicht. Andererseits sind jedoch Wahlen erforderlich, um die Legitimit\u00e4t der lokalen Beh\u00f6rden wiederherzustellen. Klaus Iohannis zeigte sich daher \u00fcberzeugt, dass die Wahlen organisiert werden, wenn sich die Gesundheitssituation nicht verschlechtert und sehr strenge Ma\u200e\u00dfnahmen ergriffen werden. Die Diskussionen zu diesem Thema sind im Gange.<\/p>\n<p>&#13;<br \/>\n&#13;<\/p>\n<p>&#13;<br \/>\n&#13;<\/p>\n<p>Was aber mittlerweile feststeht, ist, dass die Regierung neue Ma\u200e\u00dfnahmen ergreift, um die Ausbreitung des neuen Coronavirus zu verhindern. In den Ortschaften oder Bezirken, in denen es eine gro\u200e\u00dfe Zahl von Infektionsf\u00e4llen gibt, wird es m\u00f6glich sein, den Betrieb der Bierg\u00e4rten einzuschr\u00e4nken, und der Zugang der Kunden wird nur innerhalb der Grenzen der Sitzpl\u00e4tze erlaubt sein. Auch in \u00fcberf\u00fcllten Bereichen, einschlie\u200e\u00dflich Freifl\u00e4chen, wo der physische Abstand nicht eingehalten werden kann, kann die Verpflichtung zum Tragen einer Schutzmaske auferlegt werden. Der Aufruf der Beh\u00f6rden an die B\u00fcrger lautet, alle Normen zu einzuhalten, damit Rum\u00e4nien nicht in eine allgemeine Krise ger\u00e4t.<\/p>\n<p>&#13;<\/p>\n","protected":false},"excerpt":{"rendered":"<p>Der Wiedereintritt in den Notstand ist die letzte Ma\u00dfnahme, die in Erw\u00e4gung gezogen wird &#8211; versichert der Pr\u00e4sident Rum\u00e4niens, Klaus Iohannis.<\/p>\n","protected":false},"author":109,"featured_media":86390,"comment_status":"closed","ping_status":"closed","sticky":false,"template":"","format":"standard","meta":{"_acf_changed":false,"footnotes":""},"categories":[99583],"tags":[35339,104950,47026],"coauthors":[],"class_list":["post-461551","post","type-post","status-publish","format-standard","has-post-thumbnail","hentry","category-rri-aktuell","tag-coronavirus","tag-notstand","tag-pandemie"],"acf":[],"yoast_head":"<!-- This site is optimized with the Yoast SEO plugin v27.3 - https:\/\/yoast.com\/product\/yoast-seo-wordpress\/ -->\n<title>Pandemiewarnungen und Empfehlungen - Radio Rum\u00e4nien International<\/title>\n<meta name=\"robots\" content=\"index, follow, max-snippet:-1, max-image-preview:large, max-video-preview:-1\" \/>\n<link rel=\"canonical\" href=\"https:\/\/www.rri.ro\/de\/aktuell\/rri-aktuell\/pandemiewarnungen-und-empfehlungen-id461551.html\" \/>\n<meta property=\"og:locale\" content=\"de_DE\" \/>\n<meta property=\"og:type\" content=\"article\" \/>\n<meta property=\"og:title\" content=\"Pandemiewarnungen und Empfehlungen - Radio Rum\u00e4nien International\" \/>\n<meta property=\"og:description\" content=\"Der Wiedereintritt in den Notstand ist die letzte Ma\u00dfnahme, die in Erw\u00e4gung gezogen wird - versichert der Pr\u00e4sident Rum\u00e4niens, Klaus Iohannis.\" \/>\n<meta property=\"og:url\" content=\"https:\/\/www.rri.ro\/de\/aktuell\/rri-aktuell\/pandemiewarnungen-und-empfehlungen-id461551.html\" \/>\n<meta property=\"og:site_name\" content=\"Radio Rum\u00e4nien International\" \/>\n<meta property=\"article:published_time\" content=\"2020-07-30T12:26:00+00:00\" \/>\n<meta property=\"article:modified_time\" content=\"2024-02-19T18:59:32+00:00\" \/>\n<meta property=\"og:image\" content=\"https:\/\/www.rri.ro\/wp-content\/uploads\/2023\/10\/conferinta-de-presa-klaus-iohannis-foto-presidency-ro.png\" \/>\n\t<meta property=\"og:image:width\" content=\"640\" \/>\n\t<meta property=\"og:image:height\" content=\"360\" \/>\n\t<meta property=\"og:image:type\" content=\"image\/png\" \/>\n<meta name=\"author\" content=\"Roxana Vasile\" \/>\n<meta name=\"twitter:card\" content=\"summary_large_image\" \/>\n<meta name=\"twitter:label1\" content=\"Verfasst von\" \/>\n\t<meta name=\"twitter:data1\" content=\"Roxana Vasile\" \/>\n\t<meta name=\"twitter:label2\" content=\"Gesch\u00e4tzte Lesezeit\" \/>\n\t<meta name=\"twitter:data2\" content=\"2\u00a0Minuten\" \/>\n\t<meta name=\"twitter:label3\" content=\"Written by\" \/>\n\t<meta name=\"twitter:data3\" content=\"Roxana Vasile\" \/>\n<script type=\"application\/ld+json\" class=\"yoast-schema-graph\">{\"@context\":\"https:\\\/\\\/schema.org\",\"@graph\":[{\"@type\":\"Article\",\"@id\":\"https:\\\/\\\/www.rri.ro\\\/de\\\/aktuell\\\/rri-aktuell\\\/pandemiewarnungen-und-empfehlungen-id461551.html#article\",\"isPartOf\":{\"@id\":\"https:\\\/\\\/www.rri.ro\\\/de\\\/aktuell\\\/rri-aktuell\\\/pandemiewarnungen-und-empfehlungen-id461551.html\"},\"author\":{\"name\":\"Roxana Vasile\",\"@id\":\"https:\\\/\\\/www.rri.ro\\\/#\\\/schema\\\/person\\\/0745b519f2d1287783422f162c4112af\"},\"headline\":\"Pandemiewarnungen und Empfehlungen\",\"datePublished\":\"2020-07-30T12:26:00+00:00\",\"dateModified\":\"2024-02-19T18:59:32+00:00\",\"mainEntityOfPage\":{\"@id\":\"https:\\\/\\\/www.rri.ro\\\/de\\\/aktuell\\\/rri-aktuell\\\/pandemiewarnungen-und-empfehlungen-id461551.html\"},\"wordCount\":438,\"image\":{\"@id\":\"https:\\\/\\\/www.rri.ro\\\/de\\\/aktuell\\\/rri-aktuell\\\/pandemiewarnungen-und-empfehlungen-id461551.html#primaryimage\"},\"thumbnailUrl\":\"https:\\\/\\\/www.rri.ro\\\/wp-content\\\/uploads\\\/2023\\\/10\\\/conferinta-de-presa-klaus-iohannis-foto-presidency-ro.png\",\"keywords\":[\"coronavirus\",\"Notstand\",\"pandemie\"],\"articleSection\":[\"RRI Aktuell\"],\"inLanguage\":\"de\"},{\"@type\":\"WebPage\",\"@id\":\"https:\\\/\\\/www.rri.ro\\\/de\\\/aktuell\\\/rri-aktuell\\\/pandemiewarnungen-und-empfehlungen-id461551.html\",\"url\":\"https:\\\/\\\/www.rri.ro\\\/de\\\/aktuell\\\/rri-aktuell\\\/pandemiewarnungen-und-empfehlungen-id461551.html\",\"name\":\"Pandemiewarnungen und Empfehlungen - Radio Rum\u00e4nien International\",\"isPartOf\":{\"@id\":\"https:\\\/\\\/www.rri.ro\\\/#website\"},\"primaryImageOfPage\":{\"@id\":\"https:\\\/\\\/www.rri.ro\\\/de\\\/aktuell\\\/rri-aktuell\\\/pandemiewarnungen-und-empfehlungen-id461551.html#primaryimage\"},\"image\":{\"@id\":\"https:\\\/\\\/www.rri.ro\\\/de\\\/aktuell\\\/rri-aktuell\\\/pandemiewarnungen-und-empfehlungen-id461551.html#primaryimage\"},\"thumbnailUrl\":\"https:\\\/\\\/www.rri.ro\\\/wp-content\\\/uploads\\\/2023\\\/10\\\/conferinta-de-presa-klaus-iohannis-foto-presidency-ro.png\",\"datePublished\":\"2020-07-30T12:26:00+00:00\",\"dateModified\":\"2024-02-19T18:59:32+00:00\",\"author\":{\"@id\":\"https:\\\/\\\/www.rri.ro\\\/#\\\/schema\\\/person\\\/0745b519f2d1287783422f162c4112af\"},\"breadcrumb\":{\"@id\":\"https:\\\/\\\/www.rri.ro\\\/de\\\/aktuell\\\/rri-aktuell\\\/pandemiewarnungen-und-empfehlungen-id461551.html#breadcrumb\"},\"inLanguage\":\"de\",\"potentialAction\":[{\"@type\":\"ReadAction\",\"target\":[\"https:\\\/\\\/www.rri.ro\\\/de\\\/aktuell\\\/rri-aktuell\\\/pandemiewarnungen-und-empfehlungen-id461551.html\"]}]},{\"@type\":\"ImageObject\",\"inLanguage\":\"de\",\"@id\":\"https:\\\/\\\/www.rri.ro\\\/de\\\/aktuell\\\/rri-aktuell\\\/pandemiewarnungen-und-empfehlungen-id461551.html#primaryimage\",\"url\":\"https:\\\/\\\/www.rri.ro\\\/wp-content\\\/uploads\\\/2023\\\/10\\\/conferinta-de-presa-klaus-iohannis-foto-presidency-ro.png\",\"contentUrl\":\"https:\\\/\\\/www.rri.ro\\\/wp-content\\\/uploads\\\/2023\\\/10\\\/conferinta-de-presa-klaus-iohannis-foto-presidency-ro.png\",\"width\":640,\"height\":360},{\"@type\":\"BreadcrumbList\",\"@id\":\"https:\\\/\\\/www.rri.ro\\\/de\\\/aktuell\\\/rri-aktuell\\\/pandemiewarnungen-und-empfehlungen-id461551.html#breadcrumb\",\"itemListElement\":[{\"@type\":\"ListItem\",\"position\":1,\"name\":\"Startseite\",\"item\":\"https:\\\/\\\/www.rri.ro\\\/de\"},{\"@type\":\"ListItem\",\"position\":2,\"name\":\"Aktuell\",\"item\":\"https:\\\/\\\/www.rri.ro\\\/de\\\/aktuell\"},{\"@type\":\"ListItem\",\"position\":3,\"name\":\"RRI Aktuell\",\"item\":\"https:\\\/\\\/www.rri.ro\\\/de\\\/aktuell\\\/rri-aktuell\"},{\"@type\":\"ListItem\",\"position\":4,\"name\":\"Pandemiewarnungen und Empfehlungen\"}]},{\"@type\":\"WebSite\",\"@id\":\"https:\\\/\\\/www.rri.ro\\\/#website\",\"url\":\"https:\\\/\\\/www.rri.ro\\\/\",\"name\":\"Radio Rum\u00e4nien International\",\"description\":\"Totul despre Rom\u00e2nia \u015fi rom\u00e2ni, \u00een 13 limbi\\\/dialecte!\",\"inLanguage\":\"de\"},{\"@type\":\"Person\",\"@id\":\"https:\\\/\\\/www.rri.ro\\\/#\\\/schema\\\/person\\\/0745b519f2d1287783422f162c4112af\",\"name\":\"Roxana Vasile\",\"url\":\"https:\\\/\\\/www.rri.ro\\\/de\\\/author\\\/roxana-vasile\"}]}<\/script>\n<!-- \/ Yoast SEO plugin. -->","yoast_head_json":{"title":"Pandemiewarnungen und Empfehlungen - Radio Rum\u00e4nien International","robots":{"index":"index","follow":"follow","max-snippet":"max-snippet:-1","max-image-preview":"max-image-preview:large","max-video-preview":"max-video-preview:-1"},"canonical":"https:\/\/www.rri.ro\/de\/aktuell\/rri-aktuell\/pandemiewarnungen-und-empfehlungen-id461551.html","og_locale":"de_DE","og_type":"article","og_title":"Pandemiewarnungen und Empfehlungen - Radio Rum\u00e4nien International","og_description":"Der Wiedereintritt in den Notstand ist die letzte Ma\u00dfnahme, die in Erw\u00e4gung gezogen wird - versichert der Pr\u00e4sident Rum\u00e4niens, Klaus Iohannis.","og_url":"https:\/\/www.rri.ro\/de\/aktuell\/rri-aktuell\/pandemiewarnungen-und-empfehlungen-id461551.html","og_site_name":"Radio Rum\u00e4nien International","article_published_time":"2020-07-30T12:26:00+00:00","article_modified_time":"2024-02-19T18:59:32+00:00","og_image":[{"width":640,"height":360,"url":"https:\/\/www.rri.ro\/wp-content\/uploads\/2023\/10\/conferinta-de-presa-klaus-iohannis-foto-presidency-ro.png","type":"image\/png"}],"author":"Roxana Vasile","twitter_card":"summary_large_image","twitter_misc":{"Verfasst von":"Roxana Vasile","Gesch\u00e4tzte Lesezeit":"2\u00a0Minuten","Written by":"Roxana Vasile"},"schema":{"@context":"https:\/\/schema.org","@graph":[{"@type":"Article","@id":"https:\/\/www.rri.ro\/de\/aktuell\/rri-aktuell\/pandemiewarnungen-und-empfehlungen-id461551.html#article","isPartOf":{"@id":"https:\/\/www.rri.ro\/de\/aktuell\/rri-aktuell\/pandemiewarnungen-und-empfehlungen-id461551.html"},"author":{"name":"Roxana Vasile","@id":"https:\/\/www.rri.ro\/#\/schema\/person\/0745b519f2d1287783422f162c4112af"},"headline":"Pandemiewarnungen und Empfehlungen","datePublished":"2020-07-30T12:26:00+00:00","dateModified":"2024-02-19T18:59:32+00:00","mainEntityOfPage":{"@id":"https:\/\/www.rri.ro\/de\/aktuell\/rri-aktuell\/pandemiewarnungen-und-empfehlungen-id461551.html"},"wordCount":438,"image":{"@id":"https:\/\/www.rri.ro\/de\/aktuell\/rri-aktuell\/pandemiewarnungen-und-empfehlungen-id461551.html#primaryimage"},"thumbnailUrl":"https:\/\/www.rri.ro\/wp-content\/uploads\/2023\/10\/conferinta-de-presa-klaus-iohannis-foto-presidency-ro.png","keywords":["coronavirus","Notstand","pandemie"],"articleSection":["RRI Aktuell"],"inLanguage":"de"},{"@type":"WebPage","@id":"https:\/\/www.rri.ro\/de\/aktuell\/rri-aktuell\/pandemiewarnungen-und-empfehlungen-id461551.html","url":"https:\/\/www.rri.ro\/de\/aktuell\/rri-aktuell\/pandemiewarnungen-und-empfehlungen-id461551.html","name":"Pandemiewarnungen und Empfehlungen - Radio Rum\u00e4nien International","isPartOf":{"@id":"https:\/\/www.rri.ro\/#website"},"primaryImageOfPage":{"@id":"https:\/\/www.rri.ro\/de\/aktuell\/rri-aktuell\/pandemiewarnungen-und-empfehlungen-id461551.html#primaryimage"},"image":{"@id":"https:\/\/www.rri.ro\/de\/aktuell\/rri-aktuell\/pandemiewarnungen-und-empfehlungen-id461551.html#primaryimage"},"thumbnailUrl":"https:\/\/www.rri.ro\/wp-content\/uploads\/2023\/10\/conferinta-de-presa-klaus-iohannis-foto-presidency-ro.png","datePublished":"2020-07-30T12:26:00+00:00","dateModified":"2024-02-19T18:59:32+00:00","author":{"@id":"https:\/\/www.rri.ro\/#\/schema\/person\/0745b519f2d1287783422f162c4112af"},"breadcrumb":{"@id":"https:\/\/www.rri.ro\/de\/aktuell\/rri-aktuell\/pandemiewarnungen-und-empfehlungen-id461551.html#breadcrumb"},"inLanguage":"de","potentialAction":[{"@type":"ReadAction","target":["https:\/\/www.rri.ro\/de\/aktuell\/rri-aktuell\/pandemiewarnungen-und-empfehlungen-id461551.html"]}]},{"@type":"ImageObject","inLanguage":"de","@id":"https:\/\/www.rri.ro\/de\/aktuell\/rri-aktuell\/pandemiewarnungen-und-empfehlungen-id461551.html#primaryimage","url":"https:\/\/www.rri.ro\/wp-content\/uploads\/2023\/10\/conferinta-de-presa-klaus-iohannis-foto-presidency-ro.png","contentUrl":"https:\/\/www.rri.ro\/wp-content\/uploads\/2023\/10\/conferinta-de-presa-klaus-iohannis-foto-presidency-ro.png","width":640,"height":360},{"@type":"BreadcrumbList","@id":"https:\/\/www.rri.ro\/de\/aktuell\/rri-aktuell\/pandemiewarnungen-und-empfehlungen-id461551.html#breadcrumb","itemListElement":[{"@type":"ListItem","position":1,"name":"Startseite","item":"https:\/\/www.rri.ro\/de"},{"@type":"ListItem","position":2,"name":"Aktuell","item":"https:\/\/www.rri.ro\/de\/aktuell"},{"@type":"ListItem","position":3,"name":"RRI Aktuell","item":"https:\/\/www.rri.ro\/de\/aktuell\/rri-aktuell"},{"@type":"ListItem","position":4,"name":"Pandemiewarnungen und Empfehlungen"}]},{"@type":"WebSite","@id":"https:\/\/www.rri.ro\/#website","url":"https:\/\/www.rri.ro\/","name":"Radio Rum\u00e4nien International","description":"Totul despre Rom\u00e2nia \u015fi rom\u00e2ni, \u00een 13 limbi\/dialecte!","inLanguage":"de"},{"@type":"Person","@id":"https:\/\/www.rri.ro\/#\/schema\/person\/0745b519f2d1287783422f162c4112af","name":"Roxana Vasile","url":"https:\/\/www.rri.ro\/de\/author\/roxana-vasile"}]}},"_links":{"self":[{"href":"https:\/\/www.rri.ro\/de\/wp-json\/wp\/v2\/posts\/461551","targetHints":{"allow":["GET"]}}],"collection":[{"href":"https:\/\/www.rri.ro\/de\/wp-json\/wp\/v2\/posts"}],"about":[{"href":"https:\/\/www.rri.ro\/de\/wp-json\/wp\/v2\/types\/post"}],"author":[{"embeddable":true,"href":"https:\/\/www.rri.ro\/de\/wp-json\/wp\/v2\/users\/109"}],"replies":[{"embeddable":true,"href":"https:\/\/www.rri.ro\/de\/wp-json\/wp\/v2\/comments?post=461551"}],"version-history":[{"count":0,"href":"https:\/\/www.rri.ro\/de\/wp-json\/wp\/v2\/posts\/461551\/revisions"}],"wp:featuredmedia":[{"embeddable":true,"href":"https:\/\/www.rri.ro\/de\/wp-json\/wp\/v2\/media\/86390"}],"wp:attachment":[{"href":"https:\/\/www.rri.ro\/de\/wp-json\/wp\/v2\/media?parent=461551"}],"wp:term":[{"taxonomy":"category","embeddable":true,"href":"https:\/\/www.rri.ro\/de\/wp-json\/wp\/v2\/categories?post=461551"},{"taxonomy":"post_tag","embeddable":true,"href":"https:\/\/www.rri.ro\/de\/wp-json\/wp\/v2\/tags?post=461551"},{"taxonomy":"author","embeddable":true,"href":"https:\/\/www.rri.ro\/de\/wp-json\/wp\/v2\/coauthors?post=461551"}],"curies":[{"name":"wp","href":"https:\/\/api.w.org\/{rel}","templated":true}]}}