{"id":461552,"date":"2020-07-31T15:23:00","date_gmt":"2020-07-31T12:23:00","guid":{"rendered":"http:\/\/devrri.freshlemon.ro\/aktuell\/wann-wird-die-zahl-der-covid-19-infektionen-zurueckgehen-id461552.html"},"modified":"2024-02-19T20:59:33","modified_gmt":"2024-02-19T18:59:33","slug":"wann-wird-die-zahl-der-covid-19-infektionen-zurueckgehen","status":"publish","type":"post","link":"https:\/\/www.rri.ro\/de\/aktuell\/rri-aktuell\/wann-wird-die-zahl-der-covid-19-infektionen-zurueckgehen-id461552.html","title":{"rendered":"Wann wird die Zahl der Covid-19-Infektionen zur\u00fcckgehen?"},"content":{"rendered":"<p>Rum\u00e4nien meldet seit fast 2 Wochen einen Negativrekord nach dem anderen im Kampf gegen das gef\u00fcrchtete Coronavirus. Die t\u00e4gliche Zahl der neuen F\u00e4lle liegt bei \u00fcber 1.000, so dass sich die Gesamtzahl in den 5 Monaten der Gesundheitskrise auf fast 50.000 bel\u00e4uft. Auch die Zahl der Patienten auf den Intensivstationen ist gestiegen, ebenso wie die Zahl der Todesf\u00e4lle.<\/p>\n<p>&#13;<br \/>\n&#13;<\/p>\n<p>Die Infektionsrate k\u00f6nnte erst in 2-3 Wochen anfangen zu sinken, und das auch nur, wenn die B\u00fcrger die Schutzvorschriften beachten, sagt Gesundheitsminister Nelu T\u0103taru. Seiner Meinung nach ist dieser progressive Anstieg durch die Tausenden von Menschen verursacht, die positiv getestet und aus Krankenh\u00e4usern entlassen wurden, bevor das Gesetz \u00fcber Quarant\u00e4ne und Isolation in Kraft trat.<\/p>\n<p>&#13;<br \/>\n&#13;<\/p>\n<p>Nelu T\u0103taru: <em>Ab dem 23. Juli, als das Gesetz in Kraft trat, haben wir diese kolossalen Anstrengungen zur Identifizierung, Diagnose, Isolierung oder Quarant\u00e4ne von Patienten wieder aufgenommen. Was die 4.000 Patienten anbelangt, die sich weigerten, \u00fcber einen Zeitraum von drei Wochen im Krankenhaus zu bleiben, befinden wir uns derzeit auf dem H\u00f6hepunkt der Krankheit\u201c.<\/em><\/p>\n<p>&#13;<br \/>\n&#13;<\/p>\n<p>Die Beh\u00f6rden arbeiten an der Anpassung einiger Krankenh\u00e4user in den von Covid-19 betroffenen Gebieten, damit sie Coronavirus-Patienten aufnehmen k\u00f6nnen. Seit die Entscheidung den lokalen Beh\u00f6rden \u00fcberlassen wurde, haben immer mehr Landkreise die Verpflichtung eingef\u00fchrt, auch auf \u00fcberf\u00fcllten Pl\u00e4tzen im Freien, wie M\u00e4rkten, Messen, Kirchengel\u00e4nden, Busbahnh\u00f6fen oder Bahnsteigen, Gesichtsmasken zu tragen. Die Regel gilt f\u00fcr alle, au\u200e\u00dfer f\u00fcr Kinder unter 5 Jahren. Dies ist der Fall im Landkreis Constan\u021ba an der Schwarzmeerk\u00fcste, der zu dieser Jahreszeit von Touristen wimmelt.<\/p>\n<p>&#13;<br \/>\n&#13;<\/p>\n<p>Dazu, Pr\u00e4fekt George Niculescu: <em>In den Strandpromenaden in allen Touristenorten des Bezirks Constan\u0163a, die im Sommer traditionell \u00fcberf\u00fcllt sind, ist zwischen 18 Uhr und Mitternacht das Tragen einer Maske vorgeschrieben. Die Entscheidung wurde nach einem Bericht der Direktion f\u00fcr \u00f6ffentliche Gesundheit \u00fcber die Risiken einer Coronavirus-Infektion und einem Bericht der Kreispolizeiinspektion Constan\u021ba \u00fcber die Verkehrs- und Personenflussdaten f\u00fcr diese Stunden getroffen.&#8220;<\/em><\/p>\n<p>&#13;<br \/>\n&#13;<\/p>\n<p>Wenn die Pandemie einged\u00e4mmt werden soll, so die zentralen Beh\u00f6rden, m\u00fcssen strenge Ma\u200e\u00dfnahmen ergriffen werden, die von den Menschen eingehalten werden m\u00fcssen, sonst drohen die vom Gesetz vorgeschriebenen harten Konsequenzen.<\/p>\n<p>&#13;<\/p>\n","protected":false},"excerpt":{"rendered":"<p>Der Gesundheitsminister sagt, dass die Zahl der neuen Covid-19-F\u00e4lle in 2-3 Wochen zur\u00fcckgehen k\u00f6nnte.<\/p>\n","protected":false},"author":109,"featured_media":85862,"comment_status":"closed","ping_status":"closed","sticky":false,"template":"","format":"standard","meta":{"_acf_changed":false,"footnotes":""},"categories":[99583],"tags":[50625,35374,105021],"coauthors":[],"class_list":["post-461552","post","type-post","status-publish","format-standard","has-post-thumbnail","hentry","category-rri-aktuell","tag-coronavirus-pandemie","tag-covid-19","tag-warnzustand"],"acf":[],"yoast_head":"<!-- This site is optimized with the Yoast SEO plugin v27.3 - https:\/\/yoast.com\/product\/yoast-seo-wordpress\/ -->\n<title>Wann wird die Zahl der Covid-19-Infektionen zur\u00fcckgehen? - Radio Rum\u00e4nien International<\/title>\n<meta name=\"robots\" content=\"index, follow, max-snippet:-1, max-image-preview:large, max-video-preview:-1\" \/>\n<link rel=\"canonical\" href=\"https:\/\/www.rri.ro\/de\/aktuell\/rri-aktuell\/wann-wird-die-zahl-der-covid-19-infektionen-zurueckgehen-id461552.html\" \/>\n<meta property=\"og:locale\" content=\"de_DE\" \/>\n<meta property=\"og:type\" content=\"article\" \/>\n<meta property=\"og:title\" content=\"Wann wird die Zahl der Covid-19-Infektionen zur\u00fcckgehen? - Radio Rum\u00e4nien International\" \/>\n<meta property=\"og:description\" content=\"Der Gesundheitsminister sagt, dass die Zahl der neuen Covid-19-F\u00e4lle in 2-3 Wochen zur\u00fcckgehen k\u00f6nnte.\" \/>\n<meta property=\"og:url\" content=\"https:\/\/www.rri.ro\/de\/aktuell\/rri-aktuell\/wann-wird-die-zahl-der-covid-19-infektionen-zurueckgehen-id461552.html\" \/>\n<meta property=\"og:site_name\" content=\"Radio Rum\u00e4nien International\" \/>\n<meta property=\"article:published_time\" content=\"2020-07-31T12:23:00+00:00\" \/>\n<meta property=\"article:modified_time\" content=\"2024-02-19T18:59:33+00:00\" \/>\n<meta property=\"og:image\" content=\"https:\/\/www.rri.ro\/wp-content\/uploads\/2023\/10\/nelu-tataru-la-guvern-foto-gov-ro.png\" \/>\n\t<meta property=\"og:image:width\" content=\"640\" \/>\n\t<meta property=\"og:image:height\" content=\"427\" \/>\n\t<meta property=\"og:image:type\" content=\"image\/png\" \/>\n<meta name=\"author\" content=\"Roxana Vasile\" \/>\n<meta name=\"twitter:card\" content=\"summary_large_image\" \/>\n<meta name=\"twitter:label1\" content=\"Verfasst von\" \/>\n\t<meta name=\"twitter:data1\" content=\"Roxana Vasile\" \/>\n\t<meta name=\"twitter:label2\" content=\"Gesch\u00e4tzte Lesezeit\" \/>\n\t<meta name=\"twitter:data2\" content=\"2\u00a0Minuten\" \/>\n\t<meta name=\"twitter:label3\" content=\"Written by\" \/>\n\t<meta name=\"twitter:data3\" content=\"Roxana Vasile\" \/>\n<script type=\"application\/ld+json\" class=\"yoast-schema-graph\">{\"@context\":\"https:\\\/\\\/schema.org\",\"@graph\":[{\"@type\":\"Article\",\"@id\":\"https:\\\/\\\/www.rri.ro\\\/de\\\/aktuell\\\/rri-aktuell\\\/wann-wird-die-zahl-der-covid-19-infektionen-zurueckgehen-id461552.html#article\",\"isPartOf\":{\"@id\":\"https:\\\/\\\/www.rri.ro\\\/de\\\/aktuell\\\/rri-aktuell\\\/wann-wird-die-zahl-der-covid-19-infektionen-zurueckgehen-id461552.html\"},\"author\":{\"name\":\"Roxana Vasile\",\"@id\":\"https:\\\/\\\/www.rri.ro\\\/#\\\/schema\\\/person\\\/0745b519f2d1287783422f162c4112af\"},\"headline\":\"Wann wird die Zahl der Covid-19-Infektionen zur\u00fcckgehen?\",\"datePublished\":\"2020-07-31T12:23:00+00:00\",\"dateModified\":\"2024-02-19T18:59:33+00:00\",\"mainEntityOfPage\":{\"@id\":\"https:\\\/\\\/www.rri.ro\\\/de\\\/aktuell\\\/rri-aktuell\\\/wann-wird-die-zahl-der-covid-19-infektionen-zurueckgehen-id461552.html\"},\"wordCount\":377,\"image\":{\"@id\":\"https:\\\/\\\/www.rri.ro\\\/de\\\/aktuell\\\/rri-aktuell\\\/wann-wird-die-zahl-der-covid-19-infektionen-zurueckgehen-id461552.html#primaryimage\"},\"thumbnailUrl\":\"https:\\\/\\\/www.rri.ro\\\/wp-content\\\/uploads\\\/2023\\\/10\\\/nelu-tataru-la-guvern-foto-gov-ro.png\",\"keywords\":[\"coronavirus&#013; pandemie\",\"Covid-19\",\"Warnzustand\"],\"articleSection\":[\"RRI Aktuell\"],\"inLanguage\":\"de\"},{\"@type\":\"WebPage\",\"@id\":\"https:\\\/\\\/www.rri.ro\\\/de\\\/aktuell\\\/rri-aktuell\\\/wann-wird-die-zahl-der-covid-19-infektionen-zurueckgehen-id461552.html\",\"url\":\"https:\\\/\\\/www.rri.ro\\\/de\\\/aktuell\\\/rri-aktuell\\\/wann-wird-die-zahl-der-covid-19-infektionen-zurueckgehen-id461552.html\",\"name\":\"Wann wird die Zahl der Covid-19-Infektionen zur\u00fcckgehen? - Radio Rum\u00e4nien International\",\"isPartOf\":{\"@id\":\"https:\\\/\\\/www.rri.ro\\\/#website\"},\"primaryImageOfPage\":{\"@id\":\"https:\\\/\\\/www.rri.ro\\\/de\\\/aktuell\\\/rri-aktuell\\\/wann-wird-die-zahl-der-covid-19-infektionen-zurueckgehen-id461552.html#primaryimage\"},\"image\":{\"@id\":\"https:\\\/\\\/www.rri.ro\\\/de\\\/aktuell\\\/rri-aktuell\\\/wann-wird-die-zahl-der-covid-19-infektionen-zurueckgehen-id461552.html#primaryimage\"},\"thumbnailUrl\":\"https:\\\/\\\/www.rri.ro\\\/wp-content\\\/uploads\\\/2023\\\/10\\\/nelu-tataru-la-guvern-foto-gov-ro.png\",\"datePublished\":\"2020-07-31T12:23:00+00:00\",\"dateModified\":\"2024-02-19T18:59:33+00:00\",\"author\":{\"@id\":\"https:\\\/\\\/www.rri.ro\\\/#\\\/schema\\\/person\\\/0745b519f2d1287783422f162c4112af\"},\"breadcrumb\":{\"@id\":\"https:\\\/\\\/www.rri.ro\\\/de\\\/aktuell\\\/rri-aktuell\\\/wann-wird-die-zahl-der-covid-19-infektionen-zurueckgehen-id461552.html#breadcrumb\"},\"inLanguage\":\"de\",\"potentialAction\":[{\"@type\":\"ReadAction\",\"target\":[\"https:\\\/\\\/www.rri.ro\\\/de\\\/aktuell\\\/rri-aktuell\\\/wann-wird-die-zahl-der-covid-19-infektionen-zurueckgehen-id461552.html\"]}]},{\"@type\":\"ImageObject\",\"inLanguage\":\"de\",\"@id\":\"https:\\\/\\\/www.rri.ro\\\/de\\\/aktuell\\\/rri-aktuell\\\/wann-wird-die-zahl-der-covid-19-infektionen-zurueckgehen-id461552.html#primaryimage\",\"url\":\"https:\\\/\\\/www.rri.ro\\\/wp-content\\\/uploads\\\/2023\\\/10\\\/nelu-tataru-la-guvern-foto-gov-ro.png\",\"contentUrl\":\"https:\\\/\\\/www.rri.ro\\\/wp-content\\\/uploads\\\/2023\\\/10\\\/nelu-tataru-la-guvern-foto-gov-ro.png\",\"width\":640,\"height\":427},{\"@type\":\"BreadcrumbList\",\"@id\":\"https:\\\/\\\/www.rri.ro\\\/de\\\/aktuell\\\/rri-aktuell\\\/wann-wird-die-zahl-der-covid-19-infektionen-zurueckgehen-id461552.html#breadcrumb\",\"itemListElement\":[{\"@type\":\"ListItem\",\"position\":1,\"name\":\"Startseite\",\"item\":\"https:\\\/\\\/www.rri.ro\\\/de\"},{\"@type\":\"ListItem\",\"position\":2,\"name\":\"Aktuell\",\"item\":\"https:\\\/\\\/www.rri.ro\\\/de\\\/aktuell\"},{\"@type\":\"ListItem\",\"position\":3,\"name\":\"RRI Aktuell\",\"item\":\"https:\\\/\\\/www.rri.ro\\\/de\\\/aktuell\\\/rri-aktuell\"},{\"@type\":\"ListItem\",\"position\":4,\"name\":\"Wann wird die Zahl der Covid-19-Infektionen zur\u00fcckgehen?\"}]},{\"@type\":\"WebSite\",\"@id\":\"https:\\\/\\\/www.rri.ro\\\/#website\",\"url\":\"https:\\\/\\\/www.rri.ro\\\/\",\"name\":\"Radio Rum\u00e4nien International\",\"description\":\"Totul despre Rom\u00e2nia \u015fi rom\u00e2ni, \u00een 13 limbi\\\/dialecte!\",\"inLanguage\":\"de\"},{\"@type\":\"Person\",\"@id\":\"https:\\\/\\\/www.rri.ro\\\/#\\\/schema\\\/person\\\/0745b519f2d1287783422f162c4112af\",\"name\":\"Roxana Vasile\",\"url\":\"https:\\\/\\\/www.rri.ro\\\/de\\\/author\\\/roxana-vasile\"}]}<\/script>\n<!-- \/ Yoast SEO plugin. -->","yoast_head_json":{"title":"Wann wird die Zahl der Covid-19-Infektionen zur\u00fcckgehen? - Radio Rum\u00e4nien International","robots":{"index":"index","follow":"follow","max-snippet":"max-snippet:-1","max-image-preview":"max-image-preview:large","max-video-preview":"max-video-preview:-1"},"canonical":"https:\/\/www.rri.ro\/de\/aktuell\/rri-aktuell\/wann-wird-die-zahl-der-covid-19-infektionen-zurueckgehen-id461552.html","og_locale":"de_DE","og_type":"article","og_title":"Wann wird die Zahl der Covid-19-Infektionen zur\u00fcckgehen? - Radio Rum\u00e4nien International","og_description":"Der Gesundheitsminister sagt, dass die Zahl der neuen Covid-19-F\u00e4lle in 2-3 Wochen zur\u00fcckgehen k\u00f6nnte.","og_url":"https:\/\/www.rri.ro\/de\/aktuell\/rri-aktuell\/wann-wird-die-zahl-der-covid-19-infektionen-zurueckgehen-id461552.html","og_site_name":"Radio Rum\u00e4nien International","article_published_time":"2020-07-31T12:23:00+00:00","article_modified_time":"2024-02-19T18:59:33+00:00","og_image":[{"width":640,"height":427,"url":"https:\/\/www.rri.ro\/wp-content\/uploads\/2023\/10\/nelu-tataru-la-guvern-foto-gov-ro.png","type":"image\/png"}],"author":"Roxana Vasile","twitter_card":"summary_large_image","twitter_misc":{"Verfasst von":"Roxana Vasile","Gesch\u00e4tzte Lesezeit":"2\u00a0Minuten","Written by":"Roxana Vasile"},"schema":{"@context":"https:\/\/schema.org","@graph":[{"@type":"Article","@id":"https:\/\/www.rri.ro\/de\/aktuell\/rri-aktuell\/wann-wird-die-zahl-der-covid-19-infektionen-zurueckgehen-id461552.html#article","isPartOf":{"@id":"https:\/\/www.rri.ro\/de\/aktuell\/rri-aktuell\/wann-wird-die-zahl-der-covid-19-infektionen-zurueckgehen-id461552.html"},"author":{"name":"Roxana Vasile","@id":"https:\/\/www.rri.ro\/#\/schema\/person\/0745b519f2d1287783422f162c4112af"},"headline":"Wann wird die Zahl der Covid-19-Infektionen zur\u00fcckgehen?","datePublished":"2020-07-31T12:23:00+00:00","dateModified":"2024-02-19T18:59:33+00:00","mainEntityOfPage":{"@id":"https:\/\/www.rri.ro\/de\/aktuell\/rri-aktuell\/wann-wird-die-zahl-der-covid-19-infektionen-zurueckgehen-id461552.html"},"wordCount":377,"image":{"@id":"https:\/\/www.rri.ro\/de\/aktuell\/rri-aktuell\/wann-wird-die-zahl-der-covid-19-infektionen-zurueckgehen-id461552.html#primaryimage"},"thumbnailUrl":"https:\/\/www.rri.ro\/wp-content\/uploads\/2023\/10\/nelu-tataru-la-guvern-foto-gov-ro.png","keywords":["coronavirus&#013; pandemie","Covid-19","Warnzustand"],"articleSection":["RRI Aktuell"],"inLanguage":"de"},{"@type":"WebPage","@id":"https:\/\/www.rri.ro\/de\/aktuell\/rri-aktuell\/wann-wird-die-zahl-der-covid-19-infektionen-zurueckgehen-id461552.html","url":"https:\/\/www.rri.ro\/de\/aktuell\/rri-aktuell\/wann-wird-die-zahl-der-covid-19-infektionen-zurueckgehen-id461552.html","name":"Wann wird die Zahl der Covid-19-Infektionen zur\u00fcckgehen? - Radio Rum\u00e4nien International","isPartOf":{"@id":"https:\/\/www.rri.ro\/#website"},"primaryImageOfPage":{"@id":"https:\/\/www.rri.ro\/de\/aktuell\/rri-aktuell\/wann-wird-die-zahl-der-covid-19-infektionen-zurueckgehen-id461552.html#primaryimage"},"image":{"@id":"https:\/\/www.rri.ro\/de\/aktuell\/rri-aktuell\/wann-wird-die-zahl-der-covid-19-infektionen-zurueckgehen-id461552.html#primaryimage"},"thumbnailUrl":"https:\/\/www.rri.ro\/wp-content\/uploads\/2023\/10\/nelu-tataru-la-guvern-foto-gov-ro.png","datePublished":"2020-07-31T12:23:00+00:00","dateModified":"2024-02-19T18:59:33+00:00","author":{"@id":"https:\/\/www.rri.ro\/#\/schema\/person\/0745b519f2d1287783422f162c4112af"},"breadcrumb":{"@id":"https:\/\/www.rri.ro\/de\/aktuell\/rri-aktuell\/wann-wird-die-zahl-der-covid-19-infektionen-zurueckgehen-id461552.html#breadcrumb"},"inLanguage":"de","potentialAction":[{"@type":"ReadAction","target":["https:\/\/www.rri.ro\/de\/aktuell\/rri-aktuell\/wann-wird-die-zahl-der-covid-19-infektionen-zurueckgehen-id461552.html"]}]},{"@type":"ImageObject","inLanguage":"de","@id":"https:\/\/www.rri.ro\/de\/aktuell\/rri-aktuell\/wann-wird-die-zahl-der-covid-19-infektionen-zurueckgehen-id461552.html#primaryimage","url":"https:\/\/www.rri.ro\/wp-content\/uploads\/2023\/10\/nelu-tataru-la-guvern-foto-gov-ro.png","contentUrl":"https:\/\/www.rri.ro\/wp-content\/uploads\/2023\/10\/nelu-tataru-la-guvern-foto-gov-ro.png","width":640,"height":427},{"@type":"BreadcrumbList","@id":"https:\/\/www.rri.ro\/de\/aktuell\/rri-aktuell\/wann-wird-die-zahl-der-covid-19-infektionen-zurueckgehen-id461552.html#breadcrumb","itemListElement":[{"@type":"ListItem","position":1,"name":"Startseite","item":"https:\/\/www.rri.ro\/de"},{"@type":"ListItem","position":2,"name":"Aktuell","item":"https:\/\/www.rri.ro\/de\/aktuell"},{"@type":"ListItem","position":3,"name":"RRI Aktuell","item":"https:\/\/www.rri.ro\/de\/aktuell\/rri-aktuell"},{"@type":"ListItem","position":4,"name":"Wann wird die Zahl der Covid-19-Infektionen zur\u00fcckgehen?"}]},{"@type":"WebSite","@id":"https:\/\/www.rri.ro\/#website","url":"https:\/\/www.rri.ro\/","name":"Radio Rum\u00e4nien International","description":"Totul despre Rom\u00e2nia \u015fi rom\u00e2ni, \u00een 13 limbi\/dialecte!","inLanguage":"de"},{"@type":"Person","@id":"https:\/\/www.rri.ro\/#\/schema\/person\/0745b519f2d1287783422f162c4112af","name":"Roxana Vasile","url":"https:\/\/www.rri.ro\/de\/author\/roxana-vasile"}]}},"_links":{"self":[{"href":"https:\/\/www.rri.ro\/de\/wp-json\/wp\/v2\/posts\/461552","targetHints":{"allow":["GET"]}}],"collection":[{"href":"https:\/\/www.rri.ro\/de\/wp-json\/wp\/v2\/posts"}],"about":[{"href":"https:\/\/www.rri.ro\/de\/wp-json\/wp\/v2\/types\/post"}],"author":[{"embeddable":true,"href":"https:\/\/www.rri.ro\/de\/wp-json\/wp\/v2\/users\/109"}],"replies":[{"embeddable":true,"href":"https:\/\/www.rri.ro\/de\/wp-json\/wp\/v2\/comments?post=461552"}],"version-history":[{"count":0,"href":"https:\/\/www.rri.ro\/de\/wp-json\/wp\/v2\/posts\/461552\/revisions"}],"wp:featuredmedia":[{"embeddable":true,"href":"https:\/\/www.rri.ro\/de\/wp-json\/wp\/v2\/media\/85862"}],"wp:attachment":[{"href":"https:\/\/www.rri.ro\/de\/wp-json\/wp\/v2\/media?parent=461552"}],"wp:term":[{"taxonomy":"category","embeddable":true,"href":"https:\/\/www.rri.ro\/de\/wp-json\/wp\/v2\/categories?post=461552"},{"taxonomy":"post_tag","embeddable":true,"href":"https:\/\/www.rri.ro\/de\/wp-json\/wp\/v2\/tags?post=461552"},{"taxonomy":"author","embeddable":true,"href":"https:\/\/www.rri.ro\/de\/wp-json\/wp\/v2\/coauthors?post=461552"}],"curies":[{"name":"wp","href":"https:\/\/api.w.org\/{rel}","templated":true}]}}