{"id":461592,"date":"2020-09-15T14:02:00","date_gmt":"2020-09-15T11:02:00","guid":{"rendered":"http:\/\/devrri.freshlemon.ro\/aktuell\/neues-schuljahr-im-kontext-der-pandemie-id461592.html"},"modified":"2024-02-19T20:59:54","modified_gmt":"2024-02-19T18:59:54","slug":"neues-schuljahr-im-kontext-der-pandemie","status":"publish","type":"post","link":"https:\/\/www.rri.ro\/de\/aktuell\/rri-aktuell\/neues-schuljahr-im-kontext-der-pandemie-id461592.html","title":{"rendered":"Neues Schuljahr im Kontext der Pandemie"},"content":{"rendered":"<p>In den meisten Schulen gingen Sch\u00fcler zum Pr\u00e4senzunterricht  &#8211; mit Schutzmasken und k\u00f6rperlicher Distanzierung. Es gibt auch Schulen, in denen der Unterricht online abgehalten wird, was auf F\u00e4lle von COVID-19 unter Lehrern und Sch\u00fclern zur\u00fcckzuf\u00fchren ist. Die Beh\u00f6rden haben angegeben, dass sie die Situation genau beobachten und die notwendigen Ma\u200e\u00dfnahmen zur Begrenzung der Ansteckung ergreifen werden.<\/p>\n<p>&#13;<br \/>\n&#13;<\/p>\n<p>&#13;<br \/>\n&#13;<\/p>\n<p>Der liberale Premierminister Ludovic Orban sagte, dass der Schulstart in den meisten Schulen gut verlaufen sei. Kinder brauchen den Unterricht, und die Unterbrechung des Bildungsprozesses kann das Verstehen des Stoffs in den  Schulf\u00e4cher in den kommenden Jahren beeintr\u00e4chtigen&#8220;, sagte der Premierminister. Er dr\u00fcckte sein Vertrauen in den Auftrag der Lehrer aus, die er dr\u00e4ngte, Partner der Eltern im Lehrprozess zu werden. <strong>&#8222;Wenn es im Bildungsprozess ein oder zwei Monate lang Verz\u00f6gerungen oder L\u00fccken gibt, kann dies das Verst\u00e4ndnis von Wissen in den kommenden Schuljahren beeintr\u00e4chtigen, und dort m\u00fcssen wir die Botschaft klar vermitteln, dass es f\u00fcr die Kinder \u00e4u\u200e\u00dferst wichtig ist, dem Schulunterrichts zu folgen, ganz gleich, wie er durchgef\u00fchrt wird, ob im Klassenzimmer oder online. Ich glaube au\u200e\u00dferdem, dass es eine Tendenz gibt, allm\u00e4hlich zu einer normaleren Atmosph\u00e4re zur\u00fcckzukehren, die spannungsgeladene Atmosph\u00e4re existiert nicht mehr. Das neue Schuljahr ist immer noch eine frohe Zeit f\u00fcr Kinder und Lehrer, und vielleicht auch f\u00fcr Eltern&#8220;<\/strong>, sagte Premierminister Ludovic Orban.<\/p>\n<p>&#13;<br \/>\n&#13;<\/p>\n<p>Der sozialdemokratische Pr\u00e4sident der Abgeordnetenkammer, Marcel Ciolacu, meinte seinerseits, das neue Schuljahr beginne mit vielen Unsicherheiten, was f\u00fcr alle am Lehrprozess Beteiligten schwierig sei. Er sagte, er sei \u00fcberzeugt, dass es Lehrern, Sch\u00fclern, Eltern und lokalen Beh\u00f6rden gelingen werde, alle Schwierigkeiten zu \u00fcberwinden: <strong>&#8222;Heute ist eine andere Art von Anfang, auf dem Weg der Verantwortung und des Mutes, an dessen Ende alle st\u00e4rker und weiser sein werden. Ich bin sicher, dass jeder von Ihnen verstehen wird, wie wichtig es ist, die Regeln des Gesundheitsschutzes einzuhalten, und ich bin ebenso sicher, dass es Sch\u00fclern, Eltern, Lehrern und lokalen Beh\u00f6rden gemeinsam gelingen wird, diesen Weg ohne gr\u00f6\u200e\u00dfere Zwischenf\u00e4lle zu gehen,&#8220;<\/strong> so der Pr\u00e4sident der Abgeordnetenkammer Marcel Ciolacu.<\/p>\n<p>&#13;<br \/>\n&#13;<\/p>\n<p>Die Vertreter der Sch\u00fcler, ihrer Eltern und der Lehrergewerkschaften sind der Ansicht, dass die in den Schulen angewandten Ma\u200e\u00dfnahmen nicht ausreichen und auch nicht gut umgesetzt werden. Unzufrieden mit der Art und Weise, wie die Beh\u00f6rden mit dem Kauf von Laptops und Tablets f\u00fcr Sch\u00fcler umgingen, demonstrierten der Verein Declic und der Nationale Sch\u00fclerrat am ersten Tag des neuen Schuljahres vor dem Bildungsministerium, um daran zu erinnern, dass 900.000 Sch\u00fcler w\u00e4hrend des Ausnahmezustands keinen Zugang zu Online-Bildung hatten. Beamte des Ministeriums antworteten, dass ihre Institution ihre Arbeit gut gemacht habe und dass das Nationale Amt f\u00fcr zentralisierte Beschaffung f\u00fcr die fraglichen Eink\u00e4ufe zust\u00e4ndig sei.<\/p>\n<p>&#13;<\/p>\n","protected":false},"excerpt":{"rendered":"<p>Fast 3 Millionen rum\u00e4nische Sch\u00fcler sind f\u00fcr das neue Schuljahr 2020 &#8211; 2021 in die Schule zur\u00fcckgekehrt-das neue Schuljahr ist aufgrund der Coronavirus-Pandemie mit gro\u00dfen Unsicherheiten f\u00fcr Sch\u00fcler, Eltern und Lehrer verbunden<\/p>\n","protected":false},"author":107,"featured_media":86451,"comment_status":"closed","ping_status":"closed","sticky":false,"template":"","format":"standard","meta":{"_acf_changed":false,"footnotes":""},"categories":[99583],"tags":[47026,99589,100994],"coauthors":[],"class_list":["post-461592","post","type-post","status-publish","format-standard","has-post-thumbnail","hentry","category-rri-aktuell","tag-pandemie","tag-rumaenien","tag-schulen"],"acf":[],"yoast_head":"<!-- This site is optimized with the Yoast SEO plugin v27.3 - https:\/\/yoast.com\/product\/yoast-seo-wordpress\/ -->\n<title>Neues Schuljahr im Kontext der Pandemie - Radio Rum\u00e4nien International<\/title>\n<meta name=\"robots\" content=\"index, follow, max-snippet:-1, max-image-preview:large, max-video-preview:-1\" \/>\n<link rel=\"canonical\" href=\"https:\/\/www.rri.ro\/de\/aktuell\/rri-aktuell\/neues-schuljahr-im-kontext-der-pandemie-id461592.html\" \/>\n<meta property=\"og:locale\" content=\"de_DE\" \/>\n<meta property=\"og:type\" content=\"article\" \/>\n<meta property=\"og:title\" content=\"Neues Schuljahr im Kontext der Pandemie - Radio Rum\u00e4nien International\" \/>\n<meta property=\"og:description\" content=\"Fast 3 Millionen rum\u00e4nische Sch\u00fcler sind f\u00fcr das neue Schuljahr 2020 - 2021 in die Schule zur\u00fcckgekehrt-das neue Schuljahr ist aufgrund der Coronavirus-Pandemie mit gro\u00dfen Unsicherheiten f\u00fcr Sch\u00fcler, Eltern und Lehrer verbunden\" \/>\n<meta property=\"og:url\" content=\"https:\/\/www.rri.ro\/de\/aktuell\/rri-aktuell\/neues-schuljahr-im-kontext-der-pandemie-id461592.html\" \/>\n<meta property=\"og:site_name\" content=\"Radio Rum\u00e4nien International\" \/>\n<meta property=\"article:published_time\" content=\"2020-09-15T11:02:00+00:00\" \/>\n<meta property=\"article:modified_time\" content=\"2024-02-19T18:59:54+00:00\" \/>\n<meta property=\"og:image\" content=\"https:\/\/www.rri.ro\/wp-content\/uploads\/2023\/10\/elev-scoala-masca-foto-pixabay.png\" \/>\n\t<meta property=\"og:image:width\" content=\"640\" \/>\n\t<meta property=\"og:image:height\" content=\"480\" \/>\n\t<meta property=\"og:image:type\" content=\"image\/png\" \/>\n<meta name=\"author\" content=\"Daniela Budu\" \/>\n<meta name=\"twitter:card\" content=\"summary_large_image\" \/>\n<meta name=\"twitter:label1\" content=\"Verfasst von\" \/>\n\t<meta name=\"twitter:data1\" content=\"Daniela Budu\" \/>\n\t<meta name=\"twitter:label2\" content=\"Gesch\u00e4tzte Lesezeit\" \/>\n\t<meta name=\"twitter:data2\" content=\"2\u00a0Minuten\" \/>\n\t<meta name=\"twitter:label3\" content=\"Written by\" \/>\n\t<meta name=\"twitter:data3\" content=\"Daniela Budu\" \/>\n<script type=\"application\/ld+json\" class=\"yoast-schema-graph\">{\"@context\":\"https:\\\/\\\/schema.org\",\"@graph\":[{\"@type\":\"Article\",\"@id\":\"https:\\\/\\\/www.rri.ro\\\/de\\\/aktuell\\\/rri-aktuell\\\/neues-schuljahr-im-kontext-der-pandemie-id461592.html#article\",\"isPartOf\":{\"@id\":\"https:\\\/\\\/www.rri.ro\\\/de\\\/aktuell\\\/rri-aktuell\\\/neues-schuljahr-im-kontext-der-pandemie-id461592.html\"},\"author\":{\"name\":\"Daniela Budu\",\"@id\":\"https:\\\/\\\/www.rri.ro\\\/#\\\/schema\\\/person\\\/b46b8f80d7d6e4b5ac9f14f0acbad0c4\"},\"headline\":\"Neues Schuljahr im Kontext der Pandemie\",\"datePublished\":\"2020-09-15T11:02:00+00:00\",\"dateModified\":\"2024-02-19T18:59:54+00:00\",\"mainEntityOfPage\":{\"@id\":\"https:\\\/\\\/www.rri.ro\\\/de\\\/aktuell\\\/rri-aktuell\\\/neues-schuljahr-im-kontext-der-pandemie-id461592.html\"},\"wordCount\":488,\"image\":{\"@id\":\"https:\\\/\\\/www.rri.ro\\\/de\\\/aktuell\\\/rri-aktuell\\\/neues-schuljahr-im-kontext-der-pandemie-id461592.html#primaryimage\"},\"thumbnailUrl\":\"https:\\\/\\\/www.rri.ro\\\/wp-content\\\/uploads\\\/2023\\\/10\\\/elev-scoala-masca-foto-pixabay.png\",\"keywords\":[\"pandemie\",\"Rum\u00e4nien\",\"Schulen\"],\"articleSection\":[\"RRI Aktuell\"],\"inLanguage\":\"de\"},{\"@type\":\"WebPage\",\"@id\":\"https:\\\/\\\/www.rri.ro\\\/de\\\/aktuell\\\/rri-aktuell\\\/neues-schuljahr-im-kontext-der-pandemie-id461592.html\",\"url\":\"https:\\\/\\\/www.rri.ro\\\/de\\\/aktuell\\\/rri-aktuell\\\/neues-schuljahr-im-kontext-der-pandemie-id461592.html\",\"name\":\"Neues Schuljahr im Kontext der Pandemie - Radio Rum\u00e4nien International\",\"isPartOf\":{\"@id\":\"https:\\\/\\\/www.rri.ro\\\/#website\"},\"primaryImageOfPage\":{\"@id\":\"https:\\\/\\\/www.rri.ro\\\/de\\\/aktuell\\\/rri-aktuell\\\/neues-schuljahr-im-kontext-der-pandemie-id461592.html#primaryimage\"},\"image\":{\"@id\":\"https:\\\/\\\/www.rri.ro\\\/de\\\/aktuell\\\/rri-aktuell\\\/neues-schuljahr-im-kontext-der-pandemie-id461592.html#primaryimage\"},\"thumbnailUrl\":\"https:\\\/\\\/www.rri.ro\\\/wp-content\\\/uploads\\\/2023\\\/10\\\/elev-scoala-masca-foto-pixabay.png\",\"datePublished\":\"2020-09-15T11:02:00+00:00\",\"dateModified\":\"2024-02-19T18:59:54+00:00\",\"author\":{\"@id\":\"https:\\\/\\\/www.rri.ro\\\/#\\\/schema\\\/person\\\/b46b8f80d7d6e4b5ac9f14f0acbad0c4\"},\"breadcrumb\":{\"@id\":\"https:\\\/\\\/www.rri.ro\\\/de\\\/aktuell\\\/rri-aktuell\\\/neues-schuljahr-im-kontext-der-pandemie-id461592.html#breadcrumb\"},\"inLanguage\":\"de\",\"potentialAction\":[{\"@type\":\"ReadAction\",\"target\":[\"https:\\\/\\\/www.rri.ro\\\/de\\\/aktuell\\\/rri-aktuell\\\/neues-schuljahr-im-kontext-der-pandemie-id461592.html\"]}]},{\"@type\":\"ImageObject\",\"inLanguage\":\"de\",\"@id\":\"https:\\\/\\\/www.rri.ro\\\/de\\\/aktuell\\\/rri-aktuell\\\/neues-schuljahr-im-kontext-der-pandemie-id461592.html#primaryimage\",\"url\":\"https:\\\/\\\/www.rri.ro\\\/wp-content\\\/uploads\\\/2023\\\/10\\\/elev-scoala-masca-foto-pixabay.png\",\"contentUrl\":\"https:\\\/\\\/www.rri.ro\\\/wp-content\\\/uploads\\\/2023\\\/10\\\/elev-scoala-masca-foto-pixabay.png\",\"width\":640,\"height\":480},{\"@type\":\"BreadcrumbList\",\"@id\":\"https:\\\/\\\/www.rri.ro\\\/de\\\/aktuell\\\/rri-aktuell\\\/neues-schuljahr-im-kontext-der-pandemie-id461592.html#breadcrumb\",\"itemListElement\":[{\"@type\":\"ListItem\",\"position\":1,\"name\":\"Startseite\",\"item\":\"https:\\\/\\\/www.rri.ro\\\/de\"},{\"@type\":\"ListItem\",\"position\":2,\"name\":\"Aktuell\",\"item\":\"https:\\\/\\\/www.rri.ro\\\/de\\\/aktuell\"},{\"@type\":\"ListItem\",\"position\":3,\"name\":\"RRI Aktuell\",\"item\":\"https:\\\/\\\/www.rri.ro\\\/de\\\/aktuell\\\/rri-aktuell\"},{\"@type\":\"ListItem\",\"position\":4,\"name\":\"Neues Schuljahr im Kontext der Pandemie\"}]},{\"@type\":\"WebSite\",\"@id\":\"https:\\\/\\\/www.rri.ro\\\/#website\",\"url\":\"https:\\\/\\\/www.rri.ro\\\/\",\"name\":\"Radio Rum\u00e4nien International\",\"description\":\"Totul despre Rom\u00e2nia \u015fi rom\u00e2ni, \u00een 13 limbi\\\/dialecte!\",\"inLanguage\":\"de\"},{\"@type\":\"Person\",\"@id\":\"https:\\\/\\\/www.rri.ro\\\/#\\\/schema\\\/person\\\/b46b8f80d7d6e4b5ac9f14f0acbad0c4\",\"name\":\"Daniela Budu\",\"url\":\"https:\\\/\\\/www.rri.ro\\\/de\\\/author\\\/daniela-budu\"}]}<\/script>\n<!-- \/ Yoast SEO plugin. -->","yoast_head_json":{"title":"Neues Schuljahr im Kontext der Pandemie - Radio Rum\u00e4nien International","robots":{"index":"index","follow":"follow","max-snippet":"max-snippet:-1","max-image-preview":"max-image-preview:large","max-video-preview":"max-video-preview:-1"},"canonical":"https:\/\/www.rri.ro\/de\/aktuell\/rri-aktuell\/neues-schuljahr-im-kontext-der-pandemie-id461592.html","og_locale":"de_DE","og_type":"article","og_title":"Neues Schuljahr im Kontext der Pandemie - Radio Rum\u00e4nien International","og_description":"Fast 3 Millionen rum\u00e4nische Sch\u00fcler sind f\u00fcr das neue Schuljahr 2020 - 2021 in die Schule zur\u00fcckgekehrt-das neue Schuljahr ist aufgrund der Coronavirus-Pandemie mit gro\u00dfen Unsicherheiten f\u00fcr Sch\u00fcler, Eltern und Lehrer verbunden","og_url":"https:\/\/www.rri.ro\/de\/aktuell\/rri-aktuell\/neues-schuljahr-im-kontext-der-pandemie-id461592.html","og_site_name":"Radio Rum\u00e4nien International","article_published_time":"2020-09-15T11:02:00+00:00","article_modified_time":"2024-02-19T18:59:54+00:00","og_image":[{"width":640,"height":480,"url":"https:\/\/www.rri.ro\/wp-content\/uploads\/2023\/10\/elev-scoala-masca-foto-pixabay.png","type":"image\/png"}],"author":"Daniela Budu","twitter_card":"summary_large_image","twitter_misc":{"Verfasst von":"Daniela Budu","Gesch\u00e4tzte Lesezeit":"2\u00a0Minuten","Written by":"Daniela Budu"},"schema":{"@context":"https:\/\/schema.org","@graph":[{"@type":"Article","@id":"https:\/\/www.rri.ro\/de\/aktuell\/rri-aktuell\/neues-schuljahr-im-kontext-der-pandemie-id461592.html#article","isPartOf":{"@id":"https:\/\/www.rri.ro\/de\/aktuell\/rri-aktuell\/neues-schuljahr-im-kontext-der-pandemie-id461592.html"},"author":{"name":"Daniela Budu","@id":"https:\/\/www.rri.ro\/#\/schema\/person\/b46b8f80d7d6e4b5ac9f14f0acbad0c4"},"headline":"Neues Schuljahr im Kontext der Pandemie","datePublished":"2020-09-15T11:02:00+00:00","dateModified":"2024-02-19T18:59:54+00:00","mainEntityOfPage":{"@id":"https:\/\/www.rri.ro\/de\/aktuell\/rri-aktuell\/neues-schuljahr-im-kontext-der-pandemie-id461592.html"},"wordCount":488,"image":{"@id":"https:\/\/www.rri.ro\/de\/aktuell\/rri-aktuell\/neues-schuljahr-im-kontext-der-pandemie-id461592.html#primaryimage"},"thumbnailUrl":"https:\/\/www.rri.ro\/wp-content\/uploads\/2023\/10\/elev-scoala-masca-foto-pixabay.png","keywords":["pandemie","Rum\u00e4nien","Schulen"],"articleSection":["RRI Aktuell"],"inLanguage":"de"},{"@type":"WebPage","@id":"https:\/\/www.rri.ro\/de\/aktuell\/rri-aktuell\/neues-schuljahr-im-kontext-der-pandemie-id461592.html","url":"https:\/\/www.rri.ro\/de\/aktuell\/rri-aktuell\/neues-schuljahr-im-kontext-der-pandemie-id461592.html","name":"Neues Schuljahr im Kontext der Pandemie - Radio Rum\u00e4nien International","isPartOf":{"@id":"https:\/\/www.rri.ro\/#website"},"primaryImageOfPage":{"@id":"https:\/\/www.rri.ro\/de\/aktuell\/rri-aktuell\/neues-schuljahr-im-kontext-der-pandemie-id461592.html#primaryimage"},"image":{"@id":"https:\/\/www.rri.ro\/de\/aktuell\/rri-aktuell\/neues-schuljahr-im-kontext-der-pandemie-id461592.html#primaryimage"},"thumbnailUrl":"https:\/\/www.rri.ro\/wp-content\/uploads\/2023\/10\/elev-scoala-masca-foto-pixabay.png","datePublished":"2020-09-15T11:02:00+00:00","dateModified":"2024-02-19T18:59:54+00:00","author":{"@id":"https:\/\/www.rri.ro\/#\/schema\/person\/b46b8f80d7d6e4b5ac9f14f0acbad0c4"},"breadcrumb":{"@id":"https:\/\/www.rri.ro\/de\/aktuell\/rri-aktuell\/neues-schuljahr-im-kontext-der-pandemie-id461592.html#breadcrumb"},"inLanguage":"de","potentialAction":[{"@type":"ReadAction","target":["https:\/\/www.rri.ro\/de\/aktuell\/rri-aktuell\/neues-schuljahr-im-kontext-der-pandemie-id461592.html"]}]},{"@type":"ImageObject","inLanguage":"de","@id":"https:\/\/www.rri.ro\/de\/aktuell\/rri-aktuell\/neues-schuljahr-im-kontext-der-pandemie-id461592.html#primaryimage","url":"https:\/\/www.rri.ro\/wp-content\/uploads\/2023\/10\/elev-scoala-masca-foto-pixabay.png","contentUrl":"https:\/\/www.rri.ro\/wp-content\/uploads\/2023\/10\/elev-scoala-masca-foto-pixabay.png","width":640,"height":480},{"@type":"BreadcrumbList","@id":"https:\/\/www.rri.ro\/de\/aktuell\/rri-aktuell\/neues-schuljahr-im-kontext-der-pandemie-id461592.html#breadcrumb","itemListElement":[{"@type":"ListItem","position":1,"name":"Startseite","item":"https:\/\/www.rri.ro\/de"},{"@type":"ListItem","position":2,"name":"Aktuell","item":"https:\/\/www.rri.ro\/de\/aktuell"},{"@type":"ListItem","position":3,"name":"RRI Aktuell","item":"https:\/\/www.rri.ro\/de\/aktuell\/rri-aktuell"},{"@type":"ListItem","position":4,"name":"Neues Schuljahr im Kontext der Pandemie"}]},{"@type":"WebSite","@id":"https:\/\/www.rri.ro\/#website","url":"https:\/\/www.rri.ro\/","name":"Radio Rum\u00e4nien International","description":"Totul despre Rom\u00e2nia \u015fi rom\u00e2ni, \u00een 13 limbi\/dialecte!","inLanguage":"de"},{"@type":"Person","@id":"https:\/\/www.rri.ro\/#\/schema\/person\/b46b8f80d7d6e4b5ac9f14f0acbad0c4","name":"Daniela Budu","url":"https:\/\/www.rri.ro\/de\/author\/daniela-budu"}]}},"_links":{"self":[{"href":"https:\/\/www.rri.ro\/de\/wp-json\/wp\/v2\/posts\/461592","targetHints":{"allow":["GET"]}}],"collection":[{"href":"https:\/\/www.rri.ro\/de\/wp-json\/wp\/v2\/posts"}],"about":[{"href":"https:\/\/www.rri.ro\/de\/wp-json\/wp\/v2\/types\/post"}],"author":[{"embeddable":true,"href":"https:\/\/www.rri.ro\/de\/wp-json\/wp\/v2\/users\/107"}],"replies":[{"embeddable":true,"href":"https:\/\/www.rri.ro\/de\/wp-json\/wp\/v2\/comments?post=461592"}],"version-history":[{"count":0,"href":"https:\/\/www.rri.ro\/de\/wp-json\/wp\/v2\/posts\/461592\/revisions"}],"wp:featuredmedia":[{"embeddable":true,"href":"https:\/\/www.rri.ro\/de\/wp-json\/wp\/v2\/media\/86451"}],"wp:attachment":[{"href":"https:\/\/www.rri.ro\/de\/wp-json\/wp\/v2\/media?parent=461592"}],"wp:term":[{"taxonomy":"category","embeddable":true,"href":"https:\/\/www.rri.ro\/de\/wp-json\/wp\/v2\/categories?post=461592"},{"taxonomy":"post_tag","embeddable":true,"href":"https:\/\/www.rri.ro\/de\/wp-json\/wp\/v2\/tags?post=461592"},{"taxonomy":"author","embeddable":true,"href":"https:\/\/www.rri.ro\/de\/wp-json\/wp\/v2\/coauthors?post=461592"}],"curies":[{"name":"wp","href":"https:\/\/api.w.org\/{rel}","templated":true}]}}