{"id":461618,"date":"2020-10-07T14:00:00","date_gmt":"2020-10-07T11:00:00","guid":{"rendered":"http:\/\/devrri.freshlemon.ro\/aktuell\/covid-19-neue-einschraenkungen-auf-lokaler-ebene-id461618.html"},"modified":"2024-02-19T21:00:16","modified_gmt":"2024-02-19T19:00:16","slug":"covid-19-neue-einschraenkungen-auf-lokaler-ebene","status":"publish","type":"post","link":"https:\/\/www.rri.ro\/de\/aktuell\/rri-aktuell\/covid-19-neue-einschraenkungen-auf-lokaler-ebene-id461618.html","title":{"rendered":"COVID-19: neue Einschr\u00e4nkungen auf lokaler Ebene"},"content":{"rendered":"<p>Nachdem in Rum\u00e4nien eine neue Welle von fast 3.000 t\u00e4glichen Infektionen und neue Rekorde bei der Zahl der Todesf\u00e4lle an einem einzigen Tag sowie F\u00e4lle auf der Intensivstation verzeichnet wurden, k\u00fcndigte das Nationale Komitee f\u00fcr Notfallsituationen neue Beschr\u00e4nkungen an, um die Ausbreitung des neuen Coronavirus zu verhindern. Dies sind jedoch lokale Beschr\u00e4nkungen, die je nach Ansteckungsrate angewendet werden. An Orten, an denen die Infektionsrate in den letzten 14 Tagen 3 pro tausend Einwohner \u00fcberschritten hat, wird eine Quarant\u00e4ne verh\u00e4ngt, und Restaurants und Caf\u00e9s werden geschlossen.<\/p>\n<p>&#13;<br \/>\n&#13;<\/p>\n<p>&#13;<br \/>\n&#13;<\/p>\n<p>Es wird auch erwogen, den Betrieb f\u00fcr Wirtschaftsteilnehmer, die sich nicht an die Vorschriften halten, zu schlie\u200e\u00dfen oder aufzuheben, w\u00e4hrend \u00f6ffentliche und private Einrichtungen Heimarbeit einf\u00fchren m\u00fcssen oder, falls dies nicht m\u00f6glich ist, flexible Arbeitszeiten f\u00fcr das Personal in Gebieten mit einer Ansteckungsrate von mehr als 1,5 pro tausend Einwohner eingef\u00fchrt werden sollten. Die Beh\u00f6rden haben angek\u00fcndigt, dass die Kontrollen verst\u00e4rkt werden, aber sie warten auch auf die Mitwirkung der Bev\u00f6lkerung, der geraten wird, Masken zu tragen, sozialen Abstand zu halten, H\u00e4nde und Oberfl\u00e4chen zu desinfizieren, was zu einer Verringerung der Ansteckungsgefahr mit Krankheiten f\u00fchren soll.<\/p>\n<p>&#13;<br \/>\n&#13;<\/p>\n<p>&#13;<br \/>\n&#13;<\/p>\n<p>In Bukarest, wo die Zahl der alle 24 Stunden festgestellten Infektionen die h\u00f6chste des Landes ist, wurden weitere Ma\u200e\u00dfnahmen ergriffen. Dazu geh\u00f6ren die Schlie\u200e\u00dfung von Restaurants und Cafeterien, das Verbot, private Veranstaltungen in Eventhallen abzuhalten, die Pflicht zum Tragen einer Schutzmaske in der N\u00e4he von Unterrichtseinrichtungen, \u00fcber eine Entfernung von bis zu 100 m, sowie versch\u00e4rfte Kontrollen von \u00f6ffentlichen Verkehrsmitteln, M\u00e4rkten, Messen und Hallenb\u00e4dern. Auch alle Auff\u00fchrungss\u00e4le, Kinos und Theater der Hauptstadt sind erneut geschlossen worden. Die Beh\u00f6rden erkl\u00e4ren, dass all diese Ma\u200e\u00dfnahmen mindestens f\u00fcr die n\u00e4chsten sieben Tage oder w\u00e4hrend des Zeitraums gelten, in dem die Infektionsrate \u00fcber 1,5 pro tausend Einwohner bleiben wird.<\/p>\n<p>&#13;<br \/>\n&#13;<\/p>\n<p>&#13;<br \/>\n&#13;<\/p>\n<p>Gesundheitsminister Nelu T\u0103taru hat angek\u00fcndigt, dass derzeit fast ein Viertel der Intensivpflegepl\u00e4tze im ganzen Land besetzt ist, w\u00e4hrend in Bukarest die Besetzung nahe der maximalen Kapazit\u00e4t liegt. Ebenfalls ab Mittwoch ist vor dem Hintergrund der alarmierenden Zunahme von COVID-19-Infektionen die Entscheidung in Kraft getreten, Personen, die aus L\u00e4ndern mit hohem epidemiologischen Risiko nach Rum\u00e4nien kommen, f\u00fcr 14 Tage unter Quarant\u00e4ne zu stellen. Die vom Nationalen Rat f\u00fcr Notsituationen aktualisierte Liste umfasst 49 Staaten, darunter Spanien, Frankreich, Gro\u200e\u00dfbritannien, die Niederlande, Belgien, Ungarn und Moldawien. Die Beh\u00f6rden haben jedoch auch einige Ausnahmen festgelegt. Personen, die beabsichtigen, bis zu drei Tage in Rum\u00e4nien zu verbringen, und ein negatives Ergebnis eines COVID-19-Tests vorweisen, der nicht mehr als 48 Stunden vor der Ankunft im Land durchgef\u00fchrt wurde, m\u00fcssen nicht in Quarant\u00e4ne gehalten werden. Dar\u00fcber hinaus k\u00f6nnen Personen die Quarant\u00e4ne am zehnten Tag verlassen, wenn am achten Tag ein COVID-19-Test durchgef\u00fchrt wird und das Ergebnis negativ ist.<\/p>\n<p>&#13;<\/p>\n","protected":false},"excerpt":{"rendered":"<p>In mehreren rum\u00e4nischen St\u00e4dten sind vor dem Hintergrund des j\u00fcngsten Anstiegs der Zahl der COVID-19-Infektionen neue Beschr\u00e4nkungen in Kraft getreten.<\/p>\n","protected":false},"author":107,"featured_media":86120,"comment_status":"closed","ping_status":"closed","sticky":false,"template":"","format":"standard","meta":{"_acf_changed":false,"footnotes":""},"categories":[99583],"tags":[35339,35374,105112,47026],"coauthors":[],"class_list":["post-461618","post","type-post","status-publish","format-standard","has-post-thumbnail","hentry","category-rri-aktuell","tag-coronavirus","tag-covid-19","tag-einschraenkungen","tag-pandemie"],"acf":[],"yoast_head":"<!-- This site is optimized with the Yoast SEO plugin v27.3 - https:\/\/yoast.com\/product\/yoast-seo-wordpress\/ -->\n<title>COVID-19: neue Einschr\u00e4nkungen auf lokaler Ebene - Radio Rum\u00e4nien International<\/title>\n<meta name=\"robots\" content=\"index, follow, max-snippet:-1, max-image-preview:large, max-video-preview:-1\" \/>\n<link rel=\"canonical\" href=\"https:\/\/www.rri.ro\/de\/aktuell\/rri-aktuell\/covid-19-neue-einschraenkungen-auf-lokaler-ebene-id461618.html\" \/>\n<meta property=\"og:locale\" content=\"de_DE\" \/>\n<meta property=\"og:type\" content=\"article\" \/>\n<meta property=\"og:title\" content=\"COVID-19: neue Einschr\u00e4nkungen auf lokaler Ebene - Radio Rum\u00e4nien International\" \/>\n<meta property=\"og:description\" content=\"In mehreren rum\u00e4nischen St\u00e4dten sind vor dem Hintergrund des j\u00fcngsten Anstiegs der Zahl der COVID-19-Infektionen neue Beschr\u00e4nkungen in Kraft getreten.\" \/>\n<meta property=\"og:url\" content=\"https:\/\/www.rri.ro\/de\/aktuell\/rri-aktuell\/covid-19-neue-einschraenkungen-auf-lokaler-ebene-id461618.html\" \/>\n<meta property=\"og:site_name\" content=\"Radio Rum\u00e4nien International\" \/>\n<meta property=\"article:published_time\" content=\"2020-10-07T11:00:00+00:00\" \/>\n<meta property=\"article:modified_time\" content=\"2024-02-19T19:00:16+00:00\" \/>\n<meta property=\"og:image\" content=\"https:\/\/www.rri.ro\/wp-content\/uploads\/2023\/10\/pandemie-covid19-coronavirus-foto-pixabay-com.png\" \/>\n\t<meta property=\"og:image:width\" content=\"640\" \/>\n\t<meta property=\"og:image:height\" content=\"427\" \/>\n\t<meta property=\"og:image:type\" content=\"image\/png\" \/>\n<meta name=\"author\" content=\"Daniela Budu\" \/>\n<meta name=\"twitter:card\" content=\"summary_large_image\" \/>\n<meta name=\"twitter:label1\" content=\"Verfasst von\" \/>\n\t<meta name=\"twitter:data1\" content=\"Daniela Budu\" \/>\n\t<meta name=\"twitter:label2\" content=\"Gesch\u00e4tzte Lesezeit\" \/>\n\t<meta name=\"twitter:data2\" content=\"2\u00a0Minuten\" \/>\n\t<meta name=\"twitter:label3\" content=\"Written by\" \/>\n\t<meta name=\"twitter:data3\" content=\"Daniela Budu\" \/>\n<script type=\"application\/ld+json\" class=\"yoast-schema-graph\">{\"@context\":\"https:\\\/\\\/schema.org\",\"@graph\":[{\"@type\":\"Article\",\"@id\":\"https:\\\/\\\/www.rri.ro\\\/de\\\/aktuell\\\/rri-aktuell\\\/covid-19-neue-einschraenkungen-auf-lokaler-ebene-id461618.html#article\",\"isPartOf\":{\"@id\":\"https:\\\/\\\/www.rri.ro\\\/de\\\/aktuell\\\/rri-aktuell\\\/covid-19-neue-einschraenkungen-auf-lokaler-ebene-id461618.html\"},\"author\":{\"name\":\"Daniela Budu\",\"@id\":\"https:\\\/\\\/www.rri.ro\\\/#\\\/schema\\\/person\\\/b46b8f80d7d6e4b5ac9f14f0acbad0c4\"},\"headline\":\"COVID-19: neue Einschr\u00e4nkungen auf lokaler Ebene\",\"datePublished\":\"2020-10-07T11:00:00+00:00\",\"dateModified\":\"2024-02-19T19:00:16+00:00\",\"mainEntityOfPage\":{\"@id\":\"https:\\\/\\\/www.rri.ro\\\/de\\\/aktuell\\\/rri-aktuell\\\/covid-19-neue-einschraenkungen-auf-lokaler-ebene-id461618.html\"},\"wordCount\":499,\"image\":{\"@id\":\"https:\\\/\\\/www.rri.ro\\\/de\\\/aktuell\\\/rri-aktuell\\\/covid-19-neue-einschraenkungen-auf-lokaler-ebene-id461618.html#primaryimage\"},\"thumbnailUrl\":\"https:\\\/\\\/www.rri.ro\\\/wp-content\\\/uploads\\\/2023\\\/10\\\/pandemie-covid19-coronavirus-foto-pixabay-com.png\",\"keywords\":[\"coronavirus\",\"Covid-19\",\"Einschr\u00e4nkungen\",\"pandemie\"],\"articleSection\":[\"RRI Aktuell\"],\"inLanguage\":\"de\"},{\"@type\":\"WebPage\",\"@id\":\"https:\\\/\\\/www.rri.ro\\\/de\\\/aktuell\\\/rri-aktuell\\\/covid-19-neue-einschraenkungen-auf-lokaler-ebene-id461618.html\",\"url\":\"https:\\\/\\\/www.rri.ro\\\/de\\\/aktuell\\\/rri-aktuell\\\/covid-19-neue-einschraenkungen-auf-lokaler-ebene-id461618.html\",\"name\":\"COVID-19: neue Einschr\u00e4nkungen auf lokaler Ebene - Radio Rum\u00e4nien International\",\"isPartOf\":{\"@id\":\"https:\\\/\\\/www.rri.ro\\\/#website\"},\"primaryImageOfPage\":{\"@id\":\"https:\\\/\\\/www.rri.ro\\\/de\\\/aktuell\\\/rri-aktuell\\\/covid-19-neue-einschraenkungen-auf-lokaler-ebene-id461618.html#primaryimage\"},\"image\":{\"@id\":\"https:\\\/\\\/www.rri.ro\\\/de\\\/aktuell\\\/rri-aktuell\\\/covid-19-neue-einschraenkungen-auf-lokaler-ebene-id461618.html#primaryimage\"},\"thumbnailUrl\":\"https:\\\/\\\/www.rri.ro\\\/wp-content\\\/uploads\\\/2023\\\/10\\\/pandemie-covid19-coronavirus-foto-pixabay-com.png\",\"datePublished\":\"2020-10-07T11:00:00+00:00\",\"dateModified\":\"2024-02-19T19:00:16+00:00\",\"author\":{\"@id\":\"https:\\\/\\\/www.rri.ro\\\/#\\\/schema\\\/person\\\/b46b8f80d7d6e4b5ac9f14f0acbad0c4\"},\"breadcrumb\":{\"@id\":\"https:\\\/\\\/www.rri.ro\\\/de\\\/aktuell\\\/rri-aktuell\\\/covid-19-neue-einschraenkungen-auf-lokaler-ebene-id461618.html#breadcrumb\"},\"inLanguage\":\"de\",\"potentialAction\":[{\"@type\":\"ReadAction\",\"target\":[\"https:\\\/\\\/www.rri.ro\\\/de\\\/aktuell\\\/rri-aktuell\\\/covid-19-neue-einschraenkungen-auf-lokaler-ebene-id461618.html\"]}]},{\"@type\":\"ImageObject\",\"inLanguage\":\"de\",\"@id\":\"https:\\\/\\\/www.rri.ro\\\/de\\\/aktuell\\\/rri-aktuell\\\/covid-19-neue-einschraenkungen-auf-lokaler-ebene-id461618.html#primaryimage\",\"url\":\"https:\\\/\\\/www.rri.ro\\\/wp-content\\\/uploads\\\/2023\\\/10\\\/pandemie-covid19-coronavirus-foto-pixabay-com.png\",\"contentUrl\":\"https:\\\/\\\/www.rri.ro\\\/wp-content\\\/uploads\\\/2023\\\/10\\\/pandemie-covid19-coronavirus-foto-pixabay-com.png\",\"width\":640,\"height\":427},{\"@type\":\"BreadcrumbList\",\"@id\":\"https:\\\/\\\/www.rri.ro\\\/de\\\/aktuell\\\/rri-aktuell\\\/covid-19-neue-einschraenkungen-auf-lokaler-ebene-id461618.html#breadcrumb\",\"itemListElement\":[{\"@type\":\"ListItem\",\"position\":1,\"name\":\"Startseite\",\"item\":\"https:\\\/\\\/www.rri.ro\\\/de\"},{\"@type\":\"ListItem\",\"position\":2,\"name\":\"Aktuell\",\"item\":\"https:\\\/\\\/www.rri.ro\\\/de\\\/aktuell\"},{\"@type\":\"ListItem\",\"position\":3,\"name\":\"RRI Aktuell\",\"item\":\"https:\\\/\\\/www.rri.ro\\\/de\\\/aktuell\\\/rri-aktuell\"},{\"@type\":\"ListItem\",\"position\":4,\"name\":\"COVID-19: neue Einschr\u00e4nkungen auf lokaler Ebene\"}]},{\"@type\":\"WebSite\",\"@id\":\"https:\\\/\\\/www.rri.ro\\\/#website\",\"url\":\"https:\\\/\\\/www.rri.ro\\\/\",\"name\":\"Radio Rum\u00e4nien International\",\"description\":\"Totul despre Rom\u00e2nia \u015fi rom\u00e2ni, \u00een 13 limbi\\\/dialecte!\",\"inLanguage\":\"de\"},{\"@type\":\"Person\",\"@id\":\"https:\\\/\\\/www.rri.ro\\\/#\\\/schema\\\/person\\\/b46b8f80d7d6e4b5ac9f14f0acbad0c4\",\"name\":\"Daniela Budu\",\"url\":\"https:\\\/\\\/www.rri.ro\\\/de\\\/author\\\/daniela-budu\"}]}<\/script>\n<!-- \/ Yoast SEO plugin. -->","yoast_head_json":{"title":"COVID-19: neue Einschr\u00e4nkungen auf lokaler Ebene - Radio Rum\u00e4nien International","robots":{"index":"index","follow":"follow","max-snippet":"max-snippet:-1","max-image-preview":"max-image-preview:large","max-video-preview":"max-video-preview:-1"},"canonical":"https:\/\/www.rri.ro\/de\/aktuell\/rri-aktuell\/covid-19-neue-einschraenkungen-auf-lokaler-ebene-id461618.html","og_locale":"de_DE","og_type":"article","og_title":"COVID-19: neue Einschr\u00e4nkungen auf lokaler Ebene - Radio Rum\u00e4nien International","og_description":"In mehreren rum\u00e4nischen St\u00e4dten sind vor dem Hintergrund des j\u00fcngsten Anstiegs der Zahl der COVID-19-Infektionen neue Beschr\u00e4nkungen in Kraft getreten.","og_url":"https:\/\/www.rri.ro\/de\/aktuell\/rri-aktuell\/covid-19-neue-einschraenkungen-auf-lokaler-ebene-id461618.html","og_site_name":"Radio Rum\u00e4nien International","article_published_time":"2020-10-07T11:00:00+00:00","article_modified_time":"2024-02-19T19:00:16+00:00","og_image":[{"width":640,"height":427,"url":"https:\/\/www.rri.ro\/wp-content\/uploads\/2023\/10\/pandemie-covid19-coronavirus-foto-pixabay-com.png","type":"image\/png"}],"author":"Daniela Budu","twitter_card":"summary_large_image","twitter_misc":{"Verfasst von":"Daniela Budu","Gesch\u00e4tzte Lesezeit":"2\u00a0Minuten","Written by":"Daniela Budu"},"schema":{"@context":"https:\/\/schema.org","@graph":[{"@type":"Article","@id":"https:\/\/www.rri.ro\/de\/aktuell\/rri-aktuell\/covid-19-neue-einschraenkungen-auf-lokaler-ebene-id461618.html#article","isPartOf":{"@id":"https:\/\/www.rri.ro\/de\/aktuell\/rri-aktuell\/covid-19-neue-einschraenkungen-auf-lokaler-ebene-id461618.html"},"author":{"name":"Daniela Budu","@id":"https:\/\/www.rri.ro\/#\/schema\/person\/b46b8f80d7d6e4b5ac9f14f0acbad0c4"},"headline":"COVID-19: neue Einschr\u00e4nkungen auf lokaler Ebene","datePublished":"2020-10-07T11:00:00+00:00","dateModified":"2024-02-19T19:00:16+00:00","mainEntityOfPage":{"@id":"https:\/\/www.rri.ro\/de\/aktuell\/rri-aktuell\/covid-19-neue-einschraenkungen-auf-lokaler-ebene-id461618.html"},"wordCount":499,"image":{"@id":"https:\/\/www.rri.ro\/de\/aktuell\/rri-aktuell\/covid-19-neue-einschraenkungen-auf-lokaler-ebene-id461618.html#primaryimage"},"thumbnailUrl":"https:\/\/www.rri.ro\/wp-content\/uploads\/2023\/10\/pandemie-covid19-coronavirus-foto-pixabay-com.png","keywords":["coronavirus","Covid-19","Einschr\u00e4nkungen","pandemie"],"articleSection":["RRI Aktuell"],"inLanguage":"de"},{"@type":"WebPage","@id":"https:\/\/www.rri.ro\/de\/aktuell\/rri-aktuell\/covid-19-neue-einschraenkungen-auf-lokaler-ebene-id461618.html","url":"https:\/\/www.rri.ro\/de\/aktuell\/rri-aktuell\/covid-19-neue-einschraenkungen-auf-lokaler-ebene-id461618.html","name":"COVID-19: neue Einschr\u00e4nkungen auf lokaler Ebene - Radio Rum\u00e4nien International","isPartOf":{"@id":"https:\/\/www.rri.ro\/#website"},"primaryImageOfPage":{"@id":"https:\/\/www.rri.ro\/de\/aktuell\/rri-aktuell\/covid-19-neue-einschraenkungen-auf-lokaler-ebene-id461618.html#primaryimage"},"image":{"@id":"https:\/\/www.rri.ro\/de\/aktuell\/rri-aktuell\/covid-19-neue-einschraenkungen-auf-lokaler-ebene-id461618.html#primaryimage"},"thumbnailUrl":"https:\/\/www.rri.ro\/wp-content\/uploads\/2023\/10\/pandemie-covid19-coronavirus-foto-pixabay-com.png","datePublished":"2020-10-07T11:00:00+00:00","dateModified":"2024-02-19T19:00:16+00:00","author":{"@id":"https:\/\/www.rri.ro\/#\/schema\/person\/b46b8f80d7d6e4b5ac9f14f0acbad0c4"},"breadcrumb":{"@id":"https:\/\/www.rri.ro\/de\/aktuell\/rri-aktuell\/covid-19-neue-einschraenkungen-auf-lokaler-ebene-id461618.html#breadcrumb"},"inLanguage":"de","potentialAction":[{"@type":"ReadAction","target":["https:\/\/www.rri.ro\/de\/aktuell\/rri-aktuell\/covid-19-neue-einschraenkungen-auf-lokaler-ebene-id461618.html"]}]},{"@type":"ImageObject","inLanguage":"de","@id":"https:\/\/www.rri.ro\/de\/aktuell\/rri-aktuell\/covid-19-neue-einschraenkungen-auf-lokaler-ebene-id461618.html#primaryimage","url":"https:\/\/www.rri.ro\/wp-content\/uploads\/2023\/10\/pandemie-covid19-coronavirus-foto-pixabay-com.png","contentUrl":"https:\/\/www.rri.ro\/wp-content\/uploads\/2023\/10\/pandemie-covid19-coronavirus-foto-pixabay-com.png","width":640,"height":427},{"@type":"BreadcrumbList","@id":"https:\/\/www.rri.ro\/de\/aktuell\/rri-aktuell\/covid-19-neue-einschraenkungen-auf-lokaler-ebene-id461618.html#breadcrumb","itemListElement":[{"@type":"ListItem","position":1,"name":"Startseite","item":"https:\/\/www.rri.ro\/de"},{"@type":"ListItem","position":2,"name":"Aktuell","item":"https:\/\/www.rri.ro\/de\/aktuell"},{"@type":"ListItem","position":3,"name":"RRI Aktuell","item":"https:\/\/www.rri.ro\/de\/aktuell\/rri-aktuell"},{"@type":"ListItem","position":4,"name":"COVID-19: neue Einschr\u00e4nkungen auf lokaler Ebene"}]},{"@type":"WebSite","@id":"https:\/\/www.rri.ro\/#website","url":"https:\/\/www.rri.ro\/","name":"Radio Rum\u00e4nien International","description":"Totul despre Rom\u00e2nia \u015fi rom\u00e2ni, \u00een 13 limbi\/dialecte!","inLanguage":"de"},{"@type":"Person","@id":"https:\/\/www.rri.ro\/#\/schema\/person\/b46b8f80d7d6e4b5ac9f14f0acbad0c4","name":"Daniela Budu","url":"https:\/\/www.rri.ro\/de\/author\/daniela-budu"}]}},"_links":{"self":[{"href":"https:\/\/www.rri.ro\/de\/wp-json\/wp\/v2\/posts\/461618","targetHints":{"allow":["GET"]}}],"collection":[{"href":"https:\/\/www.rri.ro\/de\/wp-json\/wp\/v2\/posts"}],"about":[{"href":"https:\/\/www.rri.ro\/de\/wp-json\/wp\/v2\/types\/post"}],"author":[{"embeddable":true,"href":"https:\/\/www.rri.ro\/de\/wp-json\/wp\/v2\/users\/107"}],"replies":[{"embeddable":true,"href":"https:\/\/www.rri.ro\/de\/wp-json\/wp\/v2\/comments?post=461618"}],"version-history":[{"count":0,"href":"https:\/\/www.rri.ro\/de\/wp-json\/wp\/v2\/posts\/461618\/revisions"}],"wp:featuredmedia":[{"embeddable":true,"href":"https:\/\/www.rri.ro\/de\/wp-json\/wp\/v2\/media\/86120"}],"wp:attachment":[{"href":"https:\/\/www.rri.ro\/de\/wp-json\/wp\/v2\/media?parent=461618"}],"wp:term":[{"taxonomy":"category","embeddable":true,"href":"https:\/\/www.rri.ro\/de\/wp-json\/wp\/v2\/categories?post=461618"},{"taxonomy":"post_tag","embeddable":true,"href":"https:\/\/www.rri.ro\/de\/wp-json\/wp\/v2\/tags?post=461618"},{"taxonomy":"author","embeddable":true,"href":"https:\/\/www.rri.ro\/de\/wp-json\/wp\/v2\/coauthors?post=461618"}],"curies":[{"name":"wp","href":"https:\/\/api.w.org\/{rel}","templated":true}]}}