{"id":461620,"date":"2020-10-09T15:22:00","date_gmt":"2020-10-09T12:22:00","guid":{"rendered":"http:\/\/devrri.freshlemon.ro\/aktuell\/coronavirus-pandemie-regierung-in-bukarest-bespricht-sozialmassnahmen-id461620.html"},"modified":"2024-02-19T21:00:17","modified_gmt":"2024-02-19T19:00:17","slug":"coronavirus-pandemie-regierung-in-bukarest-bespricht-sozialmassnahmen","status":"publish","type":"post","link":"https:\/\/www.rri.ro\/de\/aktuell\/rri-aktuell\/coronavirus-pandemie-regierung-in-bukarest-bespricht-sozialmassnahmen-id461620.html","title":{"rendered":"Coronavirus-Pandemie: Regierung in Bukarest bespricht Sozialma\u00dfnahmen"},"content":{"rendered":"<p>Am Donnerstag hat Rum\u00e4nien \u00fcber 3.000 COVID-Neuinfektionen gemeldet. Am selben Tag genehmigte die Regierung eine sechsmonatige Verl\u00e4ngerung f\u00fcr die zus\u00e4tzlichen 2.000 medizinischen Mitarbeiter, die im Gesundheitswesen und in der medizinischen Notfallversorgung im ganzen Land ben\u00f6tigt werden. Die Regierung verabschiedete auch ein Memorandum \u00fcber die Aufnahme eines Darlehens in H\u00f6he von 250 Millionen Euro von der Europ\u00e4ischen Investitionsbank f\u00fcr das regionale Notfallkrankenhaus in Iasi, hat Finanzminister Florin C\u00ee\u0163u am Ende der Regierungssitzung angek\u00fcndigt. Der Gesamtwert der Investition bel\u00e4uft sich auf 500 Millionen Euro, wobei die H\u00e4lfte aus den EU-Strukturfonds und die andere H\u00e4lfte aus dem Staatshaushalt finanziert wird.<\/p>\n<p>&#13;<br \/>\n&#13;<\/p>\n<p>&#13;<br \/>\n&#13;<\/p>\n<p>&#8222;Dieses Darlehen soll Investitionen unterst\u00fctzen, bis wir europ\u00e4ische Mittel erhalten, um Verz\u00f6gerungen zu vermeiden und mit dem Bau dieses Krankenhauses zu beginnen&#8220;, sagte Minister C\u00ee\u0163u. Die Regierung besprach bei der selben Sitzung auch eine Dringlichkeitsverordnung \u00fcber mehrere fiskalische Ma\u200e\u00dfnahmen und die \u00c4nderung einer Reihe von Gesetzen. Eine der Bestimmungen bezieht sich auf Zahlungserleichterungen f\u00fcr ausstehende Verbindlichkeiten, die nach der Einf\u00fchrung des Ausnahmezustands am 16. M\u00e4rz und bis zum 25. Oktober entstanden sind. Die Ma\u200e\u00dfnahme richtet sich an Unternehmen, die von den Corona-Einschr\u00e4nkungen stark betroffen wurden. Die Ma\u200e\u00dfnahme soll das Verfahren zur Einreichung von Antr\u00e4gen auf planm\u00e4\u200e\u00dfige Zahlung von Verbindlichkeiten \u00fcber einen Zeitraum von 12 Monaten vereinfachen, sagte der Finanzminister.<\/p>\n<p>&#13;<br \/>\n&#13;<\/p>\n<p>&#13;<br \/>\n&#13;<\/p>\n<p>Florin C\u00ee\u0163u erl\u00e4uterte, welche Unternehmen Zugang zu dieser Zahlungsm\u00f6glichkeit haben: &#8222;Alle Unternehmen ohne \u00fcberf\u00e4llige Verpflichtungen gegen\u00fcber dem Staatshaushalt vor dem Ausnahmezustand und Unternehmen, die sich derzeit nicht in einem formellen Insolvenzverfahren befinden. Hier werden wir eine gesonderte Regelung einf\u00fchren. Alle Unternehmen, die sich derzeit in einem Insolvenzverfahren befinden, die aber ihre ausstehenden Schulden begleichen konnten und ihre Jahresabschl\u00fcsse eingereicht haben, werden ebenfalls teilnahmeberechtigt&#8220;.<\/p>\n<p>&#13;<br \/>\n&#13;<\/p>\n<p>&#13;<br \/>\n&#13;<\/p>\n<p>Die Beh\u00f6rden sagen, dass die Ma\u200e\u00dfnahme Steuerzahler unterst\u00fctzen wird, die aufgrund des Mangels an finanziellen Mitteln Schwierigkeiten hatten. Auf der anderen Seite k\u00f6nnte die Ma\u200e\u00dfnahme auch konstante und bestimmte Haushaltseinnahmen sichern. Eine weitere Bestimmung in der besagten Notverordnung, die bis zur n\u00e4chsten Regierungssitzung diskutiert wird, sieht vor, die Frist f\u00fcr die Einf\u00fchrung einer 50%igen Erm\u00e4\u200e\u00dfigung der Verm\u00f6genssteuer bis zum 2. Dezember zu verl\u00e4ngern.<\/p>\n<p>&#13;<br \/>\n&#13;<\/p>\n<p>&#13;<\/p>\n","protected":false},"excerpt":{"rendered":"<p>Rum\u00e4nien hat erneut einen Rekordwert der Covid 19-Neuinfektionen gemeldet. Die Beh\u00f6rden in Bukarest diskutieren in diesem Kontext eine neue Reihe von Sozialma\u00dfnahmen.<\/p>\n","protected":false},"author":108,"featured_media":85441,"comment_status":"closed","ping_status":"closed","sticky":false,"template":"","format":"standard","meta":{"_acf_changed":false,"footnotes":""},"categories":[99583],"tags":[35374,47026,99594,105124,101055,100969],"coauthors":[],"class_list":["post-461620","post","type-post","status-publish","format-standard","has-post-thumbnail","hentry","category-rri-aktuell","tag-covid-19","tag-pandemie","tag-sozialmassnahmen","tag-steuerzahler","tag-strukturfonds","tag-unternehmen"],"acf":[],"yoast_head":"<!-- This site is optimized with the Yoast SEO plugin v27.3 - https:\/\/yoast.com\/product\/yoast-seo-wordpress\/ -->\n<title>Coronavirus-Pandemie: Regierung in Bukarest bespricht Sozialma\u00dfnahmen - Radio Rum\u00e4nien International<\/title>\n<meta name=\"robots\" content=\"index, follow, max-snippet:-1, max-image-preview:large, max-video-preview:-1\" \/>\n<link rel=\"canonical\" href=\"https:\/\/www.rri.ro\/de\/aktuell\/rri-aktuell\/coronavirus-pandemie-regierung-in-bukarest-bespricht-sozialmassnahmen-id461620.html\" \/>\n<meta property=\"og:locale\" content=\"de_DE\" \/>\n<meta property=\"og:type\" content=\"article\" \/>\n<meta property=\"og:title\" content=\"Coronavirus-Pandemie: Regierung in Bukarest bespricht Sozialma\u00dfnahmen - Radio Rum\u00e4nien International\" \/>\n<meta property=\"og:description\" content=\"Rum\u00e4nien hat erneut einen Rekordwert der Covid 19-Neuinfektionen gemeldet. Die Beh\u00f6rden in Bukarest diskutieren in diesem Kontext eine neue Reihe von Sozialma\u00dfnahmen.\" \/>\n<meta property=\"og:url\" content=\"https:\/\/www.rri.ro\/de\/aktuell\/rri-aktuell\/coronavirus-pandemie-regierung-in-bukarest-bespricht-sozialmassnahmen-id461620.html\" \/>\n<meta property=\"og:site_name\" content=\"Radio Rum\u00e4nien International\" \/>\n<meta property=\"article:published_time\" content=\"2020-10-09T12:22:00+00:00\" \/>\n<meta property=\"article:modified_time\" content=\"2024-02-19T19:00:17+00:00\" \/>\n<meta property=\"og:image\" content=\"https:\/\/www.rri.ro\/wp-content\/uploads\/2023\/10\/florin-citu-apr2020-gov-ro.jpg\" \/>\n\t<meta property=\"og:image:width\" content=\"640\" \/>\n\t<meta property=\"og:image:height\" content=\"481\" \/>\n\t<meta property=\"og:image:type\" content=\"image\/jpeg\" \/>\n<meta name=\"author\" content=\"Corina Cristea\" \/>\n<meta name=\"twitter:card\" content=\"summary_large_image\" \/>\n<meta name=\"twitter:label1\" content=\"Verfasst von\" \/>\n\t<meta name=\"twitter:data1\" content=\"Corina Cristea\" \/>\n\t<meta name=\"twitter:label2\" content=\"Gesch\u00e4tzte Lesezeit\" \/>\n\t<meta name=\"twitter:data2\" content=\"2\u00a0Minuten\" \/>\n\t<meta name=\"twitter:label3\" content=\"Written by\" \/>\n\t<meta name=\"twitter:data3\" content=\"Corina Cristea\" \/>\n<script type=\"application\/ld+json\" class=\"yoast-schema-graph\">{\"@context\":\"https:\\\/\\\/schema.org\",\"@graph\":[{\"@type\":\"Article\",\"@id\":\"https:\\\/\\\/www.rri.ro\\\/de\\\/aktuell\\\/rri-aktuell\\\/coronavirus-pandemie-regierung-in-bukarest-bespricht-sozialmassnahmen-id461620.html#article\",\"isPartOf\":{\"@id\":\"https:\\\/\\\/www.rri.ro\\\/de\\\/aktuell\\\/rri-aktuell\\\/coronavirus-pandemie-regierung-in-bukarest-bespricht-sozialmassnahmen-id461620.html\"},\"author\":{\"name\":\"Corina Cristea\",\"@id\":\"https:\\\/\\\/www.rri.ro\\\/#\\\/schema\\\/person\\\/f9ab1cb3569dee1b2c033a814bb7f0fc\"},\"headline\":\"Coronavirus-Pandemie: Regierung in Bukarest bespricht Sozialma\u00dfnahmen\",\"datePublished\":\"2020-10-09T12:22:00+00:00\",\"dateModified\":\"2024-02-19T19:00:17+00:00\",\"mainEntityOfPage\":{\"@id\":\"https:\\\/\\\/www.rri.ro\\\/de\\\/aktuell\\\/rri-aktuell\\\/coronavirus-pandemie-regierung-in-bukarest-bespricht-sozialmassnahmen-id461620.html\"},\"wordCount\":375,\"image\":{\"@id\":\"https:\\\/\\\/www.rri.ro\\\/de\\\/aktuell\\\/rri-aktuell\\\/coronavirus-pandemie-regierung-in-bukarest-bespricht-sozialmassnahmen-id461620.html#primaryimage\"},\"thumbnailUrl\":\"https:\\\/\\\/www.rri.ro\\\/wp-content\\\/uploads\\\/2023\\\/10\\\/florin-citu-apr2020-gov-ro.jpg\",\"keywords\":[\"Covid-19\",\"pandemie\",\"Sozialma\u00dfnahmen\",\"Steuerzahler\",\"Strukturfonds\",\"Unternehmen\"],\"articleSection\":[\"RRI Aktuell\"],\"inLanguage\":\"de\"},{\"@type\":\"WebPage\",\"@id\":\"https:\\\/\\\/www.rri.ro\\\/de\\\/aktuell\\\/rri-aktuell\\\/coronavirus-pandemie-regierung-in-bukarest-bespricht-sozialmassnahmen-id461620.html\",\"url\":\"https:\\\/\\\/www.rri.ro\\\/de\\\/aktuell\\\/rri-aktuell\\\/coronavirus-pandemie-regierung-in-bukarest-bespricht-sozialmassnahmen-id461620.html\",\"name\":\"Coronavirus-Pandemie: Regierung in Bukarest bespricht Sozialma\u00dfnahmen - Radio Rum\u00e4nien International\",\"isPartOf\":{\"@id\":\"https:\\\/\\\/www.rri.ro\\\/#website\"},\"primaryImageOfPage\":{\"@id\":\"https:\\\/\\\/www.rri.ro\\\/de\\\/aktuell\\\/rri-aktuell\\\/coronavirus-pandemie-regierung-in-bukarest-bespricht-sozialmassnahmen-id461620.html#primaryimage\"},\"image\":{\"@id\":\"https:\\\/\\\/www.rri.ro\\\/de\\\/aktuell\\\/rri-aktuell\\\/coronavirus-pandemie-regierung-in-bukarest-bespricht-sozialmassnahmen-id461620.html#primaryimage\"},\"thumbnailUrl\":\"https:\\\/\\\/www.rri.ro\\\/wp-content\\\/uploads\\\/2023\\\/10\\\/florin-citu-apr2020-gov-ro.jpg\",\"datePublished\":\"2020-10-09T12:22:00+00:00\",\"dateModified\":\"2024-02-19T19:00:17+00:00\",\"author\":{\"@id\":\"https:\\\/\\\/www.rri.ro\\\/#\\\/schema\\\/person\\\/f9ab1cb3569dee1b2c033a814bb7f0fc\"},\"breadcrumb\":{\"@id\":\"https:\\\/\\\/www.rri.ro\\\/de\\\/aktuell\\\/rri-aktuell\\\/coronavirus-pandemie-regierung-in-bukarest-bespricht-sozialmassnahmen-id461620.html#breadcrumb\"},\"inLanguage\":\"de\",\"potentialAction\":[{\"@type\":\"ReadAction\",\"target\":[\"https:\\\/\\\/www.rri.ro\\\/de\\\/aktuell\\\/rri-aktuell\\\/coronavirus-pandemie-regierung-in-bukarest-bespricht-sozialmassnahmen-id461620.html\"]}]},{\"@type\":\"ImageObject\",\"inLanguage\":\"de\",\"@id\":\"https:\\\/\\\/www.rri.ro\\\/de\\\/aktuell\\\/rri-aktuell\\\/coronavirus-pandemie-regierung-in-bukarest-bespricht-sozialmassnahmen-id461620.html#primaryimage\",\"url\":\"https:\\\/\\\/www.rri.ro\\\/wp-content\\\/uploads\\\/2023\\\/10\\\/florin-citu-apr2020-gov-ro.jpg\",\"contentUrl\":\"https:\\\/\\\/www.rri.ro\\\/wp-content\\\/uploads\\\/2023\\\/10\\\/florin-citu-apr2020-gov-ro.jpg\",\"width\":640,\"height\":481},{\"@type\":\"BreadcrumbList\",\"@id\":\"https:\\\/\\\/www.rri.ro\\\/de\\\/aktuell\\\/rri-aktuell\\\/coronavirus-pandemie-regierung-in-bukarest-bespricht-sozialmassnahmen-id461620.html#breadcrumb\",\"itemListElement\":[{\"@type\":\"ListItem\",\"position\":1,\"name\":\"Startseite\",\"item\":\"https:\\\/\\\/www.rri.ro\\\/de\"},{\"@type\":\"ListItem\",\"position\":2,\"name\":\"Aktuell\",\"item\":\"https:\\\/\\\/www.rri.ro\\\/de\\\/aktuell\"},{\"@type\":\"ListItem\",\"position\":3,\"name\":\"RRI Aktuell\",\"item\":\"https:\\\/\\\/www.rri.ro\\\/de\\\/aktuell\\\/rri-aktuell\"},{\"@type\":\"ListItem\",\"position\":4,\"name\":\"Coronavirus-Pandemie: Regierung in Bukarest bespricht Sozialma\u00dfnahmen\"}]},{\"@type\":\"WebSite\",\"@id\":\"https:\\\/\\\/www.rri.ro\\\/#website\",\"url\":\"https:\\\/\\\/www.rri.ro\\\/\",\"name\":\"Radio Rum\u00e4nien International\",\"description\":\"Totul despre Rom\u00e2nia \u015fi rom\u00e2ni, \u00een 13 limbi\\\/dialecte!\",\"inLanguage\":\"de\"},{\"@type\":\"Person\",\"@id\":\"https:\\\/\\\/www.rri.ro\\\/#\\\/schema\\\/person\\\/f9ab1cb3569dee1b2c033a814bb7f0fc\",\"name\":\"Corina Cristea\",\"url\":\"https:\\\/\\\/www.rri.ro\\\/de\\\/author\\\/corina-cristea\"}]}<\/script>\n<!-- \/ Yoast SEO plugin. -->","yoast_head_json":{"title":"Coronavirus-Pandemie: Regierung in Bukarest bespricht Sozialma\u00dfnahmen - Radio Rum\u00e4nien International","robots":{"index":"index","follow":"follow","max-snippet":"max-snippet:-1","max-image-preview":"max-image-preview:large","max-video-preview":"max-video-preview:-1"},"canonical":"https:\/\/www.rri.ro\/de\/aktuell\/rri-aktuell\/coronavirus-pandemie-regierung-in-bukarest-bespricht-sozialmassnahmen-id461620.html","og_locale":"de_DE","og_type":"article","og_title":"Coronavirus-Pandemie: Regierung in Bukarest bespricht Sozialma\u00dfnahmen - Radio Rum\u00e4nien International","og_description":"Rum\u00e4nien hat erneut einen Rekordwert der Covid 19-Neuinfektionen gemeldet. Die Beh\u00f6rden in Bukarest diskutieren in diesem Kontext eine neue Reihe von Sozialma\u00dfnahmen.","og_url":"https:\/\/www.rri.ro\/de\/aktuell\/rri-aktuell\/coronavirus-pandemie-regierung-in-bukarest-bespricht-sozialmassnahmen-id461620.html","og_site_name":"Radio Rum\u00e4nien International","article_published_time":"2020-10-09T12:22:00+00:00","article_modified_time":"2024-02-19T19:00:17+00:00","og_image":[{"width":640,"height":481,"url":"https:\/\/www.rri.ro\/wp-content\/uploads\/2023\/10\/florin-citu-apr2020-gov-ro.jpg","type":"image\/jpeg"}],"author":"Corina Cristea","twitter_card":"summary_large_image","twitter_misc":{"Verfasst von":"Corina Cristea","Gesch\u00e4tzte Lesezeit":"2\u00a0Minuten","Written by":"Corina Cristea"},"schema":{"@context":"https:\/\/schema.org","@graph":[{"@type":"Article","@id":"https:\/\/www.rri.ro\/de\/aktuell\/rri-aktuell\/coronavirus-pandemie-regierung-in-bukarest-bespricht-sozialmassnahmen-id461620.html#article","isPartOf":{"@id":"https:\/\/www.rri.ro\/de\/aktuell\/rri-aktuell\/coronavirus-pandemie-regierung-in-bukarest-bespricht-sozialmassnahmen-id461620.html"},"author":{"name":"Corina Cristea","@id":"https:\/\/www.rri.ro\/#\/schema\/person\/f9ab1cb3569dee1b2c033a814bb7f0fc"},"headline":"Coronavirus-Pandemie: Regierung in Bukarest bespricht Sozialma\u00dfnahmen","datePublished":"2020-10-09T12:22:00+00:00","dateModified":"2024-02-19T19:00:17+00:00","mainEntityOfPage":{"@id":"https:\/\/www.rri.ro\/de\/aktuell\/rri-aktuell\/coronavirus-pandemie-regierung-in-bukarest-bespricht-sozialmassnahmen-id461620.html"},"wordCount":375,"image":{"@id":"https:\/\/www.rri.ro\/de\/aktuell\/rri-aktuell\/coronavirus-pandemie-regierung-in-bukarest-bespricht-sozialmassnahmen-id461620.html#primaryimage"},"thumbnailUrl":"https:\/\/www.rri.ro\/wp-content\/uploads\/2023\/10\/florin-citu-apr2020-gov-ro.jpg","keywords":["Covid-19","pandemie","Sozialma\u00dfnahmen","Steuerzahler","Strukturfonds","Unternehmen"],"articleSection":["RRI Aktuell"],"inLanguage":"de"},{"@type":"WebPage","@id":"https:\/\/www.rri.ro\/de\/aktuell\/rri-aktuell\/coronavirus-pandemie-regierung-in-bukarest-bespricht-sozialmassnahmen-id461620.html","url":"https:\/\/www.rri.ro\/de\/aktuell\/rri-aktuell\/coronavirus-pandemie-regierung-in-bukarest-bespricht-sozialmassnahmen-id461620.html","name":"Coronavirus-Pandemie: Regierung in Bukarest bespricht Sozialma\u00dfnahmen - Radio Rum\u00e4nien International","isPartOf":{"@id":"https:\/\/www.rri.ro\/#website"},"primaryImageOfPage":{"@id":"https:\/\/www.rri.ro\/de\/aktuell\/rri-aktuell\/coronavirus-pandemie-regierung-in-bukarest-bespricht-sozialmassnahmen-id461620.html#primaryimage"},"image":{"@id":"https:\/\/www.rri.ro\/de\/aktuell\/rri-aktuell\/coronavirus-pandemie-regierung-in-bukarest-bespricht-sozialmassnahmen-id461620.html#primaryimage"},"thumbnailUrl":"https:\/\/www.rri.ro\/wp-content\/uploads\/2023\/10\/florin-citu-apr2020-gov-ro.jpg","datePublished":"2020-10-09T12:22:00+00:00","dateModified":"2024-02-19T19:00:17+00:00","author":{"@id":"https:\/\/www.rri.ro\/#\/schema\/person\/f9ab1cb3569dee1b2c033a814bb7f0fc"},"breadcrumb":{"@id":"https:\/\/www.rri.ro\/de\/aktuell\/rri-aktuell\/coronavirus-pandemie-regierung-in-bukarest-bespricht-sozialmassnahmen-id461620.html#breadcrumb"},"inLanguage":"de","potentialAction":[{"@type":"ReadAction","target":["https:\/\/www.rri.ro\/de\/aktuell\/rri-aktuell\/coronavirus-pandemie-regierung-in-bukarest-bespricht-sozialmassnahmen-id461620.html"]}]},{"@type":"ImageObject","inLanguage":"de","@id":"https:\/\/www.rri.ro\/de\/aktuell\/rri-aktuell\/coronavirus-pandemie-regierung-in-bukarest-bespricht-sozialmassnahmen-id461620.html#primaryimage","url":"https:\/\/www.rri.ro\/wp-content\/uploads\/2023\/10\/florin-citu-apr2020-gov-ro.jpg","contentUrl":"https:\/\/www.rri.ro\/wp-content\/uploads\/2023\/10\/florin-citu-apr2020-gov-ro.jpg","width":640,"height":481},{"@type":"BreadcrumbList","@id":"https:\/\/www.rri.ro\/de\/aktuell\/rri-aktuell\/coronavirus-pandemie-regierung-in-bukarest-bespricht-sozialmassnahmen-id461620.html#breadcrumb","itemListElement":[{"@type":"ListItem","position":1,"name":"Startseite","item":"https:\/\/www.rri.ro\/de"},{"@type":"ListItem","position":2,"name":"Aktuell","item":"https:\/\/www.rri.ro\/de\/aktuell"},{"@type":"ListItem","position":3,"name":"RRI Aktuell","item":"https:\/\/www.rri.ro\/de\/aktuell\/rri-aktuell"},{"@type":"ListItem","position":4,"name":"Coronavirus-Pandemie: Regierung in Bukarest bespricht Sozialma\u00dfnahmen"}]},{"@type":"WebSite","@id":"https:\/\/www.rri.ro\/#website","url":"https:\/\/www.rri.ro\/","name":"Radio Rum\u00e4nien International","description":"Totul despre Rom\u00e2nia \u015fi rom\u00e2ni, \u00een 13 limbi\/dialecte!","inLanguage":"de"},{"@type":"Person","@id":"https:\/\/www.rri.ro\/#\/schema\/person\/f9ab1cb3569dee1b2c033a814bb7f0fc","name":"Corina Cristea","url":"https:\/\/www.rri.ro\/de\/author\/corina-cristea"}]}},"_links":{"self":[{"href":"https:\/\/www.rri.ro\/de\/wp-json\/wp\/v2\/posts\/461620","targetHints":{"allow":["GET"]}}],"collection":[{"href":"https:\/\/www.rri.ro\/de\/wp-json\/wp\/v2\/posts"}],"about":[{"href":"https:\/\/www.rri.ro\/de\/wp-json\/wp\/v2\/types\/post"}],"author":[{"embeddable":true,"href":"https:\/\/www.rri.ro\/de\/wp-json\/wp\/v2\/users\/108"}],"replies":[{"embeddable":true,"href":"https:\/\/www.rri.ro\/de\/wp-json\/wp\/v2\/comments?post=461620"}],"version-history":[{"count":0,"href":"https:\/\/www.rri.ro\/de\/wp-json\/wp\/v2\/posts\/461620\/revisions"}],"wp:featuredmedia":[{"embeddable":true,"href":"https:\/\/www.rri.ro\/de\/wp-json\/wp\/v2\/media\/85441"}],"wp:attachment":[{"href":"https:\/\/www.rri.ro\/de\/wp-json\/wp\/v2\/media?parent=461620"}],"wp:term":[{"taxonomy":"category","embeddable":true,"href":"https:\/\/www.rri.ro\/de\/wp-json\/wp\/v2\/categories?post=461620"},{"taxonomy":"post_tag","embeddable":true,"href":"https:\/\/www.rri.ro\/de\/wp-json\/wp\/v2\/tags?post=461620"},{"taxonomy":"author","embeddable":true,"href":"https:\/\/www.rri.ro\/de\/wp-json\/wp\/v2\/coauthors?post=461620"}],"curies":[{"name":"wp","href":"https:\/\/api.w.org\/{rel}","templated":true}]}}