{"id":461634,"date":"2020-10-21T14:36:00","date_gmt":"2020-10-21T11:36:00","guid":{"rendered":"http:\/\/devrri.freshlemon.ro\/aktuell\/parlamentswahlen-partein-stellen-kandidatenlisten-fertig-id461634.html"},"modified":"2024-02-19T21:00:28","modified_gmt":"2024-02-19T19:00:28","slug":"parlamentswahlen-partein-stellen-kandidatenlisten-fertig","status":"publish","type":"post","link":"https:\/\/www.rri.ro\/de\/aktuell\/rri-aktuell\/parlamentswahlen-partein-stellen-kandidatenlisten-fertig-id461634.html","title":{"rendered":"Parlamentswahlen: Partein stellen Kandidatenlisten fertig"},"content":{"rendered":"<p align=center>\n<p>&#13;<br \/>\n&#13;<\/p>\n<p>W\u00e4hrend das Bukarester Parlament \u00fcber den Vorschlag debattiert, die Parlamentswahlen auf M\u00e4rz zu verschieben, bereiten sich alle politischen Parteien auf die M\u00f6glichkeit vor, dass die Wahlen dennoch am 6. Dezember stattfinden. Der liberalen Premierminister, Ludovic Orban argumentierte, dass in anderen europ\u00e4ischen L\u00e4ndern Wahlen w\u00e4hrend der Pandemie stattgefunden haben. Die dem ehemaligen Pr\u00e4sidenten Traian Basescu nahestehende PMP und die b\u00fcrgerliche USR unterst\u00fctzen den Standpunkt der Regierung. Auf der anderen Seite rechnen sich die oppositionellen Sozialdemokraten, die Vertreter der Partei des ehemaligen sozialdemokratischen Ministerpr\u00e4sidenten Victor Ponta, PRO Rum\u00e4nien und die Liberaldemokraten von ALDE mehr Chancen aus, wenn die Wahlen verschoben werden. Weil sich, zumindest jetzt, die Meinung der Machthabenden durchzusetzen scheint, m\u00fcssen alle politischen Parteien ihre Kandidatenlisten fertigstellen. Sp\u00e4testens am 29. Oktober sollen diese hinterlegt sein!<\/p>\n<p>&#13;<br \/>\n&#13;<\/p>\n<p>&#13;<br \/>\n&#13;<\/p>\n<p>Die Liberalen haben bereits mehr als 700.000 Unterschriften beim Zentralen Wahlb\u00fcros eingereicht. Premierminister Orban ist der Erste auf der Kandidatenliste der Abgeordnetenkammer in Bukarest, und im Senat steht Finanzminister Florin C\u00ee\u0163u als Listenerster. Die meisten Minister treten f\u00fcr einen Sitz im Parlament an. Ludovic Orban forderte alle Rum\u00e4nien auf, am 6. Dezember mit Zuversicht zur Wahl zu gehen und f\u00fcr die Nationalliberale Partei zu stimmen, welche die, seiner Aussage nach, einzige politische Kraft ist, die die F\u00e4higkeit hat, die Sozial Demokratische Partei zu besiegen und Rum\u00e4nien zu regieren. Die Liberalen werben in diesem Wahlkampf mit dem Motto Wir entwickeln Rum\u00e4nien weiter\u201c. &#8222;Dies ist auch unser Ziel, eine beschleunigte Entwicklung Rum\u00e4niens zu gew\u00e4hrleisten, indem wir die Ressourcen der Intelligenz und des Flei\u200e\u00dfes der Rum\u00e4nen nutzen.&#8220; &#8212; sagt der Vorsitzende der Liberalen.<\/p>\n<p>&#13;<br \/>\n&#13;<\/p>\n<p>&#13;<br \/>\n&#13;<\/p>\n<p>&#13;<br \/>\n&#13;<\/p>\n<p>Die Sozialdemokraten, welche der PNL eine schlechte Verwaltung w\u00e4hrend der Pandemie vorwerfen, stellen auch einigen Spezialisten auf ihren Listen auf. Unter anderem treten f\u00fcr die PSD Rum\u00e4niens Vertreter bei der WHO, Alexandru Rafila und Adrian Streinu-Cercel, Leiter eines Krankenhauses in Bukarest. Der Erste Vizevorsitzende der PSD, Sorin Grindeanu wirbt mit diesen Spezialisten und sagt, dass sie ehrliche, kompetente Menschen sind, die der \u00d6ffentlichkeit f\u00fcr ihre beruflichen Leistungen bekannt sind, die wissen, wovon sie reden und die auch L\u00f6sungen f\u00fcr die gegenw\u00e4rtigen Fragen der Gesellschaft haben. Es sind Menschen, mit Berufserfahrung, \u00fcber das Alter des Parteiausweises hinaus, f\u00fcgte dieser hinzu.<\/p>\n<p>&#13;<br \/>\n&#13;<\/p>\n<p>&#13;<br \/>\n&#13;<\/p>\n<p>&#13;<br \/>\n&#13;<\/p>\n<p>Den anderen nationalen Minderheiten als der ungarischen, best\u00e4tigte das Zentrale Wahlb\u00fcro 52 Kandidaturen. F\u00fcr die Rum\u00e4nen im Ausland, wo die Parlamentswahlen zwei Tage lang stattfinden sollen &#8212; u. Z. am 5. und 6. Dezember &#8212; sind die Kandidaturen von 8 politischen Parteien und zwei Unabh\u00e4ngigen festgesetzt. Rum\u00e4nen die ihren Wohnsitz oder die Residenz im Ausland haben, k\u00f6nnen sich noch bis zum 22. Oktober, f\u00fcr die Briefwahl anmelden, die w\u00e4hrend der Pandemie empfohlen wird. Bis Mittwochmorgen hatten diese rund 32.000 Menschen beantragt.<\/p>\n<p>&#13;<\/p>\n","protected":false},"excerpt":{"rendered":"<p>Die rum\u00e4nischen Parteien treiben die Vorbereitungen f\u00fcr die Parlamentswahlen am 6. Dezember voran.<\/p>\n","protected":false},"author":109,"featured_media":86284,"comment_status":"closed","ping_status":"closed","sticky":false,"template":"","format":"standard","meta":{"_acf_changed":false,"footnotes":""},"categories":[99583],"tags":[31338,100343,105133,30168,99742,101411,149919,143777,104660,143776,170393,144286,104557],"coauthors":[],"class_list":["post-461634","post","type-post","status-publish","format-standard","has-post-thumbnail","hentry","category-rri-aktuell","tag-alde","tag-ausland","tag-kandidatenlisten","tag-ludovic-orban","tag-minderheiten","tag-parlamentswahlen","tag-pmp-de","tag-pnl-de","tag-pro-rumaenien","tag-psd-de","tag-sorin-grindeanu-de","tag-usr-de","tag-zentrale-wahlbuero"],"acf":[],"yoast_head":"<!-- This site is optimized with the Yoast SEO plugin v27.3 - https:\/\/yoast.com\/product\/yoast-seo-wordpress\/ -->\n<title>Parlamentswahlen: Partein stellen Kandidatenlisten fertig - Radio Rum\u00e4nien International<\/title>\n<meta name=\"robots\" content=\"index, follow, max-snippet:-1, max-image-preview:large, max-video-preview:-1\" \/>\n<link rel=\"canonical\" href=\"https:\/\/www.rri.ro\/de\/aktuell\/rri-aktuell\/parlamentswahlen-partein-stellen-kandidatenlisten-fertig-id461634.html\" \/>\n<meta property=\"og:locale\" content=\"de_DE\" \/>\n<meta property=\"og:type\" content=\"article\" \/>\n<meta property=\"og:title\" content=\"Parlamentswahlen: Partein stellen Kandidatenlisten fertig - Radio Rum\u00e4nien International\" \/>\n<meta property=\"og:description\" content=\"Die rum\u00e4nischen Parteien treiben die Vorbereitungen f\u00fcr die Parlamentswahlen am 6. Dezember voran.\" \/>\n<meta property=\"og:url\" content=\"https:\/\/www.rri.ro\/de\/aktuell\/rri-aktuell\/parlamentswahlen-partein-stellen-kandidatenlisten-fertig-id461634.html\" \/>\n<meta property=\"og:site_name\" content=\"Radio Rum\u00e4nien International\" \/>\n<meta property=\"article:published_time\" content=\"2020-10-21T11:36:00+00:00\" \/>\n<meta property=\"article:modified_time\" content=\"2024-02-19T19:00:28+00:00\" \/>\n<meta property=\"og:image\" content=\"https:\/\/www.rri.ro\/wp-content\/uploads\/2023\/10\/gov-ludovic-orban.jpg\" \/>\n\t<meta property=\"og:image:width\" content=\"640\" \/>\n\t<meta property=\"og:image:height\" content=\"479\" \/>\n\t<meta property=\"og:image:type\" content=\"image\/jpeg\" \/>\n<meta name=\"author\" content=\"Roxana Vasile\" \/>\n<meta name=\"twitter:card\" content=\"summary_large_image\" \/>\n<meta name=\"twitter:label1\" content=\"Verfasst von\" \/>\n\t<meta name=\"twitter:data1\" content=\"Roxana Vasile\" \/>\n\t<meta name=\"twitter:label2\" content=\"Gesch\u00e4tzte Lesezeit\" \/>\n\t<meta name=\"twitter:data2\" content=\"2\u00a0Minuten\" \/>\n\t<meta name=\"twitter:label3\" content=\"Written by\" \/>\n\t<meta name=\"twitter:data3\" content=\"Roxana Vasile\" \/>\n<script type=\"application\/ld+json\" class=\"yoast-schema-graph\">{\"@context\":\"https:\\\/\\\/schema.org\",\"@graph\":[{\"@type\":\"Article\",\"@id\":\"https:\\\/\\\/www.rri.ro\\\/de\\\/aktuell\\\/rri-aktuell\\\/parlamentswahlen-partein-stellen-kandidatenlisten-fertig-id461634.html#article\",\"isPartOf\":{\"@id\":\"https:\\\/\\\/www.rri.ro\\\/de\\\/aktuell\\\/rri-aktuell\\\/parlamentswahlen-partein-stellen-kandidatenlisten-fertig-id461634.html\"},\"author\":{\"name\":\"Roxana Vasile\",\"@id\":\"https:\\\/\\\/www.rri.ro\\\/#\\\/schema\\\/person\\\/0745b519f2d1287783422f162c4112af\"},\"headline\":\"Parlamentswahlen: Partein stellen Kandidatenlisten fertig\",\"datePublished\":\"2020-10-21T11:36:00+00:00\",\"dateModified\":\"2024-02-19T19:00:28+00:00\",\"mainEntityOfPage\":{\"@id\":\"https:\\\/\\\/www.rri.ro\\\/de\\\/aktuell\\\/rri-aktuell\\\/parlamentswahlen-partein-stellen-kandidatenlisten-fertig-id461634.html\"},\"wordCount\":471,\"image\":{\"@id\":\"https:\\\/\\\/www.rri.ro\\\/de\\\/aktuell\\\/rri-aktuell\\\/parlamentswahlen-partein-stellen-kandidatenlisten-fertig-id461634.html#primaryimage\"},\"thumbnailUrl\":\"https:\\\/\\\/www.rri.ro\\\/wp-content\\\/uploads\\\/2023\\\/10\\\/gov-ludovic-orban.jpg\",\"keywords\":[\"ALDE\",\"Ausland\",\"Kandidatenlisten\",\"Ludovic Orban\",\"Minderheiten\",\"Parlamentswahlen\",\"PMP\",\"PNL\",\"Pro-Rum\u00e4nien\",\"PSD\",\"Sorin Grindeanu\",\"USR\",\"Zentrale Wahlb\u00fcro\"],\"articleSection\":[\"RRI Aktuell\"],\"inLanguage\":\"de\"},{\"@type\":\"WebPage\",\"@id\":\"https:\\\/\\\/www.rri.ro\\\/de\\\/aktuell\\\/rri-aktuell\\\/parlamentswahlen-partein-stellen-kandidatenlisten-fertig-id461634.html\",\"url\":\"https:\\\/\\\/www.rri.ro\\\/de\\\/aktuell\\\/rri-aktuell\\\/parlamentswahlen-partein-stellen-kandidatenlisten-fertig-id461634.html\",\"name\":\"Parlamentswahlen: Partein stellen Kandidatenlisten fertig - Radio Rum\u00e4nien International\",\"isPartOf\":{\"@id\":\"https:\\\/\\\/www.rri.ro\\\/#website\"},\"primaryImageOfPage\":{\"@id\":\"https:\\\/\\\/www.rri.ro\\\/de\\\/aktuell\\\/rri-aktuell\\\/parlamentswahlen-partein-stellen-kandidatenlisten-fertig-id461634.html#primaryimage\"},\"image\":{\"@id\":\"https:\\\/\\\/www.rri.ro\\\/de\\\/aktuell\\\/rri-aktuell\\\/parlamentswahlen-partein-stellen-kandidatenlisten-fertig-id461634.html#primaryimage\"},\"thumbnailUrl\":\"https:\\\/\\\/www.rri.ro\\\/wp-content\\\/uploads\\\/2023\\\/10\\\/gov-ludovic-orban.jpg\",\"datePublished\":\"2020-10-21T11:36:00+00:00\",\"dateModified\":\"2024-02-19T19:00:28+00:00\",\"author\":{\"@id\":\"https:\\\/\\\/www.rri.ro\\\/#\\\/schema\\\/person\\\/0745b519f2d1287783422f162c4112af\"},\"breadcrumb\":{\"@id\":\"https:\\\/\\\/www.rri.ro\\\/de\\\/aktuell\\\/rri-aktuell\\\/parlamentswahlen-partein-stellen-kandidatenlisten-fertig-id461634.html#breadcrumb\"},\"inLanguage\":\"de\",\"potentialAction\":[{\"@type\":\"ReadAction\",\"target\":[\"https:\\\/\\\/www.rri.ro\\\/de\\\/aktuell\\\/rri-aktuell\\\/parlamentswahlen-partein-stellen-kandidatenlisten-fertig-id461634.html\"]}]},{\"@type\":\"ImageObject\",\"inLanguage\":\"de\",\"@id\":\"https:\\\/\\\/www.rri.ro\\\/de\\\/aktuell\\\/rri-aktuell\\\/parlamentswahlen-partein-stellen-kandidatenlisten-fertig-id461634.html#primaryimage\",\"url\":\"https:\\\/\\\/www.rri.ro\\\/wp-content\\\/uploads\\\/2023\\\/10\\\/gov-ludovic-orban.jpg\",\"contentUrl\":\"https:\\\/\\\/www.rri.ro\\\/wp-content\\\/uploads\\\/2023\\\/10\\\/gov-ludovic-orban.jpg\",\"width\":640,\"height\":479},{\"@type\":\"BreadcrumbList\",\"@id\":\"https:\\\/\\\/www.rri.ro\\\/de\\\/aktuell\\\/rri-aktuell\\\/parlamentswahlen-partein-stellen-kandidatenlisten-fertig-id461634.html#breadcrumb\",\"itemListElement\":[{\"@type\":\"ListItem\",\"position\":1,\"name\":\"Startseite\",\"item\":\"https:\\\/\\\/www.rri.ro\\\/de\"},{\"@type\":\"ListItem\",\"position\":2,\"name\":\"Aktuell\",\"item\":\"https:\\\/\\\/www.rri.ro\\\/de\\\/aktuell\"},{\"@type\":\"ListItem\",\"position\":3,\"name\":\"RRI Aktuell\",\"item\":\"https:\\\/\\\/www.rri.ro\\\/de\\\/aktuell\\\/rri-aktuell\"},{\"@type\":\"ListItem\",\"position\":4,\"name\":\"Parlamentswahlen: Partein stellen Kandidatenlisten fertig\"}]},{\"@type\":\"WebSite\",\"@id\":\"https:\\\/\\\/www.rri.ro\\\/#website\",\"url\":\"https:\\\/\\\/www.rri.ro\\\/\",\"name\":\"Radio Rum\u00e4nien International\",\"description\":\"Totul despre Rom\u00e2nia \u015fi rom\u00e2ni, \u00een 13 limbi\\\/dialecte!\",\"inLanguage\":\"de\"},{\"@type\":\"Person\",\"@id\":\"https:\\\/\\\/www.rri.ro\\\/#\\\/schema\\\/person\\\/0745b519f2d1287783422f162c4112af\",\"name\":\"Roxana Vasile\",\"url\":\"https:\\\/\\\/www.rri.ro\\\/de\\\/author\\\/roxana-vasile\"}]}<\/script>\n<!-- \/ Yoast SEO plugin. -->","yoast_head_json":{"title":"Parlamentswahlen: Partein stellen Kandidatenlisten fertig - Radio Rum\u00e4nien International","robots":{"index":"index","follow":"follow","max-snippet":"max-snippet:-1","max-image-preview":"max-image-preview:large","max-video-preview":"max-video-preview:-1"},"canonical":"https:\/\/www.rri.ro\/de\/aktuell\/rri-aktuell\/parlamentswahlen-partein-stellen-kandidatenlisten-fertig-id461634.html","og_locale":"de_DE","og_type":"article","og_title":"Parlamentswahlen: Partein stellen Kandidatenlisten fertig - Radio Rum\u00e4nien International","og_description":"Die rum\u00e4nischen Parteien treiben die Vorbereitungen f\u00fcr die Parlamentswahlen am 6. Dezember voran.","og_url":"https:\/\/www.rri.ro\/de\/aktuell\/rri-aktuell\/parlamentswahlen-partein-stellen-kandidatenlisten-fertig-id461634.html","og_site_name":"Radio Rum\u00e4nien International","article_published_time":"2020-10-21T11:36:00+00:00","article_modified_time":"2024-02-19T19:00:28+00:00","og_image":[{"width":640,"height":479,"url":"https:\/\/www.rri.ro\/wp-content\/uploads\/2023\/10\/gov-ludovic-orban.jpg","type":"image\/jpeg"}],"author":"Roxana Vasile","twitter_card":"summary_large_image","twitter_misc":{"Verfasst von":"Roxana Vasile","Gesch\u00e4tzte Lesezeit":"2\u00a0Minuten","Written by":"Roxana Vasile"},"schema":{"@context":"https:\/\/schema.org","@graph":[{"@type":"Article","@id":"https:\/\/www.rri.ro\/de\/aktuell\/rri-aktuell\/parlamentswahlen-partein-stellen-kandidatenlisten-fertig-id461634.html#article","isPartOf":{"@id":"https:\/\/www.rri.ro\/de\/aktuell\/rri-aktuell\/parlamentswahlen-partein-stellen-kandidatenlisten-fertig-id461634.html"},"author":{"name":"Roxana Vasile","@id":"https:\/\/www.rri.ro\/#\/schema\/person\/0745b519f2d1287783422f162c4112af"},"headline":"Parlamentswahlen: Partein stellen Kandidatenlisten fertig","datePublished":"2020-10-21T11:36:00+00:00","dateModified":"2024-02-19T19:00:28+00:00","mainEntityOfPage":{"@id":"https:\/\/www.rri.ro\/de\/aktuell\/rri-aktuell\/parlamentswahlen-partein-stellen-kandidatenlisten-fertig-id461634.html"},"wordCount":471,"image":{"@id":"https:\/\/www.rri.ro\/de\/aktuell\/rri-aktuell\/parlamentswahlen-partein-stellen-kandidatenlisten-fertig-id461634.html#primaryimage"},"thumbnailUrl":"https:\/\/www.rri.ro\/wp-content\/uploads\/2023\/10\/gov-ludovic-orban.jpg","keywords":["ALDE","Ausland","Kandidatenlisten","Ludovic Orban","Minderheiten","Parlamentswahlen","PMP","PNL","Pro-Rum\u00e4nien","PSD","Sorin Grindeanu","USR","Zentrale Wahlb\u00fcro"],"articleSection":["RRI Aktuell"],"inLanguage":"de"},{"@type":"WebPage","@id":"https:\/\/www.rri.ro\/de\/aktuell\/rri-aktuell\/parlamentswahlen-partein-stellen-kandidatenlisten-fertig-id461634.html","url":"https:\/\/www.rri.ro\/de\/aktuell\/rri-aktuell\/parlamentswahlen-partein-stellen-kandidatenlisten-fertig-id461634.html","name":"Parlamentswahlen: Partein stellen Kandidatenlisten fertig - Radio Rum\u00e4nien International","isPartOf":{"@id":"https:\/\/www.rri.ro\/#website"},"primaryImageOfPage":{"@id":"https:\/\/www.rri.ro\/de\/aktuell\/rri-aktuell\/parlamentswahlen-partein-stellen-kandidatenlisten-fertig-id461634.html#primaryimage"},"image":{"@id":"https:\/\/www.rri.ro\/de\/aktuell\/rri-aktuell\/parlamentswahlen-partein-stellen-kandidatenlisten-fertig-id461634.html#primaryimage"},"thumbnailUrl":"https:\/\/www.rri.ro\/wp-content\/uploads\/2023\/10\/gov-ludovic-orban.jpg","datePublished":"2020-10-21T11:36:00+00:00","dateModified":"2024-02-19T19:00:28+00:00","author":{"@id":"https:\/\/www.rri.ro\/#\/schema\/person\/0745b519f2d1287783422f162c4112af"},"breadcrumb":{"@id":"https:\/\/www.rri.ro\/de\/aktuell\/rri-aktuell\/parlamentswahlen-partein-stellen-kandidatenlisten-fertig-id461634.html#breadcrumb"},"inLanguage":"de","potentialAction":[{"@type":"ReadAction","target":["https:\/\/www.rri.ro\/de\/aktuell\/rri-aktuell\/parlamentswahlen-partein-stellen-kandidatenlisten-fertig-id461634.html"]}]},{"@type":"ImageObject","inLanguage":"de","@id":"https:\/\/www.rri.ro\/de\/aktuell\/rri-aktuell\/parlamentswahlen-partein-stellen-kandidatenlisten-fertig-id461634.html#primaryimage","url":"https:\/\/www.rri.ro\/wp-content\/uploads\/2023\/10\/gov-ludovic-orban.jpg","contentUrl":"https:\/\/www.rri.ro\/wp-content\/uploads\/2023\/10\/gov-ludovic-orban.jpg","width":640,"height":479},{"@type":"BreadcrumbList","@id":"https:\/\/www.rri.ro\/de\/aktuell\/rri-aktuell\/parlamentswahlen-partein-stellen-kandidatenlisten-fertig-id461634.html#breadcrumb","itemListElement":[{"@type":"ListItem","position":1,"name":"Startseite","item":"https:\/\/www.rri.ro\/de"},{"@type":"ListItem","position":2,"name":"Aktuell","item":"https:\/\/www.rri.ro\/de\/aktuell"},{"@type":"ListItem","position":3,"name":"RRI Aktuell","item":"https:\/\/www.rri.ro\/de\/aktuell\/rri-aktuell"},{"@type":"ListItem","position":4,"name":"Parlamentswahlen: Partein stellen Kandidatenlisten fertig"}]},{"@type":"WebSite","@id":"https:\/\/www.rri.ro\/#website","url":"https:\/\/www.rri.ro\/","name":"Radio Rum\u00e4nien International","description":"Totul despre Rom\u00e2nia \u015fi rom\u00e2ni, \u00een 13 limbi\/dialecte!","inLanguage":"de"},{"@type":"Person","@id":"https:\/\/www.rri.ro\/#\/schema\/person\/0745b519f2d1287783422f162c4112af","name":"Roxana Vasile","url":"https:\/\/www.rri.ro\/de\/author\/roxana-vasile"}]}},"_links":{"self":[{"href":"https:\/\/www.rri.ro\/de\/wp-json\/wp\/v2\/posts\/461634","targetHints":{"allow":["GET"]}}],"collection":[{"href":"https:\/\/www.rri.ro\/de\/wp-json\/wp\/v2\/posts"}],"about":[{"href":"https:\/\/www.rri.ro\/de\/wp-json\/wp\/v2\/types\/post"}],"author":[{"embeddable":true,"href":"https:\/\/www.rri.ro\/de\/wp-json\/wp\/v2\/users\/109"}],"replies":[{"embeddable":true,"href":"https:\/\/www.rri.ro\/de\/wp-json\/wp\/v2\/comments?post=461634"}],"version-history":[{"count":0,"href":"https:\/\/www.rri.ro\/de\/wp-json\/wp\/v2\/posts\/461634\/revisions"}],"wp:featuredmedia":[{"embeddable":true,"href":"https:\/\/www.rri.ro\/de\/wp-json\/wp\/v2\/media\/86284"}],"wp:attachment":[{"href":"https:\/\/www.rri.ro\/de\/wp-json\/wp\/v2\/media?parent=461634"}],"wp:term":[{"taxonomy":"category","embeddable":true,"href":"https:\/\/www.rri.ro\/de\/wp-json\/wp\/v2\/categories?post=461634"},{"taxonomy":"post_tag","embeddable":true,"href":"https:\/\/www.rri.ro\/de\/wp-json\/wp\/v2\/tags?post=461634"},{"taxonomy":"author","embeddable":true,"href":"https:\/\/www.rri.ro\/de\/wp-json\/wp\/v2\/coauthors?post=461634"}],"curies":[{"name":"wp","href":"https:\/\/api.w.org\/{rel}","templated":true}]}}