{"id":461638,"date":"2020-10-26T14:42:00","date_gmt":"2020-10-26T12:42:00","guid":{"rendered":"http:\/\/devrri.freshlemon.ro\/aktuell\/acht-monate-pandemie-in-rumaenien-id461638.html"},"modified":"2024-02-19T21:00:31","modified_gmt":"2024-02-19T19:00:31","slug":"acht-monate-pandemie-in-rumaenien","status":"publish","type":"post","link":"https:\/\/www.rri.ro\/de\/aktuell\/rri-aktuell\/acht-monate-pandemie-in-rumaenien-id461638.html","title":{"rendered":"Acht Monate Pandemie in Rum\u00e4nien"},"content":{"rendered":"<p>Der erste Fall einer Infektion mit Covid-19 wurde am 26. Februar in Rum\u00e4nien best\u00e4tigt. Die Geschichte eines jungen Rum\u00e4nen, der das Virus von einem italienischen Staatsb\u00fcrger bekam, der von den Beh\u00f6rden seines Landes als positiv best\u00e4tigt wurde, machte Schlagzeilen in den rum\u00e4nischen Medien. Was geschah danach? Der Notstand wurde im Land f\u00fcr zwei Monate verh\u00e4ngt, beginnend am 16. M\u00e4rz, eine Zeit, die gepr\u00e4gt war von Ma\u200e\u00dfnahmen, die die Bewegungsfreiheit stark einschr\u00e4nkten, von hohen Geldstrafen, die sp\u00e4ter wegen Illegalit\u00e4t aufgehoben wurden, von Stra\u200e\u00dfen- und Flugverkehrsbeschr\u00e4nkungen, von geschlossenen Kinderg\u00e4rten, Schulen und Universit\u00e4ten, von der Einschr\u00e4nkung einiger Grundfreiheiten, wie der Religionsfreiheit, die die Christen zwang, Ostern im Haus zu feiern, und auch von der Quarant\u00e4ne oder Isolation der aus dem Ausland angereisten Rum\u00e4nen. Dar\u00fcber hinaus wurden auch Gesch\u00e4fte, Theater und Kinos\u00e4le geschlossen, w\u00e4hrend das Gastgewerbe vollst\u00e4ndig stillgelegt wurde. Viele Rum\u00e4nen waren von Arbeitslosigkeit betroffen, w\u00e4hrend andere von zu Hause aus zu arbeiten begannen. Am Ende der zweimonatigen Abriegelung wiesen offizielle Zahlen \u00fcber 16.000 mit dem neuartigen Coronavirus infizierte Menschen und \u00fcber 1.000 Todesf\u00e4lle aus.<\/p>\n<p>&#13;<br \/>\n&#13;<\/p>\n<p>Ab dem 15. Mai ersetzten die Bukarester Beh\u00f6rden dann den Notstand durch den Warnzustand, der bis heute st\u00e4ndig erweitert wurde. Vor etwa einem Monat begann die Zahl der Infektionen rapide zu steigen. Lag die Zahl der best\u00e4tigten F\u00e4lle zwischen dem 20. und 27. September bei etwa 10.000, so hat sich die Zahl inzwischen fast verdreifacht. In der vergangenen Woche, in zwei Tagen, lag die Zahl der Neuinfektionen bei fast 5 Tausend und hat diese Zahl sogar noch \u00fcbertroffen. Negative Aufzeichnungen wurden auch bei den Todesf\u00e4llen gemeldet, die allein in 24 Stunden fast 100 betrugen. Auch die Zahl der Patienten, die auf Intensivstationen behandelt wurden, erreichte Rekordh\u00f6hen, was das rum\u00e4nische Gesundheitssystem, eines der am schlechtesten funktionierenden in Europa, stark unter Druck setzte.<\/p>\n<p>&#13;<br \/>\n&#13;<\/p>\n<p>Seit dem 26. Februar bis heute wurden rund 210.000 F\u00e4lle von Coronavirus-Infektionen und fast 6.500 Todesf\u00e4lle gemeldet. Die Hauptstadt Bukarest befindet sich, wie andere St\u00e4dte auch, im roten Bereich, nachdem die Zahl der Neuinfektionen 3 von 1.000 Menschen \u00fcberschritten hat.  Folglich ist das Tragen von Masken ab letzten Dienstag f\u00fcr zwei Wochen in allen \u00f6ffentlichen Innen- und Au\u200e\u00dfenr\u00e4umen Pflicht. In Restaurants, Caf\u00e9s, Kinos und Theatern ist die T\u00e4tigkeit in Innenr\u00e4umen wieder eingestellt worden, w\u00e4hrend Kinderg\u00e4rten, Schulen und Gymnasien, die am 15. September er\u00f6ffnet wurden, den Unterricht jetzt ausschlie\u200e\u00dflich online abhalten.<\/p>\n<p>&#13;<\/p>\n","protected":false},"excerpt":{"rendered":"<p>Acht Monate sind vergangen, seitdem die erste Coronavirus-Infektion in Rum\u00e4nien gemeldet wurde.<\/p>\n","protected":false},"author":109,"featured_media":86981,"comment_status":"closed","ping_status":"closed","sticky":false,"template":"","format":"standard","meta":{"_acf_changed":false,"footnotes":""},"categories":[99583],"tags":[50625,35374,104950,105021],"coauthors":[],"class_list":["post-461638","post","type-post","status-publish","format-standard","has-post-thumbnail","hentry","category-rri-aktuell","tag-coronavirus-pandemie","tag-covid-19","tag-notstand","tag-warnzustand"],"acf":[],"yoast_head":"<!-- This site is optimized with the Yoast SEO plugin v27.3 - https:\/\/yoast.com\/product\/yoast-seo-wordpress\/ -->\n<title>Acht Monate Pandemie in Rum\u00e4nien - Radio Rum\u00e4nien International<\/title>\n<meta name=\"robots\" content=\"index, follow, max-snippet:-1, max-image-preview:large, max-video-preview:-1\" \/>\n<link rel=\"canonical\" href=\"https:\/\/www.rri.ro\/de\/aktuell\/rri-aktuell\/acht-monate-pandemie-in-rumaenien-id461638.html\" \/>\n<meta property=\"og:locale\" content=\"de_DE\" \/>\n<meta property=\"og:type\" content=\"article\" \/>\n<meta property=\"og:title\" content=\"Acht Monate Pandemie in Rum\u00e4nien - Radio Rum\u00e4nien International\" \/>\n<meta property=\"og:description\" content=\"Acht Monate sind vergangen, seitdem die erste Coronavirus-Infektion in Rum\u00e4nien gemeldet wurde.\" \/>\n<meta property=\"og:url\" content=\"https:\/\/www.rri.ro\/de\/aktuell\/rri-aktuell\/acht-monate-pandemie-in-rumaenien-id461638.html\" \/>\n<meta property=\"og:site_name\" content=\"Radio Rum\u00e4nien International\" \/>\n<meta property=\"article:published_time\" content=\"2020-10-26T12:42:00+00:00\" \/>\n<meta property=\"article:modified_time\" content=\"2024-02-19T19:00:31+00:00\" \/>\n<meta property=\"og:image\" content=\"https:\/\/www.rri.ro\/wp-content\/uploads\/2023\/10\/coronavirus-covid19-pandemie-infectare-virus-foto-pixabay-com.png\" \/>\n\t<meta property=\"og:image:width\" content=\"640\" \/>\n\t<meta property=\"og:image:height\" content=\"480\" \/>\n\t<meta property=\"og:image:type\" content=\"image\/png\" \/>\n<meta name=\"author\" content=\"Roxana Vasile\" \/>\n<meta name=\"twitter:card\" content=\"summary_large_image\" \/>\n<meta name=\"twitter:label1\" content=\"Verfasst von\" \/>\n\t<meta name=\"twitter:data1\" content=\"Roxana Vasile\" \/>\n\t<meta name=\"twitter:label2\" content=\"Gesch\u00e4tzte Lesezeit\" \/>\n\t<meta name=\"twitter:data2\" content=\"2\u00a0Minuten\" \/>\n\t<meta name=\"twitter:label3\" content=\"Written by\" \/>\n\t<meta name=\"twitter:data3\" content=\"Roxana Vasile\" \/>\n<script type=\"application\/ld+json\" class=\"yoast-schema-graph\">{\"@context\":\"https:\\\/\\\/schema.org\",\"@graph\":[{\"@type\":\"Article\",\"@id\":\"https:\\\/\\\/www.rri.ro\\\/de\\\/aktuell\\\/rri-aktuell\\\/acht-monate-pandemie-in-rumaenien-id461638.html#article\",\"isPartOf\":{\"@id\":\"https:\\\/\\\/www.rri.ro\\\/de\\\/aktuell\\\/rri-aktuell\\\/acht-monate-pandemie-in-rumaenien-id461638.html\"},\"author\":{\"name\":\"Roxana Vasile\",\"@id\":\"https:\\\/\\\/www.rri.ro\\\/#\\\/schema\\\/person\\\/0745b519f2d1287783422f162c4112af\"},\"headline\":\"Acht Monate Pandemie in Rum\u00e4nien\",\"datePublished\":\"2020-10-26T12:42:00+00:00\",\"dateModified\":\"2024-02-19T19:00:31+00:00\",\"mainEntityOfPage\":{\"@id\":\"https:\\\/\\\/www.rri.ro\\\/de\\\/aktuell\\\/rri-aktuell\\\/acht-monate-pandemie-in-rumaenien-id461638.html\"},\"wordCount\":421,\"image\":{\"@id\":\"https:\\\/\\\/www.rri.ro\\\/de\\\/aktuell\\\/rri-aktuell\\\/acht-monate-pandemie-in-rumaenien-id461638.html#primaryimage\"},\"thumbnailUrl\":\"https:\\\/\\\/www.rri.ro\\\/wp-content\\\/uploads\\\/2023\\\/10\\\/coronavirus-covid19-pandemie-infectare-virus-foto-pixabay-com.png\",\"keywords\":[\"coronavirus&#013; pandemie\",\"Covid-19\",\"Notstand\",\"Warnzustand\"],\"articleSection\":[\"RRI Aktuell\"],\"inLanguage\":\"de\"},{\"@type\":\"WebPage\",\"@id\":\"https:\\\/\\\/www.rri.ro\\\/de\\\/aktuell\\\/rri-aktuell\\\/acht-monate-pandemie-in-rumaenien-id461638.html\",\"url\":\"https:\\\/\\\/www.rri.ro\\\/de\\\/aktuell\\\/rri-aktuell\\\/acht-monate-pandemie-in-rumaenien-id461638.html\",\"name\":\"Acht Monate Pandemie in Rum\u00e4nien - Radio Rum\u00e4nien International\",\"isPartOf\":{\"@id\":\"https:\\\/\\\/www.rri.ro\\\/#website\"},\"primaryImageOfPage\":{\"@id\":\"https:\\\/\\\/www.rri.ro\\\/de\\\/aktuell\\\/rri-aktuell\\\/acht-monate-pandemie-in-rumaenien-id461638.html#primaryimage\"},\"image\":{\"@id\":\"https:\\\/\\\/www.rri.ro\\\/de\\\/aktuell\\\/rri-aktuell\\\/acht-monate-pandemie-in-rumaenien-id461638.html#primaryimage\"},\"thumbnailUrl\":\"https:\\\/\\\/www.rri.ro\\\/wp-content\\\/uploads\\\/2023\\\/10\\\/coronavirus-covid19-pandemie-infectare-virus-foto-pixabay-com.png\",\"datePublished\":\"2020-10-26T12:42:00+00:00\",\"dateModified\":\"2024-02-19T19:00:31+00:00\",\"author\":{\"@id\":\"https:\\\/\\\/www.rri.ro\\\/#\\\/schema\\\/person\\\/0745b519f2d1287783422f162c4112af\"},\"breadcrumb\":{\"@id\":\"https:\\\/\\\/www.rri.ro\\\/de\\\/aktuell\\\/rri-aktuell\\\/acht-monate-pandemie-in-rumaenien-id461638.html#breadcrumb\"},\"inLanguage\":\"de\",\"potentialAction\":[{\"@type\":\"ReadAction\",\"target\":[\"https:\\\/\\\/www.rri.ro\\\/de\\\/aktuell\\\/rri-aktuell\\\/acht-monate-pandemie-in-rumaenien-id461638.html\"]}]},{\"@type\":\"ImageObject\",\"inLanguage\":\"de\",\"@id\":\"https:\\\/\\\/www.rri.ro\\\/de\\\/aktuell\\\/rri-aktuell\\\/acht-monate-pandemie-in-rumaenien-id461638.html#primaryimage\",\"url\":\"https:\\\/\\\/www.rri.ro\\\/wp-content\\\/uploads\\\/2023\\\/10\\\/coronavirus-covid19-pandemie-infectare-virus-foto-pixabay-com.png\",\"contentUrl\":\"https:\\\/\\\/www.rri.ro\\\/wp-content\\\/uploads\\\/2023\\\/10\\\/coronavirus-covid19-pandemie-infectare-virus-foto-pixabay-com.png\",\"width\":640,\"height\":480},{\"@type\":\"BreadcrumbList\",\"@id\":\"https:\\\/\\\/www.rri.ro\\\/de\\\/aktuell\\\/rri-aktuell\\\/acht-monate-pandemie-in-rumaenien-id461638.html#breadcrumb\",\"itemListElement\":[{\"@type\":\"ListItem\",\"position\":1,\"name\":\"Startseite\",\"item\":\"https:\\\/\\\/www.rri.ro\\\/de\"},{\"@type\":\"ListItem\",\"position\":2,\"name\":\"Aktuell\",\"item\":\"https:\\\/\\\/www.rri.ro\\\/de\\\/aktuell\"},{\"@type\":\"ListItem\",\"position\":3,\"name\":\"RRI Aktuell\",\"item\":\"https:\\\/\\\/www.rri.ro\\\/de\\\/aktuell\\\/rri-aktuell\"},{\"@type\":\"ListItem\",\"position\":4,\"name\":\"Acht Monate Pandemie in Rum\u00e4nien\"}]},{\"@type\":\"WebSite\",\"@id\":\"https:\\\/\\\/www.rri.ro\\\/#website\",\"url\":\"https:\\\/\\\/www.rri.ro\\\/\",\"name\":\"Radio Rum\u00e4nien International\",\"description\":\"Totul despre Rom\u00e2nia \u015fi rom\u00e2ni, \u00een 13 limbi\\\/dialecte!\",\"inLanguage\":\"de\"},{\"@type\":\"Person\",\"@id\":\"https:\\\/\\\/www.rri.ro\\\/#\\\/schema\\\/person\\\/0745b519f2d1287783422f162c4112af\",\"name\":\"Roxana Vasile\",\"url\":\"https:\\\/\\\/www.rri.ro\\\/de\\\/author\\\/roxana-vasile\"}]}<\/script>\n<!-- \/ Yoast SEO plugin. -->","yoast_head_json":{"title":"Acht Monate Pandemie in Rum\u00e4nien - Radio Rum\u00e4nien International","robots":{"index":"index","follow":"follow","max-snippet":"max-snippet:-1","max-image-preview":"max-image-preview:large","max-video-preview":"max-video-preview:-1"},"canonical":"https:\/\/www.rri.ro\/de\/aktuell\/rri-aktuell\/acht-monate-pandemie-in-rumaenien-id461638.html","og_locale":"de_DE","og_type":"article","og_title":"Acht Monate Pandemie in Rum\u00e4nien - Radio Rum\u00e4nien International","og_description":"Acht Monate sind vergangen, seitdem die erste Coronavirus-Infektion in Rum\u00e4nien gemeldet wurde.","og_url":"https:\/\/www.rri.ro\/de\/aktuell\/rri-aktuell\/acht-monate-pandemie-in-rumaenien-id461638.html","og_site_name":"Radio Rum\u00e4nien International","article_published_time":"2020-10-26T12:42:00+00:00","article_modified_time":"2024-02-19T19:00:31+00:00","og_image":[{"width":640,"height":480,"url":"https:\/\/www.rri.ro\/wp-content\/uploads\/2023\/10\/coronavirus-covid19-pandemie-infectare-virus-foto-pixabay-com.png","type":"image\/png"}],"author":"Roxana Vasile","twitter_card":"summary_large_image","twitter_misc":{"Verfasst von":"Roxana Vasile","Gesch\u00e4tzte Lesezeit":"2\u00a0Minuten","Written by":"Roxana Vasile"},"schema":{"@context":"https:\/\/schema.org","@graph":[{"@type":"Article","@id":"https:\/\/www.rri.ro\/de\/aktuell\/rri-aktuell\/acht-monate-pandemie-in-rumaenien-id461638.html#article","isPartOf":{"@id":"https:\/\/www.rri.ro\/de\/aktuell\/rri-aktuell\/acht-monate-pandemie-in-rumaenien-id461638.html"},"author":{"name":"Roxana Vasile","@id":"https:\/\/www.rri.ro\/#\/schema\/person\/0745b519f2d1287783422f162c4112af"},"headline":"Acht Monate Pandemie in Rum\u00e4nien","datePublished":"2020-10-26T12:42:00+00:00","dateModified":"2024-02-19T19:00:31+00:00","mainEntityOfPage":{"@id":"https:\/\/www.rri.ro\/de\/aktuell\/rri-aktuell\/acht-monate-pandemie-in-rumaenien-id461638.html"},"wordCount":421,"image":{"@id":"https:\/\/www.rri.ro\/de\/aktuell\/rri-aktuell\/acht-monate-pandemie-in-rumaenien-id461638.html#primaryimage"},"thumbnailUrl":"https:\/\/www.rri.ro\/wp-content\/uploads\/2023\/10\/coronavirus-covid19-pandemie-infectare-virus-foto-pixabay-com.png","keywords":["coronavirus&#013; pandemie","Covid-19","Notstand","Warnzustand"],"articleSection":["RRI Aktuell"],"inLanguage":"de"},{"@type":"WebPage","@id":"https:\/\/www.rri.ro\/de\/aktuell\/rri-aktuell\/acht-monate-pandemie-in-rumaenien-id461638.html","url":"https:\/\/www.rri.ro\/de\/aktuell\/rri-aktuell\/acht-monate-pandemie-in-rumaenien-id461638.html","name":"Acht Monate Pandemie in Rum\u00e4nien - Radio Rum\u00e4nien International","isPartOf":{"@id":"https:\/\/www.rri.ro\/#website"},"primaryImageOfPage":{"@id":"https:\/\/www.rri.ro\/de\/aktuell\/rri-aktuell\/acht-monate-pandemie-in-rumaenien-id461638.html#primaryimage"},"image":{"@id":"https:\/\/www.rri.ro\/de\/aktuell\/rri-aktuell\/acht-monate-pandemie-in-rumaenien-id461638.html#primaryimage"},"thumbnailUrl":"https:\/\/www.rri.ro\/wp-content\/uploads\/2023\/10\/coronavirus-covid19-pandemie-infectare-virus-foto-pixabay-com.png","datePublished":"2020-10-26T12:42:00+00:00","dateModified":"2024-02-19T19:00:31+00:00","author":{"@id":"https:\/\/www.rri.ro\/#\/schema\/person\/0745b519f2d1287783422f162c4112af"},"breadcrumb":{"@id":"https:\/\/www.rri.ro\/de\/aktuell\/rri-aktuell\/acht-monate-pandemie-in-rumaenien-id461638.html#breadcrumb"},"inLanguage":"de","potentialAction":[{"@type":"ReadAction","target":["https:\/\/www.rri.ro\/de\/aktuell\/rri-aktuell\/acht-monate-pandemie-in-rumaenien-id461638.html"]}]},{"@type":"ImageObject","inLanguage":"de","@id":"https:\/\/www.rri.ro\/de\/aktuell\/rri-aktuell\/acht-monate-pandemie-in-rumaenien-id461638.html#primaryimage","url":"https:\/\/www.rri.ro\/wp-content\/uploads\/2023\/10\/coronavirus-covid19-pandemie-infectare-virus-foto-pixabay-com.png","contentUrl":"https:\/\/www.rri.ro\/wp-content\/uploads\/2023\/10\/coronavirus-covid19-pandemie-infectare-virus-foto-pixabay-com.png","width":640,"height":480},{"@type":"BreadcrumbList","@id":"https:\/\/www.rri.ro\/de\/aktuell\/rri-aktuell\/acht-monate-pandemie-in-rumaenien-id461638.html#breadcrumb","itemListElement":[{"@type":"ListItem","position":1,"name":"Startseite","item":"https:\/\/www.rri.ro\/de"},{"@type":"ListItem","position":2,"name":"Aktuell","item":"https:\/\/www.rri.ro\/de\/aktuell"},{"@type":"ListItem","position":3,"name":"RRI Aktuell","item":"https:\/\/www.rri.ro\/de\/aktuell\/rri-aktuell"},{"@type":"ListItem","position":4,"name":"Acht Monate Pandemie in Rum\u00e4nien"}]},{"@type":"WebSite","@id":"https:\/\/www.rri.ro\/#website","url":"https:\/\/www.rri.ro\/","name":"Radio Rum\u00e4nien International","description":"Totul despre Rom\u00e2nia \u015fi rom\u00e2ni, \u00een 13 limbi\/dialecte!","inLanguage":"de"},{"@type":"Person","@id":"https:\/\/www.rri.ro\/#\/schema\/person\/0745b519f2d1287783422f162c4112af","name":"Roxana Vasile","url":"https:\/\/www.rri.ro\/de\/author\/roxana-vasile"}]}},"_links":{"self":[{"href":"https:\/\/www.rri.ro\/de\/wp-json\/wp\/v2\/posts\/461638","targetHints":{"allow":["GET"]}}],"collection":[{"href":"https:\/\/www.rri.ro\/de\/wp-json\/wp\/v2\/posts"}],"about":[{"href":"https:\/\/www.rri.ro\/de\/wp-json\/wp\/v2\/types\/post"}],"author":[{"embeddable":true,"href":"https:\/\/www.rri.ro\/de\/wp-json\/wp\/v2\/users\/109"}],"replies":[{"embeddable":true,"href":"https:\/\/www.rri.ro\/de\/wp-json\/wp\/v2\/comments?post=461638"}],"version-history":[{"count":0,"href":"https:\/\/www.rri.ro\/de\/wp-json\/wp\/v2\/posts\/461638\/revisions"}],"wp:featuredmedia":[{"embeddable":true,"href":"https:\/\/www.rri.ro\/de\/wp-json\/wp\/v2\/media\/86981"}],"wp:attachment":[{"href":"https:\/\/www.rri.ro\/de\/wp-json\/wp\/v2\/media?parent=461638"}],"wp:term":[{"taxonomy":"category","embeddable":true,"href":"https:\/\/www.rri.ro\/de\/wp-json\/wp\/v2\/categories?post=461638"},{"taxonomy":"post_tag","embeddable":true,"href":"https:\/\/www.rri.ro\/de\/wp-json\/wp\/v2\/tags?post=461638"},{"taxonomy":"author","embeddable":true,"href":"https:\/\/www.rri.ro\/de\/wp-json\/wp\/v2\/coauthors?post=461638"}],"curies":[{"name":"wp","href":"https:\/\/api.w.org\/{rel}","templated":true}]}}