{"id":461676,"date":"2020-12-03T13:38:00","date_gmt":"2020-12-03T11:38:00","guid":{"rendered":"http:\/\/devrri.freshlemon.ro\/aktuell\/nato-ein-neues-strategisches-konzept-id461676.html"},"modified":"2024-02-19T21:01:02","modified_gmt":"2024-02-19T19:01:02","slug":"nato-ein-neues-strategisches-konzept","status":"publish","type":"post","link":"https:\/\/www.rri.ro\/de\/aktuell\/rri-aktuell\/nato-ein-neues-strategisches-konzept-id461676.html","title":{"rendered":"NATO: Ein neues strategisches Konzept"},"content":{"rendered":"<p>Die NATO-Au\u200e\u00dfenminister haben am Mittwoch ein zweit\u00e4giges Treffen abgeschlossen. Auf der Tagesordnung standen u. a. die Beziehung zu Russland, die Anpassung des B\u00fcndnisses an das neue Sicherheitsumfeld und die Situation in Afghanistan. Generalsekret\u00e4r Jens Stoltenberg warnte, dass eine der globalen Herausforderungen f\u00fcr die NATO der Aufstieg Chinas sei, und erkl\u00e4rte, dass sich das Land dem B\u00fcndnis-Raum n\u00e4here und stark in die Infrastruktur alliierter L\u00e4nder in Europa, einschlie\u200e\u00dflich des Schwarzen Meeres, investiere. Der NATO-Generalsekret\u00e4r erkl\u00e4rte, dabei handle es sich nicht um einen Feind, sondern einen Konkurrenten, was einen weiteren Grund darstellt, warum das Nordatlantische-B\u00fcndnis eine st\u00e4rkere globale Rolle spielen muss.<\/p>\n<p>&#13;<br \/>\n&#13;<\/p>\n<p>&#13;<br \/>\n&#13;<\/p>\n<p>&#13;<br \/>\n&#13;<\/p>\n<p>&#13;<br \/>\n&#13;<\/p>\n<p>&#8222;China hat das zweitgr\u00f6\u200e\u00dfte Verteidigungsbudget der Welt und investiert stark in neue F\u00e4higkeiten&#8220;, sagte Jens Stoltenberg und f\u00fcgte hinzu, dass Peking die Menschenrechte untergr\u00e4bt, sich aggressiv gegen\u00fcber anderen L\u00e4ndern verh\u00e4lt und sich zunehmend in den Wettbewerb der Systeme engagiert. Deshalb m\u00fcssen, nach Ansicht von Generalsekret\u00e4r Stoltenberg, Demokratien mit denselben Werten in ihrem gemeinsamen Interesse zusammenarbeiten, um diese zu verteidigen, in dem sie die Widerstandsf\u00e4higkeit ihrer Gesellschaften, Volkswirtschaften und Institutionen st\u00e4rken und ihre  regeln basierte Ordnung aufrechterhalten. Andererseits analysierten die Au\u200e\u00dfenminister der NATO-Staaten auf dem Treffen, das der Schwarzmeerregion gewidmet war, die Sicherheitsentwicklungen und die Rolle des B\u00fcndnisses in diesem Raum, im Hinblick auf Abschreckung und wirksame Verteidigung, sowie auf partnerschaftliche Beziehungen.<\/p>\n<p>&#13;<br \/>\n&#13;<\/p>\n<p>&#13;<br \/>\n&#13;<\/p>\n<p>&#13;<br \/>\n&#13;<\/p>\n<p>&#13;<br \/>\n&#13;<\/p>\n<p>&#13;<br \/>\n&#13;<\/p>\n<p>&#13;<br \/>\n&#13;<\/p>\n<p>An dem Treffen nahmen auch die Au\u200e\u00dfenminister Georgiens und der Ukraine teil. Es sind L\u00e4nder f\u00fcr die, die Alliierten eine st\u00e4rkere Unterst\u00fctzung beschlossen. Der Chef der rum\u00e4nischen Diplomatie, Bogdan Aurescu, wies auf die Verschlechterung der Sicherheitslage in der Schwarzmeerregion hin, aufgrund der Zunahme der russischen Milit\u00e4rpr\u00e4senz und der Intensivierung der hybriden Aktionen. Er sagte, die Bem\u00fchungen zur Umsetzung von Ma\u200e\u00dfnahmen zur St\u00e4rkung der Abschreckungs- und Verteidigungshaltung der NATO in der Region m\u00fcssten fortgesetzt werden. Er bestand auch auf einer genauen \u00dcberwachung der Sicherheitsentwicklungen, einschlie\u200e\u00dflich der eingefrorenen Konflikte, die Instabilit\u00e4t erzeugen und wiederaufflammen k\u00f6nnen. Bukarest wird den Reflexionsprozess innerhalb des B\u00fcndnisses &#8211; NATO 2030 genannt &#8211; unterst\u00fctzen und sich aktiv daran beteiligen.  Aus dieser soll eine strategische Vision des NATO-Profils entstehen, sagte Bogdan Aurescu. Er k\u00fcndigte die Absicht Rum\u00e4niens an, ein euro- atlantisches Resilienz-Zentrum einzurichten, ein Thema, das f\u00fcr die n\u00e4chste Zeitspanne als eine Priorit\u00e4t angesehen wird.<\/p>\n<p>&#13;<br \/>\n&#13;<\/p>\n<p>&#13;<br \/>\n&#13;<\/p>\n<p>&#13;<\/p>\n","protected":false},"excerpt":{"rendered":"<p>Die NATO sollte sich st\u00e4rker auf den Kampf gegen den Klimawandel, k\u00fcnftigen Pandemien und Terrorismus, aber auch gegen\u00fcber Bedrohungen aus China konzentrieren.<\/p>\n","protected":false},"author":109,"featured_media":68991,"comment_status":"closed","ping_status":"closed","sticky":false,"template":"","format":"standard","meta":{"_acf_changed":false,"footnotes":""},"categories":[99583],"tags":[28908,28963,31904,100453,29812,13794,105164,99824,100113,100276,28905,101389],"coauthors":[],"class_list":["post-461676","post","type-post","status-publish","format-standard","has-post-thumbnail","hentry","category-rri-aktuell","tag-afghanistan","tag-bogdan-aurescu","tag-china","tag-georgien","tag-jens-stoltenberg","tag-nato","tag-resilienz-zentrum","tag-russland","tag-schwarzes-meer","tag-sicherheit","tag-ukraine","tag-verteidigung"],"acf":[],"yoast_head":"<!-- This site is optimized with the Yoast SEO plugin v27.5 - https:\/\/yoast.com\/product\/yoast-seo-wordpress\/ -->\n<title>NATO: Ein neues strategisches Konzept - Radio Rum\u00e4nien International<\/title>\n<meta name=\"robots\" content=\"index, follow, max-snippet:-1, max-image-preview:large, max-video-preview:-1\" \/>\n<link rel=\"canonical\" href=\"https:\/\/www.rri.ro\/de\/aktuell\/rri-aktuell\/nato-ein-neues-strategisches-konzept-id461676.html\" \/>\n<meta property=\"og:locale\" content=\"de_DE\" \/>\n<meta property=\"og:type\" content=\"article\" \/>\n<meta property=\"og:title\" content=\"NATO: Ein neues strategisches Konzept - Radio Rum\u00e4nien International\" \/>\n<meta property=\"og:description\" content=\"Die NATO sollte sich st\u00e4rker auf den Kampf gegen den Klimawandel, k\u00fcnftigen Pandemien und Terrorismus, aber auch gegen\u00fcber Bedrohungen aus China konzentrieren.\" \/>\n<meta property=\"og:url\" content=\"https:\/\/www.rri.ro\/de\/aktuell\/rri-aktuell\/nato-ein-neues-strategisches-konzept-id461676.html\" \/>\n<meta property=\"og:site_name\" content=\"Radio Rum\u00e4nien International\" \/>\n<meta property=\"article:published_time\" content=\"2020-12-03T11:38:00+00:00\" \/>\n<meta property=\"article:modified_time\" content=\"2024-02-19T19:01:02+00:00\" \/>\n<meta property=\"og:image\" content=\"https:\/\/www.rri.ro\/wp-content\/uploads\/2023\/10\/secretarul-nato-jens-stoltenberg.png\" \/>\n\t<meta property=\"og:image:width\" content=\"640\" \/>\n\t<meta property=\"og:image:height\" content=\"444\" \/>\n\t<meta property=\"og:image:type\" content=\"image\/png\" \/>\n<meta name=\"author\" content=\"Roxana Vasile\" \/>\n<meta name=\"twitter:card\" content=\"summary_large_image\" \/>\n<meta name=\"twitter:label1\" content=\"Verfasst von\" \/>\n\t<meta name=\"twitter:data1\" content=\"Roxana Vasile\" \/>\n\t<meta name=\"twitter:label2\" content=\"Gesch\u00e4tzte Lesezeit\" \/>\n\t<meta name=\"twitter:data2\" content=\"2\u00a0Minuten\" \/>\n\t<meta name=\"twitter:label3\" content=\"Written by\" \/>\n\t<meta name=\"twitter:data3\" content=\"Roxana Vasile\" \/>\n<script type=\"application\/ld+json\" class=\"yoast-schema-graph\">{\"@context\":\"https:\\\/\\\/schema.org\",\"@graph\":[{\"@type\":\"Article\",\"@id\":\"https:\\\/\\\/www.rri.ro\\\/de\\\/aktuell\\\/rri-aktuell\\\/nato-ein-neues-strategisches-konzept-id461676.html#article\",\"isPartOf\":{\"@id\":\"https:\\\/\\\/www.rri.ro\\\/de\\\/aktuell\\\/rri-aktuell\\\/nato-ein-neues-strategisches-konzept-id461676.html\"},\"author\":{\"name\":\"Roxana Vasile\",\"@id\":\"https:\\\/\\\/www.rri.ro\\\/#\\\/schema\\\/person\\\/0745b519f2d1287783422f162c4112af\"},\"headline\":\"NATO: Ein neues strategisches Konzept\",\"datePublished\":\"2020-12-03T11:38:00+00:00\",\"dateModified\":\"2024-02-19T19:01:02+00:00\",\"mainEntityOfPage\":{\"@id\":\"https:\\\/\\\/www.rri.ro\\\/de\\\/aktuell\\\/rri-aktuell\\\/nato-ein-neues-strategisches-konzept-id461676.html\"},\"wordCount\":409,\"image\":{\"@id\":\"https:\\\/\\\/www.rri.ro\\\/de\\\/aktuell\\\/rri-aktuell\\\/nato-ein-neues-strategisches-konzept-id461676.html#primaryimage\"},\"thumbnailUrl\":\"https:\\\/\\\/www.rri.ro\\\/wp-content\\\/uploads\\\/2023\\\/10\\\/secretarul-nato-jens-stoltenberg.png\",\"keywords\":[\"Afghanistan\",\"Bogdan Aurescu\",\"China\",\"Georgien\",\"Jens Stoltenberg\",\"NATO\",\"Resilienz-Zentrum\",\"Russland\",\"Schwarzes Meer\",\"Sicherheit\",\"Ukraine\",\"Verteidigung\"],\"articleSection\":[\"RRI Aktuell\"],\"inLanguage\":\"de\"},{\"@type\":\"WebPage\",\"@id\":\"https:\\\/\\\/www.rri.ro\\\/de\\\/aktuell\\\/rri-aktuell\\\/nato-ein-neues-strategisches-konzept-id461676.html\",\"url\":\"https:\\\/\\\/www.rri.ro\\\/de\\\/aktuell\\\/rri-aktuell\\\/nato-ein-neues-strategisches-konzept-id461676.html\",\"name\":\"NATO: Ein neues strategisches Konzept - Radio Rum\u00e4nien International\",\"isPartOf\":{\"@id\":\"https:\\\/\\\/www.rri.ro\\\/#website\"},\"primaryImageOfPage\":{\"@id\":\"https:\\\/\\\/www.rri.ro\\\/de\\\/aktuell\\\/rri-aktuell\\\/nato-ein-neues-strategisches-konzept-id461676.html#primaryimage\"},\"image\":{\"@id\":\"https:\\\/\\\/www.rri.ro\\\/de\\\/aktuell\\\/rri-aktuell\\\/nato-ein-neues-strategisches-konzept-id461676.html#primaryimage\"},\"thumbnailUrl\":\"https:\\\/\\\/www.rri.ro\\\/wp-content\\\/uploads\\\/2023\\\/10\\\/secretarul-nato-jens-stoltenberg.png\",\"datePublished\":\"2020-12-03T11:38:00+00:00\",\"dateModified\":\"2024-02-19T19:01:02+00:00\",\"author\":{\"@id\":\"https:\\\/\\\/www.rri.ro\\\/#\\\/schema\\\/person\\\/0745b519f2d1287783422f162c4112af\"},\"breadcrumb\":{\"@id\":\"https:\\\/\\\/www.rri.ro\\\/de\\\/aktuell\\\/rri-aktuell\\\/nato-ein-neues-strategisches-konzept-id461676.html#breadcrumb\"},\"inLanguage\":\"de\",\"potentialAction\":[{\"@type\":\"ReadAction\",\"target\":[\"https:\\\/\\\/www.rri.ro\\\/de\\\/aktuell\\\/rri-aktuell\\\/nato-ein-neues-strategisches-konzept-id461676.html\"]}]},{\"@type\":\"ImageObject\",\"inLanguage\":\"de\",\"@id\":\"https:\\\/\\\/www.rri.ro\\\/de\\\/aktuell\\\/rri-aktuell\\\/nato-ein-neues-strategisches-konzept-id461676.html#primaryimage\",\"url\":\"https:\\\/\\\/www.rri.ro\\\/wp-content\\\/uploads\\\/2023\\\/10\\\/secretarul-nato-jens-stoltenberg.png\",\"contentUrl\":\"https:\\\/\\\/www.rri.ro\\\/wp-content\\\/uploads\\\/2023\\\/10\\\/secretarul-nato-jens-stoltenberg.png\",\"width\":640,\"height\":444},{\"@type\":\"BreadcrumbList\",\"@id\":\"https:\\\/\\\/www.rri.ro\\\/de\\\/aktuell\\\/rri-aktuell\\\/nato-ein-neues-strategisches-konzept-id461676.html#breadcrumb\",\"itemListElement\":[{\"@type\":\"ListItem\",\"position\":1,\"name\":\"Startseite\",\"item\":\"https:\\\/\\\/www.rri.ro\\\/de\"},{\"@type\":\"ListItem\",\"position\":2,\"name\":\"Aktuell\",\"item\":\"https:\\\/\\\/www.rri.ro\\\/de\\\/aktuell\"},{\"@type\":\"ListItem\",\"position\":3,\"name\":\"RRI Aktuell\",\"item\":\"https:\\\/\\\/www.rri.ro\\\/de\\\/aktuell\\\/rri-aktuell\"},{\"@type\":\"ListItem\",\"position\":4,\"name\":\"NATO: Ein neues strategisches Konzept\"}]},{\"@type\":\"WebSite\",\"@id\":\"https:\\\/\\\/www.rri.ro\\\/#website\",\"url\":\"https:\\\/\\\/www.rri.ro\\\/\",\"name\":\"Radio Rum\u00e4nien International\",\"description\":\"Totul despre Rom\u00e2nia \u015fi rom\u00e2ni, \u00een 13 limbi\\\/dialecte!\",\"inLanguage\":\"de\"},{\"@type\":\"Person\",\"@id\":\"https:\\\/\\\/www.rri.ro\\\/#\\\/schema\\\/person\\\/0745b519f2d1287783422f162c4112af\",\"name\":\"Roxana Vasile\",\"url\":\"https:\\\/\\\/www.rri.ro\\\/de\\\/author\\\/roxana-vasile\"}]}<\/script>\n<!-- \/ Yoast SEO plugin. -->","yoast_head_json":{"title":"NATO: Ein neues strategisches Konzept - Radio Rum\u00e4nien International","robots":{"index":"index","follow":"follow","max-snippet":"max-snippet:-1","max-image-preview":"max-image-preview:large","max-video-preview":"max-video-preview:-1"},"canonical":"https:\/\/www.rri.ro\/de\/aktuell\/rri-aktuell\/nato-ein-neues-strategisches-konzept-id461676.html","og_locale":"de_DE","og_type":"article","og_title":"NATO: Ein neues strategisches Konzept - Radio Rum\u00e4nien International","og_description":"Die NATO sollte sich st\u00e4rker auf den Kampf gegen den Klimawandel, k\u00fcnftigen Pandemien und Terrorismus, aber auch gegen\u00fcber Bedrohungen aus China konzentrieren.","og_url":"https:\/\/www.rri.ro\/de\/aktuell\/rri-aktuell\/nato-ein-neues-strategisches-konzept-id461676.html","og_site_name":"Radio Rum\u00e4nien International","article_published_time":"2020-12-03T11:38:00+00:00","article_modified_time":"2024-02-19T19:01:02+00:00","og_image":[{"width":640,"height":444,"url":"https:\/\/www.rri.ro\/wp-content\/uploads\/2023\/10\/secretarul-nato-jens-stoltenberg.png","type":"image\/png"}],"author":"Roxana Vasile","twitter_card":"summary_large_image","twitter_misc":{"Verfasst von":"Roxana Vasile","Gesch\u00e4tzte Lesezeit":"2\u00a0Minuten","Written by":"Roxana Vasile"},"schema":{"@context":"https:\/\/schema.org","@graph":[{"@type":"Article","@id":"https:\/\/www.rri.ro\/de\/aktuell\/rri-aktuell\/nato-ein-neues-strategisches-konzept-id461676.html#article","isPartOf":{"@id":"https:\/\/www.rri.ro\/de\/aktuell\/rri-aktuell\/nato-ein-neues-strategisches-konzept-id461676.html"},"author":{"name":"Roxana Vasile","@id":"https:\/\/www.rri.ro\/#\/schema\/person\/0745b519f2d1287783422f162c4112af"},"headline":"NATO: Ein neues strategisches Konzept","datePublished":"2020-12-03T11:38:00+00:00","dateModified":"2024-02-19T19:01:02+00:00","mainEntityOfPage":{"@id":"https:\/\/www.rri.ro\/de\/aktuell\/rri-aktuell\/nato-ein-neues-strategisches-konzept-id461676.html"},"wordCount":409,"image":{"@id":"https:\/\/www.rri.ro\/de\/aktuell\/rri-aktuell\/nato-ein-neues-strategisches-konzept-id461676.html#primaryimage"},"thumbnailUrl":"https:\/\/www.rri.ro\/wp-content\/uploads\/2023\/10\/secretarul-nato-jens-stoltenberg.png","keywords":["Afghanistan","Bogdan Aurescu","China","Georgien","Jens Stoltenberg","NATO","Resilienz-Zentrum","Russland","Schwarzes Meer","Sicherheit","Ukraine","Verteidigung"],"articleSection":["RRI Aktuell"],"inLanguage":"de"},{"@type":"WebPage","@id":"https:\/\/www.rri.ro\/de\/aktuell\/rri-aktuell\/nato-ein-neues-strategisches-konzept-id461676.html","url":"https:\/\/www.rri.ro\/de\/aktuell\/rri-aktuell\/nato-ein-neues-strategisches-konzept-id461676.html","name":"NATO: Ein neues strategisches Konzept - Radio Rum\u00e4nien International","isPartOf":{"@id":"https:\/\/www.rri.ro\/#website"},"primaryImageOfPage":{"@id":"https:\/\/www.rri.ro\/de\/aktuell\/rri-aktuell\/nato-ein-neues-strategisches-konzept-id461676.html#primaryimage"},"image":{"@id":"https:\/\/www.rri.ro\/de\/aktuell\/rri-aktuell\/nato-ein-neues-strategisches-konzept-id461676.html#primaryimage"},"thumbnailUrl":"https:\/\/www.rri.ro\/wp-content\/uploads\/2023\/10\/secretarul-nato-jens-stoltenberg.png","datePublished":"2020-12-03T11:38:00+00:00","dateModified":"2024-02-19T19:01:02+00:00","author":{"@id":"https:\/\/www.rri.ro\/#\/schema\/person\/0745b519f2d1287783422f162c4112af"},"breadcrumb":{"@id":"https:\/\/www.rri.ro\/de\/aktuell\/rri-aktuell\/nato-ein-neues-strategisches-konzept-id461676.html#breadcrumb"},"inLanguage":"de","potentialAction":[{"@type":"ReadAction","target":["https:\/\/www.rri.ro\/de\/aktuell\/rri-aktuell\/nato-ein-neues-strategisches-konzept-id461676.html"]}]},{"@type":"ImageObject","inLanguage":"de","@id":"https:\/\/www.rri.ro\/de\/aktuell\/rri-aktuell\/nato-ein-neues-strategisches-konzept-id461676.html#primaryimage","url":"https:\/\/www.rri.ro\/wp-content\/uploads\/2023\/10\/secretarul-nato-jens-stoltenberg.png","contentUrl":"https:\/\/www.rri.ro\/wp-content\/uploads\/2023\/10\/secretarul-nato-jens-stoltenberg.png","width":640,"height":444},{"@type":"BreadcrumbList","@id":"https:\/\/www.rri.ro\/de\/aktuell\/rri-aktuell\/nato-ein-neues-strategisches-konzept-id461676.html#breadcrumb","itemListElement":[{"@type":"ListItem","position":1,"name":"Startseite","item":"https:\/\/www.rri.ro\/de"},{"@type":"ListItem","position":2,"name":"Aktuell","item":"https:\/\/www.rri.ro\/de\/aktuell"},{"@type":"ListItem","position":3,"name":"RRI Aktuell","item":"https:\/\/www.rri.ro\/de\/aktuell\/rri-aktuell"},{"@type":"ListItem","position":4,"name":"NATO: Ein neues strategisches Konzept"}]},{"@type":"WebSite","@id":"https:\/\/www.rri.ro\/#website","url":"https:\/\/www.rri.ro\/","name":"Radio Rum\u00e4nien International","description":"Totul despre Rom\u00e2nia \u015fi rom\u00e2ni, \u00een 13 limbi\/dialecte!","inLanguage":"de"},{"@type":"Person","@id":"https:\/\/www.rri.ro\/#\/schema\/person\/0745b519f2d1287783422f162c4112af","name":"Roxana Vasile","url":"https:\/\/www.rri.ro\/de\/author\/roxana-vasile"}]}},"_links":{"self":[{"href":"https:\/\/www.rri.ro\/de\/wp-json\/wp\/v2\/posts\/461676","targetHints":{"allow":["GET"]}}],"collection":[{"href":"https:\/\/www.rri.ro\/de\/wp-json\/wp\/v2\/posts"}],"about":[{"href":"https:\/\/www.rri.ro\/de\/wp-json\/wp\/v2\/types\/post"}],"author":[{"embeddable":true,"href":"https:\/\/www.rri.ro\/de\/wp-json\/wp\/v2\/users\/109"}],"replies":[{"embeddable":true,"href":"https:\/\/www.rri.ro\/de\/wp-json\/wp\/v2\/comments?post=461676"}],"version-history":[{"count":0,"href":"https:\/\/www.rri.ro\/de\/wp-json\/wp\/v2\/posts\/461676\/revisions"}],"wp:featuredmedia":[{"embeddable":true,"href":"https:\/\/www.rri.ro\/de\/wp-json\/wp\/v2\/media\/68991"}],"wp:attachment":[{"href":"https:\/\/www.rri.ro\/de\/wp-json\/wp\/v2\/media?parent=461676"}],"wp:term":[{"taxonomy":"category","embeddable":true,"href":"https:\/\/www.rri.ro\/de\/wp-json\/wp\/v2\/categories?post=461676"},{"taxonomy":"post_tag","embeddable":true,"href":"https:\/\/www.rri.ro\/de\/wp-json\/wp\/v2\/tags?post=461676"},{"taxonomy":"author","embeddable":true,"href":"https:\/\/www.rri.ro\/de\/wp-json\/wp\/v2\/coauthors?post=461676"}],"curies":[{"name":"wp","href":"https:\/\/api.w.org\/{rel}","templated":true}]}}