{"id":461678,"date":"2020-12-02T15:25:00","date_gmt":"2020-12-02T13:25:00","guid":{"rendered":"http:\/\/devrri.freshlemon.ro\/aktuell\/eingeschraenkte-zeremonien-fuer-den-rumaenischen-nationalfeiertag-id461678.html"},"modified":"2024-02-19T21:01:03","modified_gmt":"2024-02-19T19:01:03","slug":"eingeschraenkte-zeremonien-fuer-den-rumaenischen-nationalfeiertag","status":"publish","type":"post","link":"https:\/\/www.rri.ro\/de\/aktuell\/rri-aktuell\/eingeschraenkte-zeremonien-fuer-den-rumaenischen-nationalfeiertag-id461678.html","title":{"rendered":"Eingeschr\u00e4nkte Zeremonien f\u00fcr den rum\u00e4nischen Nationalfeiertag"},"content":{"rendered":"<div id=yiv8882355066yMail_cursorElementTracker_1606906311599>Vor 102 Jahren fand die Gro\u200e\u00dfe Nationalversammlung in Alba Iulia mitten der Pandemie der Spanischen Grippe statt, die unendlich viel schlimmer war als die, die wir heute erleben: Damals t\u00f6tete sie 50 bis 100 Millionen Menschen auf der ganzen Welt. Aber die Rum\u00e4nen hatten keine Angst! Nach einem Ersten Weltkrieg, in dem Hunderttausende rum\u00e4nische Soldaten in der Schlacht und Hunderttausende weitere Zivilisten durch Krankheiten, sowie das Elend und Leid fremder Armeen starben, richteten sich Bewohner aus dem ganzen Land, klein und gro\u200e\u00df, auf die siebenb\u00fcrgische Festung Alba Iulia und vollendeten am 1. Dezember 1918 den jahrhundertealten Traum ihrer Vorg\u00e4nger, durch die Gro\u200e\u00dfe Union Siebenb\u00fcrgens mit Rum\u00e4nien. So wurde der rum\u00e4nische einheitliche Nationalstaat geboren!<\/div>\n<p>&#13;<br \/>\n&#13;<\/p>\n<div> <\/div>\n<p>&#13;<br \/>\n&#13;<\/p>\n<div>Nach mehr als einem Jahrhundert fl\u00f6\u200e\u00dfte eine neue Pandemie &#8211; von Covid-19 &#8211; so viel Angst ein, dass der rum\u00e4nische Nationalfeiertag mit Veranstaltungen im Kleinformat, ohne Zuschauer oder &#8211; dank moderner Technologie &#8211; nur online begangen wurde. In Alba Iulia waren die Stra\u200e\u00dfen der Stadt der Gro\u200e\u00dfen Union, die in anderen Jahren von Menschenmengen gest\u00fcrmt wurden, menschenleer, zumal die lokalen Beh\u00f6rden ank\u00fcndigten, die \u00fcber die Stadt verh\u00e4ngte Quarant\u00e4ne um eine weitere Woche zu verl\u00e4ngern. Die traditionelle Parade der Milit\u00e4r- und Kampfausr\u00fcstung fand in Bukarest nicht statt, und die Flugzeuge \u00fcberflogen den Luftraum nicht. Es fand lediglich eine offizielle Zeremonie am Triumphbogen statt, an der das Staatsoberhaupt teilnahm.<\/div>\n<p>&#13;<br \/>\n&#13;<\/p>\n<div> <\/div>\n<p>&#13;<br \/>\n&#13;<\/p>\n<div>Vom Rednerpult vor dem Denkmal, das den Soldaten gewidmet ist, die im Ersten Welkrieg ihr Leben verloren, sagte Klaus Iohannis Folgendes: Unsere Gedanken sind den Helden dieses Jahres gewidmet. Dem medizinischen Personal und all jenen, die sich opfern, um die Ausbreitung des Virus zu stoppen, aber auch den Opfern dieses t\u00f6dlichen Virus und ihrem Familien. Wir kennen und sp\u00fcren die kolossalen Anstrengungen, die das medizinische Personal seit M\u00e4rz unternommen hat, und wir werden uns immer an den schweren Tribut erinnern, der von \u00c4rzten, Krankenschwestern, Pflegern und dem Krankenwagenpersonal geleistet wurde.\u201d<\/div>\n<p>&#13;<br \/>\n&#13;<\/p>\n<div> <\/div>\n<p>&#13;<br \/>\n&#13;<\/p>\n<div>Unter denjenigen, die anl\u00e4sslich des Nationalfeiertags vom Staatsoberhaupt bef\u00f6rdert oder ausgezeichnet wurden, befanden sich auch \u00c4rzte sowie medizinische und pharmazeutische Universit\u00e4ten in Rum\u00e4nien.<\/div>\n<p>&#13;<br \/>\n&#13;<\/p>\n<div> <\/div>\n<p>&#13;<br \/>\n&#13;<\/p>\n<div>Ein Hauch von Licht und Farbe, anl\u00e4sslich des Nationalfeiertags, kam aus dem Ausland! Die Niagaraf\u00e4lle wurden in rot, gelb und blau beleuchtet &#8211; so die rum\u00e4nische Botschaft in Kanada. Auch in Dubai, auf dem ber\u00fchmten Burj al-Arab-Turm, wurden die Farben der rum\u00e4nischen Flagge projiziert, eine Initiative der rum\u00e4nischen Botschaft in den Vereinigten Arabischen Emiraten. In Petra, Jordanien, wurde zum ersten Mal eine ausl\u00e4ndische Flagge &#8211; die rum\u00e4nische &#8211; offiziell vor der ber\u00fchmten Reliquie der Schatzkammer gehisst. Das Regierungsgeb\u00e4ude in Madrid wurde in den Farben Rum\u00e4niens beleuchtet, und das Orchester der spanischen Nationalpolizei spielte die rum\u00e4nische Hymne &#8211; &#8222;Erwache, Rum\u00e4ne!&#8220;.<\/div>\n<p>&#13;<br \/>\n&#13;<\/p>\n<div id=yiv8882355066yMail_cursorElementTracker_1606907162943> <\/div>\n<p>&#13;<\/p>\n","protected":false},"excerpt":{"rendered":"<p>Der rum\u00e4nische Nationalfeiertag wurde aufgrund der Covid-19-Pandemie unter besonderen Bedingungen begangen.<\/p>\n","protected":false},"author":109,"featured_media":461679,"comment_status":"closed","ping_status":"closed","sticky":false,"template":"","format":"standard","meta":{"_acf_changed":false,"footnotes":""},"categories":[99583],"tags":[100593,100606,105165],"coauthors":[],"class_list":["post-461678","post","type-post","status-publish","format-standard","has-post-thumbnail","hentry","category-rri-aktuell","tag-1-dezember","tag-feierlichkeiten","tag-nationalfeiertag-rumaeniens"],"acf":[],"yoast_head":"<!-- This site is optimized with the Yoast SEO plugin v27.5 - https:\/\/yoast.com\/product\/yoast-seo-wordpress\/ -->\n<title>Eingeschr\u00e4nkte Zeremonien f\u00fcr den rum\u00e4nischen Nationalfeiertag - Radio Rum\u00e4nien International<\/title>\n<meta name=\"robots\" content=\"index, follow, max-snippet:-1, max-image-preview:large, max-video-preview:-1\" \/>\n<link rel=\"canonical\" href=\"https:\/\/www.rri.ro\/de\/aktuell\/rri-aktuell\/eingeschraenkte-zeremonien-fuer-den-rumaenischen-nationalfeiertag-id461678.html\" \/>\n<meta property=\"og:locale\" content=\"de_DE\" \/>\n<meta property=\"og:type\" content=\"article\" \/>\n<meta property=\"og:title\" content=\"Eingeschr\u00e4nkte Zeremonien f\u00fcr den rum\u00e4nischen Nationalfeiertag - Radio Rum\u00e4nien International\" \/>\n<meta property=\"og:description\" content=\"Der rum\u00e4nische Nationalfeiertag wurde aufgrund der Covid-19-Pandemie unter besonderen Bedingungen begangen.\" \/>\n<meta property=\"og:url\" content=\"https:\/\/www.rri.ro\/de\/aktuell\/rri-aktuell\/eingeschraenkte-zeremonien-fuer-den-rumaenischen-nationalfeiertag-id461678.html\" \/>\n<meta property=\"og:site_name\" content=\"Radio Rum\u00e4nien International\" \/>\n<meta property=\"article:published_time\" content=\"2020-12-02T13:25:00+00:00\" \/>\n<meta property=\"article:modified_time\" content=\"2024-02-19T19:01:03+00:00\" \/>\n<meta property=\"og:image\" content=\"https:\/\/www.rri.ro\/wp-content\/uploads\/2023\/10\/arcul-de-triumf-ziua-romaniei-1-dec-2020.jpg\" \/>\n\t<meta property=\"og:image:width\" content=\"640\" \/>\n\t<meta property=\"og:image:height\" content=\"480\" \/>\n\t<meta property=\"og:image:type\" content=\"image\/jpeg\" \/>\n<meta name=\"author\" content=\"Roxana Vasile\" \/>\n<meta name=\"twitter:card\" content=\"summary_large_image\" \/>\n<meta name=\"twitter:label1\" content=\"Verfasst von\" \/>\n\t<meta name=\"twitter:data1\" content=\"Roxana Vasile\" \/>\n\t<meta name=\"twitter:label2\" content=\"Gesch\u00e4tzte Lesezeit\" \/>\n\t<meta name=\"twitter:data2\" content=\"2\u00a0Minuten\" \/>\n\t<meta name=\"twitter:label3\" content=\"Written by\" \/>\n\t<meta name=\"twitter:data3\" content=\"Roxana Vasile\" \/>\n<script type=\"application\/ld+json\" class=\"yoast-schema-graph\">{\"@context\":\"https:\\\/\\\/schema.org\",\"@graph\":[{\"@type\":\"Article\",\"@id\":\"https:\\\/\\\/www.rri.ro\\\/de\\\/aktuell\\\/rri-aktuell\\\/eingeschraenkte-zeremonien-fuer-den-rumaenischen-nationalfeiertag-id461678.html#article\",\"isPartOf\":{\"@id\":\"https:\\\/\\\/www.rri.ro\\\/de\\\/aktuell\\\/rri-aktuell\\\/eingeschraenkte-zeremonien-fuer-den-rumaenischen-nationalfeiertag-id461678.html\"},\"author\":{\"name\":\"Roxana Vasile\",\"@id\":\"https:\\\/\\\/www.rri.ro\\\/#\\\/schema\\\/person\\\/0745b519f2d1287783422f162c4112af\"},\"headline\":\"Eingeschr\u00e4nkte Zeremonien f\u00fcr den rum\u00e4nischen Nationalfeiertag\",\"datePublished\":\"2020-12-02T13:25:00+00:00\",\"dateModified\":\"2024-02-19T19:01:03+00:00\",\"mainEntityOfPage\":{\"@id\":\"https:\\\/\\\/www.rri.ro\\\/de\\\/aktuell\\\/rri-aktuell\\\/eingeschraenkte-zeremonien-fuer-den-rumaenischen-nationalfeiertag-id461678.html\"},\"wordCount\":478,\"image\":{\"@id\":\"https:\\\/\\\/www.rri.ro\\\/de\\\/aktuell\\\/rri-aktuell\\\/eingeschraenkte-zeremonien-fuer-den-rumaenischen-nationalfeiertag-id461678.html#primaryimage\"},\"thumbnailUrl\":\"https:\\\/\\\/www.rri.ro\\\/wp-content\\\/uploads\\\/2023\\\/10\\\/arcul-de-triumf-ziua-romaniei-1-dec-2020.jpg\",\"keywords\":[\"1. Dezember\",\"Feierlichkeiten\",\"Nationalfeiertag Rum\u00e4niens\"],\"articleSection\":[\"RRI Aktuell\"],\"inLanguage\":\"de\"},{\"@type\":\"WebPage\",\"@id\":\"https:\\\/\\\/www.rri.ro\\\/de\\\/aktuell\\\/rri-aktuell\\\/eingeschraenkte-zeremonien-fuer-den-rumaenischen-nationalfeiertag-id461678.html\",\"url\":\"https:\\\/\\\/www.rri.ro\\\/de\\\/aktuell\\\/rri-aktuell\\\/eingeschraenkte-zeremonien-fuer-den-rumaenischen-nationalfeiertag-id461678.html\",\"name\":\"Eingeschr\u00e4nkte Zeremonien f\u00fcr den rum\u00e4nischen Nationalfeiertag - Radio Rum\u00e4nien International\",\"isPartOf\":{\"@id\":\"https:\\\/\\\/www.rri.ro\\\/#website\"},\"primaryImageOfPage\":{\"@id\":\"https:\\\/\\\/www.rri.ro\\\/de\\\/aktuell\\\/rri-aktuell\\\/eingeschraenkte-zeremonien-fuer-den-rumaenischen-nationalfeiertag-id461678.html#primaryimage\"},\"image\":{\"@id\":\"https:\\\/\\\/www.rri.ro\\\/de\\\/aktuell\\\/rri-aktuell\\\/eingeschraenkte-zeremonien-fuer-den-rumaenischen-nationalfeiertag-id461678.html#primaryimage\"},\"thumbnailUrl\":\"https:\\\/\\\/www.rri.ro\\\/wp-content\\\/uploads\\\/2023\\\/10\\\/arcul-de-triumf-ziua-romaniei-1-dec-2020.jpg\",\"datePublished\":\"2020-12-02T13:25:00+00:00\",\"dateModified\":\"2024-02-19T19:01:03+00:00\",\"author\":{\"@id\":\"https:\\\/\\\/www.rri.ro\\\/#\\\/schema\\\/person\\\/0745b519f2d1287783422f162c4112af\"},\"breadcrumb\":{\"@id\":\"https:\\\/\\\/www.rri.ro\\\/de\\\/aktuell\\\/rri-aktuell\\\/eingeschraenkte-zeremonien-fuer-den-rumaenischen-nationalfeiertag-id461678.html#breadcrumb\"},\"inLanguage\":\"de\",\"potentialAction\":[{\"@type\":\"ReadAction\",\"target\":[\"https:\\\/\\\/www.rri.ro\\\/de\\\/aktuell\\\/rri-aktuell\\\/eingeschraenkte-zeremonien-fuer-den-rumaenischen-nationalfeiertag-id461678.html\"]}]},{\"@type\":\"ImageObject\",\"inLanguage\":\"de\",\"@id\":\"https:\\\/\\\/www.rri.ro\\\/de\\\/aktuell\\\/rri-aktuell\\\/eingeschraenkte-zeremonien-fuer-den-rumaenischen-nationalfeiertag-id461678.html#primaryimage\",\"url\":\"https:\\\/\\\/www.rri.ro\\\/wp-content\\\/uploads\\\/2023\\\/10\\\/arcul-de-triumf-ziua-romaniei-1-dec-2020.jpg\",\"contentUrl\":\"https:\\\/\\\/www.rri.ro\\\/wp-content\\\/uploads\\\/2023\\\/10\\\/arcul-de-triumf-ziua-romaniei-1-dec-2020.jpg\",\"width\":640,\"height\":480},{\"@type\":\"BreadcrumbList\",\"@id\":\"https:\\\/\\\/www.rri.ro\\\/de\\\/aktuell\\\/rri-aktuell\\\/eingeschraenkte-zeremonien-fuer-den-rumaenischen-nationalfeiertag-id461678.html#breadcrumb\",\"itemListElement\":[{\"@type\":\"ListItem\",\"position\":1,\"name\":\"Startseite\",\"item\":\"https:\\\/\\\/www.rri.ro\\\/de\"},{\"@type\":\"ListItem\",\"position\":2,\"name\":\"Aktuell\",\"item\":\"https:\\\/\\\/www.rri.ro\\\/de\\\/aktuell\"},{\"@type\":\"ListItem\",\"position\":3,\"name\":\"RRI Aktuell\",\"item\":\"https:\\\/\\\/www.rri.ro\\\/de\\\/aktuell\\\/rri-aktuell\"},{\"@type\":\"ListItem\",\"position\":4,\"name\":\"Eingeschr\u00e4nkte Zeremonien f\u00fcr den rum\u00e4nischen Nationalfeiertag\"}]},{\"@type\":\"WebSite\",\"@id\":\"https:\\\/\\\/www.rri.ro\\\/#website\",\"url\":\"https:\\\/\\\/www.rri.ro\\\/\",\"name\":\"Radio Rum\u00e4nien International\",\"description\":\"Totul despre Rom\u00e2nia \u015fi rom\u00e2ni, \u00een 13 limbi\\\/dialecte!\",\"inLanguage\":\"de\"},{\"@type\":\"Person\",\"@id\":\"https:\\\/\\\/www.rri.ro\\\/#\\\/schema\\\/person\\\/0745b519f2d1287783422f162c4112af\",\"name\":\"Roxana Vasile\",\"url\":\"https:\\\/\\\/www.rri.ro\\\/de\\\/author\\\/roxana-vasile\"}]}<\/script>\n<!-- \/ Yoast SEO plugin. -->","yoast_head_json":{"title":"Eingeschr\u00e4nkte Zeremonien f\u00fcr den rum\u00e4nischen Nationalfeiertag - Radio Rum\u00e4nien International","robots":{"index":"index","follow":"follow","max-snippet":"max-snippet:-1","max-image-preview":"max-image-preview:large","max-video-preview":"max-video-preview:-1"},"canonical":"https:\/\/www.rri.ro\/de\/aktuell\/rri-aktuell\/eingeschraenkte-zeremonien-fuer-den-rumaenischen-nationalfeiertag-id461678.html","og_locale":"de_DE","og_type":"article","og_title":"Eingeschr\u00e4nkte Zeremonien f\u00fcr den rum\u00e4nischen Nationalfeiertag - Radio Rum\u00e4nien International","og_description":"Der rum\u00e4nische Nationalfeiertag wurde aufgrund der Covid-19-Pandemie unter besonderen Bedingungen begangen.","og_url":"https:\/\/www.rri.ro\/de\/aktuell\/rri-aktuell\/eingeschraenkte-zeremonien-fuer-den-rumaenischen-nationalfeiertag-id461678.html","og_site_name":"Radio Rum\u00e4nien International","article_published_time":"2020-12-02T13:25:00+00:00","article_modified_time":"2024-02-19T19:01:03+00:00","og_image":[{"width":640,"height":480,"url":"https:\/\/www.rri.ro\/wp-content\/uploads\/2023\/10\/arcul-de-triumf-ziua-romaniei-1-dec-2020.jpg","type":"image\/jpeg"}],"author":"Roxana Vasile","twitter_card":"summary_large_image","twitter_misc":{"Verfasst von":"Roxana Vasile","Gesch\u00e4tzte Lesezeit":"2\u00a0Minuten","Written by":"Roxana Vasile"},"schema":{"@context":"https:\/\/schema.org","@graph":[{"@type":"Article","@id":"https:\/\/www.rri.ro\/de\/aktuell\/rri-aktuell\/eingeschraenkte-zeremonien-fuer-den-rumaenischen-nationalfeiertag-id461678.html#article","isPartOf":{"@id":"https:\/\/www.rri.ro\/de\/aktuell\/rri-aktuell\/eingeschraenkte-zeremonien-fuer-den-rumaenischen-nationalfeiertag-id461678.html"},"author":{"name":"Roxana Vasile","@id":"https:\/\/www.rri.ro\/#\/schema\/person\/0745b519f2d1287783422f162c4112af"},"headline":"Eingeschr\u00e4nkte Zeremonien f\u00fcr den rum\u00e4nischen Nationalfeiertag","datePublished":"2020-12-02T13:25:00+00:00","dateModified":"2024-02-19T19:01:03+00:00","mainEntityOfPage":{"@id":"https:\/\/www.rri.ro\/de\/aktuell\/rri-aktuell\/eingeschraenkte-zeremonien-fuer-den-rumaenischen-nationalfeiertag-id461678.html"},"wordCount":478,"image":{"@id":"https:\/\/www.rri.ro\/de\/aktuell\/rri-aktuell\/eingeschraenkte-zeremonien-fuer-den-rumaenischen-nationalfeiertag-id461678.html#primaryimage"},"thumbnailUrl":"https:\/\/www.rri.ro\/wp-content\/uploads\/2023\/10\/arcul-de-triumf-ziua-romaniei-1-dec-2020.jpg","keywords":["1. Dezember","Feierlichkeiten","Nationalfeiertag Rum\u00e4niens"],"articleSection":["RRI Aktuell"],"inLanguage":"de"},{"@type":"WebPage","@id":"https:\/\/www.rri.ro\/de\/aktuell\/rri-aktuell\/eingeschraenkte-zeremonien-fuer-den-rumaenischen-nationalfeiertag-id461678.html","url":"https:\/\/www.rri.ro\/de\/aktuell\/rri-aktuell\/eingeschraenkte-zeremonien-fuer-den-rumaenischen-nationalfeiertag-id461678.html","name":"Eingeschr\u00e4nkte Zeremonien f\u00fcr den rum\u00e4nischen Nationalfeiertag - Radio Rum\u00e4nien International","isPartOf":{"@id":"https:\/\/www.rri.ro\/#website"},"primaryImageOfPage":{"@id":"https:\/\/www.rri.ro\/de\/aktuell\/rri-aktuell\/eingeschraenkte-zeremonien-fuer-den-rumaenischen-nationalfeiertag-id461678.html#primaryimage"},"image":{"@id":"https:\/\/www.rri.ro\/de\/aktuell\/rri-aktuell\/eingeschraenkte-zeremonien-fuer-den-rumaenischen-nationalfeiertag-id461678.html#primaryimage"},"thumbnailUrl":"https:\/\/www.rri.ro\/wp-content\/uploads\/2023\/10\/arcul-de-triumf-ziua-romaniei-1-dec-2020.jpg","datePublished":"2020-12-02T13:25:00+00:00","dateModified":"2024-02-19T19:01:03+00:00","author":{"@id":"https:\/\/www.rri.ro\/#\/schema\/person\/0745b519f2d1287783422f162c4112af"},"breadcrumb":{"@id":"https:\/\/www.rri.ro\/de\/aktuell\/rri-aktuell\/eingeschraenkte-zeremonien-fuer-den-rumaenischen-nationalfeiertag-id461678.html#breadcrumb"},"inLanguage":"de","potentialAction":[{"@type":"ReadAction","target":["https:\/\/www.rri.ro\/de\/aktuell\/rri-aktuell\/eingeschraenkte-zeremonien-fuer-den-rumaenischen-nationalfeiertag-id461678.html"]}]},{"@type":"ImageObject","inLanguage":"de","@id":"https:\/\/www.rri.ro\/de\/aktuell\/rri-aktuell\/eingeschraenkte-zeremonien-fuer-den-rumaenischen-nationalfeiertag-id461678.html#primaryimage","url":"https:\/\/www.rri.ro\/wp-content\/uploads\/2023\/10\/arcul-de-triumf-ziua-romaniei-1-dec-2020.jpg","contentUrl":"https:\/\/www.rri.ro\/wp-content\/uploads\/2023\/10\/arcul-de-triumf-ziua-romaniei-1-dec-2020.jpg","width":640,"height":480},{"@type":"BreadcrumbList","@id":"https:\/\/www.rri.ro\/de\/aktuell\/rri-aktuell\/eingeschraenkte-zeremonien-fuer-den-rumaenischen-nationalfeiertag-id461678.html#breadcrumb","itemListElement":[{"@type":"ListItem","position":1,"name":"Startseite","item":"https:\/\/www.rri.ro\/de"},{"@type":"ListItem","position":2,"name":"Aktuell","item":"https:\/\/www.rri.ro\/de\/aktuell"},{"@type":"ListItem","position":3,"name":"RRI Aktuell","item":"https:\/\/www.rri.ro\/de\/aktuell\/rri-aktuell"},{"@type":"ListItem","position":4,"name":"Eingeschr\u00e4nkte Zeremonien f\u00fcr den rum\u00e4nischen Nationalfeiertag"}]},{"@type":"WebSite","@id":"https:\/\/www.rri.ro\/#website","url":"https:\/\/www.rri.ro\/","name":"Radio Rum\u00e4nien International","description":"Totul despre Rom\u00e2nia \u015fi rom\u00e2ni, \u00een 13 limbi\/dialecte!","inLanguage":"de"},{"@type":"Person","@id":"https:\/\/www.rri.ro\/#\/schema\/person\/0745b519f2d1287783422f162c4112af","name":"Roxana Vasile","url":"https:\/\/www.rri.ro\/de\/author\/roxana-vasile"}]}},"_links":{"self":[{"href":"https:\/\/www.rri.ro\/de\/wp-json\/wp\/v2\/posts\/461678","targetHints":{"allow":["GET"]}}],"collection":[{"href":"https:\/\/www.rri.ro\/de\/wp-json\/wp\/v2\/posts"}],"about":[{"href":"https:\/\/www.rri.ro\/de\/wp-json\/wp\/v2\/types\/post"}],"author":[{"embeddable":true,"href":"https:\/\/www.rri.ro\/de\/wp-json\/wp\/v2\/users\/109"}],"replies":[{"embeddable":true,"href":"https:\/\/www.rri.ro\/de\/wp-json\/wp\/v2\/comments?post=461678"}],"version-history":[{"count":0,"href":"https:\/\/www.rri.ro\/de\/wp-json\/wp\/v2\/posts\/461678\/revisions"}],"wp:featuredmedia":[{"embeddable":true,"href":"https:\/\/www.rri.ro\/de\/wp-json\/wp\/v2\/media\/461679"}],"wp:attachment":[{"href":"https:\/\/www.rri.ro\/de\/wp-json\/wp\/v2\/media?parent=461678"}],"wp:term":[{"taxonomy":"category","embeddable":true,"href":"https:\/\/www.rri.ro\/de\/wp-json\/wp\/v2\/categories?post=461678"},{"taxonomy":"post_tag","embeddable":true,"href":"https:\/\/www.rri.ro\/de\/wp-json\/wp\/v2\/tags?post=461678"},{"taxonomy":"author","embeddable":true,"href":"https:\/\/www.rri.ro\/de\/wp-json\/wp\/v2\/coauthors?post=461678"}],"curies":[{"name":"wp","href":"https:\/\/api.w.org\/{rel}","templated":true}]}}