{"id":461721,"date":"2020-12-16T11:47:00","date_gmt":"2020-12-16T09:47:00","guid":{"rendered":"http:\/\/devrri.freshlemon.ro\/aktuell\/vorbereitungen-fuer-die-massenimpfung-id461721.html"},"modified":"2024-02-19T21:01:26","modified_gmt":"2024-02-19T19:01:26","slug":"vorbereitungen-fuer-die-massenimpfung","status":"publish","type":"post","link":"https:\/\/www.rri.ro\/de\/aktuell\/rri-aktuell\/vorbereitungen-fuer-die-massenimpfung-id461721.html","title":{"rendered":"Vorbereitungen f\u00fcr die Massenimpfung"},"content":{"rendered":"<p>In Rum\u00e4nien, wie in vielen anderen L\u00e4ndern der Welt, ist die Organisation von Covid-19-Impfzentren in vollem Gange, in denen die erste Phase der Immunisierung, die des medizinischen Personals, beginnen wird. Immer mehr \u00c4rzte sterben an dem neuen Coronavirus &#8211; 25 sind seit Beginn der Pandemie bis jetzt landesweit ums Leben gekommen. Die Gesundheitsbeh\u00f6rden sagen erneut, dass wir nicht in der Lage sein werden, das Virus zu bek\u00e4mpfen, wenn die Massenimpfung der Bev\u00f6lkerung nicht durchgef\u00fchrt wird. Sie wird, so die Beh\u00f6rden, fr\u00fchestens im n\u00e4chsten Fr\u00fchjahr beginnen und wird kostenlos und freiwillig sein. Es wird gesch\u00e4tzt, dass die Dauer der Immunit\u00e4t, die der Anti-COVID-Impfstoff bietet, der des Grippeimpfstoffs \u00e4hnlich sein k\u00f6nnte, was bedeutet, dass eine j\u00e4hrliche Impfung gegen das Coronavirus erforderlich sein wird.<\/p>\n<p>&#13;<br \/>\n&#13;<\/p>\n<p>&#13;<br \/>\n&#13;<\/p>\n<p>Diese Erkl\u00e4rung wurde von dem Europaabgeordneten Cristian Bu\u015foi, Berichterstatter des Europ\u00e4ischen Parlaments f\u00fcr das Gemeinschaftsprogramm zur Verbesserung der Gesundheitsdienste, abgegeben.<\/p>\n<p>&#13;<br \/>\n&#13;<\/p>\n<p>&#13;<br \/>\n&#13;<\/p>\n<p>Cristian Bu\u015foi: Jeder erwartet, obwohl wir keine sicheren, definitiven wissenschaftlichen Daten haben, dass die Immunit\u00e4t nicht l\u00e4nger anh\u00e4lt als zum Beispiel die Immunit\u00e4t bei der Grippeimpfung. Es ist m\u00f6glich, dass f\u00fcr COVID-19, f\u00fcr dieses sehr, sehr spezielle Virus, das sehr b\u00f6se, sehr gef\u00e4hrlich ist, die Immunit\u00e4t, auch die durch den Impfstoff erworbene, noch ein bisschen niedriger sein wird. Und dann, das ist klar, m\u00fcssen wir im Jahr 2022 den finanziellen und logistischen Aufwand wiederholen, um die Bev\u00f6lkerung zu impfen.\u201c<\/p>\n<p>&#13;<br \/>\n&#13;<\/p>\n<p>&#13;<br \/>\n&#13;<\/p>\n<p>Der Koordinator der nationalen Impfkampagne, Milit\u00e4rarzt Valeriu Gheorghi\u0163\u0103, erkl\u00e4rte in einem Fernsehsender, dass die ersten Dosen des Anti-Covid-Impfstoffs in Rum\u00e4nien h\u00f6chstwahrscheinlich Ende des Monats geliefert werden und die eigentliche Impfung der Bev\u00f6lkerung sofort nach der Lieferung beginnen kann.<\/p>\n<p>&#13;<br \/>\n&#13;<\/p>\n<p>&#13;<br \/>\n&#13;<\/p>\n<p>Valeriu Gheorghi\u0163\u0103: Wenn die Genehmigung, um den Impfstoff in Umlauf zu bringen, am 23. Dezember erteilt wird, werden die ersten Dosen des Impfstoffs in Rum\u00e4nien zwischen Weihnachten und Neujahr geliefert und wir werden in der Lage sein, die eigentliche Impfaktivit\u00e4t zu beginnen, die in erster Linie f\u00fcr das medizinische Personal in Krankenh\u00e4usern bestimmt ist, die in der ersten Reihe gegen das Virus k\u00e4mpfen\u201c.<\/p>\n<p>&#13;<br \/>\n&#13;<\/p>\n<p>&#13;<br \/>\n&#13;<\/p>\n<p>Laut dem EU-Beamten handelt es sich bei dem ersten Transport um eine symbolische Tranche von etwa 10.000 Dosen, mit denen etwa 5.000 Menschen geimpft werden k\u00f6nnen, da die Immunisierung mit zwei Dosen erfolgt. Zu Beginn des n\u00e4chsten Jahres soll Rum\u00e4nien etwa 1 Million Impfdosen erhalten. Dazu sei gesagt, dass laut einer aktuellen Studie, die Rum\u00e4nen zu den zur\u00fcckhaltendsten in Europa gegen\u00fcber einer Impfung gegen Covid geh\u00f6ren und nur etwas mehr als die H\u00e4lfte sich impfen lassen w\u00fcrde. Und das Angesichts der Tatsache, dass es nach Meinung von Experten keine anderen effektiveren L\u00f6sungen gibt, um die COVID-19-Pandemie zu stoppen und unser Leben wieder aufnehmen zu k\u00f6nnen.<\/p>\n<p>&#13;<\/p>\n","protected":false},"excerpt":{"rendered":"<p>Jeden Tag melden die rum\u00e4nischen Beh\u00f6rden tausende F\u00e4lle von Infektionen mit dem neuen Coronavirus. Die einzige Hoffnung ist der lang erwartete Impfstoff.<\/p>\n","protected":false},"author":107,"featured_media":87099,"comment_status":"closed","ping_status":"closed","sticky":false,"template":"","format":"standard","meta":{"_acf_changed":false,"footnotes":""},"categories":[99583],"tags":[35339,104978,105171,103853],"coauthors":[],"class_list":["post-461721","post","type-post","status-publish","format-standard","has-post-thumbnail","hentry","category-rri-aktuell","tag-coronavirus","tag-covid-19-pandemie","tag-impfkampagne","tag-impfstoff"],"acf":[],"yoast_head":"<!-- This site is optimized with the Yoast SEO plugin v27.3 - https:\/\/yoast.com\/product\/yoast-seo-wordpress\/ -->\n<title>Vorbereitungen f\u00fcr die Massenimpfung - Radio Rum\u00e4nien International<\/title>\n<meta name=\"robots\" content=\"index, follow, max-snippet:-1, max-image-preview:large, max-video-preview:-1\" \/>\n<link rel=\"canonical\" href=\"https:\/\/www.rri.ro\/de\/aktuell\/rri-aktuell\/vorbereitungen-fuer-die-massenimpfung-id461721.html\" \/>\n<meta property=\"og:locale\" content=\"de_DE\" \/>\n<meta property=\"og:type\" content=\"article\" \/>\n<meta property=\"og:title\" content=\"Vorbereitungen f\u00fcr die Massenimpfung - Radio Rum\u00e4nien International\" \/>\n<meta property=\"og:description\" content=\"Jeden Tag melden die rum\u00e4nischen Beh\u00f6rden tausende F\u00e4lle von Infektionen mit dem neuen Coronavirus. Die einzige Hoffnung ist der lang erwartete Impfstoff.\" \/>\n<meta property=\"og:url\" content=\"https:\/\/www.rri.ro\/de\/aktuell\/rri-aktuell\/vorbereitungen-fuer-die-massenimpfung-id461721.html\" \/>\n<meta property=\"og:site_name\" content=\"Radio Rum\u00e4nien International\" \/>\n<meta property=\"article:published_time\" content=\"2020-12-16T09:47:00+00:00\" \/>\n<meta property=\"article:modified_time\" content=\"2024-02-19T19:01:26+00:00\" \/>\n<meta property=\"og:image\" content=\"https:\/\/www.rri.ro\/wp-content\/uploads\/2023\/10\/vaccin-covid-sursa-pixabay-com.jpg\" \/>\n\t<meta property=\"og:image:width\" content=\"640\" \/>\n\t<meta property=\"og:image:height\" content=\"480\" \/>\n\t<meta property=\"og:image:type\" content=\"image\/png\" \/>\n<meta name=\"author\" content=\"Daniela Budu\" \/>\n<meta name=\"twitter:card\" content=\"summary_large_image\" \/>\n<meta name=\"twitter:label1\" content=\"Verfasst von\" \/>\n\t<meta name=\"twitter:data1\" content=\"Daniela Budu\" \/>\n\t<meta name=\"twitter:label2\" content=\"Gesch\u00e4tzte Lesezeit\" \/>\n\t<meta name=\"twitter:data2\" content=\"2\u00a0Minuten\" \/>\n\t<meta name=\"twitter:label3\" content=\"Written by\" \/>\n\t<meta name=\"twitter:data3\" content=\"Daniela Budu\" \/>\n<script type=\"application\/ld+json\" class=\"yoast-schema-graph\">{\"@context\":\"https:\\\/\\\/schema.org\",\"@graph\":[{\"@type\":\"Article\",\"@id\":\"https:\\\/\\\/www.rri.ro\\\/de\\\/aktuell\\\/rri-aktuell\\\/vorbereitungen-fuer-die-massenimpfung-id461721.html#article\",\"isPartOf\":{\"@id\":\"https:\\\/\\\/www.rri.ro\\\/de\\\/aktuell\\\/rri-aktuell\\\/vorbereitungen-fuer-die-massenimpfung-id461721.html\"},\"author\":{\"name\":\"Daniela Budu\",\"@id\":\"https:\\\/\\\/www.rri.ro\\\/#\\\/schema\\\/person\\\/b46b8f80d7d6e4b5ac9f14f0acbad0c4\"},\"headline\":\"Vorbereitungen f\u00fcr die Massenimpfung\",\"datePublished\":\"2020-12-16T09:47:00+00:00\",\"dateModified\":\"2024-02-19T19:01:26+00:00\",\"mainEntityOfPage\":{\"@id\":\"https:\\\/\\\/www.rri.ro\\\/de\\\/aktuell\\\/rri-aktuell\\\/vorbereitungen-fuer-die-massenimpfung-id461721.html\"},\"wordCount\":479,\"image\":{\"@id\":\"https:\\\/\\\/www.rri.ro\\\/de\\\/aktuell\\\/rri-aktuell\\\/vorbereitungen-fuer-die-massenimpfung-id461721.html#primaryimage\"},\"thumbnailUrl\":\"https:\\\/\\\/www.rri.ro\\\/wp-content\\\/uploads\\\/2023\\\/10\\\/vaccin-covid-sursa-pixabay-com.jpg\",\"keywords\":[\"coronavirus\",\"COVID-19-Pandemie\",\"Impfkampagne\",\"Impfstoff\"],\"articleSection\":[\"RRI Aktuell\"],\"inLanguage\":\"de\"},{\"@type\":\"WebPage\",\"@id\":\"https:\\\/\\\/www.rri.ro\\\/de\\\/aktuell\\\/rri-aktuell\\\/vorbereitungen-fuer-die-massenimpfung-id461721.html\",\"url\":\"https:\\\/\\\/www.rri.ro\\\/de\\\/aktuell\\\/rri-aktuell\\\/vorbereitungen-fuer-die-massenimpfung-id461721.html\",\"name\":\"Vorbereitungen f\u00fcr die Massenimpfung - Radio Rum\u00e4nien International\",\"isPartOf\":{\"@id\":\"https:\\\/\\\/www.rri.ro\\\/#website\"},\"primaryImageOfPage\":{\"@id\":\"https:\\\/\\\/www.rri.ro\\\/de\\\/aktuell\\\/rri-aktuell\\\/vorbereitungen-fuer-die-massenimpfung-id461721.html#primaryimage\"},\"image\":{\"@id\":\"https:\\\/\\\/www.rri.ro\\\/de\\\/aktuell\\\/rri-aktuell\\\/vorbereitungen-fuer-die-massenimpfung-id461721.html#primaryimage\"},\"thumbnailUrl\":\"https:\\\/\\\/www.rri.ro\\\/wp-content\\\/uploads\\\/2023\\\/10\\\/vaccin-covid-sursa-pixabay-com.jpg\",\"datePublished\":\"2020-12-16T09:47:00+00:00\",\"dateModified\":\"2024-02-19T19:01:26+00:00\",\"author\":{\"@id\":\"https:\\\/\\\/www.rri.ro\\\/#\\\/schema\\\/person\\\/b46b8f80d7d6e4b5ac9f14f0acbad0c4\"},\"breadcrumb\":{\"@id\":\"https:\\\/\\\/www.rri.ro\\\/de\\\/aktuell\\\/rri-aktuell\\\/vorbereitungen-fuer-die-massenimpfung-id461721.html#breadcrumb\"},\"inLanguage\":\"de\",\"potentialAction\":[{\"@type\":\"ReadAction\",\"target\":[\"https:\\\/\\\/www.rri.ro\\\/de\\\/aktuell\\\/rri-aktuell\\\/vorbereitungen-fuer-die-massenimpfung-id461721.html\"]}]},{\"@type\":\"ImageObject\",\"inLanguage\":\"de\",\"@id\":\"https:\\\/\\\/www.rri.ro\\\/de\\\/aktuell\\\/rri-aktuell\\\/vorbereitungen-fuer-die-massenimpfung-id461721.html#primaryimage\",\"url\":\"https:\\\/\\\/www.rri.ro\\\/wp-content\\\/uploads\\\/2023\\\/10\\\/vaccin-covid-sursa-pixabay-com.jpg\",\"contentUrl\":\"https:\\\/\\\/www.rri.ro\\\/wp-content\\\/uploads\\\/2023\\\/10\\\/vaccin-covid-sursa-pixabay-com.jpg\",\"width\":640,\"height\":480},{\"@type\":\"BreadcrumbList\",\"@id\":\"https:\\\/\\\/www.rri.ro\\\/de\\\/aktuell\\\/rri-aktuell\\\/vorbereitungen-fuer-die-massenimpfung-id461721.html#breadcrumb\",\"itemListElement\":[{\"@type\":\"ListItem\",\"position\":1,\"name\":\"Startseite\",\"item\":\"https:\\\/\\\/www.rri.ro\\\/de\"},{\"@type\":\"ListItem\",\"position\":2,\"name\":\"Aktuell\",\"item\":\"https:\\\/\\\/www.rri.ro\\\/de\\\/aktuell\"},{\"@type\":\"ListItem\",\"position\":3,\"name\":\"RRI Aktuell\",\"item\":\"https:\\\/\\\/www.rri.ro\\\/de\\\/aktuell\\\/rri-aktuell\"},{\"@type\":\"ListItem\",\"position\":4,\"name\":\"Vorbereitungen f\u00fcr die Massenimpfung\"}]},{\"@type\":\"WebSite\",\"@id\":\"https:\\\/\\\/www.rri.ro\\\/#website\",\"url\":\"https:\\\/\\\/www.rri.ro\\\/\",\"name\":\"Radio Rum\u00e4nien International\",\"description\":\"Totul despre Rom\u00e2nia \u015fi rom\u00e2ni, \u00een 13 limbi\\\/dialecte!\",\"inLanguage\":\"de\"},{\"@type\":\"Person\",\"@id\":\"https:\\\/\\\/www.rri.ro\\\/#\\\/schema\\\/person\\\/b46b8f80d7d6e4b5ac9f14f0acbad0c4\",\"name\":\"Daniela Budu\",\"url\":\"https:\\\/\\\/www.rri.ro\\\/de\\\/author\\\/daniela-budu\"}]}<\/script>\n<!-- \/ Yoast SEO plugin. -->","yoast_head_json":{"title":"Vorbereitungen f\u00fcr die Massenimpfung - Radio Rum\u00e4nien International","robots":{"index":"index","follow":"follow","max-snippet":"max-snippet:-1","max-image-preview":"max-image-preview:large","max-video-preview":"max-video-preview:-1"},"canonical":"https:\/\/www.rri.ro\/de\/aktuell\/rri-aktuell\/vorbereitungen-fuer-die-massenimpfung-id461721.html","og_locale":"de_DE","og_type":"article","og_title":"Vorbereitungen f\u00fcr die Massenimpfung - Radio Rum\u00e4nien International","og_description":"Jeden Tag melden die rum\u00e4nischen Beh\u00f6rden tausende F\u00e4lle von Infektionen mit dem neuen Coronavirus. Die einzige Hoffnung ist der lang erwartete Impfstoff.","og_url":"https:\/\/www.rri.ro\/de\/aktuell\/rri-aktuell\/vorbereitungen-fuer-die-massenimpfung-id461721.html","og_site_name":"Radio Rum\u00e4nien International","article_published_time":"2020-12-16T09:47:00+00:00","article_modified_time":"2024-02-19T19:01:26+00:00","og_image":[{"width":640,"height":480,"url":"https:\/\/www.rri.ro\/wp-content\/uploads\/2023\/10\/vaccin-covid-sursa-pixabay-com.jpg","type":"image\/png"}],"author":"Daniela Budu","twitter_card":"summary_large_image","twitter_misc":{"Verfasst von":"Daniela Budu","Gesch\u00e4tzte Lesezeit":"2\u00a0Minuten","Written by":"Daniela Budu"},"schema":{"@context":"https:\/\/schema.org","@graph":[{"@type":"Article","@id":"https:\/\/www.rri.ro\/de\/aktuell\/rri-aktuell\/vorbereitungen-fuer-die-massenimpfung-id461721.html#article","isPartOf":{"@id":"https:\/\/www.rri.ro\/de\/aktuell\/rri-aktuell\/vorbereitungen-fuer-die-massenimpfung-id461721.html"},"author":{"name":"Daniela Budu","@id":"https:\/\/www.rri.ro\/#\/schema\/person\/b46b8f80d7d6e4b5ac9f14f0acbad0c4"},"headline":"Vorbereitungen f\u00fcr die Massenimpfung","datePublished":"2020-12-16T09:47:00+00:00","dateModified":"2024-02-19T19:01:26+00:00","mainEntityOfPage":{"@id":"https:\/\/www.rri.ro\/de\/aktuell\/rri-aktuell\/vorbereitungen-fuer-die-massenimpfung-id461721.html"},"wordCount":479,"image":{"@id":"https:\/\/www.rri.ro\/de\/aktuell\/rri-aktuell\/vorbereitungen-fuer-die-massenimpfung-id461721.html#primaryimage"},"thumbnailUrl":"https:\/\/www.rri.ro\/wp-content\/uploads\/2023\/10\/vaccin-covid-sursa-pixabay-com.jpg","keywords":["coronavirus","COVID-19-Pandemie","Impfkampagne","Impfstoff"],"articleSection":["RRI Aktuell"],"inLanguage":"de"},{"@type":"WebPage","@id":"https:\/\/www.rri.ro\/de\/aktuell\/rri-aktuell\/vorbereitungen-fuer-die-massenimpfung-id461721.html","url":"https:\/\/www.rri.ro\/de\/aktuell\/rri-aktuell\/vorbereitungen-fuer-die-massenimpfung-id461721.html","name":"Vorbereitungen f\u00fcr die Massenimpfung - Radio Rum\u00e4nien International","isPartOf":{"@id":"https:\/\/www.rri.ro\/#website"},"primaryImageOfPage":{"@id":"https:\/\/www.rri.ro\/de\/aktuell\/rri-aktuell\/vorbereitungen-fuer-die-massenimpfung-id461721.html#primaryimage"},"image":{"@id":"https:\/\/www.rri.ro\/de\/aktuell\/rri-aktuell\/vorbereitungen-fuer-die-massenimpfung-id461721.html#primaryimage"},"thumbnailUrl":"https:\/\/www.rri.ro\/wp-content\/uploads\/2023\/10\/vaccin-covid-sursa-pixabay-com.jpg","datePublished":"2020-12-16T09:47:00+00:00","dateModified":"2024-02-19T19:01:26+00:00","author":{"@id":"https:\/\/www.rri.ro\/#\/schema\/person\/b46b8f80d7d6e4b5ac9f14f0acbad0c4"},"breadcrumb":{"@id":"https:\/\/www.rri.ro\/de\/aktuell\/rri-aktuell\/vorbereitungen-fuer-die-massenimpfung-id461721.html#breadcrumb"},"inLanguage":"de","potentialAction":[{"@type":"ReadAction","target":["https:\/\/www.rri.ro\/de\/aktuell\/rri-aktuell\/vorbereitungen-fuer-die-massenimpfung-id461721.html"]}]},{"@type":"ImageObject","inLanguage":"de","@id":"https:\/\/www.rri.ro\/de\/aktuell\/rri-aktuell\/vorbereitungen-fuer-die-massenimpfung-id461721.html#primaryimage","url":"https:\/\/www.rri.ro\/wp-content\/uploads\/2023\/10\/vaccin-covid-sursa-pixabay-com.jpg","contentUrl":"https:\/\/www.rri.ro\/wp-content\/uploads\/2023\/10\/vaccin-covid-sursa-pixabay-com.jpg","width":640,"height":480},{"@type":"BreadcrumbList","@id":"https:\/\/www.rri.ro\/de\/aktuell\/rri-aktuell\/vorbereitungen-fuer-die-massenimpfung-id461721.html#breadcrumb","itemListElement":[{"@type":"ListItem","position":1,"name":"Startseite","item":"https:\/\/www.rri.ro\/de"},{"@type":"ListItem","position":2,"name":"Aktuell","item":"https:\/\/www.rri.ro\/de\/aktuell"},{"@type":"ListItem","position":3,"name":"RRI Aktuell","item":"https:\/\/www.rri.ro\/de\/aktuell\/rri-aktuell"},{"@type":"ListItem","position":4,"name":"Vorbereitungen f\u00fcr die Massenimpfung"}]},{"@type":"WebSite","@id":"https:\/\/www.rri.ro\/#website","url":"https:\/\/www.rri.ro\/","name":"Radio Rum\u00e4nien International","description":"Totul despre Rom\u00e2nia \u015fi rom\u00e2ni, \u00een 13 limbi\/dialecte!","inLanguage":"de"},{"@type":"Person","@id":"https:\/\/www.rri.ro\/#\/schema\/person\/b46b8f80d7d6e4b5ac9f14f0acbad0c4","name":"Daniela Budu","url":"https:\/\/www.rri.ro\/de\/author\/daniela-budu"}]}},"_links":{"self":[{"href":"https:\/\/www.rri.ro\/de\/wp-json\/wp\/v2\/posts\/461721","targetHints":{"allow":["GET"]}}],"collection":[{"href":"https:\/\/www.rri.ro\/de\/wp-json\/wp\/v2\/posts"}],"about":[{"href":"https:\/\/www.rri.ro\/de\/wp-json\/wp\/v2\/types\/post"}],"author":[{"embeddable":true,"href":"https:\/\/www.rri.ro\/de\/wp-json\/wp\/v2\/users\/107"}],"replies":[{"embeddable":true,"href":"https:\/\/www.rri.ro\/de\/wp-json\/wp\/v2\/comments?post=461721"}],"version-history":[{"count":0,"href":"https:\/\/www.rri.ro\/de\/wp-json\/wp\/v2\/posts\/461721\/revisions"}],"wp:featuredmedia":[{"embeddable":true,"href":"https:\/\/www.rri.ro\/de\/wp-json\/wp\/v2\/media\/87099"}],"wp:attachment":[{"href":"https:\/\/www.rri.ro\/de\/wp-json\/wp\/v2\/media?parent=461721"}],"wp:term":[{"taxonomy":"category","embeddable":true,"href":"https:\/\/www.rri.ro\/de\/wp-json\/wp\/v2\/categories?post=461721"},{"taxonomy":"post_tag","embeddable":true,"href":"https:\/\/www.rri.ro\/de\/wp-json\/wp\/v2\/tags?post=461721"},{"taxonomy":"author","embeddable":true,"href":"https:\/\/www.rri.ro\/de\/wp-json\/wp\/v2\/coauthors?post=461721"}],"curies":[{"name":"wp","href":"https:\/\/api.w.org\/{rel}","templated":true}]}}