{"id":461741,"date":"2021-01-12T14:23:00","date_gmt":"2021-01-12T12:23:00","guid":{"rendered":"http:\/\/devrri.freshlemon.ro\/aktuell\/zweiter-impfstoff-in-rumaenien-erwartet-id461741.html"},"modified":"2024-02-19T21:01:45","modified_gmt":"2024-02-19T19:01:45","slug":"zweiter-impfstoff-in-rumaenien-erwartet","status":"publish","type":"post","link":"https:\/\/www.rri.ro\/de\/aktuell\/rri-aktuell\/zweiter-impfstoff-in-rumaenien-erwartet-id461741.html","title":{"rendered":"Zweiter Impfstoff in Rum\u00e4nien erwartet"},"content":{"rendered":"<p style=margin-bottom: 0in; line-height: 100%>Die erste Tranche von 14.000 Dosen wird am Mittwoch erwartet, wie der Koordinator der nationalen Impfkampagne, der Milit\u00e4rarzt Valeriu Gheorghi\u0163\u0103, angek\u00fcndigt hat. Er sagte, dass Moderna einmal pro Woche oder alle zwei Wochen nach Rum\u00e4nien liefert und dass im ersten Quartal dieses Jahres die Gesamtzahl maximal 450.000 Dosen erreichen wird, sehr wenig im Vergleich zu Comirnaty.<\/p>\n<p>&#13;<br \/>\n&#13;<\/p>\n<p style=margin-bottom: 0in; line-height: 100%>\n<p>&#13;<br \/>\n&#13;<\/p>\n<p style=margin-bottom: 0in; line-height: 100%>\n<p>&#13;<br \/>\n&#13;<\/p>\n<p style=margin-bottom: 0in; line-height: 100%>Valeriu Gheorghi\u0163\u0103 betonte, dass die \u00c4rzte entscheiden werden, welcher Impfstoff der jeweiligen Person verabreicht wird. &#8222;Selbst wenn wir die Wahl den Menschen \u00fcberlassen wollten, ist es nicht m\u00f6glich, das es Impfzentren geben wird, die nicht beide Typen auf Lager haben werden. Aber die Impfstoffe gleichen sich: zwei Dosen, die gleiche Boten-RNA, die gleiche Wirksamkeit, das gleiche Sicherheitsprofil&#8220;, erkl\u00e4rte der Arzt Valeriu Gheorghi\u0163\u0103. Mit anderen Worten: Der Einsatz der Moderna-Impfstoffe wird von der Verf\u00fcgbarkeit und dem Bedarf der Immunisierungszentren abh\u00e4ngen.<\/p>\n<p>&#13;<br \/>\n&#13;<\/p>\n<p style=margin-bottom: 0in; line-height: 100%>\n<p>&#13;<br \/>\n&#13;<\/p>\n<p style=margin-bottom: 0in; line-height: 100%>\n<p>&#13;<br \/>\n&#13;<\/p>\n<p style=margin-bottom: 0in; line-height: 100%>W\u00e4hrend bei Comirnaty das Mindestalter f\u00fcr die Impfung 16 Jahre betr\u00e4gt, liegt das Mindestalter f\u00fcr Moderna bei 18 Jahren. Der Impfstoff von Pfizer \/ BioNTech sollte bei minus 80 Grad gelagert werden, der von Moderna bei minus 20. Beim Comirnaty betr\u00e4gt der Abstand zwischen den beiden Impfungen drei Wochen, bei Moderna vier Wochen. Die sch\u00fctzende Immunantwort auf Covid-19 trat im Falle von Comirnaty sieben Tage nach der zweiten Dosis auf, bei Moderna waren es 14 Tage nach der zweiten Dosis. Die Wirksamkeit beider Impfstoffe ist \u00e4hnlich: 94-95%.<\/p>\n<p>&#13;<br \/>\n&#13;<\/p>\n<p style=margin-bottom: 0in; line-height: 100%>\n<p>&#13;<br \/>\n&#13;<\/p>\n<p style=margin-bottom: 0in; line-height: 100%>\n<p>&#13;<br \/>\n&#13;<\/p>\n<p style=margin-bottom: 0in; line-height: 100%>Nach der ersten Phase der nationalen Impfkampagne f\u00fcr Gesundheitspersonal, soll Rum\u00e4nien Ende dieser Woche in die zweite Phase eintreten, die sich vor allem an \u00e4ltere Menschen und chronisch Kranke richtet, deren Zahl auf vier Millionen gesch\u00e4tzt wird. Hinzu kommen mehr als eine Million Besch\u00e4ftige in Schl\u00fcsselberufen. Die Herdenimmunit\u00e4t w\u00e4re erreicht, wenn 60-70% der Bev\u00f6lkerung des Landes geimpft sind. Weltweit sagen jedoch Gesundheitsexperten laut Reuters, dass die Impfkampagnen, die in vielen L\u00e4ndern bereits begonnen haben, eine solche kollektive Immunit\u00e4t in diesem Jahr nicht sichern werden &#8211; uzw. weil es in armen L\u00e4ndern Versorgungsschwierigkeiten gibt, die Gesellschaft kein Vertrauen hat und das Virus m\u00f6glicherweise mutiert.<\/p>\n<p>&#13;<br \/>\n&#13;<\/p>\n<p>&#13;<br \/>\np { margin-bottom: 0.1in; line-height: 115%; background: transparent }&#13;<br \/>\n&#13;\n<\/p>\n<p>&#13;<\/p>\n","protected":false},"excerpt":{"rendered":"<p>Nach dem amerikanisch-deutschen Impfstoff Comirnaty von Pfizer\/BioNTech trifft nun auch der in den USA entwickelte Moderna-Impfstoff in Rum\u00e4nien ein, knapp eine Woche, nachdem er f\u00fcr den Einsatz in der Europ\u00e4ischen Union zugelassen wurde.<\/p>\n","protected":false},"author":109,"featured_media":87719,"comment_status":"closed","ping_status":"closed","sticky":false,"template":"","format":"standard","meta":{"_acf_changed":false,"footnotes":""},"categories":[99583],"tags":[35386,35971,99589],"coauthors":[],"class_list":["post-461741","post","type-post","status-publish","format-standard","has-post-thumbnail","hentry","category-rri-aktuell","tag-covid","tag-moderna","tag-rumaenien"],"acf":[],"yoast_head":"<!-- This site is optimized with the Yoast SEO plugin v27.3 - https:\/\/yoast.com\/product\/yoast-seo-wordpress\/ -->\n<title>Zweiter Impfstoff in Rum\u00e4nien erwartet - Radio Rum\u00e4nien International<\/title>\n<meta name=\"robots\" content=\"index, follow, max-snippet:-1, max-image-preview:large, max-video-preview:-1\" \/>\n<link rel=\"canonical\" href=\"https:\/\/www.rri.ro\/de\/aktuell\/rri-aktuell\/zweiter-impfstoff-in-rumaenien-erwartet-id461741.html\" \/>\n<meta property=\"og:locale\" content=\"de_DE\" \/>\n<meta property=\"og:type\" content=\"article\" \/>\n<meta property=\"og:title\" content=\"Zweiter Impfstoff in Rum\u00e4nien erwartet - Radio Rum\u00e4nien International\" \/>\n<meta property=\"og:description\" content=\"Nach dem amerikanisch-deutschen Impfstoff Comirnaty von Pfizer\/BioNTech trifft nun auch der in den USA entwickelte Moderna-Impfstoff in Rum\u00e4nien ein, knapp eine Woche, nachdem er f\u00fcr den Einsatz in der Europ\u00e4ischen Union zugelassen wurde.\" \/>\n<meta property=\"og:url\" content=\"https:\/\/www.rri.ro\/de\/aktuell\/rri-aktuell\/zweiter-impfstoff-in-rumaenien-erwartet-id461741.html\" \/>\n<meta property=\"og:site_name\" content=\"Radio Rum\u00e4nien International\" \/>\n<meta property=\"article:published_time\" content=\"2021-01-12T12:23:00+00:00\" \/>\n<meta property=\"article:modified_time\" content=\"2024-02-19T19:01:45+00:00\" \/>\n<meta property=\"og:image\" content=\"https:\/\/www.rri.ro\/wp-content\/uploads\/2023\/10\/vaccin-generic-covid-coronavirus-sursa-foto-european-union-photo-claudio-centonze.png\" \/>\n\t<meta property=\"og:image:width\" content=\"640\" \/>\n\t<meta property=\"og:image:height\" content=\"480\" \/>\n\t<meta property=\"og:image:type\" content=\"image\/png\" \/>\n<meta name=\"author\" content=\"Roxana Vasile\" \/>\n<meta name=\"twitter:card\" content=\"summary_large_image\" \/>\n<meta name=\"twitter:label1\" content=\"Verfasst von\" \/>\n\t<meta name=\"twitter:data1\" content=\"Roxana Vasile\" \/>\n\t<meta name=\"twitter:label2\" content=\"Gesch\u00e4tzte Lesezeit\" \/>\n\t<meta name=\"twitter:data2\" content=\"2\u00a0Minuten\" \/>\n\t<meta name=\"twitter:label3\" content=\"Written by\" \/>\n\t<meta name=\"twitter:data3\" content=\"Roxana Vasile\" \/>\n<script type=\"application\/ld+json\" class=\"yoast-schema-graph\">{\"@context\":\"https:\\\/\\\/schema.org\",\"@graph\":[{\"@type\":\"Article\",\"@id\":\"https:\\\/\\\/www.rri.ro\\\/de\\\/aktuell\\\/rri-aktuell\\\/zweiter-impfstoff-in-rumaenien-erwartet-id461741.html#article\",\"isPartOf\":{\"@id\":\"https:\\\/\\\/www.rri.ro\\\/de\\\/aktuell\\\/rri-aktuell\\\/zweiter-impfstoff-in-rumaenien-erwartet-id461741.html\"},\"author\":{\"name\":\"Roxana Vasile\",\"@id\":\"https:\\\/\\\/www.rri.ro\\\/#\\\/schema\\\/person\\\/0745b519f2d1287783422f162c4112af\"},\"headline\":\"Zweiter Impfstoff in Rum\u00e4nien erwartet\",\"datePublished\":\"2021-01-12T12:23:00+00:00\",\"dateModified\":\"2024-02-19T19:01:45+00:00\",\"mainEntityOfPage\":{\"@id\":\"https:\\\/\\\/www.rri.ro\\\/de\\\/aktuell\\\/rri-aktuell\\\/zweiter-impfstoff-in-rumaenien-erwartet-id461741.html\"},\"wordCount\":354,\"image\":{\"@id\":\"https:\\\/\\\/www.rri.ro\\\/de\\\/aktuell\\\/rri-aktuell\\\/zweiter-impfstoff-in-rumaenien-erwartet-id461741.html#primaryimage\"},\"thumbnailUrl\":\"https:\\\/\\\/www.rri.ro\\\/wp-content\\\/uploads\\\/2023\\\/10\\\/vaccin-generic-covid-coronavirus-sursa-foto-european-union-photo-claudio-centonze.png\",\"keywords\":[\"COVID\",\"Moderna\",\"Rum\u00e4nien\"],\"articleSection\":[\"RRI Aktuell\"],\"inLanguage\":\"de\"},{\"@type\":\"WebPage\",\"@id\":\"https:\\\/\\\/www.rri.ro\\\/de\\\/aktuell\\\/rri-aktuell\\\/zweiter-impfstoff-in-rumaenien-erwartet-id461741.html\",\"url\":\"https:\\\/\\\/www.rri.ro\\\/de\\\/aktuell\\\/rri-aktuell\\\/zweiter-impfstoff-in-rumaenien-erwartet-id461741.html\",\"name\":\"Zweiter Impfstoff in Rum\u00e4nien erwartet - Radio Rum\u00e4nien International\",\"isPartOf\":{\"@id\":\"https:\\\/\\\/www.rri.ro\\\/#website\"},\"primaryImageOfPage\":{\"@id\":\"https:\\\/\\\/www.rri.ro\\\/de\\\/aktuell\\\/rri-aktuell\\\/zweiter-impfstoff-in-rumaenien-erwartet-id461741.html#primaryimage\"},\"image\":{\"@id\":\"https:\\\/\\\/www.rri.ro\\\/de\\\/aktuell\\\/rri-aktuell\\\/zweiter-impfstoff-in-rumaenien-erwartet-id461741.html#primaryimage\"},\"thumbnailUrl\":\"https:\\\/\\\/www.rri.ro\\\/wp-content\\\/uploads\\\/2023\\\/10\\\/vaccin-generic-covid-coronavirus-sursa-foto-european-union-photo-claudio-centonze.png\",\"datePublished\":\"2021-01-12T12:23:00+00:00\",\"dateModified\":\"2024-02-19T19:01:45+00:00\",\"author\":{\"@id\":\"https:\\\/\\\/www.rri.ro\\\/#\\\/schema\\\/person\\\/0745b519f2d1287783422f162c4112af\"},\"breadcrumb\":{\"@id\":\"https:\\\/\\\/www.rri.ro\\\/de\\\/aktuell\\\/rri-aktuell\\\/zweiter-impfstoff-in-rumaenien-erwartet-id461741.html#breadcrumb\"},\"inLanguage\":\"de\",\"potentialAction\":[{\"@type\":\"ReadAction\",\"target\":[\"https:\\\/\\\/www.rri.ro\\\/de\\\/aktuell\\\/rri-aktuell\\\/zweiter-impfstoff-in-rumaenien-erwartet-id461741.html\"]}]},{\"@type\":\"ImageObject\",\"inLanguage\":\"de\",\"@id\":\"https:\\\/\\\/www.rri.ro\\\/de\\\/aktuell\\\/rri-aktuell\\\/zweiter-impfstoff-in-rumaenien-erwartet-id461741.html#primaryimage\",\"url\":\"https:\\\/\\\/www.rri.ro\\\/wp-content\\\/uploads\\\/2023\\\/10\\\/vaccin-generic-covid-coronavirus-sursa-foto-european-union-photo-claudio-centonze.png\",\"contentUrl\":\"https:\\\/\\\/www.rri.ro\\\/wp-content\\\/uploads\\\/2023\\\/10\\\/vaccin-generic-covid-coronavirus-sursa-foto-european-union-photo-claudio-centonze.png\",\"width\":640,\"height\":480},{\"@type\":\"BreadcrumbList\",\"@id\":\"https:\\\/\\\/www.rri.ro\\\/de\\\/aktuell\\\/rri-aktuell\\\/zweiter-impfstoff-in-rumaenien-erwartet-id461741.html#breadcrumb\",\"itemListElement\":[{\"@type\":\"ListItem\",\"position\":1,\"name\":\"Startseite\",\"item\":\"https:\\\/\\\/www.rri.ro\\\/de\"},{\"@type\":\"ListItem\",\"position\":2,\"name\":\"Aktuell\",\"item\":\"https:\\\/\\\/www.rri.ro\\\/de\\\/aktuell\"},{\"@type\":\"ListItem\",\"position\":3,\"name\":\"RRI Aktuell\",\"item\":\"https:\\\/\\\/www.rri.ro\\\/de\\\/aktuell\\\/rri-aktuell\"},{\"@type\":\"ListItem\",\"position\":4,\"name\":\"Zweiter Impfstoff in Rum\u00e4nien erwartet\"}]},{\"@type\":\"WebSite\",\"@id\":\"https:\\\/\\\/www.rri.ro\\\/#website\",\"url\":\"https:\\\/\\\/www.rri.ro\\\/\",\"name\":\"Radio Rum\u00e4nien International\",\"description\":\"Totul despre Rom\u00e2nia \u015fi rom\u00e2ni, \u00een 13 limbi\\\/dialecte!\",\"inLanguage\":\"de\"},{\"@type\":\"Person\",\"@id\":\"https:\\\/\\\/www.rri.ro\\\/#\\\/schema\\\/person\\\/0745b519f2d1287783422f162c4112af\",\"name\":\"Roxana Vasile\",\"url\":\"https:\\\/\\\/www.rri.ro\\\/de\\\/author\\\/roxana-vasile\"}]}<\/script>\n<!-- \/ Yoast SEO plugin. -->","yoast_head_json":{"title":"Zweiter Impfstoff in Rum\u00e4nien erwartet - Radio Rum\u00e4nien International","robots":{"index":"index","follow":"follow","max-snippet":"max-snippet:-1","max-image-preview":"max-image-preview:large","max-video-preview":"max-video-preview:-1"},"canonical":"https:\/\/www.rri.ro\/de\/aktuell\/rri-aktuell\/zweiter-impfstoff-in-rumaenien-erwartet-id461741.html","og_locale":"de_DE","og_type":"article","og_title":"Zweiter Impfstoff in Rum\u00e4nien erwartet - Radio Rum\u00e4nien International","og_description":"Nach dem amerikanisch-deutschen Impfstoff Comirnaty von Pfizer\/BioNTech trifft nun auch der in den USA entwickelte Moderna-Impfstoff in Rum\u00e4nien ein, knapp eine Woche, nachdem er f\u00fcr den Einsatz in der Europ\u00e4ischen Union zugelassen wurde.","og_url":"https:\/\/www.rri.ro\/de\/aktuell\/rri-aktuell\/zweiter-impfstoff-in-rumaenien-erwartet-id461741.html","og_site_name":"Radio Rum\u00e4nien International","article_published_time":"2021-01-12T12:23:00+00:00","article_modified_time":"2024-02-19T19:01:45+00:00","og_image":[{"width":640,"height":480,"url":"https:\/\/www.rri.ro\/wp-content\/uploads\/2023\/10\/vaccin-generic-covid-coronavirus-sursa-foto-european-union-photo-claudio-centonze.png","type":"image\/png"}],"author":"Roxana Vasile","twitter_card":"summary_large_image","twitter_misc":{"Verfasst von":"Roxana Vasile","Gesch\u00e4tzte Lesezeit":"2\u00a0Minuten","Written by":"Roxana Vasile"},"schema":{"@context":"https:\/\/schema.org","@graph":[{"@type":"Article","@id":"https:\/\/www.rri.ro\/de\/aktuell\/rri-aktuell\/zweiter-impfstoff-in-rumaenien-erwartet-id461741.html#article","isPartOf":{"@id":"https:\/\/www.rri.ro\/de\/aktuell\/rri-aktuell\/zweiter-impfstoff-in-rumaenien-erwartet-id461741.html"},"author":{"name":"Roxana Vasile","@id":"https:\/\/www.rri.ro\/#\/schema\/person\/0745b519f2d1287783422f162c4112af"},"headline":"Zweiter Impfstoff in Rum\u00e4nien erwartet","datePublished":"2021-01-12T12:23:00+00:00","dateModified":"2024-02-19T19:01:45+00:00","mainEntityOfPage":{"@id":"https:\/\/www.rri.ro\/de\/aktuell\/rri-aktuell\/zweiter-impfstoff-in-rumaenien-erwartet-id461741.html"},"wordCount":354,"image":{"@id":"https:\/\/www.rri.ro\/de\/aktuell\/rri-aktuell\/zweiter-impfstoff-in-rumaenien-erwartet-id461741.html#primaryimage"},"thumbnailUrl":"https:\/\/www.rri.ro\/wp-content\/uploads\/2023\/10\/vaccin-generic-covid-coronavirus-sursa-foto-european-union-photo-claudio-centonze.png","keywords":["COVID","Moderna","Rum\u00e4nien"],"articleSection":["RRI Aktuell"],"inLanguage":"de"},{"@type":"WebPage","@id":"https:\/\/www.rri.ro\/de\/aktuell\/rri-aktuell\/zweiter-impfstoff-in-rumaenien-erwartet-id461741.html","url":"https:\/\/www.rri.ro\/de\/aktuell\/rri-aktuell\/zweiter-impfstoff-in-rumaenien-erwartet-id461741.html","name":"Zweiter Impfstoff in Rum\u00e4nien erwartet - Radio Rum\u00e4nien International","isPartOf":{"@id":"https:\/\/www.rri.ro\/#website"},"primaryImageOfPage":{"@id":"https:\/\/www.rri.ro\/de\/aktuell\/rri-aktuell\/zweiter-impfstoff-in-rumaenien-erwartet-id461741.html#primaryimage"},"image":{"@id":"https:\/\/www.rri.ro\/de\/aktuell\/rri-aktuell\/zweiter-impfstoff-in-rumaenien-erwartet-id461741.html#primaryimage"},"thumbnailUrl":"https:\/\/www.rri.ro\/wp-content\/uploads\/2023\/10\/vaccin-generic-covid-coronavirus-sursa-foto-european-union-photo-claudio-centonze.png","datePublished":"2021-01-12T12:23:00+00:00","dateModified":"2024-02-19T19:01:45+00:00","author":{"@id":"https:\/\/www.rri.ro\/#\/schema\/person\/0745b519f2d1287783422f162c4112af"},"breadcrumb":{"@id":"https:\/\/www.rri.ro\/de\/aktuell\/rri-aktuell\/zweiter-impfstoff-in-rumaenien-erwartet-id461741.html#breadcrumb"},"inLanguage":"de","potentialAction":[{"@type":"ReadAction","target":["https:\/\/www.rri.ro\/de\/aktuell\/rri-aktuell\/zweiter-impfstoff-in-rumaenien-erwartet-id461741.html"]}]},{"@type":"ImageObject","inLanguage":"de","@id":"https:\/\/www.rri.ro\/de\/aktuell\/rri-aktuell\/zweiter-impfstoff-in-rumaenien-erwartet-id461741.html#primaryimage","url":"https:\/\/www.rri.ro\/wp-content\/uploads\/2023\/10\/vaccin-generic-covid-coronavirus-sursa-foto-european-union-photo-claudio-centonze.png","contentUrl":"https:\/\/www.rri.ro\/wp-content\/uploads\/2023\/10\/vaccin-generic-covid-coronavirus-sursa-foto-european-union-photo-claudio-centonze.png","width":640,"height":480},{"@type":"BreadcrumbList","@id":"https:\/\/www.rri.ro\/de\/aktuell\/rri-aktuell\/zweiter-impfstoff-in-rumaenien-erwartet-id461741.html#breadcrumb","itemListElement":[{"@type":"ListItem","position":1,"name":"Startseite","item":"https:\/\/www.rri.ro\/de"},{"@type":"ListItem","position":2,"name":"Aktuell","item":"https:\/\/www.rri.ro\/de\/aktuell"},{"@type":"ListItem","position":3,"name":"RRI Aktuell","item":"https:\/\/www.rri.ro\/de\/aktuell\/rri-aktuell"},{"@type":"ListItem","position":4,"name":"Zweiter Impfstoff in Rum\u00e4nien erwartet"}]},{"@type":"WebSite","@id":"https:\/\/www.rri.ro\/#website","url":"https:\/\/www.rri.ro\/","name":"Radio Rum\u00e4nien International","description":"Totul despre Rom\u00e2nia \u015fi rom\u00e2ni, \u00een 13 limbi\/dialecte!","inLanguage":"de"},{"@type":"Person","@id":"https:\/\/www.rri.ro\/#\/schema\/person\/0745b519f2d1287783422f162c4112af","name":"Roxana Vasile","url":"https:\/\/www.rri.ro\/de\/author\/roxana-vasile"}]}},"_links":{"self":[{"href":"https:\/\/www.rri.ro\/de\/wp-json\/wp\/v2\/posts\/461741","targetHints":{"allow":["GET"]}}],"collection":[{"href":"https:\/\/www.rri.ro\/de\/wp-json\/wp\/v2\/posts"}],"about":[{"href":"https:\/\/www.rri.ro\/de\/wp-json\/wp\/v2\/types\/post"}],"author":[{"embeddable":true,"href":"https:\/\/www.rri.ro\/de\/wp-json\/wp\/v2\/users\/109"}],"replies":[{"embeddable":true,"href":"https:\/\/www.rri.ro\/de\/wp-json\/wp\/v2\/comments?post=461741"}],"version-history":[{"count":0,"href":"https:\/\/www.rri.ro\/de\/wp-json\/wp\/v2\/posts\/461741\/revisions"}],"wp:featuredmedia":[{"embeddable":true,"href":"https:\/\/www.rri.ro\/de\/wp-json\/wp\/v2\/media\/87719"}],"wp:attachment":[{"href":"https:\/\/www.rri.ro\/de\/wp-json\/wp\/v2\/media?parent=461741"}],"wp:term":[{"taxonomy":"category","embeddable":true,"href":"https:\/\/www.rri.ro\/de\/wp-json\/wp\/v2\/categories?post=461741"},{"taxonomy":"post_tag","embeddable":true,"href":"https:\/\/www.rri.ro\/de\/wp-json\/wp\/v2\/tags?post=461741"},{"taxonomy":"author","embeddable":true,"href":"https:\/\/www.rri.ro\/de\/wp-json\/wp\/v2\/coauthors?post=461741"}],"curies":[{"name":"wp","href":"https:\/\/api.w.org\/{rel}","templated":true}]}}