{"id":461819,"date":"2021-02-26T19:23:00","date_gmt":"2021-02-26T17:23:00","guid":{"rendered":"http:\/\/devrri.freshlemon.ro\/aktuell\/ein-jahr-corona-in-rumaenien-id461819.html"},"modified":"2024-02-19T21:02:37","modified_gmt":"2024-02-19T19:02:37","slug":"ein-jahr-corona-in-rumaenien","status":"publish","type":"post","link":"https:\/\/www.rri.ro\/de\/aktuell\/rri-aktuell\/ein-jahr-corona-in-rumaenien-id461819.html","title":{"rendered":"Ein Jahr Corona in Rum\u00e4nien"},"content":{"rendered":"<\/p>\n<p>&#13;<br \/>\n&#13;<\/p>\n<p> orina Cristea<\/p>\n<p>&#13;<br \/>\n&#13;<\/p>\n<p>&#13;<br \/>\n&#13;<\/p>\n<p>&#13;<br \/>\n&#13;<\/p>\n<p>Am 26. Februar 2020 wurde in Rum\u00e4nien der erste Corona-Fall best\u00e4tigt. Dabei handelte es sich um einen 25-j\u00e4hrigen Mann aus einer Stadt im S\u00fcden des Landes, der in Bukarest behandelt und geheilt wurde. Zwei Wochen sp\u00e4ter rief die Weltgesundheitsorganisation eine Pandemie aus und am 16. M\u00e4rz wurde in Rum\u00e4nien der Notstand ausgerufen. Innerhalb eines Jahres erreichte die Zahl der best\u00e4tigten Infektionsf\u00e4lle im Land fast 800.000, und \u00fcber 20.000 Menschen starben an oder mit Corona. Rum\u00e4nien befindet sich gegenw\u00e4rtig in der dritten Welle der Coronavirus-Epidemie, sagte gegen\u00fcber Radio Rum\u00e4nien, der Vorsitzende des Zentrums f\u00fcr medizinische Innovationen, Marius Geant\u0103: &#8222;Ich denke, diese dritte Welle hat vor zwei oder drei Wochen begonnen. Nur, in den Zahlen schl\u00e4gt sie sich erst seit der letzten Woche nieder. Wir testen weniger als vom Europ\u00e4ischen Zentrum f\u00fcr Krankheits-Kontrolle empfohlen. Daher ist die Anzahl der t\u00e4glich diagnostizierten F\u00e4lle im Vergleich zu den Zahlen, die wir im Herbst, bei der zweiten Welle kannten, relativ niedrig. Wenn wir uns jedoch die Zahl der Aufenthalte auf den intensivmedizinischen Stationen der Krankenh\u00e4user ansehen, werden wir feststellen, dass in nur wenigen Tagen die Zahl der behandelten Menschen unter 900 sank. Diesen  Indikator halte ich f\u00fcr hervorragend.&#8220;<\/p>\n<p>&#13;<br \/>\n&#13;<\/p>\n<p>&#13;<br \/>\n&#13;<\/p>\n<p>&#13;<br \/>\n&#13;<\/p>\n<p>Seit einiger Zeit steigen die von der strategischen Kommunikationsgruppe gemeldeten Zahlen von Tag zu Tag leicht an. Gleichzeitig werden in mehr als der H\u00e4lfte der Landekreise F\u00e4lle von Infektionen mit dem britischen Coronavirus-Stamm, der viel ansteckender ist, best\u00e4tigt. Dr. Marius Geant\u0103 sprach auch \u00fcber die Faktoren, die zu einem Anstieg der Infektionsf\u00e4lle in der letzten Zeit gef\u00fchrt haben k\u00f6nnten: Die Er\u00f6ffnung der Schulen f\u00e4llt mit dem Anstieg der Fallzahlen zusammen. Auf der anderen Seite sahen wir, wie viele Menschen in den Gebirgsferienorten in die Ski-Ferien fuhren. Wenn sich die Frage stellen sollte, strengere Ma\u200e\u00dfnahmen zu ergreifen, bestimmte T\u00e4tigkeiten einzuschr\u00e4nken, dann rate ich die Entscheidung mit gro\u200e\u00dfer Sorgfalt zu treffen. Es ist eine Sache, Schulen zu schlie\u200e\u00dfen, eine andere, T\u00e4tigkeiten einzuschr\u00e4nken, wie Hotels und Gastgewerbe oder gar Gebirgsferienorte. \u201c<\/p>\n<p>&#13;<br \/>\n&#13;<\/p>\n<p>&#13;<br \/>\n&#13;<\/p>\n<p>&#13;<br \/>\n&#13;<\/p>\n<p>Auf Anregung der technisch-wissenschaftlichen Gruppe f\u00fcr das Management der Ansteckungskrankheiten hat der Ausschuss f\u00fcr Notsituationen in Bukarest beschlossen, die Formel f\u00fcr die Berechnung der Inzidenzrate  der Corona-F\u00e4lle zu \u00e4ndern. Dadurch sollen k\u00fcnftig Ausbr\u00fcche an jedem Ort, auch in Hotspots, mit einbezogen werden. Diese spiegelten sich haupts\u00e4chlich in des Daten der Krankenh\u00e4user und Pflegezentren wider. Inzwischen ist auch die Impfkampagne in vollem Gange, die am 27. Dezember in Rum\u00e4nien gleichzeitig mit den anderen EU-Mitgliedstaaten anlief. Laut dem Leiter der Corona-Impfkampagne, Valeriu Gheorghi\u0163\u0103, liegt Rum\u00e4nien, in Bezug auf die Verabreichung der zweiten Impfstoffdosis, an zweiter Stelle in der EU und weltweit an sechster Stelle, bezogen auf die Einwohnerzahl.<\/p>\n<p>&#13;<\/p>\n","protected":false},"excerpt":{"rendered":"<p>Ein Jahr nach der Best\u00e4tigung der ersten SARS-CoV-2 Infektion,  verzeichnet Rum\u00e4nien eine Bilanz von \u00fcber 20.000 Toten.<\/p>\n","protected":false},"author":108,"featured_media":88214,"comment_status":"closed","ping_status":"closed","sticky":false,"template":"","format":"standard","meta":{"_acf_changed":false,"footnotes":""},"categories":[99583],"tags":[35529,105171,104950],"coauthors":[],"class_list":["post-461819","post","type-post","status-publish","format-standard","has-post-thumbnail","hentry","category-rri-aktuell","tag-corona","tag-impfkampagne","tag-notstand"],"acf":[],"yoast_head":"<!-- This site is optimized with the Yoast SEO plugin v27.3 - https:\/\/yoast.com\/product\/yoast-seo-wordpress\/ -->\n<title>Ein Jahr Corona in Rum\u00e4nien - Radio Rum\u00e4nien International<\/title>\n<meta name=\"robots\" content=\"index, follow, max-snippet:-1, max-image-preview:large, max-video-preview:-1\" \/>\n<link rel=\"canonical\" href=\"https:\/\/www.rri.ro\/de\/aktuell\/rri-aktuell\/ein-jahr-corona-in-rumaenien-id461819.html\" \/>\n<meta property=\"og:locale\" content=\"de_DE\" \/>\n<meta property=\"og:type\" content=\"article\" \/>\n<meta property=\"og:title\" content=\"Ein Jahr Corona in Rum\u00e4nien - Radio Rum\u00e4nien International\" \/>\n<meta property=\"og:description\" content=\"Ein Jahr nach der Best\u00e4tigung der ersten SARS-CoV-2 Infektion, verzeichnet Rum\u00e4nien eine Bilanz von \u00fcber 20.000 Toten.\" \/>\n<meta property=\"og:url\" content=\"https:\/\/www.rri.ro\/de\/aktuell\/rri-aktuell\/ein-jahr-corona-in-rumaenien-id461819.html\" \/>\n<meta property=\"og:site_name\" content=\"Radio Rum\u00e4nien International\" \/>\n<meta property=\"article:published_time\" content=\"2021-02-26T17:23:00+00:00\" \/>\n<meta property=\"article:modified_time\" content=\"2024-02-19T19:02:37+00:00\" \/>\n<meta property=\"og:image\" content=\"https:\/\/www.rri.ro\/wp-content\/uploads\/2023\/10\/coronavirus-covid19-pandemie-infectare-virus-foto-pixabay-compng-alt.png\" \/>\n\t<meta property=\"og:image:width\" content=\"640\" \/>\n\t<meta property=\"og:image:height\" content=\"480\" \/>\n\t<meta property=\"og:image:type\" content=\"image\/png\" \/>\n<meta name=\"author\" content=\"Corina Cristea\" \/>\n<meta name=\"twitter:card\" content=\"summary_large_image\" \/>\n<meta name=\"twitter:label1\" content=\"Verfasst von\" \/>\n\t<meta name=\"twitter:data1\" content=\"Corina Cristea\" \/>\n\t<meta name=\"twitter:label2\" content=\"Gesch\u00e4tzte Lesezeit\" \/>\n\t<meta name=\"twitter:data2\" content=\"2\u00a0Minuten\" \/>\n\t<meta name=\"twitter:label3\" content=\"Written by\" \/>\n\t<meta name=\"twitter:data3\" content=\"Corina Cristea\" \/>\n<script type=\"application\/ld+json\" class=\"yoast-schema-graph\">{\"@context\":\"https:\\\/\\\/schema.org\",\"@graph\":[{\"@type\":\"Article\",\"@id\":\"https:\\\/\\\/www.rri.ro\\\/de\\\/aktuell\\\/rri-aktuell\\\/ein-jahr-corona-in-rumaenien-id461819.html#article\",\"isPartOf\":{\"@id\":\"https:\\\/\\\/www.rri.ro\\\/de\\\/aktuell\\\/rri-aktuell\\\/ein-jahr-corona-in-rumaenien-id461819.html\"},\"author\":{\"name\":\"Corina Cristea\",\"@id\":\"https:\\\/\\\/www.rri.ro\\\/#\\\/schema\\\/person\\\/f9ab1cb3569dee1b2c033a814bb7f0fc\"},\"headline\":\"Ein Jahr Corona in Rum\u00e4nien\",\"datePublished\":\"2021-02-26T17:23:00+00:00\",\"dateModified\":\"2024-02-19T19:02:37+00:00\",\"mainEntityOfPage\":{\"@id\":\"https:\\\/\\\/www.rri.ro\\\/de\\\/aktuell\\\/rri-aktuell\\\/ein-jahr-corona-in-rumaenien-id461819.html\"},\"wordCount\":473,\"image\":{\"@id\":\"https:\\\/\\\/www.rri.ro\\\/de\\\/aktuell\\\/rri-aktuell\\\/ein-jahr-corona-in-rumaenien-id461819.html#primaryimage\"},\"thumbnailUrl\":\"https:\\\/\\\/www.rri.ro\\\/wp-content\\\/uploads\\\/2023\\\/10\\\/coronavirus-covid19-pandemie-infectare-virus-foto-pixabay-compng-alt.png\",\"keywords\":[\"corona\",\"Impfkampagne\",\"Notstand\"],\"articleSection\":[\"RRI Aktuell\"],\"inLanguage\":\"de\"},{\"@type\":\"WebPage\",\"@id\":\"https:\\\/\\\/www.rri.ro\\\/de\\\/aktuell\\\/rri-aktuell\\\/ein-jahr-corona-in-rumaenien-id461819.html\",\"url\":\"https:\\\/\\\/www.rri.ro\\\/de\\\/aktuell\\\/rri-aktuell\\\/ein-jahr-corona-in-rumaenien-id461819.html\",\"name\":\"Ein Jahr Corona in Rum\u00e4nien - Radio Rum\u00e4nien International\",\"isPartOf\":{\"@id\":\"https:\\\/\\\/www.rri.ro\\\/#website\"},\"primaryImageOfPage\":{\"@id\":\"https:\\\/\\\/www.rri.ro\\\/de\\\/aktuell\\\/rri-aktuell\\\/ein-jahr-corona-in-rumaenien-id461819.html#primaryimage\"},\"image\":{\"@id\":\"https:\\\/\\\/www.rri.ro\\\/de\\\/aktuell\\\/rri-aktuell\\\/ein-jahr-corona-in-rumaenien-id461819.html#primaryimage\"},\"thumbnailUrl\":\"https:\\\/\\\/www.rri.ro\\\/wp-content\\\/uploads\\\/2023\\\/10\\\/coronavirus-covid19-pandemie-infectare-virus-foto-pixabay-compng-alt.png\",\"datePublished\":\"2021-02-26T17:23:00+00:00\",\"dateModified\":\"2024-02-19T19:02:37+00:00\",\"author\":{\"@id\":\"https:\\\/\\\/www.rri.ro\\\/#\\\/schema\\\/person\\\/f9ab1cb3569dee1b2c033a814bb7f0fc\"},\"breadcrumb\":{\"@id\":\"https:\\\/\\\/www.rri.ro\\\/de\\\/aktuell\\\/rri-aktuell\\\/ein-jahr-corona-in-rumaenien-id461819.html#breadcrumb\"},\"inLanguage\":\"de\",\"potentialAction\":[{\"@type\":\"ReadAction\",\"target\":[\"https:\\\/\\\/www.rri.ro\\\/de\\\/aktuell\\\/rri-aktuell\\\/ein-jahr-corona-in-rumaenien-id461819.html\"]}]},{\"@type\":\"ImageObject\",\"inLanguage\":\"de\",\"@id\":\"https:\\\/\\\/www.rri.ro\\\/de\\\/aktuell\\\/rri-aktuell\\\/ein-jahr-corona-in-rumaenien-id461819.html#primaryimage\",\"url\":\"https:\\\/\\\/www.rri.ro\\\/wp-content\\\/uploads\\\/2023\\\/10\\\/coronavirus-covid19-pandemie-infectare-virus-foto-pixabay-compng-alt.png\",\"contentUrl\":\"https:\\\/\\\/www.rri.ro\\\/wp-content\\\/uploads\\\/2023\\\/10\\\/coronavirus-covid19-pandemie-infectare-virus-foto-pixabay-compng-alt.png\",\"width\":640,\"height\":480},{\"@type\":\"BreadcrumbList\",\"@id\":\"https:\\\/\\\/www.rri.ro\\\/de\\\/aktuell\\\/rri-aktuell\\\/ein-jahr-corona-in-rumaenien-id461819.html#breadcrumb\",\"itemListElement\":[{\"@type\":\"ListItem\",\"position\":1,\"name\":\"Startseite\",\"item\":\"https:\\\/\\\/www.rri.ro\\\/de\"},{\"@type\":\"ListItem\",\"position\":2,\"name\":\"Aktuell\",\"item\":\"https:\\\/\\\/www.rri.ro\\\/de\\\/aktuell\"},{\"@type\":\"ListItem\",\"position\":3,\"name\":\"RRI Aktuell\",\"item\":\"https:\\\/\\\/www.rri.ro\\\/de\\\/aktuell\\\/rri-aktuell\"},{\"@type\":\"ListItem\",\"position\":4,\"name\":\"Ein Jahr Corona in Rum\u00e4nien\"}]},{\"@type\":\"WebSite\",\"@id\":\"https:\\\/\\\/www.rri.ro\\\/#website\",\"url\":\"https:\\\/\\\/www.rri.ro\\\/\",\"name\":\"Radio Rum\u00e4nien International\",\"description\":\"Totul despre Rom\u00e2nia \u015fi rom\u00e2ni, \u00een 13 limbi\\\/dialecte!\",\"inLanguage\":\"de\"},{\"@type\":\"Person\",\"@id\":\"https:\\\/\\\/www.rri.ro\\\/#\\\/schema\\\/person\\\/f9ab1cb3569dee1b2c033a814bb7f0fc\",\"name\":\"Corina Cristea\",\"url\":\"https:\\\/\\\/www.rri.ro\\\/de\\\/author\\\/corina-cristea\"}]}<\/script>\n<!-- \/ Yoast SEO plugin. -->","yoast_head_json":{"title":"Ein Jahr Corona in Rum\u00e4nien - Radio Rum\u00e4nien International","robots":{"index":"index","follow":"follow","max-snippet":"max-snippet:-1","max-image-preview":"max-image-preview:large","max-video-preview":"max-video-preview:-1"},"canonical":"https:\/\/www.rri.ro\/de\/aktuell\/rri-aktuell\/ein-jahr-corona-in-rumaenien-id461819.html","og_locale":"de_DE","og_type":"article","og_title":"Ein Jahr Corona in Rum\u00e4nien - Radio Rum\u00e4nien International","og_description":"Ein Jahr nach der Best\u00e4tigung der ersten SARS-CoV-2 Infektion, verzeichnet Rum\u00e4nien eine Bilanz von \u00fcber 20.000 Toten.","og_url":"https:\/\/www.rri.ro\/de\/aktuell\/rri-aktuell\/ein-jahr-corona-in-rumaenien-id461819.html","og_site_name":"Radio Rum\u00e4nien International","article_published_time":"2021-02-26T17:23:00+00:00","article_modified_time":"2024-02-19T19:02:37+00:00","og_image":[{"width":640,"height":480,"url":"https:\/\/www.rri.ro\/wp-content\/uploads\/2023\/10\/coronavirus-covid19-pandemie-infectare-virus-foto-pixabay-compng-alt.png","type":"image\/png"}],"author":"Corina Cristea","twitter_card":"summary_large_image","twitter_misc":{"Verfasst von":"Corina Cristea","Gesch\u00e4tzte Lesezeit":"2\u00a0Minuten","Written by":"Corina Cristea"},"schema":{"@context":"https:\/\/schema.org","@graph":[{"@type":"Article","@id":"https:\/\/www.rri.ro\/de\/aktuell\/rri-aktuell\/ein-jahr-corona-in-rumaenien-id461819.html#article","isPartOf":{"@id":"https:\/\/www.rri.ro\/de\/aktuell\/rri-aktuell\/ein-jahr-corona-in-rumaenien-id461819.html"},"author":{"name":"Corina Cristea","@id":"https:\/\/www.rri.ro\/#\/schema\/person\/f9ab1cb3569dee1b2c033a814bb7f0fc"},"headline":"Ein Jahr Corona in Rum\u00e4nien","datePublished":"2021-02-26T17:23:00+00:00","dateModified":"2024-02-19T19:02:37+00:00","mainEntityOfPage":{"@id":"https:\/\/www.rri.ro\/de\/aktuell\/rri-aktuell\/ein-jahr-corona-in-rumaenien-id461819.html"},"wordCount":473,"image":{"@id":"https:\/\/www.rri.ro\/de\/aktuell\/rri-aktuell\/ein-jahr-corona-in-rumaenien-id461819.html#primaryimage"},"thumbnailUrl":"https:\/\/www.rri.ro\/wp-content\/uploads\/2023\/10\/coronavirus-covid19-pandemie-infectare-virus-foto-pixabay-compng-alt.png","keywords":["corona","Impfkampagne","Notstand"],"articleSection":["RRI Aktuell"],"inLanguage":"de"},{"@type":"WebPage","@id":"https:\/\/www.rri.ro\/de\/aktuell\/rri-aktuell\/ein-jahr-corona-in-rumaenien-id461819.html","url":"https:\/\/www.rri.ro\/de\/aktuell\/rri-aktuell\/ein-jahr-corona-in-rumaenien-id461819.html","name":"Ein Jahr Corona in Rum\u00e4nien - Radio Rum\u00e4nien International","isPartOf":{"@id":"https:\/\/www.rri.ro\/#website"},"primaryImageOfPage":{"@id":"https:\/\/www.rri.ro\/de\/aktuell\/rri-aktuell\/ein-jahr-corona-in-rumaenien-id461819.html#primaryimage"},"image":{"@id":"https:\/\/www.rri.ro\/de\/aktuell\/rri-aktuell\/ein-jahr-corona-in-rumaenien-id461819.html#primaryimage"},"thumbnailUrl":"https:\/\/www.rri.ro\/wp-content\/uploads\/2023\/10\/coronavirus-covid19-pandemie-infectare-virus-foto-pixabay-compng-alt.png","datePublished":"2021-02-26T17:23:00+00:00","dateModified":"2024-02-19T19:02:37+00:00","author":{"@id":"https:\/\/www.rri.ro\/#\/schema\/person\/f9ab1cb3569dee1b2c033a814bb7f0fc"},"breadcrumb":{"@id":"https:\/\/www.rri.ro\/de\/aktuell\/rri-aktuell\/ein-jahr-corona-in-rumaenien-id461819.html#breadcrumb"},"inLanguage":"de","potentialAction":[{"@type":"ReadAction","target":["https:\/\/www.rri.ro\/de\/aktuell\/rri-aktuell\/ein-jahr-corona-in-rumaenien-id461819.html"]}]},{"@type":"ImageObject","inLanguage":"de","@id":"https:\/\/www.rri.ro\/de\/aktuell\/rri-aktuell\/ein-jahr-corona-in-rumaenien-id461819.html#primaryimage","url":"https:\/\/www.rri.ro\/wp-content\/uploads\/2023\/10\/coronavirus-covid19-pandemie-infectare-virus-foto-pixabay-compng-alt.png","contentUrl":"https:\/\/www.rri.ro\/wp-content\/uploads\/2023\/10\/coronavirus-covid19-pandemie-infectare-virus-foto-pixabay-compng-alt.png","width":640,"height":480},{"@type":"BreadcrumbList","@id":"https:\/\/www.rri.ro\/de\/aktuell\/rri-aktuell\/ein-jahr-corona-in-rumaenien-id461819.html#breadcrumb","itemListElement":[{"@type":"ListItem","position":1,"name":"Startseite","item":"https:\/\/www.rri.ro\/de"},{"@type":"ListItem","position":2,"name":"Aktuell","item":"https:\/\/www.rri.ro\/de\/aktuell"},{"@type":"ListItem","position":3,"name":"RRI Aktuell","item":"https:\/\/www.rri.ro\/de\/aktuell\/rri-aktuell"},{"@type":"ListItem","position":4,"name":"Ein Jahr Corona in Rum\u00e4nien"}]},{"@type":"WebSite","@id":"https:\/\/www.rri.ro\/#website","url":"https:\/\/www.rri.ro\/","name":"Radio Rum\u00e4nien International","description":"Totul despre Rom\u00e2nia \u015fi rom\u00e2ni, \u00een 13 limbi\/dialecte!","inLanguage":"de"},{"@type":"Person","@id":"https:\/\/www.rri.ro\/#\/schema\/person\/f9ab1cb3569dee1b2c033a814bb7f0fc","name":"Corina Cristea","url":"https:\/\/www.rri.ro\/de\/author\/corina-cristea"}]}},"_links":{"self":[{"href":"https:\/\/www.rri.ro\/de\/wp-json\/wp\/v2\/posts\/461819","targetHints":{"allow":["GET"]}}],"collection":[{"href":"https:\/\/www.rri.ro\/de\/wp-json\/wp\/v2\/posts"}],"about":[{"href":"https:\/\/www.rri.ro\/de\/wp-json\/wp\/v2\/types\/post"}],"author":[{"embeddable":true,"href":"https:\/\/www.rri.ro\/de\/wp-json\/wp\/v2\/users\/108"}],"replies":[{"embeddable":true,"href":"https:\/\/www.rri.ro\/de\/wp-json\/wp\/v2\/comments?post=461819"}],"version-history":[{"count":0,"href":"https:\/\/www.rri.ro\/de\/wp-json\/wp\/v2\/posts\/461819\/revisions"}],"wp:featuredmedia":[{"embeddable":true,"href":"https:\/\/www.rri.ro\/de\/wp-json\/wp\/v2\/media\/88214"}],"wp:attachment":[{"href":"https:\/\/www.rri.ro\/de\/wp-json\/wp\/v2\/media?parent=461819"}],"wp:term":[{"taxonomy":"category","embeddable":true,"href":"https:\/\/www.rri.ro\/de\/wp-json\/wp\/v2\/categories?post=461819"},{"taxonomy":"post_tag","embeddable":true,"href":"https:\/\/www.rri.ro\/de\/wp-json\/wp\/v2\/tags?post=461819"},{"taxonomy":"author","embeddable":true,"href":"https:\/\/www.rri.ro\/de\/wp-json\/wp\/v2\/coauthors?post=461819"}],"curies":[{"name":"wp","href":"https:\/\/api.w.org\/{rel}","templated":true}]}}