{"id":461821,"date":"2021-03-01T14:40:00","date_gmt":"2021-03-01T12:40:00","guid":{"rendered":"http:\/\/devrri.freshlemon.ro\/aktuell\/gespraeche-ueber-die-angestellten-im-oeffentlichen-sektor-id461821.html"},"modified":"2024-02-19T21:02:49","modified_gmt":"2024-02-19T19:02:49","slug":"gespraeche-ueber-die-angestellten-im-oeffentlichen-sektor","status":"publish","type":"post","link":"https:\/\/www.rri.ro\/de\/aktuell\/rri-aktuell\/gespraeche-ueber-die-angestellten-im-oeffentlichen-sektor-id461821.html","title":{"rendered":"Gespr\u00e4che \u00fcber die Angestellten im \u00f6ffentlichen Sektor"},"content":{"rendered":"<p align=JUSTIFY class=western style=margin-bottom: 0.26cm; border: none; padding: 0cm; line-height: 150%; widows: 2; orphans: 2>Die Sonderaussch\u00fcsse des Parlaments haben gr\u00fcnes Licht f\u00fcr die Haushaltsvorlage 2021 und f\u00fcr den Haushaltder Sozialversicherung in der von der Regierung vorgelegten Form gegeben. Eine endg\u00fcltige Abstimmung wird in der Plenarsitzung am Dienstag erfolgen. Was das Gesetz \u00fcber die Geh\u00e4lter der Angestellten des \u00f6ffentlichen Sektors betrifft, sagte Arbeitsministerin Raluca Turcan, dass die vom Arbeitsministerium konzipierte Form auch einige Grundprinzipien f\u00fcr die Berechnung der Geh\u00e4lter festlegen wird und welche Boni einen festen Wert haben k\u00f6nnen oder wegfallen k\u00f6nnen. <\/p>\n<p>&#13;<br \/>\n&#13;<\/p>\n<p align=JUSTIFY class=western style=margin-bottom: 0.26cm; border: none; padding: 0cm; line-height: 150%; widows: 2; orphans: 2>\n<p>&#13;<br \/>\n&#13;<\/p>\n<p align=JUSTIFY class=western style=margin-bottom: 0.26cm; border: none; padding: 0cm; line-height: 150%; widows: 2; orphans: 2>\n<p>&#13;<br \/>\n&#13;<\/p>\n<p align=JUSTIFY class=western style=margin-bottom: 0.26cm; border: none; padding: 0cm; line-height: 150%; widows: 2; orphans: 2>Die Ministerin sagte, dass es bestimmte Kategorien von Angestellten gibt, die zus\u00e4tzliche Boni im Wert von 85% ihres Gehalts erhalten, und dass unter dem neuen Gesetz alle nutzlosen Boni eliminiert werden, wie z.B. der Bonus f\u00fcr neuro-psychologische Stresszust\u00e4nde oder Vertraulichkeitsboni, und dass einige Einkommen eingefroren werden, w\u00e4hrend andere niedrigere Einkommen von einer schnelleren Erh\u00f6hung profitieren werden. Die Regierung wird sich mit einem weiteren Gesetzentwurf des Arbeitsministeriums befassen, der die Zusammenrechnung von Renten mit staatlich bezahlten Geh\u00e4ltern verbietet. <\/p>\n<p>&#13;<br \/>\n&#13;<\/p>\n<p align=JUSTIFY class=western style=margin-bottom: 0.26cm; border: none; padding: 0cm; line-height: 150%; widows: 2; orphans: 2>\n<p>&#13;<br \/>\n&#13;<\/p>\n<p align=JUSTIFY class=western style=margin-bottom: 0.26cm; border: none; padding: 0cm; line-height: 150%; widows: 2; orphans: 2>\n<p>&#13;<br \/>\n&#13;<\/p>\n<p align=JUSTIFY class=western style=margin-bottom: 0.26cm; border: none; padding: 0cm; line-height: 150%; widows: 2; orphans: 2>Raluca Turcan sagte, dass das Ministerium in Anbetracht der Existenz eines &#8222;signifikanten Trends&#8220; unter den Angestellten des \u00f6ffentlichen Sektors, die in den Ruhestand gehen und sp\u00e4ter einen Job im \u00f6ffentlichen Sektor bekommen, den Angestellten des \u00f6ffentlichen Sektors die M\u00f6glichkeit geben will, bis zu einem sp\u00e4teren Zeitpunkt in ihrem Leben zu arbeiten, ohne jedoch von einer aggregierten Zahlung von Renten und Geh\u00e4ltern zu profitieren. Ministerpr\u00e4sident Florin C\u00ee\u0163u wiederum sagt, der vom Arbeitsministerium ausgearbeitete Gesetzentwurf sei sehr gut und ein normales Unterfangen, und jeder m\u00fcsse eine Entscheidung treffen.<\/p>\n<p>&#13;<br \/>\n&#13;<\/p>\n<p align=JUSTIFY class=western style=margin-bottom: 0.26cm; border: none; padding: 0cm; line-height: 150%; widows: 2; orphans: 2>\n<p>&#13;<br \/>\n&#13;<\/p>\n<p align=JUSTIFY class=western style=margin-bottom: 0.26cm; border: none; padding: 0cm; line-height: 150%; widows: 2; orphans: 2>\n<p>&#13;<br \/>\n&#13;<\/p>\n<p align=JUSTIFY class=western style=margin-bottom: 0.26cm; border: none; padding: 0cm; line-height: 150%; widows: 2; orphans: 2>&#8222;Es ist ein Gesetzentwurf, den wir in unserer Koalition diskutiert haben. Ich finde, dass er sehr gut ist. Sie wissen, dass wir auch im letzten Jahr versucht haben, es umzusetzen. Ich glaube, es ist normal, wenn man in den Ruhestand geht, dass man sich entscheidet, ob man eine Pension bekommt oder im \u00f6ffentlichen Dienst angestellt bleibt, und in dem Fall verzichtet man auf die Pension.&#8220;<\/p>\n<p>&#13;<br \/>\n&#13;<\/p>\n<p align=JUSTIFY class=western style=margin-bottom: 0.26cm; border: none; padding: 0cm; line-height: 150%; widows: 2; orphans: 2>\n<p>&#13;<br \/>\n&#13;<\/p>\n<p align=JUSTIFY class=western style=margin-bottom: 0.26cm; border: none; padding: 0cm; line-height: 150%; widows: 2; orphans: 2>\n<p>&#13;<br \/>\n&#13;<\/p>\n<p align=JUSTIFY class=western style=margin-bottom: 0.26cm; border: none; padding: 0cm; line-height: 150%; widows: 2; orphans: 2>Das System wurde zuvor vom Boc-Kabinett im Jahr 2009 im Zusammenhang mit der globalen Rezession f\u00fcr alle Einkommen eingef\u00fchrt, die eine bestimmte Grenze \u00fcberschreiten. Lehrer waren von der Regelung ausgenommen, aber schlie\u200e\u00dflich wurde das Gesetz 2014 von der Regierung unter Victor Ponta wieder abgeschafft. In Bezug auf dieses neue Gesetz sagten einige Manager, dass sie nach erg\u00e4nzenden L\u00f6sungen suchen. Bildungsminister Sorin C\u00eempeanu sagte, dass der Bildungssektor Zahlungen pro Stunde zul\u00e4sst, um Lehrer nach ihrer Pensionierung einzusetzen, da sonst die Zahl der unqualifizierten Lehrer steigen w\u00fcrde. In diesem Sinne sagte Ministerin Turcan, dass der Gesetzentwurf bestimmte Ma\u200e\u00dfnahmen vorsieht, um die Blockierung von Schl\u00fcsselsektoren zu verhindern.<\/p>\n<p>&#13;<br \/>\n&#13;<\/p>\n<p align=JUSTIFY class=western style=margin-bottom: 0.26cm; border: none; padding: 0cm; line-height: 150%; widows: 2; orphans: 2>\n<p>&#13;<br \/>\n&#13;<\/p>\n<p align=JUSTIFY class=western style=margin-bottom: 0.26cm; border: none; padding: 0cm; line-height: 150%; widows: 2; orphans: 2>\n<p>&#13;<br \/>\n&#13;<\/p>\n<p align=JUSTIFY class=western style=margin-bottom: 0.26cm; border: none; padding: 0cm; line-height: 150%; widows: 2; orphans: 2>Die Sozialdemokraten in der Opposition haben die Initiative heftig kritisiert. Senatorin Gabriela Firea postete in den sozialen Medien, dass der Gesetzesentwurf in Wirklichkeit &#8222;ein verwerflicher Versuch ist, das Rentenalter auf 70 Jahre zu erh\u00f6hen&#8220;.<\/p>\n<p>&#13;<br \/>\n&#13;<\/p>\n<p align=JUSTIFY class=western style=margin-bottom: 0.26cm; border: none; padding: 0cm; line-height: 150%; widows: 2; orphans: 2>&#13;\n <\/p>\n<p>&#13;<\/p>\n","protected":false},"excerpt":{"rendered":"<p>Die Regierung erw\u00e4gt ein Gesetz \u00fcber die Geh\u00e4lter im \u00f6ffentlichen Sektor, sowie ein weiteres \u00fcber das Verbot der Zusammenrechnung von Renten und Geh\u00e4ltern.<\/p>\n","protected":false},"author":107,"featured_media":87855,"comment_status":"closed","ping_status":"closed","sticky":false,"template":"","format":"standard","meta":{"_acf_changed":false,"footnotes":""},"categories":[99583],"tags":[105226,105225,105227],"coauthors":[],"class_list":["post-461821","post","type-post","status-publish","format-standard","has-post-thumbnail","hentry","category-rri-aktuell","tag-gehaelter-staat","tag-oeffentlicher-sektor","tag-renten-und-loehne-rumaenien"],"acf":[],"yoast_head":"<!-- This site is optimized with the Yoast SEO plugin v27.3 - https:\/\/yoast.com\/product\/yoast-seo-wordpress\/ -->\n<title>Gespr\u00e4che \u00fcber die Angestellten im \u00f6ffentlichen Sektor - Radio Rum\u00e4nien International<\/title>\n<meta name=\"robots\" content=\"index, follow, max-snippet:-1, max-image-preview:large, max-video-preview:-1\" \/>\n<link rel=\"canonical\" href=\"https:\/\/www.rri.ro\/de\/aktuell\/rri-aktuell\/gespraeche-ueber-die-angestellten-im-oeffentlichen-sektor-id461821.html\" \/>\n<meta property=\"og:locale\" content=\"de_DE\" \/>\n<meta property=\"og:type\" content=\"article\" \/>\n<meta property=\"og:title\" content=\"Gespr\u00e4che \u00fcber die Angestellten im \u00f6ffentlichen Sektor - Radio Rum\u00e4nien International\" \/>\n<meta property=\"og:description\" content=\"Die Regierung erw\u00e4gt ein Gesetz \u00fcber die Geh\u00e4lter im \u00f6ffentlichen Sektor, sowie ein weiteres \u00fcber das Verbot der Zusammenrechnung von Renten und Geh\u00e4ltern.\" \/>\n<meta property=\"og:url\" content=\"https:\/\/www.rri.ro\/de\/aktuell\/rri-aktuell\/gespraeche-ueber-die-angestellten-im-oeffentlichen-sektor-id461821.html\" \/>\n<meta property=\"og:site_name\" content=\"Radio Rum\u00e4nien International\" \/>\n<meta property=\"article:published_time\" content=\"2021-03-01T12:40:00+00:00\" \/>\n<meta property=\"article:modified_time\" content=\"2024-02-19T19:02:49+00:00\" \/>\n<meta property=\"og:image\" content=\"https:\/\/www.rri.ro\/wp-content\/uploads\/2023\/10\/florin-citu-gov-ro.jpg\" \/>\n\t<meta property=\"og:image:width\" content=\"640\" \/>\n\t<meta property=\"og:image:height\" content=\"480\" \/>\n\t<meta property=\"og:image:type\" content=\"image\/jpeg\" \/>\n<meta name=\"author\" content=\"Daniela Budu\" \/>\n<meta name=\"twitter:card\" content=\"summary_large_image\" \/>\n<meta name=\"twitter:label1\" content=\"Verfasst von\" \/>\n\t<meta name=\"twitter:data1\" content=\"Daniela Budu\" \/>\n\t<meta name=\"twitter:label2\" content=\"Gesch\u00e4tzte Lesezeit\" \/>\n\t<meta name=\"twitter:data2\" content=\"2\u00a0Minuten\" \/>\n\t<meta name=\"twitter:label3\" content=\"Written by\" \/>\n\t<meta name=\"twitter:data3\" content=\"Daniela Budu\" \/>\n<script type=\"application\/ld+json\" class=\"yoast-schema-graph\">{\"@context\":\"https:\\\/\\\/schema.org\",\"@graph\":[{\"@type\":\"Article\",\"@id\":\"https:\\\/\\\/www.rri.ro\\\/de\\\/aktuell\\\/rri-aktuell\\\/gespraeche-ueber-die-angestellten-im-oeffentlichen-sektor-id461821.html#article\",\"isPartOf\":{\"@id\":\"https:\\\/\\\/www.rri.ro\\\/de\\\/aktuell\\\/rri-aktuell\\\/gespraeche-ueber-die-angestellten-im-oeffentlichen-sektor-id461821.html\"},\"author\":{\"name\":\"Daniela Budu\",\"@id\":\"https:\\\/\\\/www.rri.ro\\\/#\\\/schema\\\/person\\\/b46b8f80d7d6e4b5ac9f14f0acbad0c4\"},\"headline\":\"Gespr\u00e4che \u00fcber die Angestellten im \u00f6ffentlichen Sektor\",\"datePublished\":\"2021-03-01T12:40:00+00:00\",\"dateModified\":\"2024-02-19T19:02:49+00:00\",\"mainEntityOfPage\":{\"@id\":\"https:\\\/\\\/www.rri.ro\\\/de\\\/aktuell\\\/rri-aktuell\\\/gespraeche-ueber-die-angestellten-im-oeffentlichen-sektor-id461821.html\"},\"wordCount\":481,\"image\":{\"@id\":\"https:\\\/\\\/www.rri.ro\\\/de\\\/aktuell\\\/rri-aktuell\\\/gespraeche-ueber-die-angestellten-im-oeffentlichen-sektor-id461821.html#primaryimage\"},\"thumbnailUrl\":\"https:\\\/\\\/www.rri.ro\\\/wp-content\\\/uploads\\\/2023\\\/10\\\/florin-citu-gov-ro.jpg\",\"keywords\":[\"Geh\u00e4lter Staat\",\"\u00d6ffentlicher Sektor\",\"Renten und L\u00f6hne Rum\u00e4nien\"],\"articleSection\":[\"RRI Aktuell\"],\"inLanguage\":\"de\"},{\"@type\":\"WebPage\",\"@id\":\"https:\\\/\\\/www.rri.ro\\\/de\\\/aktuell\\\/rri-aktuell\\\/gespraeche-ueber-die-angestellten-im-oeffentlichen-sektor-id461821.html\",\"url\":\"https:\\\/\\\/www.rri.ro\\\/de\\\/aktuell\\\/rri-aktuell\\\/gespraeche-ueber-die-angestellten-im-oeffentlichen-sektor-id461821.html\",\"name\":\"Gespr\u00e4che \u00fcber die Angestellten im \u00f6ffentlichen Sektor - Radio Rum\u00e4nien International\",\"isPartOf\":{\"@id\":\"https:\\\/\\\/www.rri.ro\\\/#website\"},\"primaryImageOfPage\":{\"@id\":\"https:\\\/\\\/www.rri.ro\\\/de\\\/aktuell\\\/rri-aktuell\\\/gespraeche-ueber-die-angestellten-im-oeffentlichen-sektor-id461821.html#primaryimage\"},\"image\":{\"@id\":\"https:\\\/\\\/www.rri.ro\\\/de\\\/aktuell\\\/rri-aktuell\\\/gespraeche-ueber-die-angestellten-im-oeffentlichen-sektor-id461821.html#primaryimage\"},\"thumbnailUrl\":\"https:\\\/\\\/www.rri.ro\\\/wp-content\\\/uploads\\\/2023\\\/10\\\/florin-citu-gov-ro.jpg\",\"datePublished\":\"2021-03-01T12:40:00+00:00\",\"dateModified\":\"2024-02-19T19:02:49+00:00\",\"author\":{\"@id\":\"https:\\\/\\\/www.rri.ro\\\/#\\\/schema\\\/person\\\/b46b8f80d7d6e4b5ac9f14f0acbad0c4\"},\"breadcrumb\":{\"@id\":\"https:\\\/\\\/www.rri.ro\\\/de\\\/aktuell\\\/rri-aktuell\\\/gespraeche-ueber-die-angestellten-im-oeffentlichen-sektor-id461821.html#breadcrumb\"},\"inLanguage\":\"de\",\"potentialAction\":[{\"@type\":\"ReadAction\",\"target\":[\"https:\\\/\\\/www.rri.ro\\\/de\\\/aktuell\\\/rri-aktuell\\\/gespraeche-ueber-die-angestellten-im-oeffentlichen-sektor-id461821.html\"]}]},{\"@type\":\"ImageObject\",\"inLanguage\":\"de\",\"@id\":\"https:\\\/\\\/www.rri.ro\\\/de\\\/aktuell\\\/rri-aktuell\\\/gespraeche-ueber-die-angestellten-im-oeffentlichen-sektor-id461821.html#primaryimage\",\"url\":\"https:\\\/\\\/www.rri.ro\\\/wp-content\\\/uploads\\\/2023\\\/10\\\/florin-citu-gov-ro.jpg\",\"contentUrl\":\"https:\\\/\\\/www.rri.ro\\\/wp-content\\\/uploads\\\/2023\\\/10\\\/florin-citu-gov-ro.jpg\",\"width\":640,\"height\":480},{\"@type\":\"BreadcrumbList\",\"@id\":\"https:\\\/\\\/www.rri.ro\\\/de\\\/aktuell\\\/rri-aktuell\\\/gespraeche-ueber-die-angestellten-im-oeffentlichen-sektor-id461821.html#breadcrumb\",\"itemListElement\":[{\"@type\":\"ListItem\",\"position\":1,\"name\":\"Startseite\",\"item\":\"https:\\\/\\\/www.rri.ro\\\/de\"},{\"@type\":\"ListItem\",\"position\":2,\"name\":\"Aktuell\",\"item\":\"https:\\\/\\\/www.rri.ro\\\/de\\\/aktuell\"},{\"@type\":\"ListItem\",\"position\":3,\"name\":\"RRI Aktuell\",\"item\":\"https:\\\/\\\/www.rri.ro\\\/de\\\/aktuell\\\/rri-aktuell\"},{\"@type\":\"ListItem\",\"position\":4,\"name\":\"Gespr\u00e4che \u00fcber die Angestellten im \u00f6ffentlichen Sektor\"}]},{\"@type\":\"WebSite\",\"@id\":\"https:\\\/\\\/www.rri.ro\\\/#website\",\"url\":\"https:\\\/\\\/www.rri.ro\\\/\",\"name\":\"Radio Rum\u00e4nien International\",\"description\":\"Totul despre Rom\u00e2nia \u015fi rom\u00e2ni, \u00een 13 limbi\\\/dialecte!\",\"inLanguage\":\"de\"},{\"@type\":\"Person\",\"@id\":\"https:\\\/\\\/www.rri.ro\\\/#\\\/schema\\\/person\\\/b46b8f80d7d6e4b5ac9f14f0acbad0c4\",\"name\":\"Daniela Budu\",\"url\":\"https:\\\/\\\/www.rri.ro\\\/de\\\/author\\\/daniela-budu\"}]}<\/script>\n<!-- \/ Yoast SEO plugin. -->","yoast_head_json":{"title":"Gespr\u00e4che \u00fcber die Angestellten im \u00f6ffentlichen Sektor - Radio Rum\u00e4nien International","robots":{"index":"index","follow":"follow","max-snippet":"max-snippet:-1","max-image-preview":"max-image-preview:large","max-video-preview":"max-video-preview:-1"},"canonical":"https:\/\/www.rri.ro\/de\/aktuell\/rri-aktuell\/gespraeche-ueber-die-angestellten-im-oeffentlichen-sektor-id461821.html","og_locale":"de_DE","og_type":"article","og_title":"Gespr\u00e4che \u00fcber die Angestellten im \u00f6ffentlichen Sektor - Radio Rum\u00e4nien International","og_description":"Die Regierung erw\u00e4gt ein Gesetz \u00fcber die Geh\u00e4lter im \u00f6ffentlichen Sektor, sowie ein weiteres \u00fcber das Verbot der Zusammenrechnung von Renten und Geh\u00e4ltern.","og_url":"https:\/\/www.rri.ro\/de\/aktuell\/rri-aktuell\/gespraeche-ueber-die-angestellten-im-oeffentlichen-sektor-id461821.html","og_site_name":"Radio Rum\u00e4nien International","article_published_time":"2021-03-01T12:40:00+00:00","article_modified_time":"2024-02-19T19:02:49+00:00","og_image":[{"width":640,"height":480,"url":"https:\/\/www.rri.ro\/wp-content\/uploads\/2023\/10\/florin-citu-gov-ro.jpg","type":"image\/jpeg"}],"author":"Daniela Budu","twitter_card":"summary_large_image","twitter_misc":{"Verfasst von":"Daniela Budu","Gesch\u00e4tzte Lesezeit":"2\u00a0Minuten","Written by":"Daniela Budu"},"schema":{"@context":"https:\/\/schema.org","@graph":[{"@type":"Article","@id":"https:\/\/www.rri.ro\/de\/aktuell\/rri-aktuell\/gespraeche-ueber-die-angestellten-im-oeffentlichen-sektor-id461821.html#article","isPartOf":{"@id":"https:\/\/www.rri.ro\/de\/aktuell\/rri-aktuell\/gespraeche-ueber-die-angestellten-im-oeffentlichen-sektor-id461821.html"},"author":{"name":"Daniela Budu","@id":"https:\/\/www.rri.ro\/#\/schema\/person\/b46b8f80d7d6e4b5ac9f14f0acbad0c4"},"headline":"Gespr\u00e4che \u00fcber die Angestellten im \u00f6ffentlichen Sektor","datePublished":"2021-03-01T12:40:00+00:00","dateModified":"2024-02-19T19:02:49+00:00","mainEntityOfPage":{"@id":"https:\/\/www.rri.ro\/de\/aktuell\/rri-aktuell\/gespraeche-ueber-die-angestellten-im-oeffentlichen-sektor-id461821.html"},"wordCount":481,"image":{"@id":"https:\/\/www.rri.ro\/de\/aktuell\/rri-aktuell\/gespraeche-ueber-die-angestellten-im-oeffentlichen-sektor-id461821.html#primaryimage"},"thumbnailUrl":"https:\/\/www.rri.ro\/wp-content\/uploads\/2023\/10\/florin-citu-gov-ro.jpg","keywords":["Geh\u00e4lter Staat","\u00d6ffentlicher Sektor","Renten und L\u00f6hne Rum\u00e4nien"],"articleSection":["RRI Aktuell"],"inLanguage":"de"},{"@type":"WebPage","@id":"https:\/\/www.rri.ro\/de\/aktuell\/rri-aktuell\/gespraeche-ueber-die-angestellten-im-oeffentlichen-sektor-id461821.html","url":"https:\/\/www.rri.ro\/de\/aktuell\/rri-aktuell\/gespraeche-ueber-die-angestellten-im-oeffentlichen-sektor-id461821.html","name":"Gespr\u00e4che \u00fcber die Angestellten im \u00f6ffentlichen Sektor - Radio Rum\u00e4nien International","isPartOf":{"@id":"https:\/\/www.rri.ro\/#website"},"primaryImageOfPage":{"@id":"https:\/\/www.rri.ro\/de\/aktuell\/rri-aktuell\/gespraeche-ueber-die-angestellten-im-oeffentlichen-sektor-id461821.html#primaryimage"},"image":{"@id":"https:\/\/www.rri.ro\/de\/aktuell\/rri-aktuell\/gespraeche-ueber-die-angestellten-im-oeffentlichen-sektor-id461821.html#primaryimage"},"thumbnailUrl":"https:\/\/www.rri.ro\/wp-content\/uploads\/2023\/10\/florin-citu-gov-ro.jpg","datePublished":"2021-03-01T12:40:00+00:00","dateModified":"2024-02-19T19:02:49+00:00","author":{"@id":"https:\/\/www.rri.ro\/#\/schema\/person\/b46b8f80d7d6e4b5ac9f14f0acbad0c4"},"breadcrumb":{"@id":"https:\/\/www.rri.ro\/de\/aktuell\/rri-aktuell\/gespraeche-ueber-die-angestellten-im-oeffentlichen-sektor-id461821.html#breadcrumb"},"inLanguage":"de","potentialAction":[{"@type":"ReadAction","target":["https:\/\/www.rri.ro\/de\/aktuell\/rri-aktuell\/gespraeche-ueber-die-angestellten-im-oeffentlichen-sektor-id461821.html"]}]},{"@type":"ImageObject","inLanguage":"de","@id":"https:\/\/www.rri.ro\/de\/aktuell\/rri-aktuell\/gespraeche-ueber-die-angestellten-im-oeffentlichen-sektor-id461821.html#primaryimage","url":"https:\/\/www.rri.ro\/wp-content\/uploads\/2023\/10\/florin-citu-gov-ro.jpg","contentUrl":"https:\/\/www.rri.ro\/wp-content\/uploads\/2023\/10\/florin-citu-gov-ro.jpg","width":640,"height":480},{"@type":"BreadcrumbList","@id":"https:\/\/www.rri.ro\/de\/aktuell\/rri-aktuell\/gespraeche-ueber-die-angestellten-im-oeffentlichen-sektor-id461821.html#breadcrumb","itemListElement":[{"@type":"ListItem","position":1,"name":"Startseite","item":"https:\/\/www.rri.ro\/de"},{"@type":"ListItem","position":2,"name":"Aktuell","item":"https:\/\/www.rri.ro\/de\/aktuell"},{"@type":"ListItem","position":3,"name":"RRI Aktuell","item":"https:\/\/www.rri.ro\/de\/aktuell\/rri-aktuell"},{"@type":"ListItem","position":4,"name":"Gespr\u00e4che \u00fcber die Angestellten im \u00f6ffentlichen Sektor"}]},{"@type":"WebSite","@id":"https:\/\/www.rri.ro\/#website","url":"https:\/\/www.rri.ro\/","name":"Radio Rum\u00e4nien International","description":"Totul despre Rom\u00e2nia \u015fi rom\u00e2ni, \u00een 13 limbi\/dialecte!","inLanguage":"de"},{"@type":"Person","@id":"https:\/\/www.rri.ro\/#\/schema\/person\/b46b8f80d7d6e4b5ac9f14f0acbad0c4","name":"Daniela Budu","url":"https:\/\/www.rri.ro\/de\/author\/daniela-budu"}]}},"_links":{"self":[{"href":"https:\/\/www.rri.ro\/de\/wp-json\/wp\/v2\/posts\/461821","targetHints":{"allow":["GET"]}}],"collection":[{"href":"https:\/\/www.rri.ro\/de\/wp-json\/wp\/v2\/posts"}],"about":[{"href":"https:\/\/www.rri.ro\/de\/wp-json\/wp\/v2\/types\/post"}],"author":[{"embeddable":true,"href":"https:\/\/www.rri.ro\/de\/wp-json\/wp\/v2\/users\/107"}],"replies":[{"embeddable":true,"href":"https:\/\/www.rri.ro\/de\/wp-json\/wp\/v2\/comments?post=461821"}],"version-history":[{"count":0,"href":"https:\/\/www.rri.ro\/de\/wp-json\/wp\/v2\/posts\/461821\/revisions"}],"wp:featuredmedia":[{"embeddable":true,"href":"https:\/\/www.rri.ro\/de\/wp-json\/wp\/v2\/media\/87855"}],"wp:attachment":[{"href":"https:\/\/www.rri.ro\/de\/wp-json\/wp\/v2\/media?parent=461821"}],"wp:term":[{"taxonomy":"category","embeddable":true,"href":"https:\/\/www.rri.ro\/de\/wp-json\/wp\/v2\/categories?post=461821"},{"taxonomy":"post_tag","embeddable":true,"href":"https:\/\/www.rri.ro\/de\/wp-json\/wp\/v2\/tags?post=461821"},{"taxonomy":"author","embeddable":true,"href":"https:\/\/www.rri.ro\/de\/wp-json\/wp\/v2\/coauthors?post=461821"}],"curies":[{"name":"wp","href":"https:\/\/api.w.org\/{rel}","templated":true}]}}