{"id":461824,"date":"2021-03-03T20:35:00","date_gmt":"2021-03-03T18:35:00","guid":{"rendered":"http:\/\/devrri.freshlemon.ro\/aktuell\/justiz-spricht-urteile-in-prominenten-verfahren-id461824.html"},"modified":"2024-02-19T21:02:51","modified_gmt":"2024-02-19T19:02:51","slug":"justiz-spricht-urteile-in-prominenten-verfahren","status":"publish","type":"post","link":"https:\/\/www.rri.ro\/de\/aktuell\/rri-aktuell\/justiz-spricht-urteile-in-prominenten-verfahren-id461824.html","title":{"rendered":"Justiz spricht Urteile in prominenten Verfahren"},"content":{"rendered":"<p align=left style=margin-bottom: 0in; line-height: 100%>Im Jahr 2009 gewann Traian B\u0103sescu die damaligen Pr\u00e4sidentschaftswahlen und somit eine zweite Amtszeit als Staatsoberhaupt. Aber schon damals wurden Fragen zur Wahlkampffinanzierung laut. Am 2. M\u00e4rz 2021 verh\u00e4ngte die rum\u00e4nische Justiz am Ende einer mehrj\u00e4hrigen Untersuchung schwere Haftstrafen in einem erstinstanzlichen Verfahren zu dieser Frage. Die ehemalige Entwicklungsministerin Elena Udrea, eine enge Mitarbeiterin des ehemaligen Staatschefs und inoffizielle Wahlkampfchefin und Ioana B\u0103sescu, \u00e4lteste Tochter des Politikers und Notarin, wurden zu 8, bzw. 5 Jahren Gef\u00e4ngnis wegen Geldw\u00e4sche und Anstiftung zur Korruption verurteilt. Ermittlungen der Anti-Korruptions-Staatsanw\u00e4lte deckten Machtmissbrauch, Betrug und die Vergabe von Staatsauftr\u00e4gen im Austausch gegen Bestechungsgelder auf, um Unterst\u00fctzung f\u00fcr den Wahlkampf zu erhalten. Beide Frauen wiesen die Vorw\u00fcrfe konsequent zur\u00fcck, wobei die ehemalige Ministerin sich tief schockiert \u00fcber das ihrer Meinung nach ungerechte Urteil zeigte: &#8222;Ich habe niemanden get\u00f6tet, ich habe niemanden vergewaltigt, ich habe kein Geld genommen, um es nach Hause zu bringen!&#8220; emp\u00f6rte sich Elena Udrea. Rechtsmittel gegen das Urteil sind m\u00f6glich, die endg\u00fcltige Entscheidung obliegt dem Obersten Kassations- und Justizgerichtshof.<\/p>\n<p>&#13;<br \/>\n&#13;<\/p>\n<p align=left style=margin-bottom: 0in; line-height: 100%>\n<p>&#13;<br \/>\n&#13;<\/p>\n<p align=left style=margin-bottom: 0in; line-height: 100%>\n<p>&#13;<br \/>\n&#13;<\/p>\n<p align=left style=margin-bottom: 0in; line-height: 100%>Schockierte Reaktionen gab es auch auf ein anderes Urteil. Am 10. August 2018 in Bukarest kam es bei einem Protest gegen die damalige sozialdemokratische Regierung zu schweren Auseinandersetzungen zwischen Sicherheitskr\u00e4ften und Demonstranten. Das Landgericht Bukarest lehnte den Antrag der Staatsanw\u00e4lte auf eine Wiederaufnahme des bereits eingestellten Strafverfahrens in diesem Fall ab. Die damaligen Gendarmeriechefs k\u00f6nnen also nicht f\u00fcr das von einigen als unverh\u00e4ltnism\u00e4\u200e\u00dfig empfundene Eingreifen ihrer Truppen gegen die Demonstranten belangt werden. Im Juni 2020 hatte die Staatsanwaltschaft das Verfahren geschlossen &#8211; eine Einstellung wurde sowohl f\u00fcr die Ermittlungen zum Vorgehen der Gendarmeriechefs als auch f\u00fcr einen mutma\u200e\u00dflichen Putschversuch veranlasst. In der Folge hob der damalige Beh\u00f6rdenleiter die Verf\u00fcgung seines Dezernenten teilweise auf und beschloss, das Verfahren gegen die ehemaligen Gendarmeriechefs wieder aufzunehmen.<br \/>&#13;<br \/>\nUnzufrieden mit der Entscheidung des Bukarester Gerichts vom Dienstag, sagten Vertreter mehrerer B\u00fcrgervereinigungen, sie w\u00fcrden eine Beschwerde gegen Rum\u00e4nien beim Europ\u00e4ischen Gerichtshof f\u00fcr Menschenrechte einreichen.<\/p>\n<p>&#13;<br \/>\n&#13;<\/p>\n<p>&#13;<br \/>\np { margin-bottom: 0.1in; line-height: 115%; background: transparent }&#13;<br \/>\n&#13;\n<\/p>\n<p>&#13;<\/p>\n","protected":false},"excerpt":{"rendered":"<p>Gericht verurteilt Ex-Ministerin zu 8 Jahren Haft<\/p>\n","protected":false},"author":113,"featured_media":82962,"comment_status":"closed","ping_status":"closed","sticky":false,"template":"","format":"standard","meta":{"_acf_changed":false,"footnotes":""},"categories":[99583],"tags":[],"coauthors":[],"class_list":["post-461824","post","type-post","status-publish","format-standard","has-post-thumbnail","hentry","category-rri-aktuell"],"acf":[],"yoast_head":"<!-- This site is optimized with the Yoast SEO plugin v27.3 - https:\/\/yoast.com\/product\/yoast-seo-wordpress\/ -->\n<title>Justiz spricht Urteile in prominenten Verfahren - Radio Rum\u00e4nien International<\/title>\n<meta name=\"robots\" content=\"index, follow, max-snippet:-1, max-image-preview:large, max-video-preview:-1\" \/>\n<link rel=\"canonical\" href=\"https:\/\/www.rri.ro\/de\/aktuell\/rri-aktuell\/justiz-spricht-urteile-in-prominenten-verfahren-id461824.html\" \/>\n<meta property=\"og:locale\" content=\"de_DE\" \/>\n<meta property=\"og:type\" content=\"article\" \/>\n<meta property=\"og:title\" content=\"Justiz spricht Urteile in prominenten Verfahren - Radio Rum\u00e4nien International\" \/>\n<meta property=\"og:description\" content=\"Gericht verurteilt Ex-Ministerin zu 8 Jahren Haft\" \/>\n<meta property=\"og:url\" content=\"https:\/\/www.rri.ro\/de\/aktuell\/rri-aktuell\/justiz-spricht-urteile-in-prominenten-verfahren-id461824.html\" \/>\n<meta property=\"og:site_name\" content=\"Radio Rum\u00e4nien International\" \/>\n<meta property=\"article:published_time\" content=\"2021-03-03T18:35:00+00:00\" \/>\n<meta property=\"article:modified_time\" content=\"2024-02-19T19:02:51+00:00\" \/>\n<meta property=\"og:image\" content=\"https:\/\/www.rri.ro\/wp-content\/uploads\/2023\/10\/justitie-lege-ccr-foto-pixabay.png\" \/>\n\t<meta property=\"og:image:width\" content=\"640\" \/>\n\t<meta property=\"og:image:height\" content=\"480\" \/>\n\t<meta property=\"og:image:type\" content=\"image\/png\" \/>\n<meta name=\"author\" content=\"Newsroom\" \/>\n<meta name=\"twitter:card\" content=\"summary_large_image\" \/>\n<meta name=\"twitter:label1\" content=\"Verfasst von\" \/>\n\t<meta name=\"twitter:data1\" content=\"Newsroom\" \/>\n\t<meta name=\"twitter:label2\" content=\"Gesch\u00e4tzte Lesezeit\" \/>\n\t<meta name=\"twitter:data2\" content=\"2\u00a0Minuten\" \/>\n\t<meta name=\"twitter:label3\" content=\"Written by\" \/>\n\t<meta name=\"twitter:data3\" content=\"Newsroom\" \/>\n<script type=\"application\/ld+json\" class=\"yoast-schema-graph\">{\"@context\":\"https:\\\/\\\/schema.org\",\"@graph\":[{\"@type\":\"Article\",\"@id\":\"https:\\\/\\\/www.rri.ro\\\/de\\\/aktuell\\\/rri-aktuell\\\/justiz-spricht-urteile-in-prominenten-verfahren-id461824.html#article\",\"isPartOf\":{\"@id\":\"https:\\\/\\\/www.rri.ro\\\/de\\\/aktuell\\\/rri-aktuell\\\/justiz-spricht-urteile-in-prominenten-verfahren-id461824.html\"},\"author\":{\"name\":\"Newsroom\",\"@id\":\"https:\\\/\\\/www.rri.ro\\\/#\\\/schema\\\/person\\\/4a479940371b9fdefd194f561e8a7f88\"},\"headline\":\"Justiz spricht Urteile in prominenten Verfahren\",\"datePublished\":\"2021-03-03T18:35:00+00:00\",\"dateModified\":\"2024-02-19T19:02:51+00:00\",\"mainEntityOfPage\":{\"@id\":\"https:\\\/\\\/www.rri.ro\\\/de\\\/aktuell\\\/rri-aktuell\\\/justiz-spricht-urteile-in-prominenten-verfahren-id461824.html\"},\"wordCount\":353,\"image\":{\"@id\":\"https:\\\/\\\/www.rri.ro\\\/de\\\/aktuell\\\/rri-aktuell\\\/justiz-spricht-urteile-in-prominenten-verfahren-id461824.html#primaryimage\"},\"thumbnailUrl\":\"https:\\\/\\\/www.rri.ro\\\/wp-content\\\/uploads\\\/2023\\\/10\\\/justitie-lege-ccr-foto-pixabay.png\",\"articleSection\":[\"RRI Aktuell\"],\"inLanguage\":\"de\"},{\"@type\":\"WebPage\",\"@id\":\"https:\\\/\\\/www.rri.ro\\\/de\\\/aktuell\\\/rri-aktuell\\\/justiz-spricht-urteile-in-prominenten-verfahren-id461824.html\",\"url\":\"https:\\\/\\\/www.rri.ro\\\/de\\\/aktuell\\\/rri-aktuell\\\/justiz-spricht-urteile-in-prominenten-verfahren-id461824.html\",\"name\":\"Justiz spricht Urteile in prominenten Verfahren - Radio Rum\u00e4nien International\",\"isPartOf\":{\"@id\":\"https:\\\/\\\/www.rri.ro\\\/#website\"},\"primaryImageOfPage\":{\"@id\":\"https:\\\/\\\/www.rri.ro\\\/de\\\/aktuell\\\/rri-aktuell\\\/justiz-spricht-urteile-in-prominenten-verfahren-id461824.html#primaryimage\"},\"image\":{\"@id\":\"https:\\\/\\\/www.rri.ro\\\/de\\\/aktuell\\\/rri-aktuell\\\/justiz-spricht-urteile-in-prominenten-verfahren-id461824.html#primaryimage\"},\"thumbnailUrl\":\"https:\\\/\\\/www.rri.ro\\\/wp-content\\\/uploads\\\/2023\\\/10\\\/justitie-lege-ccr-foto-pixabay.png\",\"datePublished\":\"2021-03-03T18:35:00+00:00\",\"dateModified\":\"2024-02-19T19:02:51+00:00\",\"author\":{\"@id\":\"https:\\\/\\\/www.rri.ro\\\/#\\\/schema\\\/person\\\/4a479940371b9fdefd194f561e8a7f88\"},\"breadcrumb\":{\"@id\":\"https:\\\/\\\/www.rri.ro\\\/de\\\/aktuell\\\/rri-aktuell\\\/justiz-spricht-urteile-in-prominenten-verfahren-id461824.html#breadcrumb\"},\"inLanguage\":\"de\",\"potentialAction\":[{\"@type\":\"ReadAction\",\"target\":[\"https:\\\/\\\/www.rri.ro\\\/de\\\/aktuell\\\/rri-aktuell\\\/justiz-spricht-urteile-in-prominenten-verfahren-id461824.html\"]}]},{\"@type\":\"ImageObject\",\"inLanguage\":\"de\",\"@id\":\"https:\\\/\\\/www.rri.ro\\\/de\\\/aktuell\\\/rri-aktuell\\\/justiz-spricht-urteile-in-prominenten-verfahren-id461824.html#primaryimage\",\"url\":\"https:\\\/\\\/www.rri.ro\\\/wp-content\\\/uploads\\\/2023\\\/10\\\/justitie-lege-ccr-foto-pixabay.png\",\"contentUrl\":\"https:\\\/\\\/www.rri.ro\\\/wp-content\\\/uploads\\\/2023\\\/10\\\/justitie-lege-ccr-foto-pixabay.png\",\"width\":640,\"height\":480},{\"@type\":\"BreadcrumbList\",\"@id\":\"https:\\\/\\\/www.rri.ro\\\/de\\\/aktuell\\\/rri-aktuell\\\/justiz-spricht-urteile-in-prominenten-verfahren-id461824.html#breadcrumb\",\"itemListElement\":[{\"@type\":\"ListItem\",\"position\":1,\"name\":\"Startseite\",\"item\":\"https:\\\/\\\/www.rri.ro\\\/de\"},{\"@type\":\"ListItem\",\"position\":2,\"name\":\"Aktuell\",\"item\":\"https:\\\/\\\/www.rri.ro\\\/de\\\/aktuell\"},{\"@type\":\"ListItem\",\"position\":3,\"name\":\"RRI Aktuell\",\"item\":\"https:\\\/\\\/www.rri.ro\\\/de\\\/aktuell\\\/rri-aktuell\"},{\"@type\":\"ListItem\",\"position\":4,\"name\":\"Justiz spricht Urteile in prominenten Verfahren\"}]},{\"@type\":\"WebSite\",\"@id\":\"https:\\\/\\\/www.rri.ro\\\/#website\",\"url\":\"https:\\\/\\\/www.rri.ro\\\/\",\"name\":\"Radio Rum\u00e4nien International\",\"description\":\"Totul despre Rom\u00e2nia \u015fi rom\u00e2ni, \u00een 13 limbi\\\/dialecte!\",\"inLanguage\":\"de\"},{\"@type\":\"Person\",\"@id\":\"https:\\\/\\\/www.rri.ro\\\/#\\\/schema\\\/person\\\/4a479940371b9fdefd194f561e8a7f88\",\"name\":\"Newsroom\",\"url\":\"https:\\\/\\\/www.rri.ro\\\/de\\\/author\\\/newsroom\"}]}<\/script>\n<!-- \/ Yoast SEO plugin. -->","yoast_head_json":{"title":"Justiz spricht Urteile in prominenten Verfahren - Radio Rum\u00e4nien International","robots":{"index":"index","follow":"follow","max-snippet":"max-snippet:-1","max-image-preview":"max-image-preview:large","max-video-preview":"max-video-preview:-1"},"canonical":"https:\/\/www.rri.ro\/de\/aktuell\/rri-aktuell\/justiz-spricht-urteile-in-prominenten-verfahren-id461824.html","og_locale":"de_DE","og_type":"article","og_title":"Justiz spricht Urteile in prominenten Verfahren - Radio Rum\u00e4nien International","og_description":"Gericht verurteilt Ex-Ministerin zu 8 Jahren Haft","og_url":"https:\/\/www.rri.ro\/de\/aktuell\/rri-aktuell\/justiz-spricht-urteile-in-prominenten-verfahren-id461824.html","og_site_name":"Radio Rum\u00e4nien International","article_published_time":"2021-03-03T18:35:00+00:00","article_modified_time":"2024-02-19T19:02:51+00:00","og_image":[{"width":640,"height":480,"url":"https:\/\/www.rri.ro\/wp-content\/uploads\/2023\/10\/justitie-lege-ccr-foto-pixabay.png","type":"image\/png"}],"author":"Newsroom","twitter_card":"summary_large_image","twitter_misc":{"Verfasst von":"Newsroom","Gesch\u00e4tzte Lesezeit":"2\u00a0Minuten","Written by":"Newsroom"},"schema":{"@context":"https:\/\/schema.org","@graph":[{"@type":"Article","@id":"https:\/\/www.rri.ro\/de\/aktuell\/rri-aktuell\/justiz-spricht-urteile-in-prominenten-verfahren-id461824.html#article","isPartOf":{"@id":"https:\/\/www.rri.ro\/de\/aktuell\/rri-aktuell\/justiz-spricht-urteile-in-prominenten-verfahren-id461824.html"},"author":{"name":"Newsroom","@id":"https:\/\/www.rri.ro\/#\/schema\/person\/4a479940371b9fdefd194f561e8a7f88"},"headline":"Justiz spricht Urteile in prominenten Verfahren","datePublished":"2021-03-03T18:35:00+00:00","dateModified":"2024-02-19T19:02:51+00:00","mainEntityOfPage":{"@id":"https:\/\/www.rri.ro\/de\/aktuell\/rri-aktuell\/justiz-spricht-urteile-in-prominenten-verfahren-id461824.html"},"wordCount":353,"image":{"@id":"https:\/\/www.rri.ro\/de\/aktuell\/rri-aktuell\/justiz-spricht-urteile-in-prominenten-verfahren-id461824.html#primaryimage"},"thumbnailUrl":"https:\/\/www.rri.ro\/wp-content\/uploads\/2023\/10\/justitie-lege-ccr-foto-pixabay.png","articleSection":["RRI Aktuell"],"inLanguage":"de"},{"@type":"WebPage","@id":"https:\/\/www.rri.ro\/de\/aktuell\/rri-aktuell\/justiz-spricht-urteile-in-prominenten-verfahren-id461824.html","url":"https:\/\/www.rri.ro\/de\/aktuell\/rri-aktuell\/justiz-spricht-urteile-in-prominenten-verfahren-id461824.html","name":"Justiz spricht Urteile in prominenten Verfahren - Radio Rum\u00e4nien International","isPartOf":{"@id":"https:\/\/www.rri.ro\/#website"},"primaryImageOfPage":{"@id":"https:\/\/www.rri.ro\/de\/aktuell\/rri-aktuell\/justiz-spricht-urteile-in-prominenten-verfahren-id461824.html#primaryimage"},"image":{"@id":"https:\/\/www.rri.ro\/de\/aktuell\/rri-aktuell\/justiz-spricht-urteile-in-prominenten-verfahren-id461824.html#primaryimage"},"thumbnailUrl":"https:\/\/www.rri.ro\/wp-content\/uploads\/2023\/10\/justitie-lege-ccr-foto-pixabay.png","datePublished":"2021-03-03T18:35:00+00:00","dateModified":"2024-02-19T19:02:51+00:00","author":{"@id":"https:\/\/www.rri.ro\/#\/schema\/person\/4a479940371b9fdefd194f561e8a7f88"},"breadcrumb":{"@id":"https:\/\/www.rri.ro\/de\/aktuell\/rri-aktuell\/justiz-spricht-urteile-in-prominenten-verfahren-id461824.html#breadcrumb"},"inLanguage":"de","potentialAction":[{"@type":"ReadAction","target":["https:\/\/www.rri.ro\/de\/aktuell\/rri-aktuell\/justiz-spricht-urteile-in-prominenten-verfahren-id461824.html"]}]},{"@type":"ImageObject","inLanguage":"de","@id":"https:\/\/www.rri.ro\/de\/aktuell\/rri-aktuell\/justiz-spricht-urteile-in-prominenten-verfahren-id461824.html#primaryimage","url":"https:\/\/www.rri.ro\/wp-content\/uploads\/2023\/10\/justitie-lege-ccr-foto-pixabay.png","contentUrl":"https:\/\/www.rri.ro\/wp-content\/uploads\/2023\/10\/justitie-lege-ccr-foto-pixabay.png","width":640,"height":480},{"@type":"BreadcrumbList","@id":"https:\/\/www.rri.ro\/de\/aktuell\/rri-aktuell\/justiz-spricht-urteile-in-prominenten-verfahren-id461824.html#breadcrumb","itemListElement":[{"@type":"ListItem","position":1,"name":"Startseite","item":"https:\/\/www.rri.ro\/de"},{"@type":"ListItem","position":2,"name":"Aktuell","item":"https:\/\/www.rri.ro\/de\/aktuell"},{"@type":"ListItem","position":3,"name":"RRI Aktuell","item":"https:\/\/www.rri.ro\/de\/aktuell\/rri-aktuell"},{"@type":"ListItem","position":4,"name":"Justiz spricht Urteile in prominenten Verfahren"}]},{"@type":"WebSite","@id":"https:\/\/www.rri.ro\/#website","url":"https:\/\/www.rri.ro\/","name":"Radio Rum\u00e4nien International","description":"Totul despre Rom\u00e2nia \u015fi rom\u00e2ni, \u00een 13 limbi\/dialecte!","inLanguage":"de"},{"@type":"Person","@id":"https:\/\/www.rri.ro\/#\/schema\/person\/4a479940371b9fdefd194f561e8a7f88","name":"Newsroom","url":"https:\/\/www.rri.ro\/de\/author\/newsroom"}]}},"_links":{"self":[{"href":"https:\/\/www.rri.ro\/de\/wp-json\/wp\/v2\/posts\/461824","targetHints":{"allow":["GET"]}}],"collection":[{"href":"https:\/\/www.rri.ro\/de\/wp-json\/wp\/v2\/posts"}],"about":[{"href":"https:\/\/www.rri.ro\/de\/wp-json\/wp\/v2\/types\/post"}],"author":[{"embeddable":true,"href":"https:\/\/www.rri.ro\/de\/wp-json\/wp\/v2\/users\/113"}],"replies":[{"embeddable":true,"href":"https:\/\/www.rri.ro\/de\/wp-json\/wp\/v2\/comments?post=461824"}],"version-history":[{"count":0,"href":"https:\/\/www.rri.ro\/de\/wp-json\/wp\/v2\/posts\/461824\/revisions"}],"wp:featuredmedia":[{"embeddable":true,"href":"https:\/\/www.rri.ro\/de\/wp-json\/wp\/v2\/media\/82962"}],"wp:attachment":[{"href":"https:\/\/www.rri.ro\/de\/wp-json\/wp\/v2\/media?parent=461824"}],"wp:term":[{"taxonomy":"category","embeddable":true,"href":"https:\/\/www.rri.ro\/de\/wp-json\/wp\/v2\/categories?post=461824"},{"taxonomy":"post_tag","embeddable":true,"href":"https:\/\/www.rri.ro\/de\/wp-json\/wp\/v2\/tags?post=461824"},{"taxonomy":"author","embeddable":true,"href":"https:\/\/www.rri.ro\/de\/wp-json\/wp\/v2\/coauthors?post=461824"}],"curies":[{"name":"wp","href":"https:\/\/api.w.org\/{rel}","templated":true}]}}