{"id":461827,"date":"2021-03-05T14:37:00","date_gmt":"2021-03-05T12:37:00","guid":{"rendered":"http:\/\/devrri.freshlemon.ro\/aktuell\/polizei-wegen-einsatzfehler-im-rampenlicht-id461827.html"},"modified":"2024-02-19T21:02:54","modified_gmt":"2024-02-19T19:02:54","slug":"polizei-wegen-einsatzfehler-im-rampenlicht","status":"publish","type":"post","link":"https:\/\/www.rri.ro\/de\/aktuell\/rri-aktuell\/polizei-wegen-einsatzfehler-im-rampenlicht-id461827.html","title":{"rendered":"Polizei wegen Einsatzfehler im Rampenlicht"},"content":{"rendered":"<p style=margin-bottom: 0in; line-height: 100%>Innenminister Lucian Bode hat nach einer Geiselnahme mit Ermordung der Opfer kurzerhand die Entlassung der Polizeiinspektion des Landkreises Bac\u0103u und der Polizeiinspektion One\u015fti veranlasst. Er k\u00fcndigte auch eine Untersuchung wegen Pflichtverletzung an, da die Schwere des Vorfalls ignoriert worden sei, die gesammelten Erkenntnisse unzureichend und die Vorgesetzten nicht vollst\u00e4ndig informiert worden waren. Am Montag nahm ein Mann zwei Arbeiter als Geiseln, die eine Wohnung in One\u015fti renovierten &#8211; er verlangte, dass das Gericht seine R\u00e4umung aus der Wohnung wieder r\u00fcckg\u00e4ngig macht, ansonsten w\u00fcrde er die Arbeiter t\u00f6ten. Die Verhandlungen mit dem Geiselnehmer scheiterten, die Polizei st\u00fcrmte die Wohnung, in der sich der 68-j\u00e4hrige befand. Der Mann wurde mit Schusswunden ins Krankenhaus gebracht. F\u00fcr die beiden Arbeiter kam aber jede Hilfe zu sp\u00e4t &#8211; der Geiselnehmer hatte sie erstochen. Der Innenminister sagte, dass es einen vollst\u00e4ndigen Untersuchungsbericht in diesem Fall geben werde, da der Verdacht bestehe, dass der unprofessionelle Eingriff der Ordnungsh\u00fcter zum Tod der Geiseln gef\u00fchrt hat. Der Innenminister hat auch best\u00e4tigt, dass eines der Opfer von einem der von der Polizei abgefeuerten Gummigeschosse getroffen wurde: <strong>&#8222;Der K\u00f6rper eines der Opfer wies Spuren von nicht-t\u00f6dlicher Munition auf. Es ist m\u00f6glich, dass der Mann erschossen wurde, als die Polizei die Wohnung st\u00fcrmte. Wir haben eine laufende strafrechtliche Untersuchung, die best\u00e4tigt, dass zwei Patronen abgefeuert wurden, wobei jede Patrone mit 15 Gummikugeln geladen war. Die Untersuchung wird uns den genauen Standort der Sch\u00fctzen und des Opfers liefern&#8220;<\/strong>, so Innenminister Bode.<\/p>\n<p>&#13;<br \/>\n&#13;<\/p>\n<p style=margin-bottom: 0in; line-height: 100%>\n<p>&#13;<br \/>\n&#13;<\/p>\n<p style=margin-bottom: 0in; line-height: 100%>In der Zwischenzeit ordnete das Gericht in Bukarest die vorl\u00e4ufige Festnahme von drei Beamten einer Polizeiwache in Bukarest an und stellte drei weitere Beamte f\u00fcr 60 Tage unter gerichtliche Aufsicht. Den Beamten wird vorgeworfen, im Jahr 2020 zwei junge M\u00e4nner geschlagen und gefoltert zu haben. Die M\u00e4ner hatten die Polizisten darauf aufmerksam machten, dass sie keine Gesichtsmasken trugen und ohne Grund Bu\u200e\u00dfgelder verteilten. Die Beamten setzten die beiden M\u00e4nner auf einem leeren Grundst\u00fcck aus, nachdem sie sie geschlagen hatten. Der Vorfall ist jedoch nur der aktuellste in einer langen Reihe von polizeilichen \u00dcbergriffen, die im letzten Jahr seit dem Ausbruch der Pandemie gemeldet wurden. Kommentatoren haben die Polizei beschuldigt, ihre Rechte zu missbrauchen. Bei \u00f6rtlichen Dienststellen seien Beamte mit fragw\u00fcrdiger Ausbildung besch\u00e4ftigt; die vor 15 Jahren durchgef\u00fchrte Reform des Systems sei ein offensichtlicher Misserfolg gewesen. Viele B\u00fcrgermeister, die k\u00fcrzlich gew\u00e4hlt wurden, haben versprochen, ineffektive Polizeidienste aufzul\u00f6sen. Ehemalige Beamte der Ordnungs\u00e4mter, die lediglich M\u00e4rkte und Parks patrouillierten, wurden zu sogenannten Gemeindepolizisten umqualifiziert. Sie bekamen Autos, Waffen, Munition und das Recht, Bu\u200e\u00dfgelder zu verh\u00e4ngen und Leute festzunehmen &#8211; nat\u00fcrlich nicht das Recht, sie zu foltern. Dennoch scheint es f\u00fcr einige Polizisten eine schmale Gratwanderung zwischen Amtspflicht und Missbrauch zu sein.<\/p>\n<p>&#13;<br \/>\n&#13;<\/p>\n<p>&#13;<br \/>\np { margin-bottom: 0.1in; line-height: 115%; background: transparent }&#13;<br \/>\n&#13;\n<\/p>\n<p>&#13;<\/p>\n","protected":false},"excerpt":{"rendered":"<p>Interne Untersuchungen nach Toten bei Geiselnahme<\/p>\n","protected":false},"author":105,"featured_media":88262,"comment_status":"closed","ping_status":"closed","sticky":false,"template":"","format":"standard","meta":{"_acf_changed":false,"footnotes":""},"categories":[99583],"tags":[99918,99589],"coauthors":[],"class_list":["post-461827","post","type-post","status-publish","format-standard","has-post-thumbnail","hentry","category-rri-aktuell","tag-polizei","tag-rumaenien"],"acf":[],"yoast_head":"<!-- This site is optimized with the Yoast SEO plugin v27.3 - https:\/\/yoast.com\/product\/yoast-seo-wordpress\/ -->\n<title>Polizei wegen Einsatzfehler im Rampenlicht - Radio Rum\u00e4nien International<\/title>\n<meta name=\"robots\" content=\"index, follow, max-snippet:-1, max-image-preview:large, max-video-preview:-1\" \/>\n<link rel=\"canonical\" href=\"https:\/\/www.rri.ro\/de\/aktuell\/rri-aktuell\/polizei-wegen-einsatzfehler-im-rampenlicht-id461827.html\" \/>\n<meta property=\"og:locale\" content=\"de_DE\" \/>\n<meta property=\"og:type\" content=\"article\" \/>\n<meta property=\"og:title\" content=\"Polizei wegen Einsatzfehler im Rampenlicht - Radio Rum\u00e4nien International\" \/>\n<meta property=\"og:description\" content=\"Interne Untersuchungen nach Toten bei Geiselnahme\" \/>\n<meta property=\"og:url\" content=\"https:\/\/www.rri.ro\/de\/aktuell\/rri-aktuell\/polizei-wegen-einsatzfehler-im-rampenlicht-id461827.html\" \/>\n<meta property=\"og:site_name\" content=\"Radio Rum\u00e4nien International\" \/>\n<meta property=\"article:published_time\" content=\"2021-03-05T12:37:00+00:00\" \/>\n<meta property=\"article:modified_time\" content=\"2024-02-19T19:02:54+00:00\" \/>\n<meta property=\"og:image\" content=\"https:\/\/www.rri.ro\/wp-content\/uploads\/2023\/10\/lucian-bode-sedinta-guvern-foto-gov-ro.png\" \/>\n\t<meta property=\"og:image:width\" content=\"640\" \/>\n\t<meta property=\"og:image:height\" content=\"418\" \/>\n\t<meta property=\"og:image:type\" content=\"image\/png\" \/>\n<meta name=\"author\" content=\"Bogdan Matei\" \/>\n<meta name=\"twitter:card\" content=\"summary_large_image\" \/>\n<meta name=\"twitter:label1\" content=\"Verfasst von\" \/>\n\t<meta name=\"twitter:data1\" content=\"Bogdan Matei\" \/>\n\t<meta name=\"twitter:label2\" content=\"Gesch\u00e4tzte Lesezeit\" \/>\n\t<meta name=\"twitter:data2\" content=\"2\u00a0Minuten\" \/>\n\t<meta name=\"twitter:label3\" content=\"Written by\" \/>\n\t<meta name=\"twitter:data3\" content=\"Bogdan Matei\" \/>\n<script type=\"application\/ld+json\" class=\"yoast-schema-graph\">{\"@context\":\"https:\\\/\\\/schema.org\",\"@graph\":[{\"@type\":\"Article\",\"@id\":\"https:\\\/\\\/www.rri.ro\\\/de\\\/aktuell\\\/rri-aktuell\\\/polizei-wegen-einsatzfehler-im-rampenlicht-id461827.html#article\",\"isPartOf\":{\"@id\":\"https:\\\/\\\/www.rri.ro\\\/de\\\/aktuell\\\/rri-aktuell\\\/polizei-wegen-einsatzfehler-im-rampenlicht-id461827.html\"},\"author\":{\"name\":\"Bogdan Matei\",\"@id\":\"https:\\\/\\\/www.rri.ro\\\/#\\\/schema\\\/person\\\/0ed327d40678578e6dbb840527e3ba32\"},\"headline\":\"Polizei wegen Einsatzfehler im Rampenlicht\",\"datePublished\":\"2021-03-05T12:37:00+00:00\",\"dateModified\":\"2024-02-19T19:02:54+00:00\",\"mainEntityOfPage\":{\"@id\":\"https:\\\/\\\/www.rri.ro\\\/de\\\/aktuell\\\/rri-aktuell\\\/polizei-wegen-einsatzfehler-im-rampenlicht-id461827.html\"},\"wordCount\":487,\"image\":{\"@id\":\"https:\\\/\\\/www.rri.ro\\\/de\\\/aktuell\\\/rri-aktuell\\\/polizei-wegen-einsatzfehler-im-rampenlicht-id461827.html#primaryimage\"},\"thumbnailUrl\":\"https:\\\/\\\/www.rri.ro\\\/wp-content\\\/uploads\\\/2023\\\/10\\\/lucian-bode-sedinta-guvern-foto-gov-ro.png\",\"keywords\":[\"Polizei\",\"Rum\u00e4nien\"],\"articleSection\":[\"RRI Aktuell\"],\"inLanguage\":\"de\"},{\"@type\":\"WebPage\",\"@id\":\"https:\\\/\\\/www.rri.ro\\\/de\\\/aktuell\\\/rri-aktuell\\\/polizei-wegen-einsatzfehler-im-rampenlicht-id461827.html\",\"url\":\"https:\\\/\\\/www.rri.ro\\\/de\\\/aktuell\\\/rri-aktuell\\\/polizei-wegen-einsatzfehler-im-rampenlicht-id461827.html\",\"name\":\"Polizei wegen Einsatzfehler im Rampenlicht - Radio Rum\u00e4nien International\",\"isPartOf\":{\"@id\":\"https:\\\/\\\/www.rri.ro\\\/#website\"},\"primaryImageOfPage\":{\"@id\":\"https:\\\/\\\/www.rri.ro\\\/de\\\/aktuell\\\/rri-aktuell\\\/polizei-wegen-einsatzfehler-im-rampenlicht-id461827.html#primaryimage\"},\"image\":{\"@id\":\"https:\\\/\\\/www.rri.ro\\\/de\\\/aktuell\\\/rri-aktuell\\\/polizei-wegen-einsatzfehler-im-rampenlicht-id461827.html#primaryimage\"},\"thumbnailUrl\":\"https:\\\/\\\/www.rri.ro\\\/wp-content\\\/uploads\\\/2023\\\/10\\\/lucian-bode-sedinta-guvern-foto-gov-ro.png\",\"datePublished\":\"2021-03-05T12:37:00+00:00\",\"dateModified\":\"2024-02-19T19:02:54+00:00\",\"author\":{\"@id\":\"https:\\\/\\\/www.rri.ro\\\/#\\\/schema\\\/person\\\/0ed327d40678578e6dbb840527e3ba32\"},\"breadcrumb\":{\"@id\":\"https:\\\/\\\/www.rri.ro\\\/de\\\/aktuell\\\/rri-aktuell\\\/polizei-wegen-einsatzfehler-im-rampenlicht-id461827.html#breadcrumb\"},\"inLanguage\":\"de\",\"potentialAction\":[{\"@type\":\"ReadAction\",\"target\":[\"https:\\\/\\\/www.rri.ro\\\/de\\\/aktuell\\\/rri-aktuell\\\/polizei-wegen-einsatzfehler-im-rampenlicht-id461827.html\"]}]},{\"@type\":\"ImageObject\",\"inLanguage\":\"de\",\"@id\":\"https:\\\/\\\/www.rri.ro\\\/de\\\/aktuell\\\/rri-aktuell\\\/polizei-wegen-einsatzfehler-im-rampenlicht-id461827.html#primaryimage\",\"url\":\"https:\\\/\\\/www.rri.ro\\\/wp-content\\\/uploads\\\/2023\\\/10\\\/lucian-bode-sedinta-guvern-foto-gov-ro.png\",\"contentUrl\":\"https:\\\/\\\/www.rri.ro\\\/wp-content\\\/uploads\\\/2023\\\/10\\\/lucian-bode-sedinta-guvern-foto-gov-ro.png\",\"width\":640,\"height\":418},{\"@type\":\"BreadcrumbList\",\"@id\":\"https:\\\/\\\/www.rri.ro\\\/de\\\/aktuell\\\/rri-aktuell\\\/polizei-wegen-einsatzfehler-im-rampenlicht-id461827.html#breadcrumb\",\"itemListElement\":[{\"@type\":\"ListItem\",\"position\":1,\"name\":\"Startseite\",\"item\":\"https:\\\/\\\/www.rri.ro\\\/de\"},{\"@type\":\"ListItem\",\"position\":2,\"name\":\"Aktuell\",\"item\":\"https:\\\/\\\/www.rri.ro\\\/de\\\/aktuell\"},{\"@type\":\"ListItem\",\"position\":3,\"name\":\"RRI Aktuell\",\"item\":\"https:\\\/\\\/www.rri.ro\\\/de\\\/aktuell\\\/rri-aktuell\"},{\"@type\":\"ListItem\",\"position\":4,\"name\":\"Polizei wegen Einsatzfehler im Rampenlicht\"}]},{\"@type\":\"WebSite\",\"@id\":\"https:\\\/\\\/www.rri.ro\\\/#website\",\"url\":\"https:\\\/\\\/www.rri.ro\\\/\",\"name\":\"Radio Rum\u00e4nien International\",\"description\":\"Totul despre Rom\u00e2nia \u015fi rom\u00e2ni, \u00een 13 limbi\\\/dialecte!\",\"inLanguage\":\"de\"},{\"@type\":\"Person\",\"@id\":\"https:\\\/\\\/www.rri.ro\\\/#\\\/schema\\\/person\\\/0ed327d40678578e6dbb840527e3ba32\",\"name\":\"Bogdan Matei\",\"url\":\"https:\\\/\\\/www.rri.ro\\\/de\\\/author\\\/bogdan-matei\"}]}<\/script>\n<!-- \/ Yoast SEO plugin. -->","yoast_head_json":{"title":"Polizei wegen Einsatzfehler im Rampenlicht - Radio Rum\u00e4nien International","robots":{"index":"index","follow":"follow","max-snippet":"max-snippet:-1","max-image-preview":"max-image-preview:large","max-video-preview":"max-video-preview:-1"},"canonical":"https:\/\/www.rri.ro\/de\/aktuell\/rri-aktuell\/polizei-wegen-einsatzfehler-im-rampenlicht-id461827.html","og_locale":"de_DE","og_type":"article","og_title":"Polizei wegen Einsatzfehler im Rampenlicht - Radio Rum\u00e4nien International","og_description":"Interne Untersuchungen nach Toten bei Geiselnahme","og_url":"https:\/\/www.rri.ro\/de\/aktuell\/rri-aktuell\/polizei-wegen-einsatzfehler-im-rampenlicht-id461827.html","og_site_name":"Radio Rum\u00e4nien International","article_published_time":"2021-03-05T12:37:00+00:00","article_modified_time":"2024-02-19T19:02:54+00:00","og_image":[{"width":640,"height":418,"url":"https:\/\/www.rri.ro\/wp-content\/uploads\/2023\/10\/lucian-bode-sedinta-guvern-foto-gov-ro.png","type":"image\/png"}],"author":"Bogdan Matei","twitter_card":"summary_large_image","twitter_misc":{"Verfasst von":"Bogdan Matei","Gesch\u00e4tzte Lesezeit":"2\u00a0Minuten","Written by":"Bogdan Matei"},"schema":{"@context":"https:\/\/schema.org","@graph":[{"@type":"Article","@id":"https:\/\/www.rri.ro\/de\/aktuell\/rri-aktuell\/polizei-wegen-einsatzfehler-im-rampenlicht-id461827.html#article","isPartOf":{"@id":"https:\/\/www.rri.ro\/de\/aktuell\/rri-aktuell\/polizei-wegen-einsatzfehler-im-rampenlicht-id461827.html"},"author":{"name":"Bogdan Matei","@id":"https:\/\/www.rri.ro\/#\/schema\/person\/0ed327d40678578e6dbb840527e3ba32"},"headline":"Polizei wegen Einsatzfehler im Rampenlicht","datePublished":"2021-03-05T12:37:00+00:00","dateModified":"2024-02-19T19:02:54+00:00","mainEntityOfPage":{"@id":"https:\/\/www.rri.ro\/de\/aktuell\/rri-aktuell\/polizei-wegen-einsatzfehler-im-rampenlicht-id461827.html"},"wordCount":487,"image":{"@id":"https:\/\/www.rri.ro\/de\/aktuell\/rri-aktuell\/polizei-wegen-einsatzfehler-im-rampenlicht-id461827.html#primaryimage"},"thumbnailUrl":"https:\/\/www.rri.ro\/wp-content\/uploads\/2023\/10\/lucian-bode-sedinta-guvern-foto-gov-ro.png","keywords":["Polizei","Rum\u00e4nien"],"articleSection":["RRI Aktuell"],"inLanguage":"de"},{"@type":"WebPage","@id":"https:\/\/www.rri.ro\/de\/aktuell\/rri-aktuell\/polizei-wegen-einsatzfehler-im-rampenlicht-id461827.html","url":"https:\/\/www.rri.ro\/de\/aktuell\/rri-aktuell\/polizei-wegen-einsatzfehler-im-rampenlicht-id461827.html","name":"Polizei wegen Einsatzfehler im Rampenlicht - Radio Rum\u00e4nien International","isPartOf":{"@id":"https:\/\/www.rri.ro\/#website"},"primaryImageOfPage":{"@id":"https:\/\/www.rri.ro\/de\/aktuell\/rri-aktuell\/polizei-wegen-einsatzfehler-im-rampenlicht-id461827.html#primaryimage"},"image":{"@id":"https:\/\/www.rri.ro\/de\/aktuell\/rri-aktuell\/polizei-wegen-einsatzfehler-im-rampenlicht-id461827.html#primaryimage"},"thumbnailUrl":"https:\/\/www.rri.ro\/wp-content\/uploads\/2023\/10\/lucian-bode-sedinta-guvern-foto-gov-ro.png","datePublished":"2021-03-05T12:37:00+00:00","dateModified":"2024-02-19T19:02:54+00:00","author":{"@id":"https:\/\/www.rri.ro\/#\/schema\/person\/0ed327d40678578e6dbb840527e3ba32"},"breadcrumb":{"@id":"https:\/\/www.rri.ro\/de\/aktuell\/rri-aktuell\/polizei-wegen-einsatzfehler-im-rampenlicht-id461827.html#breadcrumb"},"inLanguage":"de","potentialAction":[{"@type":"ReadAction","target":["https:\/\/www.rri.ro\/de\/aktuell\/rri-aktuell\/polizei-wegen-einsatzfehler-im-rampenlicht-id461827.html"]}]},{"@type":"ImageObject","inLanguage":"de","@id":"https:\/\/www.rri.ro\/de\/aktuell\/rri-aktuell\/polizei-wegen-einsatzfehler-im-rampenlicht-id461827.html#primaryimage","url":"https:\/\/www.rri.ro\/wp-content\/uploads\/2023\/10\/lucian-bode-sedinta-guvern-foto-gov-ro.png","contentUrl":"https:\/\/www.rri.ro\/wp-content\/uploads\/2023\/10\/lucian-bode-sedinta-guvern-foto-gov-ro.png","width":640,"height":418},{"@type":"BreadcrumbList","@id":"https:\/\/www.rri.ro\/de\/aktuell\/rri-aktuell\/polizei-wegen-einsatzfehler-im-rampenlicht-id461827.html#breadcrumb","itemListElement":[{"@type":"ListItem","position":1,"name":"Startseite","item":"https:\/\/www.rri.ro\/de"},{"@type":"ListItem","position":2,"name":"Aktuell","item":"https:\/\/www.rri.ro\/de\/aktuell"},{"@type":"ListItem","position":3,"name":"RRI Aktuell","item":"https:\/\/www.rri.ro\/de\/aktuell\/rri-aktuell"},{"@type":"ListItem","position":4,"name":"Polizei wegen Einsatzfehler im Rampenlicht"}]},{"@type":"WebSite","@id":"https:\/\/www.rri.ro\/#website","url":"https:\/\/www.rri.ro\/","name":"Radio Rum\u00e4nien International","description":"Totul despre Rom\u00e2nia \u015fi rom\u00e2ni, \u00een 13 limbi\/dialecte!","inLanguage":"de"},{"@type":"Person","@id":"https:\/\/www.rri.ro\/#\/schema\/person\/0ed327d40678578e6dbb840527e3ba32","name":"Bogdan Matei","url":"https:\/\/www.rri.ro\/de\/author\/bogdan-matei"}]}},"_links":{"self":[{"href":"https:\/\/www.rri.ro\/de\/wp-json\/wp\/v2\/posts\/461827","targetHints":{"allow":["GET"]}}],"collection":[{"href":"https:\/\/www.rri.ro\/de\/wp-json\/wp\/v2\/posts"}],"about":[{"href":"https:\/\/www.rri.ro\/de\/wp-json\/wp\/v2\/types\/post"}],"author":[{"embeddable":true,"href":"https:\/\/www.rri.ro\/de\/wp-json\/wp\/v2\/users\/105"}],"replies":[{"embeddable":true,"href":"https:\/\/www.rri.ro\/de\/wp-json\/wp\/v2\/comments?post=461827"}],"version-history":[{"count":0,"href":"https:\/\/www.rri.ro\/de\/wp-json\/wp\/v2\/posts\/461827\/revisions"}],"wp:featuredmedia":[{"embeddable":true,"href":"https:\/\/www.rri.ro\/de\/wp-json\/wp\/v2\/media\/88262"}],"wp:attachment":[{"href":"https:\/\/www.rri.ro\/de\/wp-json\/wp\/v2\/media?parent=461827"}],"wp:term":[{"taxonomy":"category","embeddable":true,"href":"https:\/\/www.rri.ro\/de\/wp-json\/wp\/v2\/categories?post=461827"},{"taxonomy":"post_tag","embeddable":true,"href":"https:\/\/www.rri.ro\/de\/wp-json\/wp\/v2\/tags?post=461827"},{"taxonomy":"author","embeddable":true,"href":"https:\/\/www.rri.ro\/de\/wp-json\/wp\/v2\/coauthors?post=461827"}],"curies":[{"name":"wp","href":"https:\/\/api.w.org\/{rel}","templated":true}]}}