{"id":461870,"date":"2021-04-07T20:24:00","date_gmt":"2021-04-07T17:24:00","guid":{"rendered":"http:\/\/devrri.freshlemon.ro\/aktuell\/impfkampagne-soll-beschleunigt-werden-id461870.html"},"modified":"2024-02-19T21:03:25","modified_gmt":"2024-02-19T19:03:25","slug":"impfkampagne-soll-beschleunigt-werden","status":"publish","type":"post","link":"https:\/\/www.rri.ro\/de\/aktuell\/rri-aktuell\/impfkampagne-soll-beschleunigt-werden-id461870.html","title":{"rendered":"Impfkampagne soll beschleunigt werden"},"content":{"rendered":"<p align=JUSTIFY class=western style=margin-bottom: 0cm; line-height: 150%>Nach Ansicht von Experten ist die Anti-COVID-Impfung eine effektive und schnelle Ma\u200e\u00dfnahme zum Schutz vor dem Virus. Die Impfkampagne, die in Rum\u00e4nien Ende Dezember begonnen hat, ist in vollem Gange und die Beh\u00f6rden haben neue Ma\u200e\u00dfnahmen angek\u00fcndigt, um sie zu verst\u00e4rken. Laut dem Arzt Valeriu Gheorghi\u0163\u0103, der f\u00fcr die Einf\u00fchrung des Impfstoffs in Rum\u00e4nien verantwortlich ist, sollen ab dem 20. April mobile Zentren Teil dieser Impfkampagne werden.<\/p>\n<p>&#13;<br \/>\n&#13;<\/p>\n<p align=JUSTIFY class=western style=margin-bottom: 0cm; line-height: 150%>\n<p>&#13;<br \/>\n&#13;<\/p>\n<p align=JUSTIFY class=western style=margin-bottom: 0cm; line-height: 150%>\n<p>&#13;<br \/>\n&#13;<\/p>\n<p align=JUSTIFY class=western style=margin-bottom: 0cm; line-height: 150%>20 solcher mobilen Einheiten sollen in einer ersten Phase dieses Programms in ganz Rum\u00e4nien zur Verf\u00fcgung gestellt werden. Diese Zentren sollen vom Kreiskomitee f\u00fcr Milit\u00e4rkrankenh\u00e4user koordiniert werden, da sie von Personal betrieben werden, das vom nationalen Verteidigungsministerium zur Verf\u00fcgung gestellt wird. Diese Zentren sollen in l\u00e4ndlichen Gebieten in Betrieb genommen werden, in denen die Menschen keinen Zugang zu Immunisierungszentren oder Haus\u00e4rzten haben.<\/p>\n<p>&#13;<br \/>\n&#13;<\/p>\n<p align=JUSTIFY class=western style=margin-bottom: 0cm; line-height: 150%>\n<p>&#13;<br \/>\n&#13;<\/p>\n<p align=JUSTIFY class=western style=margin-bottom: 0cm; line-height: 150%>\n<p>&#13;<br \/>\n&#13;<\/p>\n<p align=JUSTIFY class=western style=margin-bottom: 0cm; line-height: 150%>Und um den Prozess zu rationalisieren, werden die genannten Zentren haupts\u00e4chlich den Impfstoff von Johnson&#038;Johnson, von dem nur eine Dosis verabreicht wird, verwenden. Die Beh\u00f6rden in Rum\u00e4nien haben beschlossen, auch die Haus\u00e4rzte in die Impfkampagne einzubeziehen. Gheorghita hat bekannt gegeben, dass sich \u00fcber 3 Tausend Haus\u00e4rzte mit den ihnen geh\u00f6renden medizinischen Einrichtungen um die Teilnahme an der Kampagne beworben haben. Sie machen 30 % der insgesamt 10.940 \u00c4rzte aus, die bei der Nationalen Krankenkasse unter Vertrag stehen. Das ist weniger als wir erwartet haben, sagte Valeriu Gheorghita und f\u00fcgte hinzu, dass das Projekt landesweit am 4. Mai starten soll. Bis dahin haben wir alle Schulungen f\u00fcr die am Projekt beteiligten \u00c4rzte durchgef\u00fchrt und die gesamte Infrastruktur f\u00fcr die Verteilung der medizinischen Versorgung sichergestellt, so dass wir dieses Projekt unter sehr guten Bedingungen beginnen k\u00f6nnen. Das Interesse der Menschen, den Impfstoff zu bekommen, ist gro\u200e\u00df, sagt Gheorghita und f\u00fcgt hinzu, dass eine Entscheidung getroffen wurde, nur einmal eine Person auf der Impfliste zu benachrichtigen, die 24 Stunden Zeit hat, dies zu best\u00e4tigen.<\/p>\n<p>&#13;<br \/>\n&#13;<\/p>\n<p align=JUSTIFY class=western style=margin-bottom: 0cm; line-height: 150%>\n<p>&#13;<br \/>\n&#13;<\/p>\n<p align=JUSTIFY class=western style=margin-bottom: 0cm; line-height: 150%>\n<p>&#13;<br \/>\n&#13;<\/p>\n<p align=JUSTIFY class=western style=margin-bottom: 0cm; line-height: 150%>Ungef\u00e4hr 780 Tausend Menschen haben sich f\u00fcr die Impfung eingetragen, die meisten von ihnen in Bukarest und Cluj im Nordwesten. Etwa 60 % davon geh\u00f6ren zur allgemeinen Bev\u00f6lkerung, die in der dritten Stufe der Impfkampagne eingeschlossen ist, 32 % sind Menschen, die zu den gef\u00e4hrdeten Gruppen geh\u00f6ren, Menschen mit chronischen Erkrankungen, Menschen \u00fcber 65, mit k\u00f6rperlichen Behinderungen und 7,5 % Menschen, die in wichtigen T\u00e4tigkeitsbereichen arbeiten. \u00dcber 2.100.000 Menschen in Rum\u00e4nien haben bisher mindestens eine Impfdosis erhalten. <\/p>\n<p>&#13;<\/p>\n","protected":false},"excerpt":{"rendered":"<p>Der Milit\u00e4rarzt Arzt Valeriu Gheorghita hat neue Ma\u00dfnahmen zur Intensivierung des nationalen Impfprogramms angek\u00fcndigt<\/p>\n","protected":false},"author":46,"featured_media":88548,"comment_status":"closed","ping_status":"closed","sticky":false,"template":"","format":"standard","meta":{"_acf_changed":false,"footnotes":""},"categories":[99583],"tags":[105250,105252,105251,104979],"coauthors":[],"class_list":["post-461870","post","type-post","status-publish","format-standard","has-post-thumbnail","hentry","category-rri-aktuell","tag-corona-impfung-rumaenien","tag-impfprogramm-rumaenien","tag-impfung-rumaenien","tag-pandemie-rumaenien"],"acf":[],"yoast_head":"<!-- This site is optimized with the Yoast SEO plugin v27.5 - https:\/\/yoast.com\/product\/yoast-seo-wordpress\/ -->\n<title>Impfkampagne soll beschleunigt werden - Radio Rum\u00e4nien International<\/title>\n<meta name=\"robots\" content=\"index, follow, max-snippet:-1, max-image-preview:large, max-video-preview:-1\" \/>\n<link rel=\"canonical\" href=\"https:\/\/www.rri.ro\/de\/aktuell\/rri-aktuell\/impfkampagne-soll-beschleunigt-werden-id461870.html\" \/>\n<meta property=\"og:locale\" content=\"de_DE\" \/>\n<meta property=\"og:type\" content=\"article\" \/>\n<meta property=\"og:title\" content=\"Impfkampagne soll beschleunigt werden - Radio Rum\u00e4nien International\" \/>\n<meta property=\"og:description\" content=\"Der Milit\u00e4rarzt Arzt Valeriu Gheorghita hat neue Ma\u00dfnahmen zur Intensivierung des nationalen Impfprogramms angek\u00fcndigt\" \/>\n<meta property=\"og:url\" content=\"https:\/\/www.rri.ro\/de\/aktuell\/rri-aktuell\/impfkampagne-soll-beschleunigt-werden-id461870.html\" \/>\n<meta property=\"og:site_name\" content=\"Radio Rum\u00e4nien International\" \/>\n<meta property=\"article:published_time\" content=\"2021-04-07T17:24:00+00:00\" \/>\n<meta property=\"article:modified_time\" content=\"2024-02-19T19:03:25+00:00\" \/>\n<meta property=\"og:image\" content=\"https:\/\/www.rri.ro\/wp-content\/uploads\/2023\/10\/andrei-baciu-valeriu-gheorghita-apr2021-gov-ro.jpg\" \/>\n\t<meta property=\"og:image:width\" content=\"640\" \/>\n\t<meta property=\"og:image:height\" content=\"427\" \/>\n\t<meta property=\"og:image:type\" content=\"image\/jpeg\" \/>\n<meta name=\"author\" content=\"Leyla Cheamil\" \/>\n<meta name=\"twitter:card\" content=\"summary_large_image\" \/>\n<meta name=\"twitter:label1\" content=\"Verfasst von\" \/>\n\t<meta name=\"twitter:data1\" content=\"Leyla Cheamil\" \/>\n\t<meta name=\"twitter:label2\" content=\"Gesch\u00e4tzte Lesezeit\" \/>\n\t<meta name=\"twitter:data2\" content=\"2\u00a0Minuten\" \/>\n\t<meta name=\"twitter:label3\" content=\"Written by\" \/>\n\t<meta name=\"twitter:data3\" content=\"Leyla Cheamil\" \/>\n<script type=\"application\/ld+json\" class=\"yoast-schema-graph\">{\"@context\":\"https:\\\/\\\/schema.org\",\"@graph\":[{\"@type\":\"Article\",\"@id\":\"https:\\\/\\\/www.rri.ro\\\/de\\\/aktuell\\\/rri-aktuell\\\/impfkampagne-soll-beschleunigt-werden-id461870.html#article\",\"isPartOf\":{\"@id\":\"https:\\\/\\\/www.rri.ro\\\/de\\\/aktuell\\\/rri-aktuell\\\/impfkampagne-soll-beschleunigt-werden-id461870.html\"},\"author\":{\"name\":\"Leyla Cheamil\",\"@id\":\"https:\\\/\\\/www.rri.ro\\\/#\\\/schema\\\/person\\\/e6364ed2d4b6af207a82ca66000d07e0\"},\"headline\":\"Impfkampagne soll beschleunigt werden\",\"datePublished\":\"2021-04-07T17:24:00+00:00\",\"dateModified\":\"2024-02-19T19:03:25+00:00\",\"mainEntityOfPage\":{\"@id\":\"https:\\\/\\\/www.rri.ro\\\/de\\\/aktuell\\\/rri-aktuell\\\/impfkampagne-soll-beschleunigt-werden-id461870.html\"},\"wordCount\":404,\"image\":{\"@id\":\"https:\\\/\\\/www.rri.ro\\\/de\\\/aktuell\\\/rri-aktuell\\\/impfkampagne-soll-beschleunigt-werden-id461870.html#primaryimage\"},\"thumbnailUrl\":\"https:\\\/\\\/www.rri.ro\\\/wp-content\\\/uploads\\\/2023\\\/10\\\/andrei-baciu-valeriu-gheorghita-apr2021-gov-ro.jpg\",\"keywords\":[\"Corona-Impfung Rum\u00e4nien\",\"Impfprogramm Rum\u00e4nien\",\"Impfung Rum\u00e4nien\",\"Pandemie Rum\u00e4nien\"],\"articleSection\":[\"RRI Aktuell\"],\"inLanguage\":\"de\"},{\"@type\":\"WebPage\",\"@id\":\"https:\\\/\\\/www.rri.ro\\\/de\\\/aktuell\\\/rri-aktuell\\\/impfkampagne-soll-beschleunigt-werden-id461870.html\",\"url\":\"https:\\\/\\\/www.rri.ro\\\/de\\\/aktuell\\\/rri-aktuell\\\/impfkampagne-soll-beschleunigt-werden-id461870.html\",\"name\":\"Impfkampagne soll beschleunigt werden - Radio Rum\u00e4nien International\",\"isPartOf\":{\"@id\":\"https:\\\/\\\/www.rri.ro\\\/#website\"},\"primaryImageOfPage\":{\"@id\":\"https:\\\/\\\/www.rri.ro\\\/de\\\/aktuell\\\/rri-aktuell\\\/impfkampagne-soll-beschleunigt-werden-id461870.html#primaryimage\"},\"image\":{\"@id\":\"https:\\\/\\\/www.rri.ro\\\/de\\\/aktuell\\\/rri-aktuell\\\/impfkampagne-soll-beschleunigt-werden-id461870.html#primaryimage\"},\"thumbnailUrl\":\"https:\\\/\\\/www.rri.ro\\\/wp-content\\\/uploads\\\/2023\\\/10\\\/andrei-baciu-valeriu-gheorghita-apr2021-gov-ro.jpg\",\"datePublished\":\"2021-04-07T17:24:00+00:00\",\"dateModified\":\"2024-02-19T19:03:25+00:00\",\"author\":{\"@id\":\"https:\\\/\\\/www.rri.ro\\\/#\\\/schema\\\/person\\\/e6364ed2d4b6af207a82ca66000d07e0\"},\"breadcrumb\":{\"@id\":\"https:\\\/\\\/www.rri.ro\\\/de\\\/aktuell\\\/rri-aktuell\\\/impfkampagne-soll-beschleunigt-werden-id461870.html#breadcrumb\"},\"inLanguage\":\"de\",\"potentialAction\":[{\"@type\":\"ReadAction\",\"target\":[\"https:\\\/\\\/www.rri.ro\\\/de\\\/aktuell\\\/rri-aktuell\\\/impfkampagne-soll-beschleunigt-werden-id461870.html\"]}]},{\"@type\":\"ImageObject\",\"inLanguage\":\"de\",\"@id\":\"https:\\\/\\\/www.rri.ro\\\/de\\\/aktuell\\\/rri-aktuell\\\/impfkampagne-soll-beschleunigt-werden-id461870.html#primaryimage\",\"url\":\"https:\\\/\\\/www.rri.ro\\\/wp-content\\\/uploads\\\/2023\\\/10\\\/andrei-baciu-valeriu-gheorghita-apr2021-gov-ro.jpg\",\"contentUrl\":\"https:\\\/\\\/www.rri.ro\\\/wp-content\\\/uploads\\\/2023\\\/10\\\/andrei-baciu-valeriu-gheorghita-apr2021-gov-ro.jpg\",\"width\":640,\"height\":427},{\"@type\":\"BreadcrumbList\",\"@id\":\"https:\\\/\\\/www.rri.ro\\\/de\\\/aktuell\\\/rri-aktuell\\\/impfkampagne-soll-beschleunigt-werden-id461870.html#breadcrumb\",\"itemListElement\":[{\"@type\":\"ListItem\",\"position\":1,\"name\":\"Startseite\",\"item\":\"https:\\\/\\\/www.rri.ro\\\/de\"},{\"@type\":\"ListItem\",\"position\":2,\"name\":\"Aktuell\",\"item\":\"https:\\\/\\\/www.rri.ro\\\/de\\\/aktuell\"},{\"@type\":\"ListItem\",\"position\":3,\"name\":\"RRI Aktuell\",\"item\":\"https:\\\/\\\/www.rri.ro\\\/de\\\/aktuell\\\/rri-aktuell\"},{\"@type\":\"ListItem\",\"position\":4,\"name\":\"Impfkampagne soll beschleunigt werden\"}]},{\"@type\":\"WebSite\",\"@id\":\"https:\\\/\\\/www.rri.ro\\\/#website\",\"url\":\"https:\\\/\\\/www.rri.ro\\\/\",\"name\":\"Radio Rum\u00e4nien International\",\"description\":\"Totul despre Rom\u00e2nia \u015fi rom\u00e2ni, \u00een 13 limbi\\\/dialecte!\",\"inLanguage\":\"de\"},{\"@type\":\"Person\",\"@id\":\"https:\\\/\\\/www.rri.ro\\\/#\\\/schema\\\/person\\\/e6364ed2d4b6af207a82ca66000d07e0\",\"name\":\"Leyla Cheamil\",\"url\":\"https:\\\/\\\/www.rri.ro\\\/de\\\/author\\\/leyla-cheamil\"}]}<\/script>\n<!-- \/ Yoast SEO plugin. -->","yoast_head_json":{"title":"Impfkampagne soll beschleunigt werden - Radio Rum\u00e4nien International","robots":{"index":"index","follow":"follow","max-snippet":"max-snippet:-1","max-image-preview":"max-image-preview:large","max-video-preview":"max-video-preview:-1"},"canonical":"https:\/\/www.rri.ro\/de\/aktuell\/rri-aktuell\/impfkampagne-soll-beschleunigt-werden-id461870.html","og_locale":"de_DE","og_type":"article","og_title":"Impfkampagne soll beschleunigt werden - Radio Rum\u00e4nien International","og_description":"Der Milit\u00e4rarzt Arzt Valeriu Gheorghita hat neue Ma\u00dfnahmen zur Intensivierung des nationalen Impfprogramms angek\u00fcndigt","og_url":"https:\/\/www.rri.ro\/de\/aktuell\/rri-aktuell\/impfkampagne-soll-beschleunigt-werden-id461870.html","og_site_name":"Radio Rum\u00e4nien International","article_published_time":"2021-04-07T17:24:00+00:00","article_modified_time":"2024-02-19T19:03:25+00:00","og_image":[{"width":640,"height":427,"url":"https:\/\/www.rri.ro\/wp-content\/uploads\/2023\/10\/andrei-baciu-valeriu-gheorghita-apr2021-gov-ro.jpg","type":"image\/jpeg"}],"author":"Leyla Cheamil","twitter_card":"summary_large_image","twitter_misc":{"Verfasst von":"Leyla Cheamil","Gesch\u00e4tzte Lesezeit":"2\u00a0Minuten","Written by":"Leyla Cheamil"},"schema":{"@context":"https:\/\/schema.org","@graph":[{"@type":"Article","@id":"https:\/\/www.rri.ro\/de\/aktuell\/rri-aktuell\/impfkampagne-soll-beschleunigt-werden-id461870.html#article","isPartOf":{"@id":"https:\/\/www.rri.ro\/de\/aktuell\/rri-aktuell\/impfkampagne-soll-beschleunigt-werden-id461870.html"},"author":{"name":"Leyla Cheamil","@id":"https:\/\/www.rri.ro\/#\/schema\/person\/e6364ed2d4b6af207a82ca66000d07e0"},"headline":"Impfkampagne soll beschleunigt werden","datePublished":"2021-04-07T17:24:00+00:00","dateModified":"2024-02-19T19:03:25+00:00","mainEntityOfPage":{"@id":"https:\/\/www.rri.ro\/de\/aktuell\/rri-aktuell\/impfkampagne-soll-beschleunigt-werden-id461870.html"},"wordCount":404,"image":{"@id":"https:\/\/www.rri.ro\/de\/aktuell\/rri-aktuell\/impfkampagne-soll-beschleunigt-werden-id461870.html#primaryimage"},"thumbnailUrl":"https:\/\/www.rri.ro\/wp-content\/uploads\/2023\/10\/andrei-baciu-valeriu-gheorghita-apr2021-gov-ro.jpg","keywords":["Corona-Impfung Rum\u00e4nien","Impfprogramm Rum\u00e4nien","Impfung Rum\u00e4nien","Pandemie Rum\u00e4nien"],"articleSection":["RRI Aktuell"],"inLanguage":"de"},{"@type":"WebPage","@id":"https:\/\/www.rri.ro\/de\/aktuell\/rri-aktuell\/impfkampagne-soll-beschleunigt-werden-id461870.html","url":"https:\/\/www.rri.ro\/de\/aktuell\/rri-aktuell\/impfkampagne-soll-beschleunigt-werden-id461870.html","name":"Impfkampagne soll beschleunigt werden - Radio Rum\u00e4nien International","isPartOf":{"@id":"https:\/\/www.rri.ro\/#website"},"primaryImageOfPage":{"@id":"https:\/\/www.rri.ro\/de\/aktuell\/rri-aktuell\/impfkampagne-soll-beschleunigt-werden-id461870.html#primaryimage"},"image":{"@id":"https:\/\/www.rri.ro\/de\/aktuell\/rri-aktuell\/impfkampagne-soll-beschleunigt-werden-id461870.html#primaryimage"},"thumbnailUrl":"https:\/\/www.rri.ro\/wp-content\/uploads\/2023\/10\/andrei-baciu-valeriu-gheorghita-apr2021-gov-ro.jpg","datePublished":"2021-04-07T17:24:00+00:00","dateModified":"2024-02-19T19:03:25+00:00","author":{"@id":"https:\/\/www.rri.ro\/#\/schema\/person\/e6364ed2d4b6af207a82ca66000d07e0"},"breadcrumb":{"@id":"https:\/\/www.rri.ro\/de\/aktuell\/rri-aktuell\/impfkampagne-soll-beschleunigt-werden-id461870.html#breadcrumb"},"inLanguage":"de","potentialAction":[{"@type":"ReadAction","target":["https:\/\/www.rri.ro\/de\/aktuell\/rri-aktuell\/impfkampagne-soll-beschleunigt-werden-id461870.html"]}]},{"@type":"ImageObject","inLanguage":"de","@id":"https:\/\/www.rri.ro\/de\/aktuell\/rri-aktuell\/impfkampagne-soll-beschleunigt-werden-id461870.html#primaryimage","url":"https:\/\/www.rri.ro\/wp-content\/uploads\/2023\/10\/andrei-baciu-valeriu-gheorghita-apr2021-gov-ro.jpg","contentUrl":"https:\/\/www.rri.ro\/wp-content\/uploads\/2023\/10\/andrei-baciu-valeriu-gheorghita-apr2021-gov-ro.jpg","width":640,"height":427},{"@type":"BreadcrumbList","@id":"https:\/\/www.rri.ro\/de\/aktuell\/rri-aktuell\/impfkampagne-soll-beschleunigt-werden-id461870.html#breadcrumb","itemListElement":[{"@type":"ListItem","position":1,"name":"Startseite","item":"https:\/\/www.rri.ro\/de"},{"@type":"ListItem","position":2,"name":"Aktuell","item":"https:\/\/www.rri.ro\/de\/aktuell"},{"@type":"ListItem","position":3,"name":"RRI Aktuell","item":"https:\/\/www.rri.ro\/de\/aktuell\/rri-aktuell"},{"@type":"ListItem","position":4,"name":"Impfkampagne soll beschleunigt werden"}]},{"@type":"WebSite","@id":"https:\/\/www.rri.ro\/#website","url":"https:\/\/www.rri.ro\/","name":"Radio Rum\u00e4nien International","description":"Totul despre Rom\u00e2nia \u015fi rom\u00e2ni, \u00een 13 limbi\/dialecte!","inLanguage":"de"},{"@type":"Person","@id":"https:\/\/www.rri.ro\/#\/schema\/person\/e6364ed2d4b6af207a82ca66000d07e0","name":"Leyla Cheamil","url":"https:\/\/www.rri.ro\/de\/author\/leyla-cheamil"}]}},"_links":{"self":[{"href":"https:\/\/www.rri.ro\/de\/wp-json\/wp\/v2\/posts\/461870","targetHints":{"allow":["GET"]}}],"collection":[{"href":"https:\/\/www.rri.ro\/de\/wp-json\/wp\/v2\/posts"}],"about":[{"href":"https:\/\/www.rri.ro\/de\/wp-json\/wp\/v2\/types\/post"}],"author":[{"embeddable":true,"href":"https:\/\/www.rri.ro\/de\/wp-json\/wp\/v2\/users\/46"}],"replies":[{"embeddable":true,"href":"https:\/\/www.rri.ro\/de\/wp-json\/wp\/v2\/comments?post=461870"}],"version-history":[{"count":0,"href":"https:\/\/www.rri.ro\/de\/wp-json\/wp\/v2\/posts\/461870\/revisions"}],"wp:featuredmedia":[{"embeddable":true,"href":"https:\/\/www.rri.ro\/de\/wp-json\/wp\/v2\/media\/88548"}],"wp:attachment":[{"href":"https:\/\/www.rri.ro\/de\/wp-json\/wp\/v2\/media?parent=461870"}],"wp:term":[{"taxonomy":"category","embeddable":true,"href":"https:\/\/www.rri.ro\/de\/wp-json\/wp\/v2\/categories?post=461870"},{"taxonomy":"post_tag","embeddable":true,"href":"https:\/\/www.rri.ro\/de\/wp-json\/wp\/v2\/tags?post=461870"},{"taxonomy":"author","embeddable":true,"href":"https:\/\/www.rri.ro\/de\/wp-json\/wp\/v2\/coauthors?post=461870"}],"curies":[{"name":"wp","href":"https:\/\/api.w.org\/{rel}","templated":true}]}}