{"id":461898,"date":"2021-04-22T16:46:00","date_gmt":"2021-04-22T13:46:00","guid":{"rendered":"http:\/\/devrri.freshlemon.ro\/aktuell\/impfkampagne-in-rumaenien-geht-weiter-id461898.html"},"modified":"2024-02-19T21:03:38","modified_gmt":"2024-02-19T19:03:38","slug":"impfkampagne-in-rumaenien-geht-weiter","status":"publish","type":"post","link":"https:\/\/www.rri.ro\/de\/aktuell\/rri-aktuell\/impfkampagne-in-rumaenien-geht-weiter-id461898.html","title":{"rendered":"Impfkampagne in Rum\u00e4nien geht weiter"},"content":{"rendered":"<p align=JUSTIFY class=western style=margin-bottom: 0.26cm; border: none; padding: 0cm; font-style: normal; font-weight: normal; line-height: 150%; widows: 2; orphans: 2>Die Impfung sei der sicherste Weg, um die Ausbreitung des Virus zu stoppen, betonte Pr\u00e4sident Klaus Iohannis am Mittwoch erneut und forderte die Menschen auf, jede M\u00f6glichkeit zu nutzen, sich impfen zu lassen. Seine Aussagen kommen, da in dieser Woche die Zahl der verf\u00fcgbaren Impfstoffe h\u00f6her ist als die der Menschen auf den Wartelisten. Der Pr\u00e4sident nannte das Beispiel der L\u00e4nder, die es geschafft haben, eine Impfrate zu erreichen, die es ihnen erlaubt, die Beschr\u00e4nkungen zu lockern. &#8222;Wir n\u00e4hern uns dem Moment, in dem wir zur Normalit\u00e4t zur\u00fcckkehren und in der Lage sind, Konzerte zu veranstalten, das Gastgewerbe wieder zu \u00f6ffnen und einen friedlichen Sommer zu genie\u200e\u00dfen und im In- oder Ausland in den Urlaub zu fahren. Die einzige Bedingung ist die Erh\u00f6hung der Impfrate&#8220;, sagte der Pr\u00e4sident, der fortfuhr:<\/p>\n<p>&#13;<br \/>\n&#13;<\/p>\n<p align=JUSTIFY class=western style=margin-bottom: 0.26cm; border: none; padding: 0cm; line-height: 150%; widows: 2; orphans: 2>\n<p>&#13;<br \/>\n&#13;<\/p>\n<p align=JUSTIFY class=western style=margin-bottom: 0.26cm; border: none; padding: 0cm; line-height: 150%; widows: 2; orphans: 2>&#13;\n <\/p>\n<p>&#13;<br \/>\n&#13;<\/p>\n<p align=JUSTIFY class=western style=margin-bottom: 0.26cm; border: none; padding: 0cm; font-style: normal; font-weight: normal; line-height: 150%; widows: 2; orphans: 2>&#8222;Wir befinden uns mitten in der Pandemie. Keiner sollte glauben, dass die Pandemie vorbei ist, nur weil der Fr\u00fchling gekommen ist. Das ist leider nicht der Fall. Die Ma\u200e\u00dfnahmen, die wir ergriffen haben, das, was wir Einschr\u00e4nkungen nennen, haben die Pandemie nicht beseitigt. Diese Beschr\u00e4nkungen vermindern nur ihre Auswirkungen, verlangsamen ihre Ausbreitung, damit unsere Helden an der Front, das medizinische Personal, eine Chance haben, diejenigen zu behandeln, die schwere Formen entwickeln. Es gibt nur einen Weg, die Pandemie zu bek\u00e4mpfen, und das ist die Impfung.&#8220;<\/p>\n<p>&#13;<br \/>\n&#13;<\/p>\n<p align=JUSTIFY class=western style=margin-bottom: 0.26cm; border: none; padding: 0cm; line-height: 150%; widows: 2; orphans: 2>\n<p>&#13;<br \/>\n&#13;<\/p>\n<p align=JUSTIFY class=western style=margin-bottom: 0.26cm; border: none; padding: 0cm; line-height: 150%; widows: 2; orphans: 2>&#13;\n <\/p>\n<p>&#13;<br \/>\n&#13;<\/p>\n<p align=JUSTIFY class=western style=margin-bottom: 0.26cm; border: none; padding: 0cm; font-style: normal; font-weight: normal; line-height: 150%; widows: 2; orphans: 2>Pr\u00e4sident Klaus Iohannis nahm auch an der Er\u00f6ffnung einer mobilen Impfstelle teil, wo er sich \u00fcber die Ausbringung des Impfstoffs freute: An einem Tag wurden bis zu 90.000 Menschen geimpft. Die neue Gesundheitsministerin Ioana Mih\u0103il\u0103 sagte, sie werde eine Notverordnung vorschlagen, damit Haus\u00e4rzte ihren Patienten den Impfstoff geben k\u00f6nnen. Wir brauchen die Impfstoffe, um Menschen zu erreichen, die wir bisher nicht erreichen konnten. Alle m\u00f6glichen Ressourcen m\u00fcssen in den n\u00e4chsten Monaten genutzt werden, um die Menschen zu impfen, denn das ist die einzige L\u00f6sung, um die Zahl der F\u00e4lle, die eine medizinische Behandlung ben\u00f6tigen, zu verringern, sagte Mih\u0103il\u0103 auch.<\/p>\n<p>&#13;<br \/>\n&#13;<\/p>\n<p align=JUSTIFY class=western style=margin-bottom: 0.26cm; border: none; padding: 0cm; font-style: normal; font-weight: normal; line-height: 150%; widows: 2; orphans: 2>\n<p>&#13;<br \/>\n&#13;<\/p>\n<p align=JUSTIFY class=western style=margin-bottom: 0.26cm; border: none; padding: 0cm; font-style: normal; font-weight: normal; line-height: 150%; widows: 2; orphans: 2>\n<p>&#13;<br \/>\n&#13;<\/p>\n<p align=JUSTIFY class=western style=margin-bottom: 0.26cm; border: none; padding: 0cm; font-style: normal; font-weight: normal; line-height: 150%; widows: 2; orphans: 2>Eine Meinungsumfrage des Unternehmens MedLife zeigt, dass nur etwa 30% der rum\u00e4nischen Bev\u00f6lkerung \u00fcber 16 Jahren sich bis zum Ende des Jahres impfen lassen wollen, was weit unter den Erwartungen liegt. Die Umfrage deutet auch darauf hin, dass die Angst vor Nebenwirkungen, sowohl langfristig als auch unmittelbar, der Hauptgrund ist, warum die Menschen sich nicht impfen lassen wollen, und dass das Bildungsniveau ein Faktor f\u00fcr den Wunsch nach dem Covid-Impfstoff ist, wobei Menschen mit geringerer Bildung der Impfung weniger wahrscheinlich zustimmen.<\/p>\n<p>&#13;<\/p>\n","protected":false},"excerpt":{"rendered":"<p>Die rum\u00e4nischen Beh\u00f6rden fordern die Menschen auf, sich impfen zu lassen.<\/p>\n","protected":false},"author":104,"featured_media":88700,"comment_status":"closed","ping_status":"closed","sticky":false,"template":"","format":"standard","meta":{"_acf_changed":false,"footnotes":""},"categories":[99583],"tags":[105265,105264,104979],"coauthors":[],"class_list":["post-461898","post","type-post","status-publish","format-standard","has-post-thumbnail","hentry","category-rri-aktuell","tag-corona-rumaenien","tag-covid-impfung","tag-pandemie-rumaenien"],"acf":[],"yoast_head":"<!-- This site is optimized with the Yoast SEO plugin v27.5 - https:\/\/yoast.com\/product\/yoast-seo-wordpress\/ -->\n<title>Impfkampagne in Rum\u00e4nien geht weiter - Radio Rum\u00e4nien International<\/title>\n<meta name=\"robots\" content=\"index, follow, max-snippet:-1, max-image-preview:large, max-video-preview:-1\" \/>\n<link rel=\"canonical\" href=\"https:\/\/www.rri.ro\/de\/aktuell\/rri-aktuell\/impfkampagne-in-rumaenien-geht-weiter-id461898.html\" \/>\n<meta property=\"og:locale\" content=\"de_DE\" \/>\n<meta property=\"og:type\" content=\"article\" \/>\n<meta property=\"og:title\" content=\"Impfkampagne in Rum\u00e4nien geht weiter - Radio Rum\u00e4nien International\" \/>\n<meta property=\"og:description\" content=\"Die rum\u00e4nischen Beh\u00f6rden fordern die Menschen auf, sich impfen zu lassen.\" \/>\n<meta property=\"og:url\" content=\"https:\/\/www.rri.ro\/de\/aktuell\/rri-aktuell\/impfkampagne-in-rumaenien-geht-weiter-id461898.html\" \/>\n<meta property=\"og:site_name\" content=\"Radio Rum\u00e4nien International\" \/>\n<meta property=\"article:published_time\" content=\"2021-04-22T13:46:00+00:00\" \/>\n<meta property=\"article:modified_time\" content=\"2024-02-19T19:03:38+00:00\" \/>\n<meta property=\"og:image\" content=\"https:\/\/www.rri.ro\/wp-content\/uploads\/2023\/10\/klaus-iohannis-inaugurare-centru-mobil-vaccinare-afumati-foto-presidency.png\" \/>\n\t<meta property=\"og:image:width\" content=\"640\" \/>\n\t<meta property=\"og:image:height\" content=\"427\" \/>\n\t<meta property=\"og:image:type\" content=\"image\/png\" \/>\n<meta name=\"author\" content=\"Eugen Coroianu\" \/>\n<meta name=\"twitter:card\" content=\"summary_large_image\" \/>\n<meta name=\"twitter:label1\" content=\"Verfasst von\" \/>\n\t<meta name=\"twitter:data1\" content=\"Eugen Coroianu\" \/>\n\t<meta name=\"twitter:label2\" content=\"Gesch\u00e4tzte Lesezeit\" \/>\n\t<meta name=\"twitter:data2\" content=\"2\u00a0Minuten\" \/>\n\t<meta name=\"twitter:label3\" content=\"Written by\" \/>\n\t<meta name=\"twitter:data3\" content=\"Eugen Coroianu\" \/>\n<script type=\"application\/ld+json\" class=\"yoast-schema-graph\">{\"@context\":\"https:\\\/\\\/schema.org\",\"@graph\":[{\"@type\":\"Article\",\"@id\":\"https:\\\/\\\/www.rri.ro\\\/de\\\/aktuell\\\/rri-aktuell\\\/impfkampagne-in-rumaenien-geht-weiter-id461898.html#article\",\"isPartOf\":{\"@id\":\"https:\\\/\\\/www.rri.ro\\\/de\\\/aktuell\\\/rri-aktuell\\\/impfkampagne-in-rumaenien-geht-weiter-id461898.html\"},\"author\":{\"name\":\"Eugen Coroianu\",\"@id\":\"https:\\\/\\\/www.rri.ro\\\/#\\\/schema\\\/person\\\/5d5d5bd8eec0e962a50aaf3b0f6919c4\"},\"headline\":\"Impfkampagne in Rum\u00e4nien geht weiter\",\"datePublished\":\"2021-04-22T13:46:00+00:00\",\"dateModified\":\"2024-02-19T19:03:38+00:00\",\"mainEntityOfPage\":{\"@id\":\"https:\\\/\\\/www.rri.ro\\\/de\\\/aktuell\\\/rri-aktuell\\\/impfkampagne-in-rumaenien-geht-weiter-id461898.html\"},\"wordCount\":431,\"image\":{\"@id\":\"https:\\\/\\\/www.rri.ro\\\/de\\\/aktuell\\\/rri-aktuell\\\/impfkampagne-in-rumaenien-geht-weiter-id461898.html#primaryimage\"},\"thumbnailUrl\":\"https:\\\/\\\/www.rri.ro\\\/wp-content\\\/uploads\\\/2023\\\/10\\\/klaus-iohannis-inaugurare-centru-mobil-vaccinare-afumati-foto-presidency.png\",\"keywords\":[\"Corona Rum\u00e4nien\",\"Covid Impfung\",\"Pandemie Rum\u00e4nien\"],\"articleSection\":[\"RRI Aktuell\"],\"inLanguage\":\"de\"},{\"@type\":\"WebPage\",\"@id\":\"https:\\\/\\\/www.rri.ro\\\/de\\\/aktuell\\\/rri-aktuell\\\/impfkampagne-in-rumaenien-geht-weiter-id461898.html\",\"url\":\"https:\\\/\\\/www.rri.ro\\\/de\\\/aktuell\\\/rri-aktuell\\\/impfkampagne-in-rumaenien-geht-weiter-id461898.html\",\"name\":\"Impfkampagne in Rum\u00e4nien geht weiter - Radio Rum\u00e4nien International\",\"isPartOf\":{\"@id\":\"https:\\\/\\\/www.rri.ro\\\/#website\"},\"primaryImageOfPage\":{\"@id\":\"https:\\\/\\\/www.rri.ro\\\/de\\\/aktuell\\\/rri-aktuell\\\/impfkampagne-in-rumaenien-geht-weiter-id461898.html#primaryimage\"},\"image\":{\"@id\":\"https:\\\/\\\/www.rri.ro\\\/de\\\/aktuell\\\/rri-aktuell\\\/impfkampagne-in-rumaenien-geht-weiter-id461898.html#primaryimage\"},\"thumbnailUrl\":\"https:\\\/\\\/www.rri.ro\\\/wp-content\\\/uploads\\\/2023\\\/10\\\/klaus-iohannis-inaugurare-centru-mobil-vaccinare-afumati-foto-presidency.png\",\"datePublished\":\"2021-04-22T13:46:00+00:00\",\"dateModified\":\"2024-02-19T19:03:38+00:00\",\"author\":{\"@id\":\"https:\\\/\\\/www.rri.ro\\\/#\\\/schema\\\/person\\\/5d5d5bd8eec0e962a50aaf3b0f6919c4\"},\"breadcrumb\":{\"@id\":\"https:\\\/\\\/www.rri.ro\\\/de\\\/aktuell\\\/rri-aktuell\\\/impfkampagne-in-rumaenien-geht-weiter-id461898.html#breadcrumb\"},\"inLanguage\":\"de\",\"potentialAction\":[{\"@type\":\"ReadAction\",\"target\":[\"https:\\\/\\\/www.rri.ro\\\/de\\\/aktuell\\\/rri-aktuell\\\/impfkampagne-in-rumaenien-geht-weiter-id461898.html\"]}]},{\"@type\":\"ImageObject\",\"inLanguage\":\"de\",\"@id\":\"https:\\\/\\\/www.rri.ro\\\/de\\\/aktuell\\\/rri-aktuell\\\/impfkampagne-in-rumaenien-geht-weiter-id461898.html#primaryimage\",\"url\":\"https:\\\/\\\/www.rri.ro\\\/wp-content\\\/uploads\\\/2023\\\/10\\\/klaus-iohannis-inaugurare-centru-mobil-vaccinare-afumati-foto-presidency.png\",\"contentUrl\":\"https:\\\/\\\/www.rri.ro\\\/wp-content\\\/uploads\\\/2023\\\/10\\\/klaus-iohannis-inaugurare-centru-mobil-vaccinare-afumati-foto-presidency.png\",\"width\":640,\"height\":427},{\"@type\":\"BreadcrumbList\",\"@id\":\"https:\\\/\\\/www.rri.ro\\\/de\\\/aktuell\\\/rri-aktuell\\\/impfkampagne-in-rumaenien-geht-weiter-id461898.html#breadcrumb\",\"itemListElement\":[{\"@type\":\"ListItem\",\"position\":1,\"name\":\"Startseite\",\"item\":\"https:\\\/\\\/www.rri.ro\\\/de\"},{\"@type\":\"ListItem\",\"position\":2,\"name\":\"Aktuell\",\"item\":\"https:\\\/\\\/www.rri.ro\\\/de\\\/aktuell\"},{\"@type\":\"ListItem\",\"position\":3,\"name\":\"RRI Aktuell\",\"item\":\"https:\\\/\\\/www.rri.ro\\\/de\\\/aktuell\\\/rri-aktuell\"},{\"@type\":\"ListItem\",\"position\":4,\"name\":\"Impfkampagne in Rum\u00e4nien geht weiter\"}]},{\"@type\":\"WebSite\",\"@id\":\"https:\\\/\\\/www.rri.ro\\\/#website\",\"url\":\"https:\\\/\\\/www.rri.ro\\\/\",\"name\":\"Radio Rum\u00e4nien International\",\"description\":\"Totul despre Rom\u00e2nia \u015fi rom\u00e2ni, \u00een 13 limbi\\\/dialecte!\",\"inLanguage\":\"de\"},{\"@type\":\"Person\",\"@id\":\"https:\\\/\\\/www.rri.ro\\\/#\\\/schema\\\/person\\\/5d5d5bd8eec0e962a50aaf3b0f6919c4\",\"name\":\"Eugen Coroianu\",\"url\":\"https:\\\/\\\/www.rri.ro\\\/de\\\/author\\\/eugen-coroianu\"}]}<\/script>\n<!-- \/ Yoast SEO plugin. -->","yoast_head_json":{"title":"Impfkampagne in Rum\u00e4nien geht weiter - Radio Rum\u00e4nien International","robots":{"index":"index","follow":"follow","max-snippet":"max-snippet:-1","max-image-preview":"max-image-preview:large","max-video-preview":"max-video-preview:-1"},"canonical":"https:\/\/www.rri.ro\/de\/aktuell\/rri-aktuell\/impfkampagne-in-rumaenien-geht-weiter-id461898.html","og_locale":"de_DE","og_type":"article","og_title":"Impfkampagne in Rum\u00e4nien geht weiter - Radio Rum\u00e4nien International","og_description":"Die rum\u00e4nischen Beh\u00f6rden fordern die Menschen auf, sich impfen zu lassen.","og_url":"https:\/\/www.rri.ro\/de\/aktuell\/rri-aktuell\/impfkampagne-in-rumaenien-geht-weiter-id461898.html","og_site_name":"Radio Rum\u00e4nien International","article_published_time":"2021-04-22T13:46:00+00:00","article_modified_time":"2024-02-19T19:03:38+00:00","og_image":[{"width":640,"height":427,"url":"https:\/\/www.rri.ro\/wp-content\/uploads\/2023\/10\/klaus-iohannis-inaugurare-centru-mobil-vaccinare-afumati-foto-presidency.png","type":"image\/png"}],"author":"Eugen Coroianu","twitter_card":"summary_large_image","twitter_misc":{"Verfasst von":"Eugen Coroianu","Gesch\u00e4tzte Lesezeit":"2\u00a0Minuten","Written by":"Eugen Coroianu"},"schema":{"@context":"https:\/\/schema.org","@graph":[{"@type":"Article","@id":"https:\/\/www.rri.ro\/de\/aktuell\/rri-aktuell\/impfkampagne-in-rumaenien-geht-weiter-id461898.html#article","isPartOf":{"@id":"https:\/\/www.rri.ro\/de\/aktuell\/rri-aktuell\/impfkampagne-in-rumaenien-geht-weiter-id461898.html"},"author":{"name":"Eugen Coroianu","@id":"https:\/\/www.rri.ro\/#\/schema\/person\/5d5d5bd8eec0e962a50aaf3b0f6919c4"},"headline":"Impfkampagne in Rum\u00e4nien geht weiter","datePublished":"2021-04-22T13:46:00+00:00","dateModified":"2024-02-19T19:03:38+00:00","mainEntityOfPage":{"@id":"https:\/\/www.rri.ro\/de\/aktuell\/rri-aktuell\/impfkampagne-in-rumaenien-geht-weiter-id461898.html"},"wordCount":431,"image":{"@id":"https:\/\/www.rri.ro\/de\/aktuell\/rri-aktuell\/impfkampagne-in-rumaenien-geht-weiter-id461898.html#primaryimage"},"thumbnailUrl":"https:\/\/www.rri.ro\/wp-content\/uploads\/2023\/10\/klaus-iohannis-inaugurare-centru-mobil-vaccinare-afumati-foto-presidency.png","keywords":["Corona Rum\u00e4nien","Covid Impfung","Pandemie Rum\u00e4nien"],"articleSection":["RRI Aktuell"],"inLanguage":"de"},{"@type":"WebPage","@id":"https:\/\/www.rri.ro\/de\/aktuell\/rri-aktuell\/impfkampagne-in-rumaenien-geht-weiter-id461898.html","url":"https:\/\/www.rri.ro\/de\/aktuell\/rri-aktuell\/impfkampagne-in-rumaenien-geht-weiter-id461898.html","name":"Impfkampagne in Rum\u00e4nien geht weiter - Radio Rum\u00e4nien International","isPartOf":{"@id":"https:\/\/www.rri.ro\/#website"},"primaryImageOfPage":{"@id":"https:\/\/www.rri.ro\/de\/aktuell\/rri-aktuell\/impfkampagne-in-rumaenien-geht-weiter-id461898.html#primaryimage"},"image":{"@id":"https:\/\/www.rri.ro\/de\/aktuell\/rri-aktuell\/impfkampagne-in-rumaenien-geht-weiter-id461898.html#primaryimage"},"thumbnailUrl":"https:\/\/www.rri.ro\/wp-content\/uploads\/2023\/10\/klaus-iohannis-inaugurare-centru-mobil-vaccinare-afumati-foto-presidency.png","datePublished":"2021-04-22T13:46:00+00:00","dateModified":"2024-02-19T19:03:38+00:00","author":{"@id":"https:\/\/www.rri.ro\/#\/schema\/person\/5d5d5bd8eec0e962a50aaf3b0f6919c4"},"breadcrumb":{"@id":"https:\/\/www.rri.ro\/de\/aktuell\/rri-aktuell\/impfkampagne-in-rumaenien-geht-weiter-id461898.html#breadcrumb"},"inLanguage":"de","potentialAction":[{"@type":"ReadAction","target":["https:\/\/www.rri.ro\/de\/aktuell\/rri-aktuell\/impfkampagne-in-rumaenien-geht-weiter-id461898.html"]}]},{"@type":"ImageObject","inLanguage":"de","@id":"https:\/\/www.rri.ro\/de\/aktuell\/rri-aktuell\/impfkampagne-in-rumaenien-geht-weiter-id461898.html#primaryimage","url":"https:\/\/www.rri.ro\/wp-content\/uploads\/2023\/10\/klaus-iohannis-inaugurare-centru-mobil-vaccinare-afumati-foto-presidency.png","contentUrl":"https:\/\/www.rri.ro\/wp-content\/uploads\/2023\/10\/klaus-iohannis-inaugurare-centru-mobil-vaccinare-afumati-foto-presidency.png","width":640,"height":427},{"@type":"BreadcrumbList","@id":"https:\/\/www.rri.ro\/de\/aktuell\/rri-aktuell\/impfkampagne-in-rumaenien-geht-weiter-id461898.html#breadcrumb","itemListElement":[{"@type":"ListItem","position":1,"name":"Startseite","item":"https:\/\/www.rri.ro\/de"},{"@type":"ListItem","position":2,"name":"Aktuell","item":"https:\/\/www.rri.ro\/de\/aktuell"},{"@type":"ListItem","position":3,"name":"RRI Aktuell","item":"https:\/\/www.rri.ro\/de\/aktuell\/rri-aktuell"},{"@type":"ListItem","position":4,"name":"Impfkampagne in Rum\u00e4nien geht weiter"}]},{"@type":"WebSite","@id":"https:\/\/www.rri.ro\/#website","url":"https:\/\/www.rri.ro\/","name":"Radio Rum\u00e4nien International","description":"Totul despre Rom\u00e2nia \u015fi rom\u00e2ni, \u00een 13 limbi\/dialecte!","inLanguage":"de"},{"@type":"Person","@id":"https:\/\/www.rri.ro\/#\/schema\/person\/5d5d5bd8eec0e962a50aaf3b0f6919c4","name":"Eugen Coroianu","url":"https:\/\/www.rri.ro\/de\/author\/eugen-coroianu"}]}},"_links":{"self":[{"href":"https:\/\/www.rri.ro\/de\/wp-json\/wp\/v2\/posts\/461898","targetHints":{"allow":["GET"]}}],"collection":[{"href":"https:\/\/www.rri.ro\/de\/wp-json\/wp\/v2\/posts"}],"about":[{"href":"https:\/\/www.rri.ro\/de\/wp-json\/wp\/v2\/types\/post"}],"author":[{"embeddable":true,"href":"https:\/\/www.rri.ro\/de\/wp-json\/wp\/v2\/users\/104"}],"replies":[{"embeddable":true,"href":"https:\/\/www.rri.ro\/de\/wp-json\/wp\/v2\/comments?post=461898"}],"version-history":[{"count":0,"href":"https:\/\/www.rri.ro\/de\/wp-json\/wp\/v2\/posts\/461898\/revisions"}],"wp:featuredmedia":[{"embeddable":true,"href":"https:\/\/www.rri.ro\/de\/wp-json\/wp\/v2\/media\/88700"}],"wp:attachment":[{"href":"https:\/\/www.rri.ro\/de\/wp-json\/wp\/v2\/media?parent=461898"}],"wp:term":[{"taxonomy":"category","embeddable":true,"href":"https:\/\/www.rri.ro\/de\/wp-json\/wp\/v2\/categories?post=461898"},{"taxonomy":"post_tag","embeddable":true,"href":"https:\/\/www.rri.ro\/de\/wp-json\/wp\/v2\/tags?post=461898"},{"taxonomy":"author","embeddable":true,"href":"https:\/\/www.rri.ro\/de\/wp-json\/wp\/v2\/coauthors?post=461898"}],"curies":[{"name":"wp","href":"https:\/\/api.w.org\/{rel}","templated":true}]}}