{"id":461900,"date":"2021-04-23T13:55:00","date_gmt":"2021-04-23T10:55:00","guid":{"rendered":"http:\/\/devrri.freshlemon.ro\/aktuell\/corona-lockerungen-in-gespraech-id461900.html"},"modified":"2024-02-19T21:03:40","modified_gmt":"2024-02-19T19:03:40","slug":"corona-lockerungen-in-gespraech","status":"publish","type":"post","link":"https:\/\/www.rri.ro\/de\/aktuell\/rri-aktuell\/corona-lockerungen-in-gespraech-id461900.html","title":{"rendered":"Corona-Lockerungen in Gespr\u00e4ch"},"content":{"rendered":"<\/p>\n<p>&#13;<br \/>\n&#13;<\/p>\n<p>Nach zweimonatigem Notstand wurde der Alarmzustand in Rum\u00e4nien im Mai 2020 eingef\u00fchrt. Danach wurde er Monat und Monat verl\u00e4ngert.  Ein Ende des Alarmzustandes ist gegenw\u00e4rtig nicht in Sicht. Corona zeigte Schwachstellen deutlich auf, verschonte niemanden und zog die gesamte rum\u00e4nische Wirtschaft und Gesellschaft in Mitleidenschaft. Hinzu kommen die Einschr\u00e4nkungen, mit denen versucht wird, die Ausbreitung des Virus einzud\u00e4mmen, von Maskenpflicht und Abstand halten bis hin zur Einschr\u00e4nkung der Bewegungs- und Versammlungsfreiheit. Aber, so wiederholen es die Beh\u00f6rden, eine R\u00fcckkehr zur Normalit\u00e4t, wird ohne Impfung nicht m\u00f6glich sein. Als erster m\u00f6glicher Termin wurde der 1. Juni genannt. Premierminister Florin C\u00ee\u021bu sagte, dass dieses Datum ein wichtiger Meilenstein im Kampf gegen die Pandemie darstelle.  Daf\u00fcr muss jedoch mindestens ein Drittel der Bev\u00f6lkerung geimpft sein. Florin C\u00ee\u021bu: Der 1. Juni bedeutet nicht, dass wir vollst\u00e4ndig zur Normalit\u00e4t zur\u00fcckkehren k\u00f6nnen, aber dieses Datum ist ein erster und wichtiger Schritt in die richtige Richtung. Wir haben gesagt, dass wir das schaffen, wenn wir fast 35 % der Bev\u00f6lkerung bis dahin impfen werden. Es liegt also an uns. So wie bisher, liegt es in unseren H\u00e4nden, zur Normalit\u00e4t zur\u00fcckzukehren. Ich wei\u200e\u00df, ich wiederhole mich, aber es liegt nur an uns. Eine erfolgreiche Impfkampagne bringt auch in Rum\u00e4nien die Normalit\u00e4t zur\u00fcck.\u201c Der Regierungschef sagte auch, dass die Maskenpflicht erst dann aufgehoben wird, wenn 10 Millionen Menschen, also die H\u00e4lfte der Gesamtbev\u00f6lkerung, geimpft sein wird.<\/p>\n<p>&#13;<br \/>\n&#13;<\/p>\n<p>&#13;<br \/>\n&#13;<\/p>\n<p>Eine Studie eines der f\u00fchrenden Unternehmen im Gesundheitswesen, Medlife, sch\u00e4tzte jedoch, dass bis Ende 2021 zwischen 27 und 31 % der Bev\u00f6lkerung geimpft sein werde, also nur 5 Millionen Menschen. Nur zwischen 10 und 13 % der Bev\u00f6lkerung h\u00e4tten noch die feste Absicht, sich in n\u00e4chster Zeit impfen zu lassen, und nur ein Drittel h\u00e4lt die Impfung f\u00fcr wirksam. Besser sieht es in den St\u00e4dten aus, wo sch\u00e4tzungsweise 33 bis 38 % aller Menschen ab 16 Jahren bis Ende des Jahres geimpft sein werden k\u00f6nnten. Im Gegensatz dazu liegt die gesch\u00e4tzte Durchimpfungsrate in l\u00e4ndlichen Gegenden bis Dezember bei etwa 19&#8211;23 %. M\u00e4nner, Menschen \u00fcber 50 und solche, die mittelschwere oder schweren Formen der Krankheit durchmachten, stehen der Impfung gegen\u00fcber offener dar. Au\u200e\u00dferdem ist die Bereitschaft der Befragten, sich impfen zu lassen, umso gr\u00f6\u200e\u00dfer, je h\u00f6her das Bildungsniveau ist. Angst vor langfristigen oder unmittelbaren unerw\u00fcnschten Wirkungen des Impfstoffs, Misstrauen gegen\u00fcber den Beh\u00f6rden und dem Gesundheitssystem sind die Hauptgr\u00fcnde f\u00fcr die Ablehnung. Deshalb, so die Medlife-Studie, sei es notwendig, vertrauensw\u00fcrdige Pfeiler der Gesellschaft, wie Kirche, Armee oder regierungsunabh\u00e4nginge Organisationen, einzubinden, um die Angst vor dem Impfstoff zu verringern. (Bogdan Matei)<\/p>\n<p>&#13;<\/p>\n","protected":false},"excerpt":{"rendered":"<p>Die rum\u00e4nischen Beh\u00f6rden betonen, dass die schrittweise Lockerung der Corona-Einschr\u00e4nkungen, von dem Erfolg der Massenimpfung abh\u00e4ngt.<\/p>\n","protected":false},"author":105,"featured_media":461901,"comment_status":"closed","ping_status":"closed","sticky":false,"template":"","format":"standard","meta":{"_acf_changed":false,"footnotes":""},"categories":[99583],"tags":[105027,35529,105112,35391,103518,105267,105268],"coauthors":[],"class_list":["post-461900","post","type-post","status-publish","format-standard","has-post-thumbnail","hentry","category-rri-aktuell","tag-alarmzustand","tag-corona","tag-einschraenkungen","tag-florin-citu","tag-impfung","tag-lockerungen","tag-medlife"],"acf":[],"yoast_head":"<!-- This site is optimized with the Yoast SEO plugin v27.5 - https:\/\/yoast.com\/product\/yoast-seo-wordpress\/ -->\n<title>Corona-Lockerungen in Gespr\u00e4ch - Radio Rum\u00e4nien International<\/title>\n<meta name=\"robots\" content=\"index, follow, max-snippet:-1, max-image-preview:large, max-video-preview:-1\" \/>\n<link rel=\"canonical\" href=\"https:\/\/www.rri.ro\/de\/aktuell\/rri-aktuell\/corona-lockerungen-in-gespraech-id461900.html\" \/>\n<meta property=\"og:locale\" content=\"de_DE\" \/>\n<meta property=\"og:type\" content=\"article\" \/>\n<meta property=\"og:title\" content=\"Corona-Lockerungen in Gespr\u00e4ch - Radio Rum\u00e4nien International\" \/>\n<meta property=\"og:description\" content=\"Die rum\u00e4nischen Beh\u00f6rden betonen, dass die schrittweise Lockerung der Corona-Einschr\u00e4nkungen, von dem Erfolg der Massenimpfung abh\u00e4ngt.\" \/>\n<meta property=\"og:url\" content=\"https:\/\/www.rri.ro\/de\/aktuell\/rri-aktuell\/corona-lockerungen-in-gespraech-id461900.html\" \/>\n<meta property=\"og:site_name\" content=\"Radio Rum\u00e4nien International\" \/>\n<meta property=\"article:published_time\" content=\"2021-04-23T10:55:00+00:00\" \/>\n<meta property=\"article:modified_time\" content=\"2024-02-19T19:03:40+00:00\" \/>\n<meta property=\"og:image\" content=\"https:\/\/www.rri.ro\/wp-content\/uploads\/2023\/10\/florin-citu-aprilie-comitet-gov-rojpg-alt.png\" \/>\n\t<meta property=\"og:image:width\" content=\"640\" \/>\n\t<meta property=\"og:image:height\" content=\"480\" \/>\n\t<meta property=\"og:image:type\" content=\"image\/png\" \/>\n<meta name=\"author\" content=\"Bogdan Matei\" \/>\n<meta name=\"twitter:card\" content=\"summary_large_image\" \/>\n<meta name=\"twitter:label1\" content=\"Verfasst von\" \/>\n\t<meta name=\"twitter:data1\" content=\"Bogdan Matei\" \/>\n\t<meta name=\"twitter:label2\" content=\"Gesch\u00e4tzte Lesezeit\" \/>\n\t<meta name=\"twitter:data2\" content=\"2\u00a0Minuten\" \/>\n\t<meta name=\"twitter:label3\" content=\"Written by\" \/>\n\t<meta name=\"twitter:data3\" content=\"Bogdan Matei\" \/>\n<script type=\"application\/ld+json\" class=\"yoast-schema-graph\">{\"@context\":\"https:\\\/\\\/schema.org\",\"@graph\":[{\"@type\":\"Article\",\"@id\":\"https:\\\/\\\/www.rri.ro\\\/de\\\/aktuell\\\/rri-aktuell\\\/corona-lockerungen-in-gespraech-id461900.html#article\",\"isPartOf\":{\"@id\":\"https:\\\/\\\/www.rri.ro\\\/de\\\/aktuell\\\/rri-aktuell\\\/corona-lockerungen-in-gespraech-id461900.html\"},\"author\":{\"name\":\"Bogdan Matei\",\"@id\":\"https:\\\/\\\/www.rri.ro\\\/#\\\/schema\\\/person\\\/0ed327d40678578e6dbb840527e3ba32\"},\"headline\":\"Corona-Lockerungen in Gespr\u00e4ch\",\"datePublished\":\"2021-04-23T10:55:00+00:00\",\"dateModified\":\"2024-02-19T19:03:40+00:00\",\"mainEntityOfPage\":{\"@id\":\"https:\\\/\\\/www.rri.ro\\\/de\\\/aktuell\\\/rri-aktuell\\\/corona-lockerungen-in-gespraech-id461900.html\"},\"wordCount\":454,\"image\":{\"@id\":\"https:\\\/\\\/www.rri.ro\\\/de\\\/aktuell\\\/rri-aktuell\\\/corona-lockerungen-in-gespraech-id461900.html#primaryimage\"},\"thumbnailUrl\":\"https:\\\/\\\/www.rri.ro\\\/wp-content\\\/uploads\\\/2023\\\/10\\\/florin-citu-aprilie-comitet-gov-rojpg-alt.png\",\"keywords\":[\"Alarmzustand\",\"corona\",\"Einschr\u00e4nkungen\",\"Florin Citu\",\"Impfung\",\"Lockerungen\",\"Medlife\"],\"articleSection\":[\"RRI Aktuell\"],\"inLanguage\":\"de\"},{\"@type\":\"WebPage\",\"@id\":\"https:\\\/\\\/www.rri.ro\\\/de\\\/aktuell\\\/rri-aktuell\\\/corona-lockerungen-in-gespraech-id461900.html\",\"url\":\"https:\\\/\\\/www.rri.ro\\\/de\\\/aktuell\\\/rri-aktuell\\\/corona-lockerungen-in-gespraech-id461900.html\",\"name\":\"Corona-Lockerungen in Gespr\u00e4ch - Radio Rum\u00e4nien International\",\"isPartOf\":{\"@id\":\"https:\\\/\\\/www.rri.ro\\\/#website\"},\"primaryImageOfPage\":{\"@id\":\"https:\\\/\\\/www.rri.ro\\\/de\\\/aktuell\\\/rri-aktuell\\\/corona-lockerungen-in-gespraech-id461900.html#primaryimage\"},\"image\":{\"@id\":\"https:\\\/\\\/www.rri.ro\\\/de\\\/aktuell\\\/rri-aktuell\\\/corona-lockerungen-in-gespraech-id461900.html#primaryimage\"},\"thumbnailUrl\":\"https:\\\/\\\/www.rri.ro\\\/wp-content\\\/uploads\\\/2023\\\/10\\\/florin-citu-aprilie-comitet-gov-rojpg-alt.png\",\"datePublished\":\"2021-04-23T10:55:00+00:00\",\"dateModified\":\"2024-02-19T19:03:40+00:00\",\"author\":{\"@id\":\"https:\\\/\\\/www.rri.ro\\\/#\\\/schema\\\/person\\\/0ed327d40678578e6dbb840527e3ba32\"},\"breadcrumb\":{\"@id\":\"https:\\\/\\\/www.rri.ro\\\/de\\\/aktuell\\\/rri-aktuell\\\/corona-lockerungen-in-gespraech-id461900.html#breadcrumb\"},\"inLanguage\":\"de\",\"potentialAction\":[{\"@type\":\"ReadAction\",\"target\":[\"https:\\\/\\\/www.rri.ro\\\/de\\\/aktuell\\\/rri-aktuell\\\/corona-lockerungen-in-gespraech-id461900.html\"]}]},{\"@type\":\"ImageObject\",\"inLanguage\":\"de\",\"@id\":\"https:\\\/\\\/www.rri.ro\\\/de\\\/aktuell\\\/rri-aktuell\\\/corona-lockerungen-in-gespraech-id461900.html#primaryimage\",\"url\":\"https:\\\/\\\/www.rri.ro\\\/wp-content\\\/uploads\\\/2023\\\/10\\\/florin-citu-aprilie-comitet-gov-rojpg-alt.png\",\"contentUrl\":\"https:\\\/\\\/www.rri.ro\\\/wp-content\\\/uploads\\\/2023\\\/10\\\/florin-citu-aprilie-comitet-gov-rojpg-alt.png\",\"width\":640,\"height\":480},{\"@type\":\"BreadcrumbList\",\"@id\":\"https:\\\/\\\/www.rri.ro\\\/de\\\/aktuell\\\/rri-aktuell\\\/corona-lockerungen-in-gespraech-id461900.html#breadcrumb\",\"itemListElement\":[{\"@type\":\"ListItem\",\"position\":1,\"name\":\"Startseite\",\"item\":\"https:\\\/\\\/www.rri.ro\\\/de\"},{\"@type\":\"ListItem\",\"position\":2,\"name\":\"Aktuell\",\"item\":\"https:\\\/\\\/www.rri.ro\\\/de\\\/aktuell\"},{\"@type\":\"ListItem\",\"position\":3,\"name\":\"RRI Aktuell\",\"item\":\"https:\\\/\\\/www.rri.ro\\\/de\\\/aktuell\\\/rri-aktuell\"},{\"@type\":\"ListItem\",\"position\":4,\"name\":\"Corona-Lockerungen in Gespr\u00e4ch\"}]},{\"@type\":\"WebSite\",\"@id\":\"https:\\\/\\\/www.rri.ro\\\/#website\",\"url\":\"https:\\\/\\\/www.rri.ro\\\/\",\"name\":\"Radio Rum\u00e4nien International\",\"description\":\"Totul despre Rom\u00e2nia \u015fi rom\u00e2ni, \u00een 13 limbi\\\/dialecte!\",\"inLanguage\":\"de\"},{\"@type\":\"Person\",\"@id\":\"https:\\\/\\\/www.rri.ro\\\/#\\\/schema\\\/person\\\/0ed327d40678578e6dbb840527e3ba32\",\"name\":\"Bogdan Matei\",\"url\":\"https:\\\/\\\/www.rri.ro\\\/de\\\/author\\\/bogdan-matei\"}]}<\/script>\n<!-- \/ Yoast SEO plugin. -->","yoast_head_json":{"title":"Corona-Lockerungen in Gespr\u00e4ch - Radio Rum\u00e4nien International","robots":{"index":"index","follow":"follow","max-snippet":"max-snippet:-1","max-image-preview":"max-image-preview:large","max-video-preview":"max-video-preview:-1"},"canonical":"https:\/\/www.rri.ro\/de\/aktuell\/rri-aktuell\/corona-lockerungen-in-gespraech-id461900.html","og_locale":"de_DE","og_type":"article","og_title":"Corona-Lockerungen in Gespr\u00e4ch - Radio Rum\u00e4nien International","og_description":"Die rum\u00e4nischen Beh\u00f6rden betonen, dass die schrittweise Lockerung der Corona-Einschr\u00e4nkungen, von dem Erfolg der Massenimpfung abh\u00e4ngt.","og_url":"https:\/\/www.rri.ro\/de\/aktuell\/rri-aktuell\/corona-lockerungen-in-gespraech-id461900.html","og_site_name":"Radio Rum\u00e4nien International","article_published_time":"2021-04-23T10:55:00+00:00","article_modified_time":"2024-02-19T19:03:40+00:00","og_image":[{"width":640,"height":480,"url":"https:\/\/www.rri.ro\/wp-content\/uploads\/2023\/10\/florin-citu-aprilie-comitet-gov-rojpg-alt.png","type":"image\/png"}],"author":"Bogdan Matei","twitter_card":"summary_large_image","twitter_misc":{"Verfasst von":"Bogdan Matei","Gesch\u00e4tzte Lesezeit":"2\u00a0Minuten","Written by":"Bogdan Matei"},"schema":{"@context":"https:\/\/schema.org","@graph":[{"@type":"Article","@id":"https:\/\/www.rri.ro\/de\/aktuell\/rri-aktuell\/corona-lockerungen-in-gespraech-id461900.html#article","isPartOf":{"@id":"https:\/\/www.rri.ro\/de\/aktuell\/rri-aktuell\/corona-lockerungen-in-gespraech-id461900.html"},"author":{"name":"Bogdan Matei","@id":"https:\/\/www.rri.ro\/#\/schema\/person\/0ed327d40678578e6dbb840527e3ba32"},"headline":"Corona-Lockerungen in Gespr\u00e4ch","datePublished":"2021-04-23T10:55:00+00:00","dateModified":"2024-02-19T19:03:40+00:00","mainEntityOfPage":{"@id":"https:\/\/www.rri.ro\/de\/aktuell\/rri-aktuell\/corona-lockerungen-in-gespraech-id461900.html"},"wordCount":454,"image":{"@id":"https:\/\/www.rri.ro\/de\/aktuell\/rri-aktuell\/corona-lockerungen-in-gespraech-id461900.html#primaryimage"},"thumbnailUrl":"https:\/\/www.rri.ro\/wp-content\/uploads\/2023\/10\/florin-citu-aprilie-comitet-gov-rojpg-alt.png","keywords":["Alarmzustand","corona","Einschr\u00e4nkungen","Florin Citu","Impfung","Lockerungen","Medlife"],"articleSection":["RRI Aktuell"],"inLanguage":"de"},{"@type":"WebPage","@id":"https:\/\/www.rri.ro\/de\/aktuell\/rri-aktuell\/corona-lockerungen-in-gespraech-id461900.html","url":"https:\/\/www.rri.ro\/de\/aktuell\/rri-aktuell\/corona-lockerungen-in-gespraech-id461900.html","name":"Corona-Lockerungen in Gespr\u00e4ch - Radio Rum\u00e4nien International","isPartOf":{"@id":"https:\/\/www.rri.ro\/#website"},"primaryImageOfPage":{"@id":"https:\/\/www.rri.ro\/de\/aktuell\/rri-aktuell\/corona-lockerungen-in-gespraech-id461900.html#primaryimage"},"image":{"@id":"https:\/\/www.rri.ro\/de\/aktuell\/rri-aktuell\/corona-lockerungen-in-gespraech-id461900.html#primaryimage"},"thumbnailUrl":"https:\/\/www.rri.ro\/wp-content\/uploads\/2023\/10\/florin-citu-aprilie-comitet-gov-rojpg-alt.png","datePublished":"2021-04-23T10:55:00+00:00","dateModified":"2024-02-19T19:03:40+00:00","author":{"@id":"https:\/\/www.rri.ro\/#\/schema\/person\/0ed327d40678578e6dbb840527e3ba32"},"breadcrumb":{"@id":"https:\/\/www.rri.ro\/de\/aktuell\/rri-aktuell\/corona-lockerungen-in-gespraech-id461900.html#breadcrumb"},"inLanguage":"de","potentialAction":[{"@type":"ReadAction","target":["https:\/\/www.rri.ro\/de\/aktuell\/rri-aktuell\/corona-lockerungen-in-gespraech-id461900.html"]}]},{"@type":"ImageObject","inLanguage":"de","@id":"https:\/\/www.rri.ro\/de\/aktuell\/rri-aktuell\/corona-lockerungen-in-gespraech-id461900.html#primaryimage","url":"https:\/\/www.rri.ro\/wp-content\/uploads\/2023\/10\/florin-citu-aprilie-comitet-gov-rojpg-alt.png","contentUrl":"https:\/\/www.rri.ro\/wp-content\/uploads\/2023\/10\/florin-citu-aprilie-comitet-gov-rojpg-alt.png","width":640,"height":480},{"@type":"BreadcrumbList","@id":"https:\/\/www.rri.ro\/de\/aktuell\/rri-aktuell\/corona-lockerungen-in-gespraech-id461900.html#breadcrumb","itemListElement":[{"@type":"ListItem","position":1,"name":"Startseite","item":"https:\/\/www.rri.ro\/de"},{"@type":"ListItem","position":2,"name":"Aktuell","item":"https:\/\/www.rri.ro\/de\/aktuell"},{"@type":"ListItem","position":3,"name":"RRI Aktuell","item":"https:\/\/www.rri.ro\/de\/aktuell\/rri-aktuell"},{"@type":"ListItem","position":4,"name":"Corona-Lockerungen in Gespr\u00e4ch"}]},{"@type":"WebSite","@id":"https:\/\/www.rri.ro\/#website","url":"https:\/\/www.rri.ro\/","name":"Radio Rum\u00e4nien International","description":"Totul despre Rom\u00e2nia \u015fi rom\u00e2ni, \u00een 13 limbi\/dialecte!","inLanguage":"de"},{"@type":"Person","@id":"https:\/\/www.rri.ro\/#\/schema\/person\/0ed327d40678578e6dbb840527e3ba32","name":"Bogdan Matei","url":"https:\/\/www.rri.ro\/de\/author\/bogdan-matei"}]}},"_links":{"self":[{"href":"https:\/\/www.rri.ro\/de\/wp-json\/wp\/v2\/posts\/461900","targetHints":{"allow":["GET"]}}],"collection":[{"href":"https:\/\/www.rri.ro\/de\/wp-json\/wp\/v2\/posts"}],"about":[{"href":"https:\/\/www.rri.ro\/de\/wp-json\/wp\/v2\/types\/post"}],"author":[{"embeddable":true,"href":"https:\/\/www.rri.ro\/de\/wp-json\/wp\/v2\/users\/105"}],"replies":[{"embeddable":true,"href":"https:\/\/www.rri.ro\/de\/wp-json\/wp\/v2\/comments?post=461900"}],"version-history":[{"count":0,"href":"https:\/\/www.rri.ro\/de\/wp-json\/wp\/v2\/posts\/461900\/revisions"}],"wp:featuredmedia":[{"embeddable":true,"href":"https:\/\/www.rri.ro\/de\/wp-json\/wp\/v2\/media\/461901"}],"wp:attachment":[{"href":"https:\/\/www.rri.ro\/de\/wp-json\/wp\/v2\/media?parent=461900"}],"wp:term":[{"taxonomy":"category","embeddable":true,"href":"https:\/\/www.rri.ro\/de\/wp-json\/wp\/v2\/categories?post=461900"},{"taxonomy":"post_tag","embeddable":true,"href":"https:\/\/www.rri.ro\/de\/wp-json\/wp\/v2\/tags?post=461900"},{"taxonomy":"author","embeddable":true,"href":"https:\/\/www.rri.ro\/de\/wp-json\/wp\/v2\/coauthors?post=461900"}],"curies":[{"name":"wp","href":"https:\/\/api.w.org\/{rel}","templated":true}]}}