{"id":461922,"date":"2021-05-06T17:08:00","date_gmt":"2021-05-06T14:08:00","guid":{"rendered":"http:\/\/devrri.freshlemon.ro\/aktuell\/nationaler-plan-fuer-wiederaufbau-und-entwicklung-wird-angepasst-id461922.html"},"modified":"2024-02-19T21:03:54","modified_gmt":"2024-02-19T19:03:54","slug":"nationaler-plan-fuer-wiederaufbau-und-entwicklung-wird-angepasst","status":"publish","type":"post","link":"https:\/\/www.rri.ro\/de\/aktuell\/rri-aktuell\/nationaler-plan-fuer-wiederaufbau-und-entwicklung-wird-angepasst-id461922.html","title":{"rendered":"Nationaler Plan f\u00fcr Wiederaufbau und Entwicklung wird angepasst"},"content":{"rendered":"<p>Der Nationale Plan f\u00fcr Wiederaufbau und Entwicklung (PNRR) wurde gem\u00e4\u200e\u00df den Empfehlungen der Europ\u00e4ischen Kommission hinsichtlich wichtiger Reformen und Investitionsprojekte, die die Bukarester Beh\u00f6rden in der kommenden Zeit umsetzen wollen, angepasst. Premierminister Florin C\u00ee\u0163u hat sein Kabinett aufgefordert, alle Vorschl\u00e4ge f\u00fcr dieses Dokument vor den Gespr\u00e4chen, die n\u00e4chste Woche mit Vertretern der Kommission stattfinden sollen, fertig zu stellen. Florin C\u00ee\u0163u sagte, dass der Plan an die Empfehlungen der Kommission angepasst wurde, von 42 Milliarden Euro auf 29 Milliarden Euro, nachdem die Investitionen in einer Reihe von Bereichen gek\u00fcrzt wurden. Der Premierminister sagte, dass die PNRR alle Mittel, die Rum\u00e4nien zugeteilt werden, absorbieren wird:<\/p>\n<p>&#13;<br \/>\n&#13;<\/p>\n<p>Es ist an der Zeit, dass wir die Dinge ein wenig beschleunigen. Wir m\u00fcssen noch ein paar Details ausarbeiten. Ich bin sicher, dass PNRR die Entwicklungsinteressen Rum\u00e4niens in der kommenden Periode vertreten wird, und nat\u00fcrlich werden wir sie umsetzen. Es gibt viele Dinge zu besprechen, aber ich bin sicher, dass PNRR gut f\u00fcr uns sein wird, und wir werden alle f\u00fcr Rum\u00e4nien vorgesehenen Mittel abrufen\u201c.<\/p>\n<p>&#13;<br \/>\n&#13;<\/p>\n<p>Die Anpassung des Plans beinhaltete \u00c4nderungen der Zuweisungen f\u00fcr das Projekt &#8222;Gebildetes Rum\u00e4nien&#8220;. Die Bildung wird demnach 3,7 Milliarden Euro erhalten, weit \u00fcber dem EU-Durchschnitt, erkl\u00e4rte der Minister f\u00fcr Investitionen und europ\u00e4ische Projekte, Cristian Ghinea:<\/p>\n<p>&#13;<br \/>\n&#13;<\/p>\n<p>Gem\u00e4\u200e\u00df der Empfehlung des Europ\u00e4ischen Parlaments habe ich von Anfang an gesagt, dass Bildung eine Priorit\u00e4t ist. Urspr\u00fcnglich waren im PNRR 4 Milliarden Euro f\u00fcr Bildung vorgesehen, die nun auf 3,7 Milliarden gek\u00fcrzt wurden. Im Moment gehen 12% der Mittel des Plans in die Bildung, was weit \u00fcber dem EU-Durchschnitt und der Empfehlung des Europ\u00e4ischen Parlaments liegt\u201c.<\/p>\n<p>&#13;<br \/>\n&#13;<\/p>\n<p>PNRR k\u00f6nnte helfen, das \u00f6ffentliche Haushaltsdefizit auf etwa 3% des BIP im Jahr 2024 zu korrigieren, indem es den heimischen Markt unterst\u00fctzt, hei\u200e\u00dft es in einem Konvergenzbericht, der von der Rum\u00e4nischen Nationalbank ver\u00f6ffentlicht wurde. Dem Bericht zufolge sind der PNRR und der mehrj\u00e4hrige Finanzrahmen \u00e4u\u200e\u00dferst wichtig f\u00fcr Rum\u00e4nien, da sie helfen, das Haushaltsdefizit zu korrigieren, die Auswirkungen der Rezession zu reduzieren und durch Strukturreformen und hochwertige \u00f6ffentliche Investitionen die mittelfristige Entwicklung des BIP zu beeinflussen, hei\u200e\u00dft es in dem Bericht. In der Sitzung am Dienstag verabschiedete die Regierung in Bukarest den Nationalen Konvergenzplan, der Reformen des Renten- und Gehaltssystems, staatlicher Unternehmen und der \u00f6ffentlichen Verwaltung vorsieht.<\/p>\n<p>&#13;<\/p>\n","protected":false},"excerpt":{"rendered":"<p>Die rum\u00e4nischen Beh\u00f6rden haben einige Anpassungen am Plan f\u00fcr Wiederaufbau und Entwicklung vorgenommen.<\/p>\n","protected":false},"author":107,"featured_media":88846,"comment_status":"closed","ping_status":"closed","sticky":false,"template":"","format":"standard","meta":{"_acf_changed":false,"footnotes":""},"categories":[99583],"tags":[99617,105273,36165],"coauthors":[],"class_list":["post-461922","post","type-post","status-publish","format-standard","has-post-thumbnail","hentry","category-rri-aktuell","tag-eu-kommission","tag-nationaler-plan-fuer-wiederaufbau-und-entwicklung","tag-pnrr"],"acf":[],"yoast_head":"<!-- This site is optimized with the Yoast SEO plugin v27.3 - https:\/\/yoast.com\/product\/yoast-seo-wordpress\/ -->\n<title>Nationaler Plan f\u00fcr Wiederaufbau und Entwicklung wird angepasst - Radio Rum\u00e4nien International<\/title>\n<meta name=\"robots\" content=\"index, follow, max-snippet:-1, max-image-preview:large, max-video-preview:-1\" \/>\n<link rel=\"canonical\" href=\"https:\/\/www.rri.ro\/de\/aktuell\/rri-aktuell\/nationaler-plan-fuer-wiederaufbau-und-entwicklung-wird-angepasst-id461922.html\" \/>\n<meta property=\"og:locale\" content=\"de_DE\" \/>\n<meta property=\"og:type\" content=\"article\" \/>\n<meta property=\"og:title\" content=\"Nationaler Plan f\u00fcr Wiederaufbau und Entwicklung wird angepasst - Radio Rum\u00e4nien International\" \/>\n<meta property=\"og:description\" content=\"Die rum\u00e4nischen Beh\u00f6rden haben einige Anpassungen am Plan f\u00fcr Wiederaufbau und Entwicklung vorgenommen.\" \/>\n<meta property=\"og:url\" content=\"https:\/\/www.rri.ro\/de\/aktuell\/rri-aktuell\/nationaler-plan-fuer-wiederaufbau-und-entwicklung-wird-angepasst-id461922.html\" \/>\n<meta property=\"og:site_name\" content=\"Radio Rum\u00e4nien International\" \/>\n<meta property=\"article:published_time\" content=\"2021-05-06T14:08:00+00:00\" \/>\n<meta property=\"article:modified_time\" content=\"2024-02-19T19:03:54+00:00\" \/>\n<meta property=\"og:image\" content=\"https:\/\/www.rri.ro\/wp-content\/uploads\/2023\/10\/florin-citu-sed-guvern-mai2021-gov-ro.jpg\" \/>\n\t<meta property=\"og:image:width\" content=\"640\" \/>\n\t<meta property=\"og:image:height\" content=\"427\" \/>\n\t<meta property=\"og:image:type\" content=\"image\/jpeg\" \/>\n<meta name=\"author\" content=\"Daniela Budu\" \/>\n<meta name=\"twitter:card\" content=\"summary_large_image\" \/>\n<meta name=\"twitter:label1\" content=\"Verfasst von\" \/>\n\t<meta name=\"twitter:data1\" content=\"Daniela Budu\" \/>\n\t<meta name=\"twitter:label2\" content=\"Gesch\u00e4tzte Lesezeit\" \/>\n\t<meta name=\"twitter:data2\" content=\"2\u00a0Minuten\" \/>\n\t<meta name=\"twitter:label3\" content=\"Written by\" \/>\n\t<meta name=\"twitter:data3\" content=\"Daniela Budu\" \/>\n<script type=\"application\/ld+json\" class=\"yoast-schema-graph\">{\"@context\":\"https:\\\/\\\/schema.org\",\"@graph\":[{\"@type\":\"Article\",\"@id\":\"https:\\\/\\\/www.rri.ro\\\/de\\\/aktuell\\\/rri-aktuell\\\/nationaler-plan-fuer-wiederaufbau-und-entwicklung-wird-angepasst-id461922.html#article\",\"isPartOf\":{\"@id\":\"https:\\\/\\\/www.rri.ro\\\/de\\\/aktuell\\\/rri-aktuell\\\/nationaler-plan-fuer-wiederaufbau-und-entwicklung-wird-angepasst-id461922.html\"},\"author\":{\"name\":\"Daniela Budu\",\"@id\":\"https:\\\/\\\/www.rri.ro\\\/#\\\/schema\\\/person\\\/b46b8f80d7d6e4b5ac9f14f0acbad0c4\"},\"headline\":\"Nationaler Plan f\u00fcr Wiederaufbau und Entwicklung wird angepasst\",\"datePublished\":\"2021-05-06T14:08:00+00:00\",\"dateModified\":\"2024-02-19T19:03:54+00:00\",\"mainEntityOfPage\":{\"@id\":\"https:\\\/\\\/www.rri.ro\\\/de\\\/aktuell\\\/rri-aktuell\\\/nationaler-plan-fuer-wiederaufbau-und-entwicklung-wird-angepasst-id461922.html\"},\"wordCount\":405,\"image\":{\"@id\":\"https:\\\/\\\/www.rri.ro\\\/de\\\/aktuell\\\/rri-aktuell\\\/nationaler-plan-fuer-wiederaufbau-und-entwicklung-wird-angepasst-id461922.html#primaryimage\"},\"thumbnailUrl\":\"https:\\\/\\\/www.rri.ro\\\/wp-content\\\/uploads\\\/2023\\\/10\\\/florin-citu-sed-guvern-mai2021-gov-ro.jpg\",\"keywords\":[\"EU-Kommission\",\"Nationaler Plan f\u00fcr Wiederaufbau und Entwicklung\",\"PNRR\"],\"articleSection\":[\"RRI Aktuell\"],\"inLanguage\":\"de\"},{\"@type\":\"WebPage\",\"@id\":\"https:\\\/\\\/www.rri.ro\\\/de\\\/aktuell\\\/rri-aktuell\\\/nationaler-plan-fuer-wiederaufbau-und-entwicklung-wird-angepasst-id461922.html\",\"url\":\"https:\\\/\\\/www.rri.ro\\\/de\\\/aktuell\\\/rri-aktuell\\\/nationaler-plan-fuer-wiederaufbau-und-entwicklung-wird-angepasst-id461922.html\",\"name\":\"Nationaler Plan f\u00fcr Wiederaufbau und Entwicklung wird angepasst - Radio Rum\u00e4nien International\",\"isPartOf\":{\"@id\":\"https:\\\/\\\/www.rri.ro\\\/#website\"},\"primaryImageOfPage\":{\"@id\":\"https:\\\/\\\/www.rri.ro\\\/de\\\/aktuell\\\/rri-aktuell\\\/nationaler-plan-fuer-wiederaufbau-und-entwicklung-wird-angepasst-id461922.html#primaryimage\"},\"image\":{\"@id\":\"https:\\\/\\\/www.rri.ro\\\/de\\\/aktuell\\\/rri-aktuell\\\/nationaler-plan-fuer-wiederaufbau-und-entwicklung-wird-angepasst-id461922.html#primaryimage\"},\"thumbnailUrl\":\"https:\\\/\\\/www.rri.ro\\\/wp-content\\\/uploads\\\/2023\\\/10\\\/florin-citu-sed-guvern-mai2021-gov-ro.jpg\",\"datePublished\":\"2021-05-06T14:08:00+00:00\",\"dateModified\":\"2024-02-19T19:03:54+00:00\",\"author\":{\"@id\":\"https:\\\/\\\/www.rri.ro\\\/#\\\/schema\\\/person\\\/b46b8f80d7d6e4b5ac9f14f0acbad0c4\"},\"breadcrumb\":{\"@id\":\"https:\\\/\\\/www.rri.ro\\\/de\\\/aktuell\\\/rri-aktuell\\\/nationaler-plan-fuer-wiederaufbau-und-entwicklung-wird-angepasst-id461922.html#breadcrumb\"},\"inLanguage\":\"de\",\"potentialAction\":[{\"@type\":\"ReadAction\",\"target\":[\"https:\\\/\\\/www.rri.ro\\\/de\\\/aktuell\\\/rri-aktuell\\\/nationaler-plan-fuer-wiederaufbau-und-entwicklung-wird-angepasst-id461922.html\"]}]},{\"@type\":\"ImageObject\",\"inLanguage\":\"de\",\"@id\":\"https:\\\/\\\/www.rri.ro\\\/de\\\/aktuell\\\/rri-aktuell\\\/nationaler-plan-fuer-wiederaufbau-und-entwicklung-wird-angepasst-id461922.html#primaryimage\",\"url\":\"https:\\\/\\\/www.rri.ro\\\/wp-content\\\/uploads\\\/2023\\\/10\\\/florin-citu-sed-guvern-mai2021-gov-ro.jpg\",\"contentUrl\":\"https:\\\/\\\/www.rri.ro\\\/wp-content\\\/uploads\\\/2023\\\/10\\\/florin-citu-sed-guvern-mai2021-gov-ro.jpg\",\"width\":640,\"height\":427},{\"@type\":\"BreadcrumbList\",\"@id\":\"https:\\\/\\\/www.rri.ro\\\/de\\\/aktuell\\\/rri-aktuell\\\/nationaler-plan-fuer-wiederaufbau-und-entwicklung-wird-angepasst-id461922.html#breadcrumb\",\"itemListElement\":[{\"@type\":\"ListItem\",\"position\":1,\"name\":\"Startseite\",\"item\":\"https:\\\/\\\/www.rri.ro\\\/de\"},{\"@type\":\"ListItem\",\"position\":2,\"name\":\"Aktuell\",\"item\":\"https:\\\/\\\/www.rri.ro\\\/de\\\/aktuell\"},{\"@type\":\"ListItem\",\"position\":3,\"name\":\"RRI Aktuell\",\"item\":\"https:\\\/\\\/www.rri.ro\\\/de\\\/aktuell\\\/rri-aktuell\"},{\"@type\":\"ListItem\",\"position\":4,\"name\":\"Nationaler Plan f\u00fcr Wiederaufbau und Entwicklung wird angepasst\"}]},{\"@type\":\"WebSite\",\"@id\":\"https:\\\/\\\/www.rri.ro\\\/#website\",\"url\":\"https:\\\/\\\/www.rri.ro\\\/\",\"name\":\"Radio Rum\u00e4nien International\",\"description\":\"Totul despre Rom\u00e2nia \u015fi rom\u00e2ni, \u00een 13 limbi\\\/dialecte!\",\"inLanguage\":\"de\"},{\"@type\":\"Person\",\"@id\":\"https:\\\/\\\/www.rri.ro\\\/#\\\/schema\\\/person\\\/b46b8f80d7d6e4b5ac9f14f0acbad0c4\",\"name\":\"Daniela Budu\",\"url\":\"https:\\\/\\\/www.rri.ro\\\/de\\\/author\\\/daniela-budu\"}]}<\/script>\n<!-- \/ Yoast SEO plugin. -->","yoast_head_json":{"title":"Nationaler Plan f\u00fcr Wiederaufbau und Entwicklung wird angepasst - Radio Rum\u00e4nien International","robots":{"index":"index","follow":"follow","max-snippet":"max-snippet:-1","max-image-preview":"max-image-preview:large","max-video-preview":"max-video-preview:-1"},"canonical":"https:\/\/www.rri.ro\/de\/aktuell\/rri-aktuell\/nationaler-plan-fuer-wiederaufbau-und-entwicklung-wird-angepasst-id461922.html","og_locale":"de_DE","og_type":"article","og_title":"Nationaler Plan f\u00fcr Wiederaufbau und Entwicklung wird angepasst - Radio Rum\u00e4nien International","og_description":"Die rum\u00e4nischen Beh\u00f6rden haben einige Anpassungen am Plan f\u00fcr Wiederaufbau und Entwicklung vorgenommen.","og_url":"https:\/\/www.rri.ro\/de\/aktuell\/rri-aktuell\/nationaler-plan-fuer-wiederaufbau-und-entwicklung-wird-angepasst-id461922.html","og_site_name":"Radio Rum\u00e4nien International","article_published_time":"2021-05-06T14:08:00+00:00","article_modified_time":"2024-02-19T19:03:54+00:00","og_image":[{"width":640,"height":427,"url":"https:\/\/www.rri.ro\/wp-content\/uploads\/2023\/10\/florin-citu-sed-guvern-mai2021-gov-ro.jpg","type":"image\/jpeg"}],"author":"Daniela Budu","twitter_card":"summary_large_image","twitter_misc":{"Verfasst von":"Daniela Budu","Gesch\u00e4tzte Lesezeit":"2\u00a0Minuten","Written by":"Daniela Budu"},"schema":{"@context":"https:\/\/schema.org","@graph":[{"@type":"Article","@id":"https:\/\/www.rri.ro\/de\/aktuell\/rri-aktuell\/nationaler-plan-fuer-wiederaufbau-und-entwicklung-wird-angepasst-id461922.html#article","isPartOf":{"@id":"https:\/\/www.rri.ro\/de\/aktuell\/rri-aktuell\/nationaler-plan-fuer-wiederaufbau-und-entwicklung-wird-angepasst-id461922.html"},"author":{"name":"Daniela Budu","@id":"https:\/\/www.rri.ro\/#\/schema\/person\/b46b8f80d7d6e4b5ac9f14f0acbad0c4"},"headline":"Nationaler Plan f\u00fcr Wiederaufbau und Entwicklung wird angepasst","datePublished":"2021-05-06T14:08:00+00:00","dateModified":"2024-02-19T19:03:54+00:00","mainEntityOfPage":{"@id":"https:\/\/www.rri.ro\/de\/aktuell\/rri-aktuell\/nationaler-plan-fuer-wiederaufbau-und-entwicklung-wird-angepasst-id461922.html"},"wordCount":405,"image":{"@id":"https:\/\/www.rri.ro\/de\/aktuell\/rri-aktuell\/nationaler-plan-fuer-wiederaufbau-und-entwicklung-wird-angepasst-id461922.html#primaryimage"},"thumbnailUrl":"https:\/\/www.rri.ro\/wp-content\/uploads\/2023\/10\/florin-citu-sed-guvern-mai2021-gov-ro.jpg","keywords":["EU-Kommission","Nationaler Plan f\u00fcr Wiederaufbau und Entwicklung","PNRR"],"articleSection":["RRI Aktuell"],"inLanguage":"de"},{"@type":"WebPage","@id":"https:\/\/www.rri.ro\/de\/aktuell\/rri-aktuell\/nationaler-plan-fuer-wiederaufbau-und-entwicklung-wird-angepasst-id461922.html","url":"https:\/\/www.rri.ro\/de\/aktuell\/rri-aktuell\/nationaler-plan-fuer-wiederaufbau-und-entwicklung-wird-angepasst-id461922.html","name":"Nationaler Plan f\u00fcr Wiederaufbau und Entwicklung wird angepasst - Radio Rum\u00e4nien International","isPartOf":{"@id":"https:\/\/www.rri.ro\/#website"},"primaryImageOfPage":{"@id":"https:\/\/www.rri.ro\/de\/aktuell\/rri-aktuell\/nationaler-plan-fuer-wiederaufbau-und-entwicklung-wird-angepasst-id461922.html#primaryimage"},"image":{"@id":"https:\/\/www.rri.ro\/de\/aktuell\/rri-aktuell\/nationaler-plan-fuer-wiederaufbau-und-entwicklung-wird-angepasst-id461922.html#primaryimage"},"thumbnailUrl":"https:\/\/www.rri.ro\/wp-content\/uploads\/2023\/10\/florin-citu-sed-guvern-mai2021-gov-ro.jpg","datePublished":"2021-05-06T14:08:00+00:00","dateModified":"2024-02-19T19:03:54+00:00","author":{"@id":"https:\/\/www.rri.ro\/#\/schema\/person\/b46b8f80d7d6e4b5ac9f14f0acbad0c4"},"breadcrumb":{"@id":"https:\/\/www.rri.ro\/de\/aktuell\/rri-aktuell\/nationaler-plan-fuer-wiederaufbau-und-entwicklung-wird-angepasst-id461922.html#breadcrumb"},"inLanguage":"de","potentialAction":[{"@type":"ReadAction","target":["https:\/\/www.rri.ro\/de\/aktuell\/rri-aktuell\/nationaler-plan-fuer-wiederaufbau-und-entwicklung-wird-angepasst-id461922.html"]}]},{"@type":"ImageObject","inLanguage":"de","@id":"https:\/\/www.rri.ro\/de\/aktuell\/rri-aktuell\/nationaler-plan-fuer-wiederaufbau-und-entwicklung-wird-angepasst-id461922.html#primaryimage","url":"https:\/\/www.rri.ro\/wp-content\/uploads\/2023\/10\/florin-citu-sed-guvern-mai2021-gov-ro.jpg","contentUrl":"https:\/\/www.rri.ro\/wp-content\/uploads\/2023\/10\/florin-citu-sed-guvern-mai2021-gov-ro.jpg","width":640,"height":427},{"@type":"BreadcrumbList","@id":"https:\/\/www.rri.ro\/de\/aktuell\/rri-aktuell\/nationaler-plan-fuer-wiederaufbau-und-entwicklung-wird-angepasst-id461922.html#breadcrumb","itemListElement":[{"@type":"ListItem","position":1,"name":"Startseite","item":"https:\/\/www.rri.ro\/de"},{"@type":"ListItem","position":2,"name":"Aktuell","item":"https:\/\/www.rri.ro\/de\/aktuell"},{"@type":"ListItem","position":3,"name":"RRI Aktuell","item":"https:\/\/www.rri.ro\/de\/aktuell\/rri-aktuell"},{"@type":"ListItem","position":4,"name":"Nationaler Plan f\u00fcr Wiederaufbau und Entwicklung wird angepasst"}]},{"@type":"WebSite","@id":"https:\/\/www.rri.ro\/#website","url":"https:\/\/www.rri.ro\/","name":"Radio Rum\u00e4nien International","description":"Totul despre Rom\u00e2nia \u015fi rom\u00e2ni, \u00een 13 limbi\/dialecte!","inLanguage":"de"},{"@type":"Person","@id":"https:\/\/www.rri.ro\/#\/schema\/person\/b46b8f80d7d6e4b5ac9f14f0acbad0c4","name":"Daniela Budu","url":"https:\/\/www.rri.ro\/de\/author\/daniela-budu"}]}},"_links":{"self":[{"href":"https:\/\/www.rri.ro\/de\/wp-json\/wp\/v2\/posts\/461922","targetHints":{"allow":["GET"]}}],"collection":[{"href":"https:\/\/www.rri.ro\/de\/wp-json\/wp\/v2\/posts"}],"about":[{"href":"https:\/\/www.rri.ro\/de\/wp-json\/wp\/v2\/types\/post"}],"author":[{"embeddable":true,"href":"https:\/\/www.rri.ro\/de\/wp-json\/wp\/v2\/users\/107"}],"replies":[{"embeddable":true,"href":"https:\/\/www.rri.ro\/de\/wp-json\/wp\/v2\/comments?post=461922"}],"version-history":[{"count":0,"href":"https:\/\/www.rri.ro\/de\/wp-json\/wp\/v2\/posts\/461922\/revisions"}],"wp:featuredmedia":[{"embeddable":true,"href":"https:\/\/www.rri.ro\/de\/wp-json\/wp\/v2\/media\/88846"}],"wp:attachment":[{"href":"https:\/\/www.rri.ro\/de\/wp-json\/wp\/v2\/media?parent=461922"}],"wp:term":[{"taxonomy":"category","embeddable":true,"href":"https:\/\/www.rri.ro\/de\/wp-json\/wp\/v2\/categories?post=461922"},{"taxonomy":"post_tag","embeddable":true,"href":"https:\/\/www.rri.ro\/de\/wp-json\/wp\/v2\/tags?post=461922"},{"taxonomy":"author","embeddable":true,"href":"https:\/\/www.rri.ro\/de\/wp-json\/wp\/v2\/coauthors?post=461922"}],"curies":[{"name":"wp","href":"https:\/\/api.w.org\/{rel}","templated":true}]}}