{"id":461975,"date":"2021-07-05T16:10:00","date_gmt":"2021-07-05T13:10:00","guid":{"rendered":"http:\/\/devrri.freshlemon.ro\/aktuell\/ressortminister-ion-reform-der-justiz-kann-nicht-laenger-warten-id461975.html"},"modified":"2024-02-19T21:04:37","modified_gmt":"2024-02-19T19:04:37","slug":"ressortminister-ion-reform-der-justiz-kann-nicht-laenger-warten","status":"publish","type":"post","link":"https:\/\/www.rri.ro\/de\/aktuell\/rri-aktuell\/ressortminister-ion-reform-der-justiz-kann-nicht-laenger-warten-id461975.html","title":{"rendered":"Ressortminister Ion: Reform der Justiz kann nicht l\u00e4nger warten"},"content":{"rendered":"<p>Der Tag der Justiz wurde 1994 in Rum\u00e4nien eingef\u00fchrt und wird jedes Jahr am ersten Sonntag im Juli begangen, um die Rolle und den Beitrag der Justiz, der Partner des Justizsystems zur St\u00e4rkung der Rechtsstaatlichkeit hervorzuheben. &#8222;Wir sind jetzt ein EU- und NATO-Mitglied, wir sind mit den Werten der europ\u00e4ischen Demokratien verbunden und wir sind dabei, einen massiven Prozess des wirtschaftlichen, sozialen und politischen Wandels zu durchlaufen&#8220;, hei\u200e\u00dft es in einer Botschaft, die der rum\u00e4nische Ministerpr\u00e4sident Florin C\u00ee\u021bu zu diesem Anlass geschickt hat. &#8222;Vor diesem Hintergrund ist die Reform des Justizsystems ein Prozess, der von der Koalition der pro-europ\u00e4ischen Kr\u00e4fte, die jetzt Rum\u00e4nien f\u00fchrt, bereits begonnen wurde. Es wird nicht einfach sein. Es gibt immer noch viele, die wollen, dass die Justiz ineffizient und vulnerabel bleibt. Aber gemeinsam mit unseren institutionellen Partnern auf europ\u00e4ischer Ebene sind wir dabei, die Justiz von dem Schaden zu heilen, der ihr in den vergangenen Jahren zugef\u00fcgt wurde&#8220;, betonte der Ministerpr\u00e4sident weiter.<\/p>\n<p>&#13;<br \/>\n&#13;<\/p>\n<p>&#13;<br \/>\n&#13;<\/p>\n<p>&#8222;Die Reform der Justiz kann nicht l\u00e4nger warten&#8220;, hat auch der Ressortminister Stelian Ion erkl\u00e4rt. Ion betonte, dass das Justizministerium daran arbeitet, das Tempo der Digitalisierung zu erh\u00f6hen, die Institutionen, die f\u00fcr verwandte T\u00e4tigkeitsbereiche zust\u00e4ndig sind, miteinander zu verbinden, Materialien und Logistik f\u00fcr die gute Entwicklung der Justizt\u00e4tigkeit sowie f\u00fcr die Koh\u00e4renz der Gesetzgebung im Bereich der Justiz zu schaffen. Der Minister sprach auch \u00fcber die Ziele Rum\u00e4niens auf EU-Ebene, n\u00e4mlich &#8222;die Aufhebung des europ\u00e4ischen Kontroll-und \u00dcberpr\u00fcfungsmechanismus und die weitere \u00dcberwachung der Rechtsstaatlichkeit durch den Mechanismus zur Wahrung der Rechtsstaatlichkeit sowie die Modernisierung des Justizsystems in Rum\u00e4nien.&#8220;<\/p>\n<p>&#13;<br \/>\n&#13;<\/p>\n<p>&#13;<br \/>\n&#13;<\/p>\n<p>In ihrer Botschaft zeigt die F\u00fchrung der Nationalen Antikorruptionsbeh\u00f6rde DNA, dass die Korruption weiterhin in vielen Bereichen der Gesellschaft pr\u00e4sent ist, so dass die Bek\u00e4mpfung dieser Gei\u200e\u00dfel ein Ziel bleiben muss, das Energie, politischen Willen, menschliche Ressourcen und Logistik zusammenbringt. Und damit die Anti-Korruptions-Staatsanw\u00e4lte in ihrer Arbeit effektiv sein k\u00f6nnen, m\u00fcssen die Garantien der Unabh\u00e4ngigkeit beibehalten und neu gefestigt werden. Der Pr\u00e4sident des Obersten Magistraturrates (SCM) Mihai-Bogdan Mateescu spricht in seiner Botschaft zum Tag der Justiz von der Notwendigkeit der Einigkeit innerhalb des Justizsystems. Er sagt, dass die Justiz weitermachen wird, mit ehrlichen, guten Fachleuten, mit Respekt f\u00fcr die Gesellschaft und durch ehrliche \u00dcbernahme der Verantwortung f\u00fcr alle internen Schwachstellen, aber einen wahren Fortschritt kann nur in einer Gesellschaft erreicht werden, die den Platz, die Rolle und die wirkliche Bedeutung des Justizsystems versteht, jenseits von Slogans und Vorurteilen.<\/p>\n<p>&#13;<br \/>\n&#13;<\/p>\n<p>&#13;<br \/>\n&#13;<\/p>\n<p>Die Generalstaatsanw\u00e4ltin Gabriela Scutea sagte in ihrer Botschaft zum Tag der Justiz, dass es in Bezug auf andere staatliche Beh\u00f6rden starke Argumente gibt, dass einige Richtungen der Modernisierung in diesem Bereich eine \u00c4nderung des Gesetzes mit sich bringen. Und die Pr\u00e4sidentin des Obersten Kassations- und Gerichtshofs Corina-Alina Corbu ist der Meinung, dass das Justizsystem heute mehr denn je Ausgewogenheit braucht und fordert die Mitglieder der Justiz auf, die Gesellschaft \u00fcber die gemeinsamen Ziele zu informieren, trotz der unvermeidbaren Uneinigkeiten in Bezug auf einige Themen.<\/p>\n<p>&#13;<br \/>\n&#13;<\/p>\n<p>&#13;<\/p>\n","protected":false},"excerpt":{"rendered":"<p>Am 4. Juni wurde in Rum\u00e4nien der Tag der Justiz gefeiert, die Feier gab rum\u00e4nischen Entscheidungstr\u00e4gern Anlass zu Bemerkungen zur Justizreform.<\/p>\n","protected":false},"author":108,"featured_media":78355,"comment_status":"closed","ping_status":"closed","sticky":false,"template":"","format":"standard","meta":{"_acf_changed":false,"footnotes":""},"categories":[99583],"tags":[103602,164787,99625,99702,101227,99631,168904,167552,100832],"coauthors":[],"class_list":["post-461975","post","type-post","status-publish","format-standard","has-post-thumbnail","hentry","category-rri-aktuell","tag-digitalisierung","tag-dna-de","tag-justiz","tag-korruption","tag-modernisierung","tag-rechtsstaatlichkeit","tag-reform-de","tag-richter-de","tag-staatsanwaelte"],"acf":[],"yoast_head":"<!-- This site is optimized with the Yoast SEO plugin v27.3 - https:\/\/yoast.com\/product\/yoast-seo-wordpress\/ -->\n<title>Ressortminister Ion: Reform der Justiz kann nicht l\u00e4nger warten - Radio Rum\u00e4nien International<\/title>\n<meta name=\"robots\" content=\"index, follow, max-snippet:-1, max-image-preview:large, max-video-preview:-1\" \/>\n<link rel=\"canonical\" href=\"https:\/\/www.rri.ro\/de\/aktuell\/rri-aktuell\/ressortminister-ion-reform-der-justiz-kann-nicht-laenger-warten-id461975.html\" \/>\n<meta property=\"og:locale\" content=\"de_DE\" \/>\n<meta property=\"og:type\" content=\"article\" \/>\n<meta property=\"og:title\" content=\"Ressortminister Ion: Reform der Justiz kann nicht l\u00e4nger warten - Radio Rum\u00e4nien International\" \/>\n<meta property=\"og:description\" content=\"Am 4. Juni wurde in Rum\u00e4nien der Tag der Justiz gefeiert, die Feier gab rum\u00e4nischen Entscheidungstr\u00e4gern Anlass zu Bemerkungen zur Justizreform.\" \/>\n<meta property=\"og:url\" content=\"https:\/\/www.rri.ro\/de\/aktuell\/rri-aktuell\/ressortminister-ion-reform-der-justiz-kann-nicht-laenger-warten-id461975.html\" \/>\n<meta property=\"og:site_name\" content=\"Radio Rum\u00e4nien International\" \/>\n<meta property=\"article:published_time\" content=\"2021-07-05T13:10:00+00:00\" \/>\n<meta property=\"article:modified_time\" content=\"2024-02-19T19:04:37+00:00\" \/>\n<meta property=\"og:image\" content=\"https:\/\/www.rri.ro\/wp-content\/uploads\/2023\/10\/justitie-statuie-pixabay-ok.jpg\" \/>\n\t<meta property=\"og:image:width\" content=\"640\" \/>\n\t<meta property=\"og:image:height\" content=\"403\" \/>\n\t<meta property=\"og:image:type\" content=\"image\/jpeg\" \/>\n<meta name=\"author\" content=\"Corina Cristea\" \/>\n<meta name=\"twitter:card\" content=\"summary_large_image\" \/>\n<meta name=\"twitter:label1\" content=\"Verfasst von\" \/>\n\t<meta name=\"twitter:data1\" content=\"Corina Cristea\" \/>\n\t<meta name=\"twitter:label2\" content=\"Gesch\u00e4tzte Lesezeit\" \/>\n\t<meta name=\"twitter:data2\" content=\"3\u00a0Minuten\" \/>\n\t<meta name=\"twitter:label3\" content=\"Written by\" \/>\n\t<meta name=\"twitter:data3\" content=\"Corina Cristea\" \/>\n<script type=\"application\/ld+json\" class=\"yoast-schema-graph\">{\"@context\":\"https:\\\/\\\/schema.org\",\"@graph\":[{\"@type\":\"Article\",\"@id\":\"https:\\\/\\\/www.rri.ro\\\/de\\\/aktuell\\\/rri-aktuell\\\/ressortminister-ion-reform-der-justiz-kann-nicht-laenger-warten-id461975.html#article\",\"isPartOf\":{\"@id\":\"https:\\\/\\\/www.rri.ro\\\/de\\\/aktuell\\\/rri-aktuell\\\/ressortminister-ion-reform-der-justiz-kann-nicht-laenger-warten-id461975.html\"},\"author\":{\"name\":\"Corina Cristea\",\"@id\":\"https:\\\/\\\/www.rri.ro\\\/#\\\/schema\\\/person\\\/f9ab1cb3569dee1b2c033a814bb7f0fc\"},\"headline\":\"Ressortminister Ion: Reform der Justiz kann nicht l\u00e4nger warten\",\"datePublished\":\"2021-07-05T13:10:00+00:00\",\"dateModified\":\"2024-02-19T19:04:37+00:00\",\"mainEntityOfPage\":{\"@id\":\"https:\\\/\\\/www.rri.ro\\\/de\\\/aktuell\\\/rri-aktuell\\\/ressortminister-ion-reform-der-justiz-kann-nicht-laenger-warten-id461975.html\"},\"wordCount\":530,\"image\":{\"@id\":\"https:\\\/\\\/www.rri.ro\\\/de\\\/aktuell\\\/rri-aktuell\\\/ressortminister-ion-reform-der-justiz-kann-nicht-laenger-warten-id461975.html#primaryimage\"},\"thumbnailUrl\":\"https:\\\/\\\/www.rri.ro\\\/wp-content\\\/uploads\\\/2023\\\/10\\\/justitie-statuie-pixabay-ok.jpg\",\"keywords\":[\"Digitalisierung\",\"DNA\",\"Justiz\",\"Korruption\",\"Modernisierung\",\"Rechtsstaatlichkeit\",\"reform\",\"Richter\",\"Staatsanw\u00e4lte\"],\"articleSection\":[\"RRI Aktuell\"],\"inLanguage\":\"de\"},{\"@type\":\"WebPage\",\"@id\":\"https:\\\/\\\/www.rri.ro\\\/de\\\/aktuell\\\/rri-aktuell\\\/ressortminister-ion-reform-der-justiz-kann-nicht-laenger-warten-id461975.html\",\"url\":\"https:\\\/\\\/www.rri.ro\\\/de\\\/aktuell\\\/rri-aktuell\\\/ressortminister-ion-reform-der-justiz-kann-nicht-laenger-warten-id461975.html\",\"name\":\"Ressortminister Ion: Reform der Justiz kann nicht l\u00e4nger warten - Radio Rum\u00e4nien International\",\"isPartOf\":{\"@id\":\"https:\\\/\\\/www.rri.ro\\\/#website\"},\"primaryImageOfPage\":{\"@id\":\"https:\\\/\\\/www.rri.ro\\\/de\\\/aktuell\\\/rri-aktuell\\\/ressortminister-ion-reform-der-justiz-kann-nicht-laenger-warten-id461975.html#primaryimage\"},\"image\":{\"@id\":\"https:\\\/\\\/www.rri.ro\\\/de\\\/aktuell\\\/rri-aktuell\\\/ressortminister-ion-reform-der-justiz-kann-nicht-laenger-warten-id461975.html#primaryimage\"},\"thumbnailUrl\":\"https:\\\/\\\/www.rri.ro\\\/wp-content\\\/uploads\\\/2023\\\/10\\\/justitie-statuie-pixabay-ok.jpg\",\"datePublished\":\"2021-07-05T13:10:00+00:00\",\"dateModified\":\"2024-02-19T19:04:37+00:00\",\"author\":{\"@id\":\"https:\\\/\\\/www.rri.ro\\\/#\\\/schema\\\/person\\\/f9ab1cb3569dee1b2c033a814bb7f0fc\"},\"breadcrumb\":{\"@id\":\"https:\\\/\\\/www.rri.ro\\\/de\\\/aktuell\\\/rri-aktuell\\\/ressortminister-ion-reform-der-justiz-kann-nicht-laenger-warten-id461975.html#breadcrumb\"},\"inLanguage\":\"de\",\"potentialAction\":[{\"@type\":\"ReadAction\",\"target\":[\"https:\\\/\\\/www.rri.ro\\\/de\\\/aktuell\\\/rri-aktuell\\\/ressortminister-ion-reform-der-justiz-kann-nicht-laenger-warten-id461975.html\"]}]},{\"@type\":\"ImageObject\",\"inLanguage\":\"de\",\"@id\":\"https:\\\/\\\/www.rri.ro\\\/de\\\/aktuell\\\/rri-aktuell\\\/ressortminister-ion-reform-der-justiz-kann-nicht-laenger-warten-id461975.html#primaryimage\",\"url\":\"https:\\\/\\\/www.rri.ro\\\/wp-content\\\/uploads\\\/2023\\\/10\\\/justitie-statuie-pixabay-ok.jpg\",\"contentUrl\":\"https:\\\/\\\/www.rri.ro\\\/wp-content\\\/uploads\\\/2023\\\/10\\\/justitie-statuie-pixabay-ok.jpg\",\"width\":640,\"height\":403},{\"@type\":\"BreadcrumbList\",\"@id\":\"https:\\\/\\\/www.rri.ro\\\/de\\\/aktuell\\\/rri-aktuell\\\/ressortminister-ion-reform-der-justiz-kann-nicht-laenger-warten-id461975.html#breadcrumb\",\"itemListElement\":[{\"@type\":\"ListItem\",\"position\":1,\"name\":\"Startseite\",\"item\":\"https:\\\/\\\/www.rri.ro\\\/de\"},{\"@type\":\"ListItem\",\"position\":2,\"name\":\"Aktuell\",\"item\":\"https:\\\/\\\/www.rri.ro\\\/de\\\/aktuell\"},{\"@type\":\"ListItem\",\"position\":3,\"name\":\"RRI Aktuell\",\"item\":\"https:\\\/\\\/www.rri.ro\\\/de\\\/aktuell\\\/rri-aktuell\"},{\"@type\":\"ListItem\",\"position\":4,\"name\":\"Ressortminister Ion: Reform der Justiz kann nicht l\u00e4nger warten\"}]},{\"@type\":\"WebSite\",\"@id\":\"https:\\\/\\\/www.rri.ro\\\/#website\",\"url\":\"https:\\\/\\\/www.rri.ro\\\/\",\"name\":\"Radio Rum\u00e4nien International\",\"description\":\"Totul despre Rom\u00e2nia \u015fi rom\u00e2ni, \u00een 13 limbi\\\/dialecte!\",\"inLanguage\":\"de\"},{\"@type\":\"Person\",\"@id\":\"https:\\\/\\\/www.rri.ro\\\/#\\\/schema\\\/person\\\/f9ab1cb3569dee1b2c033a814bb7f0fc\",\"name\":\"Corina Cristea\",\"url\":\"https:\\\/\\\/www.rri.ro\\\/de\\\/author\\\/corina-cristea\"}]}<\/script>\n<!-- \/ Yoast SEO plugin. -->","yoast_head_json":{"title":"Ressortminister Ion: Reform der Justiz kann nicht l\u00e4nger warten - Radio Rum\u00e4nien International","robots":{"index":"index","follow":"follow","max-snippet":"max-snippet:-1","max-image-preview":"max-image-preview:large","max-video-preview":"max-video-preview:-1"},"canonical":"https:\/\/www.rri.ro\/de\/aktuell\/rri-aktuell\/ressortminister-ion-reform-der-justiz-kann-nicht-laenger-warten-id461975.html","og_locale":"de_DE","og_type":"article","og_title":"Ressortminister Ion: Reform der Justiz kann nicht l\u00e4nger warten - Radio Rum\u00e4nien International","og_description":"Am 4. Juni wurde in Rum\u00e4nien der Tag der Justiz gefeiert, die Feier gab rum\u00e4nischen Entscheidungstr\u00e4gern Anlass zu Bemerkungen zur Justizreform.","og_url":"https:\/\/www.rri.ro\/de\/aktuell\/rri-aktuell\/ressortminister-ion-reform-der-justiz-kann-nicht-laenger-warten-id461975.html","og_site_name":"Radio Rum\u00e4nien International","article_published_time":"2021-07-05T13:10:00+00:00","article_modified_time":"2024-02-19T19:04:37+00:00","og_image":[{"width":640,"height":403,"url":"https:\/\/www.rri.ro\/wp-content\/uploads\/2023\/10\/justitie-statuie-pixabay-ok.jpg","type":"image\/jpeg"}],"author":"Corina Cristea","twitter_card":"summary_large_image","twitter_misc":{"Verfasst von":"Corina Cristea","Gesch\u00e4tzte Lesezeit":"3\u00a0Minuten","Written by":"Corina Cristea"},"schema":{"@context":"https:\/\/schema.org","@graph":[{"@type":"Article","@id":"https:\/\/www.rri.ro\/de\/aktuell\/rri-aktuell\/ressortminister-ion-reform-der-justiz-kann-nicht-laenger-warten-id461975.html#article","isPartOf":{"@id":"https:\/\/www.rri.ro\/de\/aktuell\/rri-aktuell\/ressortminister-ion-reform-der-justiz-kann-nicht-laenger-warten-id461975.html"},"author":{"name":"Corina Cristea","@id":"https:\/\/www.rri.ro\/#\/schema\/person\/f9ab1cb3569dee1b2c033a814bb7f0fc"},"headline":"Ressortminister Ion: Reform der Justiz kann nicht l\u00e4nger warten","datePublished":"2021-07-05T13:10:00+00:00","dateModified":"2024-02-19T19:04:37+00:00","mainEntityOfPage":{"@id":"https:\/\/www.rri.ro\/de\/aktuell\/rri-aktuell\/ressortminister-ion-reform-der-justiz-kann-nicht-laenger-warten-id461975.html"},"wordCount":530,"image":{"@id":"https:\/\/www.rri.ro\/de\/aktuell\/rri-aktuell\/ressortminister-ion-reform-der-justiz-kann-nicht-laenger-warten-id461975.html#primaryimage"},"thumbnailUrl":"https:\/\/www.rri.ro\/wp-content\/uploads\/2023\/10\/justitie-statuie-pixabay-ok.jpg","keywords":["Digitalisierung","DNA","Justiz","Korruption","Modernisierung","Rechtsstaatlichkeit","reform","Richter","Staatsanw\u00e4lte"],"articleSection":["RRI Aktuell"],"inLanguage":"de"},{"@type":"WebPage","@id":"https:\/\/www.rri.ro\/de\/aktuell\/rri-aktuell\/ressortminister-ion-reform-der-justiz-kann-nicht-laenger-warten-id461975.html","url":"https:\/\/www.rri.ro\/de\/aktuell\/rri-aktuell\/ressortminister-ion-reform-der-justiz-kann-nicht-laenger-warten-id461975.html","name":"Ressortminister Ion: Reform der Justiz kann nicht l\u00e4nger warten - Radio Rum\u00e4nien International","isPartOf":{"@id":"https:\/\/www.rri.ro\/#website"},"primaryImageOfPage":{"@id":"https:\/\/www.rri.ro\/de\/aktuell\/rri-aktuell\/ressortminister-ion-reform-der-justiz-kann-nicht-laenger-warten-id461975.html#primaryimage"},"image":{"@id":"https:\/\/www.rri.ro\/de\/aktuell\/rri-aktuell\/ressortminister-ion-reform-der-justiz-kann-nicht-laenger-warten-id461975.html#primaryimage"},"thumbnailUrl":"https:\/\/www.rri.ro\/wp-content\/uploads\/2023\/10\/justitie-statuie-pixabay-ok.jpg","datePublished":"2021-07-05T13:10:00+00:00","dateModified":"2024-02-19T19:04:37+00:00","author":{"@id":"https:\/\/www.rri.ro\/#\/schema\/person\/f9ab1cb3569dee1b2c033a814bb7f0fc"},"breadcrumb":{"@id":"https:\/\/www.rri.ro\/de\/aktuell\/rri-aktuell\/ressortminister-ion-reform-der-justiz-kann-nicht-laenger-warten-id461975.html#breadcrumb"},"inLanguage":"de","potentialAction":[{"@type":"ReadAction","target":["https:\/\/www.rri.ro\/de\/aktuell\/rri-aktuell\/ressortminister-ion-reform-der-justiz-kann-nicht-laenger-warten-id461975.html"]}]},{"@type":"ImageObject","inLanguage":"de","@id":"https:\/\/www.rri.ro\/de\/aktuell\/rri-aktuell\/ressortminister-ion-reform-der-justiz-kann-nicht-laenger-warten-id461975.html#primaryimage","url":"https:\/\/www.rri.ro\/wp-content\/uploads\/2023\/10\/justitie-statuie-pixabay-ok.jpg","contentUrl":"https:\/\/www.rri.ro\/wp-content\/uploads\/2023\/10\/justitie-statuie-pixabay-ok.jpg","width":640,"height":403},{"@type":"BreadcrumbList","@id":"https:\/\/www.rri.ro\/de\/aktuell\/rri-aktuell\/ressortminister-ion-reform-der-justiz-kann-nicht-laenger-warten-id461975.html#breadcrumb","itemListElement":[{"@type":"ListItem","position":1,"name":"Startseite","item":"https:\/\/www.rri.ro\/de"},{"@type":"ListItem","position":2,"name":"Aktuell","item":"https:\/\/www.rri.ro\/de\/aktuell"},{"@type":"ListItem","position":3,"name":"RRI Aktuell","item":"https:\/\/www.rri.ro\/de\/aktuell\/rri-aktuell"},{"@type":"ListItem","position":4,"name":"Ressortminister Ion: Reform der Justiz kann nicht l\u00e4nger warten"}]},{"@type":"WebSite","@id":"https:\/\/www.rri.ro\/#website","url":"https:\/\/www.rri.ro\/","name":"Radio Rum\u00e4nien International","description":"Totul despre Rom\u00e2nia \u015fi rom\u00e2ni, \u00een 13 limbi\/dialecte!","inLanguage":"de"},{"@type":"Person","@id":"https:\/\/www.rri.ro\/#\/schema\/person\/f9ab1cb3569dee1b2c033a814bb7f0fc","name":"Corina Cristea","url":"https:\/\/www.rri.ro\/de\/author\/corina-cristea"}]}},"_links":{"self":[{"href":"https:\/\/www.rri.ro\/de\/wp-json\/wp\/v2\/posts\/461975","targetHints":{"allow":["GET"]}}],"collection":[{"href":"https:\/\/www.rri.ro\/de\/wp-json\/wp\/v2\/posts"}],"about":[{"href":"https:\/\/www.rri.ro\/de\/wp-json\/wp\/v2\/types\/post"}],"author":[{"embeddable":true,"href":"https:\/\/www.rri.ro\/de\/wp-json\/wp\/v2\/users\/108"}],"replies":[{"embeddable":true,"href":"https:\/\/www.rri.ro\/de\/wp-json\/wp\/v2\/comments?post=461975"}],"version-history":[{"count":0,"href":"https:\/\/www.rri.ro\/de\/wp-json\/wp\/v2\/posts\/461975\/revisions"}],"wp:featuredmedia":[{"embeddable":true,"href":"https:\/\/www.rri.ro\/de\/wp-json\/wp\/v2\/media\/78355"}],"wp:attachment":[{"href":"https:\/\/www.rri.ro\/de\/wp-json\/wp\/v2\/media?parent=461975"}],"wp:term":[{"taxonomy":"category","embeddable":true,"href":"https:\/\/www.rri.ro\/de\/wp-json\/wp\/v2\/categories?post=461975"},{"taxonomy":"post_tag","embeddable":true,"href":"https:\/\/www.rri.ro\/de\/wp-json\/wp\/v2\/tags?post=461975"},{"taxonomy":"author","embeddable":true,"href":"https:\/\/www.rri.ro\/de\/wp-json\/wp\/v2\/coauthors?post=461975"}],"curies":[{"name":"wp","href":"https:\/\/api.w.org\/{rel}","templated":true}]}}