{"id":462020,"date":"2021-08-06T15:27:00","date_gmt":"2021-08-06T12:27:00","guid":{"rendered":"http:\/\/devrri.freshlemon.ro\/aktuell\/der-alarmzustand-wurde-in-rumaenien-verlaengert-id462020.html"},"modified":"2024-02-19T21:05:07","modified_gmt":"2024-02-19T19:05:07","slug":"der-alarmzustand-wurde-in-rumaenien-verlaengert","status":"publish","type":"post","link":"https:\/\/www.rri.ro\/de\/aktuell\/rri-aktuell\/der-alarmzustand-wurde-in-rumaenien-verlaengert-id462020.html","title":{"rendered":"Der Alarmzustand wurde in Rum\u00e4nien verl\u00e4ngert"},"content":{"rendered":"<\/p>\n<p>&#13;<br \/>\n&#13;<\/p>\n<p>Rum\u00e4nien bleibt in Alarmbereitschaft! Die Regierung beschloss auf ihrer Sitzung am Donnerstag die Verl\u00e4ngerung des Alarmzustands um weitere 30 Tage, beginnend  mit dem 11. August. Die derzeitigen Einschr\u00e4nkungen bleiben bestehen. Rum\u00e4nien befindet sich schon seit dem 15. Mai letzten Jahres, nach einem zweimonatigen Notstand, ununterbrochen in Alarmzustand.  <\/p>\n<p>&#13;<br \/>\n&#13;<\/p>\n<p>&#13;<br \/>\n&#13;<\/p>\n<p>&#13;<br \/>\n&#13;<\/p>\n<p>Bukarest hat auch die Liste der L\u00e4nder mit epidemiologischem Risiko aktualisiert. Seit Sonntag steht Frankreich auf der Roten Liste, ebenso wie Griechenland, Spanien, das Vereinigte K\u00f6nigreich, Irland und Portugal. Ungeimpfte Menschen, die aus diesen L\u00e4ndern nach Rum\u00e4nien einreisen, m\u00fcssen sich f\u00fcr 14 Tage in Quarant\u00e4ne begeben. Kinder unter 3 Jahren sind davon ausgenommen, ebenso Kinder zwischen 3 und 16 Jahren, wenn sie einen negativen Corona-Test haben. Die T\u00fcrkei steht gegenw\u00e4rtig auf der gelben Liste, ebenso wie Belgien und Israel. Deutschland und Italien bleiben im gr\u00fcnen Bereich.<\/p>\n<p>&#13;<br \/>\n&#13;<\/p>\n<p>&#13;<br \/>\n&#13;<\/p>\n<p>&#13;<br \/>\n&#13;<\/p>\n<p>Im Gegensatz dazu hat das Vereinigte K\u00f6nigreich Rum\u00e4nien auf die Gr\u00fcne Liste der L\u00e4nder mit geringem epidemiologischem Risiko gesetzt. Dies bedeutet, dass Rum\u00e4ninnen und Rum\u00e4nen, die in das Vereinigte K\u00f6nigreich reisen, ab Sonntag nicht mehr unter Quarant\u00e4ne gestellt werden, egal ob sie geimpft sind oder nicht. Rum\u00e4nische Staatsb\u00fcrger, die in das Vereinigte K\u00f6nigreich einreisen, m\u00fcssen jedoch vor der Einreise einen negativen PCR-Test vorweisen und sich zwei Tage nach der Ankunft einem zweiten Test unterziehen.<\/p>\n<p>&#13;<br \/>\n&#13;<\/p>\n<p>&#13;<br \/>\n&#13;<\/p>\n<p>&#13;<br \/>\n&#13;<\/p>\n<p>In letzter Zeit ist die Zahl der-Neuinfektionen in Rum\u00e4nien auf \u00fcber 200 t\u00e4glich gestiegen. In Krankenh\u00e4usern liegen zurzeit ca. 500 Corona-Patienten, 70 davon auf Intensivstationen. Eine Situation, die vergleichbar ist mit der Ende Juni.  Die Todesf\u00e4lle im Kontext des neuen Coronavirus bleiben gl\u00fccklicherweise gering.<\/p>\n<p>&#13;<br \/>\n&#13;<\/p>\n<p>&#13;<br \/>\n&#13;<\/p>\n<p>&#13;<br \/>\n&#13;<\/p>\n<p>In Erwartung der Welle 4, die nach Einsch\u00e4tzung von Fachleuten voraussichtlich im September eintreffen wird, fordern die Beh\u00f6rden die B\u00fcrger eindringlich auf, sich impfen zu lassen. Sie weisen darauf hin, dass dieser der sicherste Weg ist, um eine schwere Krankheitsform zu vermeiden. Der Leiter des Krankenhauses f\u00fcr Infektionskrankheiten in der westrum\u00e4nischen Stadt Timi\u0219oara, Cristian Oancea, sagte gegen\u00fcber Radio Rum\u00e4nien, dass er davon ausgeht, dass der Druck auf das Gesundheitssystem weniger stark sein werde.  Er werde sich wahrscheinlich mit dem in der Mitte der zweiten Welle vergleichen, als die medizinischen Einheiten auf die Probe gestellt wurden.<\/p>\n<p>&#13;<br \/>\n&#13;<\/p>\n<p>&#13;<br \/>\n&#13;<\/p>\n<p>&#13;<br \/>\n&#13;<\/p>\n<p>Das Impfinteresse der Rum\u00e4nen ist jedoch im Vergleich zu dem anderer Europ\u00e4er gering. Die Zahl der vollst\u00e4ndig geimpften Menschen hat fast 5 Millionen erreicht. Gegenw\u00e4rtig setzen die Beh\u00f6rden auf Aufkl\u00e4rung und nicht auf restriktive Ma\u200e\u00dfnahmen, um die Menschen zur Impfung zu bewegen.<\/p>\n<p>&#13;<\/p>\n","protected":false},"excerpt":{"rendered":"<p>Die Regierung in Bukarest hat die Verl\u00e4ngerung des Ausnahmezustands um weitere 30 Tage beschlossen.<\/p>\n","protected":false},"author":109,"featured_media":87586,"comment_status":"closed","ping_status":"closed","sticky":false,"template":"","format":"standard","meta":{"_acf_changed":false,"footnotes":""},"categories":[99583],"tags":[105027,35529,105331,103518,104913,35601],"coauthors":[],"class_list":["post-462020","post","type-post","status-publish","format-standard","has-post-thumbnail","hentry","category-rri-aktuell","tag-alarmzustand","tag-corona","tag-gruene-liste","tag-impfung","tag-quarantaene","tag-sars-cov-2"],"acf":[],"yoast_head":"<!-- This site is optimized with the Yoast SEO plugin v27.5 - https:\/\/yoast.com\/product\/yoast-seo-wordpress\/ -->\n<title>Der Alarmzustand wurde in Rum\u00e4nien verl\u00e4ngert - Radio Rum\u00e4nien International<\/title>\n<meta name=\"robots\" content=\"index, follow, max-snippet:-1, max-image-preview:large, max-video-preview:-1\" \/>\n<link rel=\"canonical\" href=\"https:\/\/www.rri.ro\/de\/aktuell\/rri-aktuell\/der-alarmzustand-wurde-in-rumaenien-verlaengert-id462020.html\" \/>\n<meta property=\"og:locale\" content=\"de_DE\" \/>\n<meta property=\"og:type\" content=\"article\" \/>\n<meta property=\"og:title\" content=\"Der Alarmzustand wurde in Rum\u00e4nien verl\u00e4ngert - Radio Rum\u00e4nien International\" \/>\n<meta property=\"og:description\" content=\"Die Regierung in Bukarest hat die Verl\u00e4ngerung des Ausnahmezustands um weitere 30 Tage beschlossen.\" \/>\n<meta property=\"og:url\" content=\"https:\/\/www.rri.ro\/de\/aktuell\/rri-aktuell\/der-alarmzustand-wurde-in-rumaenien-verlaengert-id462020.html\" \/>\n<meta property=\"og:site_name\" content=\"Radio Rum\u00e4nien International\" \/>\n<meta property=\"article:published_time\" content=\"2021-08-06T12:27:00+00:00\" \/>\n<meta property=\"article:modified_time\" content=\"2024-02-19T19:05:07+00:00\" \/>\n<meta property=\"og:image\" content=\"https:\/\/www.rri.ro\/wp-content\/uploads\/2023\/10\/florin-citu-premier-foto-gov-ro.png\" \/>\n\t<meta property=\"og:image:width\" content=\"640\" \/>\n\t<meta property=\"og:image:height\" content=\"427\" \/>\n\t<meta property=\"og:image:type\" content=\"image\/png\" \/>\n<meta name=\"author\" content=\"Roxana Vasile\" \/>\n<meta name=\"twitter:card\" content=\"summary_large_image\" \/>\n<meta name=\"twitter:label1\" content=\"Verfasst von\" \/>\n\t<meta name=\"twitter:data1\" content=\"Roxana Vasile\" \/>\n\t<meta name=\"twitter:label2\" content=\"Gesch\u00e4tzte Lesezeit\" \/>\n\t<meta name=\"twitter:data2\" content=\"2\u00a0Minuten\" \/>\n\t<meta name=\"twitter:label3\" content=\"Written by\" \/>\n\t<meta name=\"twitter:data3\" content=\"Roxana Vasile\" \/>\n<script type=\"application\/ld+json\" class=\"yoast-schema-graph\">{\"@context\":\"https:\\\/\\\/schema.org\",\"@graph\":[{\"@type\":\"Article\",\"@id\":\"https:\\\/\\\/www.rri.ro\\\/de\\\/aktuell\\\/rri-aktuell\\\/der-alarmzustand-wurde-in-rumaenien-verlaengert-id462020.html#article\",\"isPartOf\":{\"@id\":\"https:\\\/\\\/www.rri.ro\\\/de\\\/aktuell\\\/rri-aktuell\\\/der-alarmzustand-wurde-in-rumaenien-verlaengert-id462020.html\"},\"author\":{\"name\":\"Roxana Vasile\",\"@id\":\"https:\\\/\\\/www.rri.ro\\\/#\\\/schema\\\/person\\\/0745b519f2d1287783422f162c4112af\"},\"headline\":\"Der Alarmzustand wurde in Rum\u00e4nien verl\u00e4ngert\",\"datePublished\":\"2021-08-06T12:27:00+00:00\",\"dateModified\":\"2024-02-19T19:05:07+00:00\",\"mainEntityOfPage\":{\"@id\":\"https:\\\/\\\/www.rri.ro\\\/de\\\/aktuell\\\/rri-aktuell\\\/der-alarmzustand-wurde-in-rumaenien-verlaengert-id462020.html\"},\"wordCount\":430,\"image\":{\"@id\":\"https:\\\/\\\/www.rri.ro\\\/de\\\/aktuell\\\/rri-aktuell\\\/der-alarmzustand-wurde-in-rumaenien-verlaengert-id462020.html#primaryimage\"},\"thumbnailUrl\":\"https:\\\/\\\/www.rri.ro\\\/wp-content\\\/uploads\\\/2023\\\/10\\\/florin-citu-premier-foto-gov-ro.png\",\"keywords\":[\"Alarmzustand\",\"corona\",\"Gr\u00fcne Liste\",\"Impfung\",\"Quarant\u00e4ne\",\"SARS-CoV-2\"],\"articleSection\":[\"RRI Aktuell\"],\"inLanguage\":\"de\"},{\"@type\":\"WebPage\",\"@id\":\"https:\\\/\\\/www.rri.ro\\\/de\\\/aktuell\\\/rri-aktuell\\\/der-alarmzustand-wurde-in-rumaenien-verlaengert-id462020.html\",\"url\":\"https:\\\/\\\/www.rri.ro\\\/de\\\/aktuell\\\/rri-aktuell\\\/der-alarmzustand-wurde-in-rumaenien-verlaengert-id462020.html\",\"name\":\"Der Alarmzustand wurde in Rum\u00e4nien verl\u00e4ngert - Radio Rum\u00e4nien International\",\"isPartOf\":{\"@id\":\"https:\\\/\\\/www.rri.ro\\\/#website\"},\"primaryImageOfPage\":{\"@id\":\"https:\\\/\\\/www.rri.ro\\\/de\\\/aktuell\\\/rri-aktuell\\\/der-alarmzustand-wurde-in-rumaenien-verlaengert-id462020.html#primaryimage\"},\"image\":{\"@id\":\"https:\\\/\\\/www.rri.ro\\\/de\\\/aktuell\\\/rri-aktuell\\\/der-alarmzustand-wurde-in-rumaenien-verlaengert-id462020.html#primaryimage\"},\"thumbnailUrl\":\"https:\\\/\\\/www.rri.ro\\\/wp-content\\\/uploads\\\/2023\\\/10\\\/florin-citu-premier-foto-gov-ro.png\",\"datePublished\":\"2021-08-06T12:27:00+00:00\",\"dateModified\":\"2024-02-19T19:05:07+00:00\",\"author\":{\"@id\":\"https:\\\/\\\/www.rri.ro\\\/#\\\/schema\\\/person\\\/0745b519f2d1287783422f162c4112af\"},\"breadcrumb\":{\"@id\":\"https:\\\/\\\/www.rri.ro\\\/de\\\/aktuell\\\/rri-aktuell\\\/der-alarmzustand-wurde-in-rumaenien-verlaengert-id462020.html#breadcrumb\"},\"inLanguage\":\"de\",\"potentialAction\":[{\"@type\":\"ReadAction\",\"target\":[\"https:\\\/\\\/www.rri.ro\\\/de\\\/aktuell\\\/rri-aktuell\\\/der-alarmzustand-wurde-in-rumaenien-verlaengert-id462020.html\"]}]},{\"@type\":\"ImageObject\",\"inLanguage\":\"de\",\"@id\":\"https:\\\/\\\/www.rri.ro\\\/de\\\/aktuell\\\/rri-aktuell\\\/der-alarmzustand-wurde-in-rumaenien-verlaengert-id462020.html#primaryimage\",\"url\":\"https:\\\/\\\/www.rri.ro\\\/wp-content\\\/uploads\\\/2023\\\/10\\\/florin-citu-premier-foto-gov-ro.png\",\"contentUrl\":\"https:\\\/\\\/www.rri.ro\\\/wp-content\\\/uploads\\\/2023\\\/10\\\/florin-citu-premier-foto-gov-ro.png\",\"width\":640,\"height\":427},{\"@type\":\"BreadcrumbList\",\"@id\":\"https:\\\/\\\/www.rri.ro\\\/de\\\/aktuell\\\/rri-aktuell\\\/der-alarmzustand-wurde-in-rumaenien-verlaengert-id462020.html#breadcrumb\",\"itemListElement\":[{\"@type\":\"ListItem\",\"position\":1,\"name\":\"Startseite\",\"item\":\"https:\\\/\\\/www.rri.ro\\\/de\"},{\"@type\":\"ListItem\",\"position\":2,\"name\":\"Aktuell\",\"item\":\"https:\\\/\\\/www.rri.ro\\\/de\\\/aktuell\"},{\"@type\":\"ListItem\",\"position\":3,\"name\":\"RRI Aktuell\",\"item\":\"https:\\\/\\\/www.rri.ro\\\/de\\\/aktuell\\\/rri-aktuell\"},{\"@type\":\"ListItem\",\"position\":4,\"name\":\"Der Alarmzustand wurde in Rum\u00e4nien verl\u00e4ngert\"}]},{\"@type\":\"WebSite\",\"@id\":\"https:\\\/\\\/www.rri.ro\\\/#website\",\"url\":\"https:\\\/\\\/www.rri.ro\\\/\",\"name\":\"Radio Rum\u00e4nien International\",\"description\":\"Totul despre Rom\u00e2nia \u015fi rom\u00e2ni, \u00een 13 limbi\\\/dialecte!\",\"inLanguage\":\"de\"},{\"@type\":\"Person\",\"@id\":\"https:\\\/\\\/www.rri.ro\\\/#\\\/schema\\\/person\\\/0745b519f2d1287783422f162c4112af\",\"name\":\"Roxana Vasile\",\"url\":\"https:\\\/\\\/www.rri.ro\\\/de\\\/author\\\/roxana-vasile\"}]}<\/script>\n<!-- \/ Yoast SEO plugin. -->","yoast_head_json":{"title":"Der Alarmzustand wurde in Rum\u00e4nien verl\u00e4ngert - Radio Rum\u00e4nien International","robots":{"index":"index","follow":"follow","max-snippet":"max-snippet:-1","max-image-preview":"max-image-preview:large","max-video-preview":"max-video-preview:-1"},"canonical":"https:\/\/www.rri.ro\/de\/aktuell\/rri-aktuell\/der-alarmzustand-wurde-in-rumaenien-verlaengert-id462020.html","og_locale":"de_DE","og_type":"article","og_title":"Der Alarmzustand wurde in Rum\u00e4nien verl\u00e4ngert - Radio Rum\u00e4nien International","og_description":"Die Regierung in Bukarest hat die Verl\u00e4ngerung des Ausnahmezustands um weitere 30 Tage beschlossen.","og_url":"https:\/\/www.rri.ro\/de\/aktuell\/rri-aktuell\/der-alarmzustand-wurde-in-rumaenien-verlaengert-id462020.html","og_site_name":"Radio Rum\u00e4nien International","article_published_time":"2021-08-06T12:27:00+00:00","article_modified_time":"2024-02-19T19:05:07+00:00","og_image":[{"width":640,"height":427,"url":"https:\/\/www.rri.ro\/wp-content\/uploads\/2023\/10\/florin-citu-premier-foto-gov-ro.png","type":"image\/png"}],"author":"Roxana Vasile","twitter_card":"summary_large_image","twitter_misc":{"Verfasst von":"Roxana Vasile","Gesch\u00e4tzte Lesezeit":"2\u00a0Minuten","Written by":"Roxana Vasile"},"schema":{"@context":"https:\/\/schema.org","@graph":[{"@type":"Article","@id":"https:\/\/www.rri.ro\/de\/aktuell\/rri-aktuell\/der-alarmzustand-wurde-in-rumaenien-verlaengert-id462020.html#article","isPartOf":{"@id":"https:\/\/www.rri.ro\/de\/aktuell\/rri-aktuell\/der-alarmzustand-wurde-in-rumaenien-verlaengert-id462020.html"},"author":{"name":"Roxana Vasile","@id":"https:\/\/www.rri.ro\/#\/schema\/person\/0745b519f2d1287783422f162c4112af"},"headline":"Der Alarmzustand wurde in Rum\u00e4nien verl\u00e4ngert","datePublished":"2021-08-06T12:27:00+00:00","dateModified":"2024-02-19T19:05:07+00:00","mainEntityOfPage":{"@id":"https:\/\/www.rri.ro\/de\/aktuell\/rri-aktuell\/der-alarmzustand-wurde-in-rumaenien-verlaengert-id462020.html"},"wordCount":430,"image":{"@id":"https:\/\/www.rri.ro\/de\/aktuell\/rri-aktuell\/der-alarmzustand-wurde-in-rumaenien-verlaengert-id462020.html#primaryimage"},"thumbnailUrl":"https:\/\/www.rri.ro\/wp-content\/uploads\/2023\/10\/florin-citu-premier-foto-gov-ro.png","keywords":["Alarmzustand","corona","Gr\u00fcne Liste","Impfung","Quarant\u00e4ne","SARS-CoV-2"],"articleSection":["RRI Aktuell"],"inLanguage":"de"},{"@type":"WebPage","@id":"https:\/\/www.rri.ro\/de\/aktuell\/rri-aktuell\/der-alarmzustand-wurde-in-rumaenien-verlaengert-id462020.html","url":"https:\/\/www.rri.ro\/de\/aktuell\/rri-aktuell\/der-alarmzustand-wurde-in-rumaenien-verlaengert-id462020.html","name":"Der Alarmzustand wurde in Rum\u00e4nien verl\u00e4ngert - Radio Rum\u00e4nien International","isPartOf":{"@id":"https:\/\/www.rri.ro\/#website"},"primaryImageOfPage":{"@id":"https:\/\/www.rri.ro\/de\/aktuell\/rri-aktuell\/der-alarmzustand-wurde-in-rumaenien-verlaengert-id462020.html#primaryimage"},"image":{"@id":"https:\/\/www.rri.ro\/de\/aktuell\/rri-aktuell\/der-alarmzustand-wurde-in-rumaenien-verlaengert-id462020.html#primaryimage"},"thumbnailUrl":"https:\/\/www.rri.ro\/wp-content\/uploads\/2023\/10\/florin-citu-premier-foto-gov-ro.png","datePublished":"2021-08-06T12:27:00+00:00","dateModified":"2024-02-19T19:05:07+00:00","author":{"@id":"https:\/\/www.rri.ro\/#\/schema\/person\/0745b519f2d1287783422f162c4112af"},"breadcrumb":{"@id":"https:\/\/www.rri.ro\/de\/aktuell\/rri-aktuell\/der-alarmzustand-wurde-in-rumaenien-verlaengert-id462020.html#breadcrumb"},"inLanguage":"de","potentialAction":[{"@type":"ReadAction","target":["https:\/\/www.rri.ro\/de\/aktuell\/rri-aktuell\/der-alarmzustand-wurde-in-rumaenien-verlaengert-id462020.html"]}]},{"@type":"ImageObject","inLanguage":"de","@id":"https:\/\/www.rri.ro\/de\/aktuell\/rri-aktuell\/der-alarmzustand-wurde-in-rumaenien-verlaengert-id462020.html#primaryimage","url":"https:\/\/www.rri.ro\/wp-content\/uploads\/2023\/10\/florin-citu-premier-foto-gov-ro.png","contentUrl":"https:\/\/www.rri.ro\/wp-content\/uploads\/2023\/10\/florin-citu-premier-foto-gov-ro.png","width":640,"height":427},{"@type":"BreadcrumbList","@id":"https:\/\/www.rri.ro\/de\/aktuell\/rri-aktuell\/der-alarmzustand-wurde-in-rumaenien-verlaengert-id462020.html#breadcrumb","itemListElement":[{"@type":"ListItem","position":1,"name":"Startseite","item":"https:\/\/www.rri.ro\/de"},{"@type":"ListItem","position":2,"name":"Aktuell","item":"https:\/\/www.rri.ro\/de\/aktuell"},{"@type":"ListItem","position":3,"name":"RRI Aktuell","item":"https:\/\/www.rri.ro\/de\/aktuell\/rri-aktuell"},{"@type":"ListItem","position":4,"name":"Der Alarmzustand wurde in Rum\u00e4nien verl\u00e4ngert"}]},{"@type":"WebSite","@id":"https:\/\/www.rri.ro\/#website","url":"https:\/\/www.rri.ro\/","name":"Radio Rum\u00e4nien International","description":"Totul despre Rom\u00e2nia \u015fi rom\u00e2ni, \u00een 13 limbi\/dialecte!","inLanguage":"de"},{"@type":"Person","@id":"https:\/\/www.rri.ro\/#\/schema\/person\/0745b519f2d1287783422f162c4112af","name":"Roxana Vasile","url":"https:\/\/www.rri.ro\/de\/author\/roxana-vasile"}]}},"_links":{"self":[{"href":"https:\/\/www.rri.ro\/de\/wp-json\/wp\/v2\/posts\/462020","targetHints":{"allow":["GET"]}}],"collection":[{"href":"https:\/\/www.rri.ro\/de\/wp-json\/wp\/v2\/posts"}],"about":[{"href":"https:\/\/www.rri.ro\/de\/wp-json\/wp\/v2\/types\/post"}],"author":[{"embeddable":true,"href":"https:\/\/www.rri.ro\/de\/wp-json\/wp\/v2\/users\/109"}],"replies":[{"embeddable":true,"href":"https:\/\/www.rri.ro\/de\/wp-json\/wp\/v2\/comments?post=462020"}],"version-history":[{"count":0,"href":"https:\/\/www.rri.ro\/de\/wp-json\/wp\/v2\/posts\/462020\/revisions"}],"wp:featuredmedia":[{"embeddable":true,"href":"https:\/\/www.rri.ro\/de\/wp-json\/wp\/v2\/media\/87586"}],"wp:attachment":[{"href":"https:\/\/www.rri.ro\/de\/wp-json\/wp\/v2\/media?parent=462020"}],"wp:term":[{"taxonomy":"category","embeddable":true,"href":"https:\/\/www.rri.ro\/de\/wp-json\/wp\/v2\/categories?post=462020"},{"taxonomy":"post_tag","embeddable":true,"href":"https:\/\/www.rri.ro\/de\/wp-json\/wp\/v2\/tags?post=462020"},{"taxonomy":"author","embeddable":true,"href":"https:\/\/www.rri.ro\/de\/wp-json\/wp\/v2\/coauthors?post=462020"}],"curies":[{"name":"wp","href":"https:\/\/api.w.org\/{rel}","templated":true}]}}