{"id":462123,"date":"2022-01-04T14:08:00","date_gmt":"2022-01-04T12:08:00","guid":{"rendered":"http:\/\/devrri.freshlemon.ro\/aktuell\/corona-omikron-variante-auf-dem-vormarsch-id462123.html"},"modified":"2024-02-19T21:06:20","modified_gmt":"2024-02-19T19:06:20","slug":"corona-omikron-variante-auf-dem-vormarsch","status":"publish","type":"post","link":"https:\/\/www.rri.ro\/de\/aktuell\/rri-aktuell\/corona-omikron-variante-auf-dem-vormarsch-id462123.html","title":{"rendered":"Corona: Omikron-Variante auf dem Vormarsch"},"content":{"rendered":"<p>Die f\u00fcnfte Welle der Pandemie, die Europa und andere Teile der Welt zurzeit im Griff hat, scheint Rum\u00e4nien erreicht zu haben, wo die Zahl der best\u00e4tigten t\u00e4glichen Neuinfektionen wieder zu steigen beginnt. Grund daf\u00fcr ist die Omikron-Variante des Coronavirus. Infolge dieser Entwicklung diskutieren die Beh\u00f6rden auf medizinischer und politischer Ebene \u00fcber die Ma\u200e\u00dfnahmen, die erforderlich sind, damit sich die ernste epidemiologische Situation der letzten Welle nicht wiederholt. Eine der Bef\u00fcrchtungen richtet sich an das rum\u00e4nische Gesundheitssystem, das im vergangenen Herbst durch die \u00fcberm\u00e4\u200e\u00dfige Zahl von Corona-Neuinfektionen v\u00f6llig \u00fcberfordert war. Premierminister Nicolae Ciuc\u0103 kam am Montag zu einem Arbeitstreffen mit den f\u00fcr die Bew\u00e4ltigung der Pandemie Zust\u00e4ndigen zusammen. Ziel war es, Ma\u200e\u00dfnahmen zu besprechen, die die Bev\u00f6lkerung sch\u00fctzen und den Betrieb der Schulen und der Wirtschaft aufrechterhalten. An dem Treffen nahmen Vertreter der Ministerien f\u00fcr Gesundheit, Finanzen, Justiz, Bildung, Arbeit und soziale Solidarit\u00e4t sowie der Leiter der Abteilung f\u00fcr Notfallsituationen teil. Die Impfung wurde als die sicherste L\u00f6sung hervorgehoben, um das Leben und die Gesundheit der B\u00fcrger vor schweren, durch SARS-CoV-2 verursachten Krankheiten zu sch\u00fctzen. Das Problem ist, dass die Impfwilligkeit erneut ein extrem niedriges Niveau erreicht hat und die Zahl der t\u00e4glichen Erstimpfungen nur in die Tausende geht. Lediglich etwas mehr als 40 % der Rum\u00e4ninnen und Rum\u00e4nen sind geimpft, womit das Land an vorletzter Stelle in der Europ\u00e4ischen Union steht, obwohl es \u00fcber ausreichende Impfdosen aller in der EU zugelassenen Impfstoffe verf\u00fcgt. Verschw\u00f6rungstheorien, Misstrauen gegen\u00fcber dem medizinischen System und den Beh\u00f6rden, das Z\u00f6gern der Politiker und w\u00fctende Kampagnen gegen Impfung und Schutzma\u200e\u00dfnahmen f\u00fchrten zu dieser Situation. Eine weitere L\u00f6sung w\u00e4re die Pflicht einzuf\u00fchren, chirurgische oder andere Masken, die den FFP2-Standards entsprechen, zu tragen. Auf der Sitzung wurde auch \u00fcber die Wirksamkeit von Testprogrammen f\u00fcr Sch\u00fcler und die M\u00f6glichkeit der kostenlosen Verteilung von Masken an bed\u00fcrftige Kinder diskutiert. Um die \u00f6ffentlichen Dienste und die Wirtschaftst\u00e4tigkeiten nicht einzuschr\u00e4nken, wurden alternierende Arbeitszeiten und die zeitweilige Arbeitseinstellung vorgeschlagen. Das Arbeits- und das Finanzministerium sollten breit sein, die daf\u00fcr notwendigen finanziellen Mittel bereitzustellen. Um ein H\u00f6chstma\u200e\u00df an korrekten Informationen f\u00fcr die Bev\u00f6lkerung zu gew\u00e4hrleisten, sollen Kommunikations- und Informationsma\u200e\u00dfnahmen sowie Kampagnen zur Bek\u00e4mpfung von Falschinformationen auf den Weg gebracht werden, so die Regierung in Bukarest in einer Presseerkl\u00e4rung. Das Dokument sagt jedoch nichts \u00fcber die m\u00f6gliche Einf\u00fchrung des gr\u00fcnen Zertifikats am Arbeitsplatz, weil die politische Entscheidung zu diesem Thema noch aussteht.<\/p>\n<p>&#13;<br \/>\n&#13;<\/p>\n<p>&#13;<br \/>\n&#13;<\/p>\n<p>Die f\u00fcnfte Welle der Pandemie, die Europa und andere Teile der Welt zurzeit im Griff hat, scheint Rum\u00e4nien erreicht zu haben, wo die Zahl der best\u00e4tigten t\u00e4glichen Neuinfektionen wieder zu steigen beginnt. Grund daf\u00fcr ist die Omikron-Variante des Coronavirus. Infolge dieser Entwicklung diskutieren die Beh\u00f6rden auf medizinischer und politischer Ebene \u00fcber die Ma\u200e\u00dfnahmen, die erforderlich sind, damit sich die ernste epidemiologische Situation der letzten Welle nicht wiederholt. Eine der Bef\u00fcrchtungen richtet sich an das rum\u00e4nische Gesundheitssystem, das im vergangenen Herbst durch die \u00fcberm\u00e4\u200e\u00dfige Zahl von Corona-Neuinfektionen v\u00f6llig \u00fcberfordert war. Premierminister Nicolae Ciuc\u0103 kam am Montag zu einem Arbeitstreffen mit den f\u00fcr die Bew\u00e4ltigung der Pandemie Zust\u00e4ndigen zusammen. Ziel war es, Ma\u200e\u00dfnahmen zu besprechen, die die Bev\u00f6lkerung sch\u00fctzen und den Betrieb der Schulen und der Wirtschaft aufrechterhalten. An dem Treffen nahmen Vertreter der Ministerien f\u00fcr Gesundheit, Finanzen, Justiz, Bildung, Arbeit und soziale Solidarit\u00e4t sowie der Leiter der Abteilung f\u00fcr Notfallsituationen teil. Die Impfung wurde als die sicherste L\u00f6sung hervorgehoben, um das Leben und die Gesundheit der B\u00fcrger vor schweren, durch SARS-CoV-2 verursachten Krankheiten zu sch\u00fctzen. Das Problem ist, dass die Impfwilligkeit erneut ein extrem niedriges Niveau erreicht hat und die Zahl der t\u00e4glichen Erstimpfungen nur in die Tausende geht. Lediglich etwas mehr als 40 % der Rum\u00e4ninnen und Rum\u00e4nen sind geimpft, womit das Land an vorletzter Stelle in der Europ\u00e4ischen Union steht, obwohl es \u00fcber ausreichende Impfdosen aller in der EU zugelassenen Impfstoffe verf\u00fcgt. Verschw\u00f6rungstheorien, Misstrauen gegen\u00fcber dem medizinischen System und den Beh\u00f6rden, das Z\u00f6gern der Politiker und w\u00fctende Kampagnen gegen Impfung und Schutzma\u200e\u00dfnahmen f\u00fchrten zu dieser Situation. Eine weitere L\u00f6sung w\u00e4re die Pflicht einzuf\u00fchren, chirurgische oder andere Masken, die den FFP2-Standards entsprechen, zu tragen. Auf der Sitzung wurde auch \u00fcber die Wirksamkeit von Testprogrammen f\u00fcr Sch\u00fcler und die M\u00f6glichkeit der kostenlosen Verteilung von Masken an bed\u00fcrftige Kinder diskutiert. Um die \u00f6ffentlichen Dienste und die Wirtschaftst\u00e4tigkeiten nicht einzuschr\u00e4nken, wurden alternierende Arbeitszeiten und die zeitweilige Arbeitseinstellung vorgeschlagen. Das Arbeits- und das Finanzministerium sollten breit sein, die daf\u00fcr notwendigen finanziellen Mittel bereitzustellen. Um ein H\u00f6chstma\u200e\u00df an korrekten Informationen f\u00fcr die Bev\u00f6lkerung zu gew\u00e4hrleisten, sollen Kommunikations- und Informationsma\u200e\u00dfnahmen sowie Kampagnen zur Bek\u00e4mpfung von Falschinformationen auf den Weg gebracht werden, so die Regierung in Bukarest in einer Presseerkl\u00e4rung. Das Dokument sagt jedoch nichts \u00fcber die m\u00f6gliche Einf\u00fchrung des gr\u00fcnen Zertifikats am Arbeitsplatz, weil die politische Entscheidung zu diesem Thema noch aussteht.<\/p>\n<p>&#13;<br \/>\n&#13;<\/p>\n<p>&#13;<\/p>\n","protected":false},"excerpt":{"rendered":"<p>Rum\u00e4nien bereitet sich auf eine neue Welle der Coronavirus-Pandemie vor.<\/p>\n","protected":false},"author":104,"featured_media":90788,"comment_status":"closed","ping_status":"closed","sticky":false,"template":"","format":"standard","meta":{"_acf_changed":false,"footnotes":""},"categories":[99583],"tags":[35529,105418,103518,105415],"coauthors":[],"class_list":["post-462123","post","type-post","status-publish","format-standard","has-post-thumbnail","hentry","category-rri-aktuell","tag-corona","tag-falschinformationen","tag-impfung","tag-omikron"],"acf":[],"yoast_head":"<!-- This site is optimized with the Yoast SEO plugin v27.3 - https:\/\/yoast.com\/product\/yoast-seo-wordpress\/ -->\n<title>Corona: Omikron-Variante auf dem Vormarsch - Radio Rum\u00e4nien International<\/title>\n<meta name=\"robots\" content=\"index, follow, max-snippet:-1, max-image-preview:large, max-video-preview:-1\" \/>\n<link rel=\"canonical\" href=\"https:\/\/www.rri.ro\/de\/aktuell\/rri-aktuell\/corona-omikron-variante-auf-dem-vormarsch-id462123.html\" \/>\n<meta property=\"og:locale\" content=\"de_DE\" \/>\n<meta property=\"og:type\" content=\"article\" \/>\n<meta property=\"og:title\" content=\"Corona: Omikron-Variante auf dem Vormarsch - Radio Rum\u00e4nien International\" \/>\n<meta property=\"og:description\" content=\"Rum\u00e4nien bereitet sich auf eine neue Welle der Coronavirus-Pandemie vor.\" \/>\n<meta property=\"og:url\" content=\"https:\/\/www.rri.ro\/de\/aktuell\/rri-aktuell\/corona-omikron-variante-auf-dem-vormarsch-id462123.html\" \/>\n<meta property=\"og:site_name\" content=\"Radio Rum\u00e4nien International\" \/>\n<meta property=\"article:published_time\" content=\"2022-01-04T12:08:00+00:00\" \/>\n<meta property=\"article:modified_time\" content=\"2024-02-19T19:06:20+00:00\" \/>\n<meta property=\"og:image\" content=\"https:\/\/www.rri.ro\/wp-content\/uploads\/2023\/10\/sedinta-guvern-val5-gov-ro.jpg\" \/>\n\t<meta property=\"og:image:width\" content=\"640\" \/>\n\t<meta property=\"og:image:height\" content=\"427\" \/>\n\t<meta property=\"og:image:type\" content=\"image\/jpeg\" \/>\n<meta name=\"author\" content=\"Eugen Coroianu\" \/>\n<meta name=\"twitter:card\" content=\"summary_large_image\" \/>\n<meta name=\"twitter:label1\" content=\"Verfasst von\" \/>\n\t<meta name=\"twitter:data1\" content=\"Eugen Coroianu\" \/>\n\t<meta name=\"twitter:label2\" content=\"Gesch\u00e4tzte Lesezeit\" \/>\n\t<meta name=\"twitter:data2\" content=\"4\u00a0Minuten\" \/>\n\t<meta name=\"twitter:label3\" content=\"Written by\" \/>\n\t<meta name=\"twitter:data3\" content=\"Eugen Coroianu\" \/>\n<script type=\"application\/ld+json\" class=\"yoast-schema-graph\">{\"@context\":\"https:\\\/\\\/schema.org\",\"@graph\":[{\"@type\":\"Article\",\"@id\":\"https:\\\/\\\/www.rri.ro\\\/de\\\/aktuell\\\/rri-aktuell\\\/corona-omikron-variante-auf-dem-vormarsch-id462123.html#article\",\"isPartOf\":{\"@id\":\"https:\\\/\\\/www.rri.ro\\\/de\\\/aktuell\\\/rri-aktuell\\\/corona-omikron-variante-auf-dem-vormarsch-id462123.html\"},\"author\":{\"name\":\"Eugen Coroianu\",\"@id\":\"https:\\\/\\\/www.rri.ro\\\/#\\\/schema\\\/person\\\/5d5d5bd8eec0e962a50aaf3b0f6919c4\"},\"headline\":\"Corona: Omikron-Variante auf dem Vormarsch\",\"datePublished\":\"2022-01-04T12:08:00+00:00\",\"dateModified\":\"2024-02-19T19:06:20+00:00\",\"mainEntityOfPage\":{\"@id\":\"https:\\\/\\\/www.rri.ro\\\/de\\\/aktuell\\\/rri-aktuell\\\/corona-omikron-variante-auf-dem-vormarsch-id462123.html\"},\"wordCount\":885,\"image\":{\"@id\":\"https:\\\/\\\/www.rri.ro\\\/de\\\/aktuell\\\/rri-aktuell\\\/corona-omikron-variante-auf-dem-vormarsch-id462123.html#primaryimage\"},\"thumbnailUrl\":\"https:\\\/\\\/www.rri.ro\\\/wp-content\\\/uploads\\\/2023\\\/10\\\/sedinta-guvern-val5-gov-ro.jpg\",\"keywords\":[\"corona\",\"Falschinformationen\",\"Impfung\",\"Omikron\"],\"articleSection\":[\"RRI Aktuell\"],\"inLanguage\":\"de\"},{\"@type\":\"WebPage\",\"@id\":\"https:\\\/\\\/www.rri.ro\\\/de\\\/aktuell\\\/rri-aktuell\\\/corona-omikron-variante-auf-dem-vormarsch-id462123.html\",\"url\":\"https:\\\/\\\/www.rri.ro\\\/de\\\/aktuell\\\/rri-aktuell\\\/corona-omikron-variante-auf-dem-vormarsch-id462123.html\",\"name\":\"Corona: Omikron-Variante auf dem Vormarsch - Radio Rum\u00e4nien International\",\"isPartOf\":{\"@id\":\"https:\\\/\\\/www.rri.ro\\\/#website\"},\"primaryImageOfPage\":{\"@id\":\"https:\\\/\\\/www.rri.ro\\\/de\\\/aktuell\\\/rri-aktuell\\\/corona-omikron-variante-auf-dem-vormarsch-id462123.html#primaryimage\"},\"image\":{\"@id\":\"https:\\\/\\\/www.rri.ro\\\/de\\\/aktuell\\\/rri-aktuell\\\/corona-omikron-variante-auf-dem-vormarsch-id462123.html#primaryimage\"},\"thumbnailUrl\":\"https:\\\/\\\/www.rri.ro\\\/wp-content\\\/uploads\\\/2023\\\/10\\\/sedinta-guvern-val5-gov-ro.jpg\",\"datePublished\":\"2022-01-04T12:08:00+00:00\",\"dateModified\":\"2024-02-19T19:06:20+00:00\",\"author\":{\"@id\":\"https:\\\/\\\/www.rri.ro\\\/#\\\/schema\\\/person\\\/5d5d5bd8eec0e962a50aaf3b0f6919c4\"},\"breadcrumb\":{\"@id\":\"https:\\\/\\\/www.rri.ro\\\/de\\\/aktuell\\\/rri-aktuell\\\/corona-omikron-variante-auf-dem-vormarsch-id462123.html#breadcrumb\"},\"inLanguage\":\"de\",\"potentialAction\":[{\"@type\":\"ReadAction\",\"target\":[\"https:\\\/\\\/www.rri.ro\\\/de\\\/aktuell\\\/rri-aktuell\\\/corona-omikron-variante-auf-dem-vormarsch-id462123.html\"]}]},{\"@type\":\"ImageObject\",\"inLanguage\":\"de\",\"@id\":\"https:\\\/\\\/www.rri.ro\\\/de\\\/aktuell\\\/rri-aktuell\\\/corona-omikron-variante-auf-dem-vormarsch-id462123.html#primaryimage\",\"url\":\"https:\\\/\\\/www.rri.ro\\\/wp-content\\\/uploads\\\/2023\\\/10\\\/sedinta-guvern-val5-gov-ro.jpg\",\"contentUrl\":\"https:\\\/\\\/www.rri.ro\\\/wp-content\\\/uploads\\\/2023\\\/10\\\/sedinta-guvern-val5-gov-ro.jpg\",\"width\":640,\"height\":427},{\"@type\":\"BreadcrumbList\",\"@id\":\"https:\\\/\\\/www.rri.ro\\\/de\\\/aktuell\\\/rri-aktuell\\\/corona-omikron-variante-auf-dem-vormarsch-id462123.html#breadcrumb\",\"itemListElement\":[{\"@type\":\"ListItem\",\"position\":1,\"name\":\"Startseite\",\"item\":\"https:\\\/\\\/www.rri.ro\\\/de\"},{\"@type\":\"ListItem\",\"position\":2,\"name\":\"Aktuell\",\"item\":\"https:\\\/\\\/www.rri.ro\\\/de\\\/aktuell\"},{\"@type\":\"ListItem\",\"position\":3,\"name\":\"RRI Aktuell\",\"item\":\"https:\\\/\\\/www.rri.ro\\\/de\\\/aktuell\\\/rri-aktuell\"},{\"@type\":\"ListItem\",\"position\":4,\"name\":\"Corona: Omikron-Variante auf dem Vormarsch\"}]},{\"@type\":\"WebSite\",\"@id\":\"https:\\\/\\\/www.rri.ro\\\/#website\",\"url\":\"https:\\\/\\\/www.rri.ro\\\/\",\"name\":\"Radio Rum\u00e4nien International\",\"description\":\"Totul despre Rom\u00e2nia \u015fi rom\u00e2ni, \u00een 13 limbi\\\/dialecte!\",\"inLanguage\":\"de\"},{\"@type\":\"Person\",\"@id\":\"https:\\\/\\\/www.rri.ro\\\/#\\\/schema\\\/person\\\/5d5d5bd8eec0e962a50aaf3b0f6919c4\",\"name\":\"Eugen Coroianu\",\"url\":\"https:\\\/\\\/www.rri.ro\\\/de\\\/author\\\/eugen-coroianu\"}]}<\/script>\n<!-- \/ Yoast SEO plugin. -->","yoast_head_json":{"title":"Corona: Omikron-Variante auf dem Vormarsch - Radio Rum\u00e4nien International","robots":{"index":"index","follow":"follow","max-snippet":"max-snippet:-1","max-image-preview":"max-image-preview:large","max-video-preview":"max-video-preview:-1"},"canonical":"https:\/\/www.rri.ro\/de\/aktuell\/rri-aktuell\/corona-omikron-variante-auf-dem-vormarsch-id462123.html","og_locale":"de_DE","og_type":"article","og_title":"Corona: Omikron-Variante auf dem Vormarsch - Radio Rum\u00e4nien International","og_description":"Rum\u00e4nien bereitet sich auf eine neue Welle der Coronavirus-Pandemie vor.","og_url":"https:\/\/www.rri.ro\/de\/aktuell\/rri-aktuell\/corona-omikron-variante-auf-dem-vormarsch-id462123.html","og_site_name":"Radio Rum\u00e4nien International","article_published_time":"2022-01-04T12:08:00+00:00","article_modified_time":"2024-02-19T19:06:20+00:00","og_image":[{"width":640,"height":427,"url":"https:\/\/www.rri.ro\/wp-content\/uploads\/2023\/10\/sedinta-guvern-val5-gov-ro.jpg","type":"image\/jpeg"}],"author":"Eugen Coroianu","twitter_card":"summary_large_image","twitter_misc":{"Verfasst von":"Eugen Coroianu","Gesch\u00e4tzte Lesezeit":"4\u00a0Minuten","Written by":"Eugen Coroianu"},"schema":{"@context":"https:\/\/schema.org","@graph":[{"@type":"Article","@id":"https:\/\/www.rri.ro\/de\/aktuell\/rri-aktuell\/corona-omikron-variante-auf-dem-vormarsch-id462123.html#article","isPartOf":{"@id":"https:\/\/www.rri.ro\/de\/aktuell\/rri-aktuell\/corona-omikron-variante-auf-dem-vormarsch-id462123.html"},"author":{"name":"Eugen Coroianu","@id":"https:\/\/www.rri.ro\/#\/schema\/person\/5d5d5bd8eec0e962a50aaf3b0f6919c4"},"headline":"Corona: Omikron-Variante auf dem Vormarsch","datePublished":"2022-01-04T12:08:00+00:00","dateModified":"2024-02-19T19:06:20+00:00","mainEntityOfPage":{"@id":"https:\/\/www.rri.ro\/de\/aktuell\/rri-aktuell\/corona-omikron-variante-auf-dem-vormarsch-id462123.html"},"wordCount":885,"image":{"@id":"https:\/\/www.rri.ro\/de\/aktuell\/rri-aktuell\/corona-omikron-variante-auf-dem-vormarsch-id462123.html#primaryimage"},"thumbnailUrl":"https:\/\/www.rri.ro\/wp-content\/uploads\/2023\/10\/sedinta-guvern-val5-gov-ro.jpg","keywords":["corona","Falschinformationen","Impfung","Omikron"],"articleSection":["RRI Aktuell"],"inLanguage":"de"},{"@type":"WebPage","@id":"https:\/\/www.rri.ro\/de\/aktuell\/rri-aktuell\/corona-omikron-variante-auf-dem-vormarsch-id462123.html","url":"https:\/\/www.rri.ro\/de\/aktuell\/rri-aktuell\/corona-omikron-variante-auf-dem-vormarsch-id462123.html","name":"Corona: Omikron-Variante auf dem Vormarsch - Radio Rum\u00e4nien International","isPartOf":{"@id":"https:\/\/www.rri.ro\/#website"},"primaryImageOfPage":{"@id":"https:\/\/www.rri.ro\/de\/aktuell\/rri-aktuell\/corona-omikron-variante-auf-dem-vormarsch-id462123.html#primaryimage"},"image":{"@id":"https:\/\/www.rri.ro\/de\/aktuell\/rri-aktuell\/corona-omikron-variante-auf-dem-vormarsch-id462123.html#primaryimage"},"thumbnailUrl":"https:\/\/www.rri.ro\/wp-content\/uploads\/2023\/10\/sedinta-guvern-val5-gov-ro.jpg","datePublished":"2022-01-04T12:08:00+00:00","dateModified":"2024-02-19T19:06:20+00:00","author":{"@id":"https:\/\/www.rri.ro\/#\/schema\/person\/5d5d5bd8eec0e962a50aaf3b0f6919c4"},"breadcrumb":{"@id":"https:\/\/www.rri.ro\/de\/aktuell\/rri-aktuell\/corona-omikron-variante-auf-dem-vormarsch-id462123.html#breadcrumb"},"inLanguage":"de","potentialAction":[{"@type":"ReadAction","target":["https:\/\/www.rri.ro\/de\/aktuell\/rri-aktuell\/corona-omikron-variante-auf-dem-vormarsch-id462123.html"]}]},{"@type":"ImageObject","inLanguage":"de","@id":"https:\/\/www.rri.ro\/de\/aktuell\/rri-aktuell\/corona-omikron-variante-auf-dem-vormarsch-id462123.html#primaryimage","url":"https:\/\/www.rri.ro\/wp-content\/uploads\/2023\/10\/sedinta-guvern-val5-gov-ro.jpg","contentUrl":"https:\/\/www.rri.ro\/wp-content\/uploads\/2023\/10\/sedinta-guvern-val5-gov-ro.jpg","width":640,"height":427},{"@type":"BreadcrumbList","@id":"https:\/\/www.rri.ro\/de\/aktuell\/rri-aktuell\/corona-omikron-variante-auf-dem-vormarsch-id462123.html#breadcrumb","itemListElement":[{"@type":"ListItem","position":1,"name":"Startseite","item":"https:\/\/www.rri.ro\/de"},{"@type":"ListItem","position":2,"name":"Aktuell","item":"https:\/\/www.rri.ro\/de\/aktuell"},{"@type":"ListItem","position":3,"name":"RRI Aktuell","item":"https:\/\/www.rri.ro\/de\/aktuell\/rri-aktuell"},{"@type":"ListItem","position":4,"name":"Corona: Omikron-Variante auf dem Vormarsch"}]},{"@type":"WebSite","@id":"https:\/\/www.rri.ro\/#website","url":"https:\/\/www.rri.ro\/","name":"Radio Rum\u00e4nien International","description":"Totul despre Rom\u00e2nia \u015fi rom\u00e2ni, \u00een 13 limbi\/dialecte!","inLanguage":"de"},{"@type":"Person","@id":"https:\/\/www.rri.ro\/#\/schema\/person\/5d5d5bd8eec0e962a50aaf3b0f6919c4","name":"Eugen Coroianu","url":"https:\/\/www.rri.ro\/de\/author\/eugen-coroianu"}]}},"_links":{"self":[{"href":"https:\/\/www.rri.ro\/de\/wp-json\/wp\/v2\/posts\/462123","targetHints":{"allow":["GET"]}}],"collection":[{"href":"https:\/\/www.rri.ro\/de\/wp-json\/wp\/v2\/posts"}],"about":[{"href":"https:\/\/www.rri.ro\/de\/wp-json\/wp\/v2\/types\/post"}],"author":[{"embeddable":true,"href":"https:\/\/www.rri.ro\/de\/wp-json\/wp\/v2\/users\/104"}],"replies":[{"embeddable":true,"href":"https:\/\/www.rri.ro\/de\/wp-json\/wp\/v2\/comments?post=462123"}],"version-history":[{"count":0,"href":"https:\/\/www.rri.ro\/de\/wp-json\/wp\/v2\/posts\/462123\/revisions"}],"wp:featuredmedia":[{"embeddable":true,"href":"https:\/\/www.rri.ro\/de\/wp-json\/wp\/v2\/media\/90788"}],"wp:attachment":[{"href":"https:\/\/www.rri.ro\/de\/wp-json\/wp\/v2\/media?parent=462123"}],"wp:term":[{"taxonomy":"category","embeddable":true,"href":"https:\/\/www.rri.ro\/de\/wp-json\/wp\/v2\/categories?post=462123"},{"taxonomy":"post_tag","embeddable":true,"href":"https:\/\/www.rri.ro\/de\/wp-json\/wp\/v2\/tags?post=462123"},{"taxonomy":"author","embeddable":true,"href":"https:\/\/www.rri.ro\/de\/wp-json\/wp\/v2\/coauthors?post=462123"}],"curies":[{"name":"wp","href":"https:\/\/api.w.org\/{rel}","templated":true}]}}