{"id":462248,"date":"2022-03-29T13:33:00","date_gmt":"2022-03-29T10:33:00","guid":{"rendered":"http:\/\/devrri.freshlemon.ro\/aktuell\/suedosteuropa-strebt-bessere-politische-koordinierung-an-id462248.html"},"modified":"2024-02-19T21:12:42","modified_gmt":"2024-02-19T19:12:42","slug":"suedosteuropa-strebt-bessere-politische-koordinierung-an","status":"publish","type":"post","link":"https:\/\/www.rri.ro\/de\/aktuell\/rri-aktuell\/suedosteuropa-strebt-bessere-politische-koordinierung-an-id462248.html","title":{"rendered":"S\u00fcdosteuropa strebt bessere politische Koordinierung an"},"content":{"rendered":"<p align=center>\n<p>&#13;<br \/>\n&#13;<\/p>\n<p>Kurz nach dem au\u200e\u00dferordentlichen NATO-Gipfel in der vergangenen Woche in Br\u00fcssel kamen die Regierungschefs der s\u00fcdosteurop\u00e4ischen Verb\u00fcndeten am Montag in Sofia zusammen. Im Mittelpunkt stand die von dem russischen Angriffskrieg gegen die Ukraine geschaffene Situation. Die Premierminister Rum\u00e4niens, Bulgariens, Nordmazedoniens und Montenegros er\u00f6rterten, wie sich die russische Invasion kurz-, mittel- und langfristig auf die regionale Sicherheit auswirken wird und wie die Koordinierung und Zusammenarbeit in S\u00fcdosteuropa verst\u00e4rkt werden kann.<\/p>\n<p>&#13;<br \/>\n&#13;<\/p>\n<p>&#13;<br \/>\n&#13;<\/p>\n<p>&#13;<br \/>\n&#13;<\/p>\n<p>Die Entscheidung Moskaus, einen Krieg gegen die Ukraine zu beginnen, hat das Sicherheitsklima in der Schwarzmeerregion und in S\u00fcdosteuropa ernsthaft beeintr\u00e4chtigt\u201c, sagte der rum\u00e4nische Premierminister Nicolae Ciuc\u0103. Wir ben\u00f6tigen eine st\u00e4rkere Verteidigung f\u00fcr eine wirksamere Abschreckung, aber auch eine widerstandsf\u00e4higere Gesellschaft und Infrastruktur f\u00fcr mehr Sicherheit. Wir haben die b\u00f6swillige Haltung und den Einfluss Russlands in der Region zur Kenntnis genommen und uns entschlossen, ihr durch die Erh\u00f6hung der Widerstandsf\u00e4higkeit entgegenzutreten. Das bedeutet, dass wir unsere Energieabh\u00e4ngigkeit von Russland verringern, falsche russische Narrative bek\u00e4mpfen, den Cyberschutz verst\u00e4rken und den Handel zwischen unseren Staaten intensivieren m\u00fcssen\u201c, sagte der Premierminister: Wir betrachten Russland als die gr\u00f6\u200e\u00dfte Bedrohung f\u00fcr die Sicherheit unseres Raums, und deshalb m\u00fcssen wir sowohl bei der Infrastruktur als auch bei der St\u00e4rkung der Cyberabwehr wirksam zusammenarbeiten. Wir haben beschlossen, unseren Einfluss in der Region zu vergr\u00f6\u200e\u00dfern, unsere Energieabh\u00e4ngigkeit von Russland zu verringern und unsere Energieunabh\u00e4ngigkeit zu erh\u00f6hen\u201c. <\/p>\n<p>&#13;<br \/>\n&#13;<\/p>\n<p>&#13;<br \/>\n&#13;<\/p>\n<p>&#13;<br \/>\n&#13;<\/p>\n<p>Es wurde auch \u00fcber die Truppen, die zur Aufstellung von zwei NATO-Kampfgruppen auf rum\u00e4nischem und bulgarischem Hoheitsgebiet erforderlich sind, gesprochen, so wie diese auf dem j\u00fcngsten NATO-Gipfel vereinbart wurden.  Ein anderes Thema stellte die Gew\u00e4hrleistung der Ern\u00e4hrungssicherheit in der Region dar, da Russland und die Ukraine wichtige Getreideproduzenten und -exporteure sind. Die vier Ministerpr\u00e4sidenten vereinbarten ein Treffen der Landwirtschaftsminister ihrer L\u00e4nder, um eine gemeinsame Zusammenarbeitspolitik anzusto\u200e\u00dfen.<\/p>\n<p>&#13;<br \/>\n&#13;<\/p>\n<p>&#13;<br \/>\n&#13;<\/p>\n<p>&#13;<br \/>\n&#13;<\/p>\n<p>Ministerpr\u00e4sident Nicolae Ciuc\u0103 dankte der Regierung in Sofia f\u00fcr ihr Engagement zur Fertigstellung der Erdgasverbindungsleitung Bulgarien-Griechenland: Wir haben Garantien erhalten, dass alle diese Arbeiten in diesem Sommer, im Juni, abgeschlossen sein werden. Dann werden Tests folgen, sodass wir im Herbst dieses Jahres vom Transit von Fl\u00fcssiggas profitieren k\u00f6nnen, das in den Hafen von Alexandroupolis in Griechenland geliefert werden kann.\u201c<\/p>\n<p>&#13;<br \/>\n&#13;<\/p>\n<p>&#13;<br \/>\n&#13;<\/p>\n<p>&#13;<br \/>\n&#13;<\/p>\n<p>In Sofia erinnerte Premierminister Nicolae Ciuc\u0103 auch daran, dass Rum\u00e4nien, Bulgarien, Montenegro und Nordmazedonien auf eine lange Tradition der regionalen Zusammenarbeit zur\u00fcckblicken k\u00f6nnen. Auf diese k\u00f6nnen sie sich nun st\u00fctzen, um eine solide Antwort auf die Sicherheitsprobleme in der Region zu geben.<\/p>\n<p>&#13;<\/p>\n","protected":false},"excerpt":{"rendered":"<p>Die Regierungschefs der s\u00fcdosteurop\u00e4ischen NATO-Staaten kamen am Montag in der bulgarischen Hauptstadt Sofia zusammen.<\/p>\n","protected":false},"author":108,"featured_media":204547,"comment_status":"closed","ping_status":"closed","sticky":false,"template":"","format":"standard","meta":{"_acf_changed":false,"footnotes":""},"categories":[99583],"tags":[99778,147798,104082,102005,157078,137227,105484,99589,99824,32953,134268],"coauthors":[],"class_list":["post-462248","post","type-post","status-publish","format-standard","has-post-thumbnail","hentry","category-rri-aktuell","tag-bulgarien","tag-energie-de","tag-ernaehrung","tag-krieg","tag-montenegro-de","tag-nato-de","tag-nordmazedonien","tag-rumaenien","tag-russland","tag-sofia","tag-ukraine-de"],"acf":[],"yoast_head":"<!-- This site is optimized with the Yoast SEO plugin v27.5 - https:\/\/yoast.com\/product\/yoast-seo-wordpress\/ -->\n<title>S\u00fcdosteuropa strebt bessere politische Koordinierung an - Radio Rum\u00e4nien International<\/title>\n<meta name=\"robots\" content=\"index, follow, max-snippet:-1, max-image-preview:large, max-video-preview:-1\" \/>\n<link rel=\"canonical\" href=\"https:\/\/www.rri.ro\/de\/aktuell\/rri-aktuell\/suedosteuropa-strebt-bessere-politische-koordinierung-an-id462248.html\" \/>\n<meta property=\"og:locale\" content=\"de_DE\" \/>\n<meta property=\"og:type\" content=\"article\" \/>\n<meta property=\"og:title\" content=\"S\u00fcdosteuropa strebt bessere politische Koordinierung an - Radio Rum\u00e4nien International\" \/>\n<meta property=\"og:description\" content=\"Die Regierungschefs der s\u00fcdosteurop\u00e4ischen NATO-Staaten kamen am Montag in der bulgarischen Hauptstadt Sofia zusammen.\" \/>\n<meta property=\"og:url\" content=\"https:\/\/www.rri.ro\/de\/aktuell\/rri-aktuell\/suedosteuropa-strebt-bessere-politische-koordinierung-an-id462248.html\" \/>\n<meta property=\"og:site_name\" content=\"Radio Rum\u00e4nien International\" \/>\n<meta property=\"article:published_time\" content=\"2022-03-29T10:33:00+00:00\" \/>\n<meta property=\"article:modified_time\" content=\"2024-02-19T19:12:42+00:00\" \/>\n<meta property=\"og:image\" content=\"https:\/\/www.rri.ro\/wp-content\/uploads\/2023\/10\/nicolae-ciuca-in-bulgaria-nato-sud-estul-europei-foto-gov.png\" \/>\n\t<meta property=\"og:image:width\" content=\"640\" \/>\n\t<meta property=\"og:image:height\" content=\"360\" \/>\n\t<meta property=\"og:image:type\" content=\"image\/png\" \/>\n<meta name=\"author\" content=\"Corina Cristea\" \/>\n<meta name=\"twitter:card\" content=\"summary_large_image\" \/>\n<meta name=\"twitter:label1\" content=\"Verfasst von\" \/>\n\t<meta name=\"twitter:data1\" content=\"Corina Cristea\" \/>\n\t<meta name=\"twitter:label2\" content=\"Gesch\u00e4tzte Lesezeit\" \/>\n\t<meta name=\"twitter:data2\" content=\"2\u00a0Minuten\" \/>\n\t<meta name=\"twitter:label3\" content=\"Written by\" \/>\n\t<meta name=\"twitter:data3\" content=\"Corina Cristea\" \/>\n<script type=\"application\/ld+json\" class=\"yoast-schema-graph\">{\"@context\":\"https:\\\/\\\/schema.org\",\"@graph\":[{\"@type\":\"Article\",\"@id\":\"https:\\\/\\\/www.rri.ro\\\/de\\\/aktuell\\\/rri-aktuell\\\/suedosteuropa-strebt-bessere-politische-koordinierung-an-id462248.html#article\",\"isPartOf\":{\"@id\":\"https:\\\/\\\/www.rri.ro\\\/de\\\/aktuell\\\/rri-aktuell\\\/suedosteuropa-strebt-bessere-politische-koordinierung-an-id462248.html\"},\"author\":{\"name\":\"Corina Cristea\",\"@id\":\"https:\\\/\\\/www.rri.ro\\\/#\\\/schema\\\/person\\\/f9ab1cb3569dee1b2c033a814bb7f0fc\"},\"headline\":\"S\u00fcdosteuropa strebt bessere politische Koordinierung an\",\"datePublished\":\"2022-03-29T10:33:00+00:00\",\"dateModified\":\"2024-02-19T19:12:42+00:00\",\"mainEntityOfPage\":{\"@id\":\"https:\\\/\\\/www.rri.ro\\\/de\\\/aktuell\\\/rri-aktuell\\\/suedosteuropa-strebt-bessere-politische-koordinierung-an-id462248.html\"},\"wordCount\":439,\"image\":{\"@id\":\"https:\\\/\\\/www.rri.ro\\\/de\\\/aktuell\\\/rri-aktuell\\\/suedosteuropa-strebt-bessere-politische-koordinierung-an-id462248.html#primaryimage\"},\"thumbnailUrl\":\"https:\\\/\\\/www.rri.ro\\\/wp-content\\\/uploads\\\/2023\\\/10\\\/nicolae-ciuca-in-bulgaria-nato-sud-estul-europei-foto-gov.png\",\"keywords\":[\"Bulgarien\",\"energie\",\"Ern\u00e4hrung\",\"Krieg\",\"Montenegro\",\"NATO\",\"Nordmazedonien\",\"Rum\u00e4nien\",\"Russland\",\"Sofia\",\"Ukraine\"],\"articleSection\":[\"RRI Aktuell\"],\"inLanguage\":\"de\"},{\"@type\":\"WebPage\",\"@id\":\"https:\\\/\\\/www.rri.ro\\\/de\\\/aktuell\\\/rri-aktuell\\\/suedosteuropa-strebt-bessere-politische-koordinierung-an-id462248.html\",\"url\":\"https:\\\/\\\/www.rri.ro\\\/de\\\/aktuell\\\/rri-aktuell\\\/suedosteuropa-strebt-bessere-politische-koordinierung-an-id462248.html\",\"name\":\"S\u00fcdosteuropa strebt bessere politische Koordinierung an - Radio Rum\u00e4nien International\",\"isPartOf\":{\"@id\":\"https:\\\/\\\/www.rri.ro\\\/#website\"},\"primaryImageOfPage\":{\"@id\":\"https:\\\/\\\/www.rri.ro\\\/de\\\/aktuell\\\/rri-aktuell\\\/suedosteuropa-strebt-bessere-politische-koordinierung-an-id462248.html#primaryimage\"},\"image\":{\"@id\":\"https:\\\/\\\/www.rri.ro\\\/de\\\/aktuell\\\/rri-aktuell\\\/suedosteuropa-strebt-bessere-politische-koordinierung-an-id462248.html#primaryimage\"},\"thumbnailUrl\":\"https:\\\/\\\/www.rri.ro\\\/wp-content\\\/uploads\\\/2023\\\/10\\\/nicolae-ciuca-in-bulgaria-nato-sud-estul-europei-foto-gov.png\",\"datePublished\":\"2022-03-29T10:33:00+00:00\",\"dateModified\":\"2024-02-19T19:12:42+00:00\",\"author\":{\"@id\":\"https:\\\/\\\/www.rri.ro\\\/#\\\/schema\\\/person\\\/f9ab1cb3569dee1b2c033a814bb7f0fc\"},\"breadcrumb\":{\"@id\":\"https:\\\/\\\/www.rri.ro\\\/de\\\/aktuell\\\/rri-aktuell\\\/suedosteuropa-strebt-bessere-politische-koordinierung-an-id462248.html#breadcrumb\"},\"inLanguage\":\"de\",\"potentialAction\":[{\"@type\":\"ReadAction\",\"target\":[\"https:\\\/\\\/www.rri.ro\\\/de\\\/aktuell\\\/rri-aktuell\\\/suedosteuropa-strebt-bessere-politische-koordinierung-an-id462248.html\"]}]},{\"@type\":\"ImageObject\",\"inLanguage\":\"de\",\"@id\":\"https:\\\/\\\/www.rri.ro\\\/de\\\/aktuell\\\/rri-aktuell\\\/suedosteuropa-strebt-bessere-politische-koordinierung-an-id462248.html#primaryimage\",\"url\":\"https:\\\/\\\/www.rri.ro\\\/wp-content\\\/uploads\\\/2023\\\/10\\\/nicolae-ciuca-in-bulgaria-nato-sud-estul-europei-foto-gov.png\",\"contentUrl\":\"https:\\\/\\\/www.rri.ro\\\/wp-content\\\/uploads\\\/2023\\\/10\\\/nicolae-ciuca-in-bulgaria-nato-sud-estul-europei-foto-gov.png\",\"width\":640,\"height\":360},{\"@type\":\"BreadcrumbList\",\"@id\":\"https:\\\/\\\/www.rri.ro\\\/de\\\/aktuell\\\/rri-aktuell\\\/suedosteuropa-strebt-bessere-politische-koordinierung-an-id462248.html#breadcrumb\",\"itemListElement\":[{\"@type\":\"ListItem\",\"position\":1,\"name\":\"Startseite\",\"item\":\"https:\\\/\\\/www.rri.ro\\\/de\"},{\"@type\":\"ListItem\",\"position\":2,\"name\":\"Aktuell\",\"item\":\"https:\\\/\\\/www.rri.ro\\\/de\\\/aktuell\"},{\"@type\":\"ListItem\",\"position\":3,\"name\":\"RRI Aktuell\",\"item\":\"https:\\\/\\\/www.rri.ro\\\/de\\\/aktuell\\\/rri-aktuell\"},{\"@type\":\"ListItem\",\"position\":4,\"name\":\"S\u00fcdosteuropa strebt bessere politische Koordinierung an\"}]},{\"@type\":\"WebSite\",\"@id\":\"https:\\\/\\\/www.rri.ro\\\/#website\",\"url\":\"https:\\\/\\\/www.rri.ro\\\/\",\"name\":\"Radio Rum\u00e4nien International\",\"description\":\"Totul despre Rom\u00e2nia \u015fi rom\u00e2ni, \u00een 13 limbi\\\/dialecte!\",\"inLanguage\":\"de\"},{\"@type\":\"Person\",\"@id\":\"https:\\\/\\\/www.rri.ro\\\/#\\\/schema\\\/person\\\/f9ab1cb3569dee1b2c033a814bb7f0fc\",\"name\":\"Corina Cristea\",\"url\":\"https:\\\/\\\/www.rri.ro\\\/de\\\/author\\\/corina-cristea\"}]}<\/script>\n<!-- \/ Yoast SEO plugin. -->","yoast_head_json":{"title":"S\u00fcdosteuropa strebt bessere politische Koordinierung an - Radio Rum\u00e4nien International","robots":{"index":"index","follow":"follow","max-snippet":"max-snippet:-1","max-image-preview":"max-image-preview:large","max-video-preview":"max-video-preview:-1"},"canonical":"https:\/\/www.rri.ro\/de\/aktuell\/rri-aktuell\/suedosteuropa-strebt-bessere-politische-koordinierung-an-id462248.html","og_locale":"de_DE","og_type":"article","og_title":"S\u00fcdosteuropa strebt bessere politische Koordinierung an - Radio Rum\u00e4nien International","og_description":"Die Regierungschefs der s\u00fcdosteurop\u00e4ischen NATO-Staaten kamen am Montag in der bulgarischen Hauptstadt Sofia zusammen.","og_url":"https:\/\/www.rri.ro\/de\/aktuell\/rri-aktuell\/suedosteuropa-strebt-bessere-politische-koordinierung-an-id462248.html","og_site_name":"Radio Rum\u00e4nien International","article_published_time":"2022-03-29T10:33:00+00:00","article_modified_time":"2024-02-19T19:12:42+00:00","og_image":[{"width":640,"height":360,"url":"https:\/\/www.rri.ro\/wp-content\/uploads\/2023\/10\/nicolae-ciuca-in-bulgaria-nato-sud-estul-europei-foto-gov.png","type":"image\/png"}],"author":"Corina Cristea","twitter_card":"summary_large_image","twitter_misc":{"Verfasst von":"Corina Cristea","Gesch\u00e4tzte Lesezeit":"2\u00a0Minuten","Written by":"Corina Cristea"},"schema":{"@context":"https:\/\/schema.org","@graph":[{"@type":"Article","@id":"https:\/\/www.rri.ro\/de\/aktuell\/rri-aktuell\/suedosteuropa-strebt-bessere-politische-koordinierung-an-id462248.html#article","isPartOf":{"@id":"https:\/\/www.rri.ro\/de\/aktuell\/rri-aktuell\/suedosteuropa-strebt-bessere-politische-koordinierung-an-id462248.html"},"author":{"name":"Corina Cristea","@id":"https:\/\/www.rri.ro\/#\/schema\/person\/f9ab1cb3569dee1b2c033a814bb7f0fc"},"headline":"S\u00fcdosteuropa strebt bessere politische Koordinierung an","datePublished":"2022-03-29T10:33:00+00:00","dateModified":"2024-02-19T19:12:42+00:00","mainEntityOfPage":{"@id":"https:\/\/www.rri.ro\/de\/aktuell\/rri-aktuell\/suedosteuropa-strebt-bessere-politische-koordinierung-an-id462248.html"},"wordCount":439,"image":{"@id":"https:\/\/www.rri.ro\/de\/aktuell\/rri-aktuell\/suedosteuropa-strebt-bessere-politische-koordinierung-an-id462248.html#primaryimage"},"thumbnailUrl":"https:\/\/www.rri.ro\/wp-content\/uploads\/2023\/10\/nicolae-ciuca-in-bulgaria-nato-sud-estul-europei-foto-gov.png","keywords":["Bulgarien","energie","Ern\u00e4hrung","Krieg","Montenegro","NATO","Nordmazedonien","Rum\u00e4nien","Russland","Sofia","Ukraine"],"articleSection":["RRI Aktuell"],"inLanguage":"de"},{"@type":"WebPage","@id":"https:\/\/www.rri.ro\/de\/aktuell\/rri-aktuell\/suedosteuropa-strebt-bessere-politische-koordinierung-an-id462248.html","url":"https:\/\/www.rri.ro\/de\/aktuell\/rri-aktuell\/suedosteuropa-strebt-bessere-politische-koordinierung-an-id462248.html","name":"S\u00fcdosteuropa strebt bessere politische Koordinierung an - Radio Rum\u00e4nien International","isPartOf":{"@id":"https:\/\/www.rri.ro\/#website"},"primaryImageOfPage":{"@id":"https:\/\/www.rri.ro\/de\/aktuell\/rri-aktuell\/suedosteuropa-strebt-bessere-politische-koordinierung-an-id462248.html#primaryimage"},"image":{"@id":"https:\/\/www.rri.ro\/de\/aktuell\/rri-aktuell\/suedosteuropa-strebt-bessere-politische-koordinierung-an-id462248.html#primaryimage"},"thumbnailUrl":"https:\/\/www.rri.ro\/wp-content\/uploads\/2023\/10\/nicolae-ciuca-in-bulgaria-nato-sud-estul-europei-foto-gov.png","datePublished":"2022-03-29T10:33:00+00:00","dateModified":"2024-02-19T19:12:42+00:00","author":{"@id":"https:\/\/www.rri.ro\/#\/schema\/person\/f9ab1cb3569dee1b2c033a814bb7f0fc"},"breadcrumb":{"@id":"https:\/\/www.rri.ro\/de\/aktuell\/rri-aktuell\/suedosteuropa-strebt-bessere-politische-koordinierung-an-id462248.html#breadcrumb"},"inLanguage":"de","potentialAction":[{"@type":"ReadAction","target":["https:\/\/www.rri.ro\/de\/aktuell\/rri-aktuell\/suedosteuropa-strebt-bessere-politische-koordinierung-an-id462248.html"]}]},{"@type":"ImageObject","inLanguage":"de","@id":"https:\/\/www.rri.ro\/de\/aktuell\/rri-aktuell\/suedosteuropa-strebt-bessere-politische-koordinierung-an-id462248.html#primaryimage","url":"https:\/\/www.rri.ro\/wp-content\/uploads\/2023\/10\/nicolae-ciuca-in-bulgaria-nato-sud-estul-europei-foto-gov.png","contentUrl":"https:\/\/www.rri.ro\/wp-content\/uploads\/2023\/10\/nicolae-ciuca-in-bulgaria-nato-sud-estul-europei-foto-gov.png","width":640,"height":360},{"@type":"BreadcrumbList","@id":"https:\/\/www.rri.ro\/de\/aktuell\/rri-aktuell\/suedosteuropa-strebt-bessere-politische-koordinierung-an-id462248.html#breadcrumb","itemListElement":[{"@type":"ListItem","position":1,"name":"Startseite","item":"https:\/\/www.rri.ro\/de"},{"@type":"ListItem","position":2,"name":"Aktuell","item":"https:\/\/www.rri.ro\/de\/aktuell"},{"@type":"ListItem","position":3,"name":"RRI Aktuell","item":"https:\/\/www.rri.ro\/de\/aktuell\/rri-aktuell"},{"@type":"ListItem","position":4,"name":"S\u00fcdosteuropa strebt bessere politische Koordinierung an"}]},{"@type":"WebSite","@id":"https:\/\/www.rri.ro\/#website","url":"https:\/\/www.rri.ro\/","name":"Radio Rum\u00e4nien International","description":"Totul despre Rom\u00e2nia \u015fi rom\u00e2ni, \u00een 13 limbi\/dialecte!","inLanguage":"de"},{"@type":"Person","@id":"https:\/\/www.rri.ro\/#\/schema\/person\/f9ab1cb3569dee1b2c033a814bb7f0fc","name":"Corina Cristea","url":"https:\/\/www.rri.ro\/de\/author\/corina-cristea"}]}},"_links":{"self":[{"href":"https:\/\/www.rri.ro\/de\/wp-json\/wp\/v2\/posts\/462248","targetHints":{"allow":["GET"]}}],"collection":[{"href":"https:\/\/www.rri.ro\/de\/wp-json\/wp\/v2\/posts"}],"about":[{"href":"https:\/\/www.rri.ro\/de\/wp-json\/wp\/v2\/types\/post"}],"author":[{"embeddable":true,"href":"https:\/\/www.rri.ro\/de\/wp-json\/wp\/v2\/users\/108"}],"replies":[{"embeddable":true,"href":"https:\/\/www.rri.ro\/de\/wp-json\/wp\/v2\/comments?post=462248"}],"version-history":[{"count":0,"href":"https:\/\/www.rri.ro\/de\/wp-json\/wp\/v2\/posts\/462248\/revisions"}],"wp:featuredmedia":[{"embeddable":true,"href":"https:\/\/www.rri.ro\/de\/wp-json\/wp\/v2\/media\/204547"}],"wp:attachment":[{"href":"https:\/\/www.rri.ro\/de\/wp-json\/wp\/v2\/media?parent=462248"}],"wp:term":[{"taxonomy":"category","embeddable":true,"href":"https:\/\/www.rri.ro\/de\/wp-json\/wp\/v2\/categories?post=462248"},{"taxonomy":"post_tag","embeddable":true,"href":"https:\/\/www.rri.ro\/de\/wp-json\/wp\/v2\/tags?post=462248"},{"taxonomy":"author","embeddable":true,"href":"https:\/\/www.rri.ro\/de\/wp-json\/wp\/v2\/coauthors?post=462248"}],"curies":[{"name":"wp","href":"https:\/\/api.w.org\/{rel}","templated":true}]}}