{"id":462254,"date":"2022-04-05T15:09:00","date_gmt":"2022-04-05T12:09:00","guid":{"rendered":"http:\/\/devrri.freshlemon.ro\/aktuell\/ukraine-fluechtlingswelle-reisst-nicht-ab-id462254.html"},"modified":"2024-02-19T21:12:46","modified_gmt":"2024-02-19T19:12:46","slug":"ukraine-fluechtlingswelle-reisst-nicht-ab","status":"publish","type":"post","link":"https:\/\/www.rri.ro\/de\/aktuell\/rri-aktuell\/ukraine-fluechtlingswelle-reisst-nicht-ab-id462254.html","title":{"rendered":"Ukraine: Fl\u00fcchtlingswelle rei\u00dft nicht ab"},"content":{"rendered":"<\/p>\n<p>&#13;<br \/>\n<iframe width=100% height=20 scrolling=no frameborder=no allow=autoplay src=https:\/\/w.soundcloud.com\/player\/?url=https%3A\/\/api.soundcloud.com\/tracks\/1244635654&#038;color=%2300b7f1&#038;inverse=false&#038;auto_play=false&#038;show_user=true><\/iframe><\/p>\n<div style=font-size: 10px; color: #cccccc;line-break: anywhere;word-break: normal;overflow: hidden;white-space: nowrap;text-overflow: ellipsis; font-family: Interstate,Lucida Grande,Lucida Sans Unicode,Lucida Sans,Garuda,Verdana,Tahoma,sans-serif;font-weight: 100;><a href=\"https:\/\/soundcloud.com\/radioromaniainternational\" title=\"RadioRomaniaInternational\" target=\"_blank\" style=\"color:\" text-decoration: rel=\"noopener\">RadioRomaniaInternational<\/a> \u00b7 <a href=\"https:\/\/soundcloud.com\/radioromaniainternational\/ukraine-fluchtlingswelle-reist-nicht-ab\" title=\"Ukraine:\" nicht ab target=\"_blank\" style=\"color:\" text-decoration: rel=\"noopener\">Ukraine: Fl\u00fcchtlingswelle rei\u00dft nicht ab<\/a><\/div>\n<p>&#13;<\/p>\n<p>&#13;<br \/>\n&#13;<\/p>\n<p>&#13;<br \/>\n&#13;<\/p>\n<p align=justify>Knapp 10% der ukrainischen Bev\u00f6lkerung haben das Land seit dem Angriff der russischen Truppen am 24. Februar verlassen. Insgesamt 4 Millionen Menschen sind vor Tod und Zerst\u00f6rung vor allem in Nachbarl\u00e4nder der Ukraine geflohen. Die meisten Fl\u00fcchtlinge w\u00e4hlten die westliche Route, etwa 2,4 Mio. Ukrainer sind nun vor\u00fcbergehend oder dauerhaft in Polen angekommen. Doch weitere hunderttausende Fl\u00fcchtende haben einen sicheren Hort auch in anderen Nachbarl\u00e4ndern der Ukraine gesucht, n\u00e4mlich in Rum\u00e4nien, der Moldaurepublik und in Ungarn. Filippo Grandi, UN-Diplomat und Hoher Fl\u00fcchtlingskommissar der Vereinten Nationen, beschrieb den Exodus der Ukrainer (allen voran Frauen und Kinder) als die schlimmste und rasanteste Fl\u00fcchtlingskrise in Europa nach dem Zweiten Weltkrieg\u201c. Der Krieg in der Ukraine sei so verheerend, dass sich insgesamt etwa 10 Mio. Menschen in Bewegung gesetzt haben und entweder in andere Landesteile umsiedeln oder ins Ausland fl\u00fcchten mussten, sagte noch der Diplomat.<\/p>\n<p>&#13;<br \/>\n&#13;<\/p>\n<p align=justify>&#13;\n <\/p>\n<p>&#13;<br \/>\n&#13;<\/p>\n<p align=justify>In Bukarest traf sich Premierminister Nicolae Ciuc\u0103 am Montag mit Linda Thomas-Greenfield, der US-Botschafterin bei der UNO. Vor dem Hintergrund der russischen Aggression stand auf der Gespr\u00e4chsagenda vorrangig die Situation der Fl\u00fcchtlinge aus der Ukraine. Der rum\u00e4nische Premierminister stellte die aktuelle Sicherheitslage in der Region vor und er\u00f6rterte auch die Perspektive eines lang anhaltenden Kriegs in der Ukraine, eine Situation, die alle Nachbarl\u00e4nder erheblich unter Druck setzen w\u00fcrde. Rum\u00e4nien sei auf ein solches Szenario zwar vorbereitet, doch gleichzeitig sei eine Kooperation mit internationalen humanit\u00e4ren Organisationen wie dem UN-Fl\u00fcchtlingshilfswerk (UNHCR) unabdingbar, um die Krise in den Griff zu bekommen. Ciuc\u0103 lobte in diesem Zusammenhang den Einsatz der rum\u00e4nischen Zivilgesellschaft und vieler freiwilliger Helfer, die sich beispielhaft f\u00fcr die Aufnahme und Unterbringung der ankommenden Fl\u00fcchtlinge eingesetzt haben. Rum\u00e4nien unterst\u00fctze gleichzeitig auch die benachbarte Moldaurepublik, die die humanit\u00e4re Krise mit weitaus weniger Ressourcen meistern muss.<\/p>\n<p>&#13;<br \/>\n&#13;<\/p>\n<p align=justify>&#13;\n <\/p>\n<p>&#13;<br \/>\n&#13;<\/p>\n<p align=justify>Die US-Diplomatin bedankte sich f\u00fcr den engagierten Einsatz der rum\u00e4nischen Beh\u00f6rden und w\u00fcrdigte die Offenherzigkeit der rum\u00e4nischen Bev\u00f6lkerung in der Aufnahme von Fl\u00fcchtlingen aus dem leidgepr\u00fcften Nachbarland. Linda Thomas-Greenfield berichtete auch, dass Russland im UN-Sicherheitsrat isoliert\u201c sei, und bezeichnete die Teilnahme Russlands am UN-Menschenrechtsrat als eine Farce\u201c. Es sei an der Zeit, dass die UN-Generalversammlung die Mitgliedschaft Russlands suspendiere, so die amerikanische Diplomatin. Zuvor hatte US-Pr\u00e4sident Joe Biden ein internationales Strafverfahren gegen den russischen Pr\u00e4sidenten Wladimir Putin gefordert, den er einen Kriegsverbrecher\u201c nannte.<\/p>\n<p>&#13;<br \/>\n&#13;<\/p>\n<p align=justify>&#13;\n <\/p>\n<p>&#13;<br \/>\n&#13;<\/p>\n<p align=justify>Die EU-Kommission hat indessen den europ\u00e4ischen Banken empfohlen, in L\u00e4ndern, die Fl\u00fcchtlinge aufnehmen, eine freie Konversion der ukrainischen W\u00e4hrung Hrywnja (UAH) zu erm\u00f6glichen. Somit soll auch dem Land geholfen werden, denn die Nationalbank der Ukraine hat angesichts des Kriegs den freien Umtausch von Hrywnja gegen Devisen unterbunden, um die ohnehin begrenzten Devisenreserven des Landes zu sch\u00fctzen.<\/p>\n<p>&#13;<\/p>\n","protected":false},"excerpt":{"rendered":"<p>In Rum\u00e4nien kommen nach wir vor Gefl\u00fcchtete aus dem Nachbarland an. Auch die Moldaurepublik ger\u00e4t zunehmend unter Druck. Die gesamte Region ist auf internationale Kooperation angewiesen, um die Fl\u00fcchtlingskrise zu bew\u00e4ltigen.<\/p>\n","protected":false},"author":106,"featured_media":91747,"comment_status":"closed","ping_status":"closed","sticky":false,"template":"","format":"standard","meta":{"_acf_changed":false,"footnotes":""},"categories":[99583],"tags":[100841,99617,40477,102829,105489,105491,102005,40513,99678,127106,99589,105490,134268,36611,155400],"coauthors":[],"class_list":["post-462254","post","type-post","status-publish","format-standard","has-post-thumbnail","hentry","category-rri-aktuell","tag-devisen","tag-eu-kommission","tag-filippo-grandi","tag-fluechtlingskrise","tag-hrywnja","tag-konversion","tag-krieg","tag-linda-thomas-greenfield","tag-moldaurepublik","tag-nicolae-ciuca-de","tag-rumaenien","tag-uah","tag-ukraine-de","tag-unhcr","tag-uno-de"],"acf":[],"yoast_head":"<!-- This site is optimized with the Yoast SEO plugin v27.5 - https:\/\/yoast.com\/product\/yoast-seo-wordpress\/ -->\n<title>Ukraine: Fl\u00fcchtlingswelle rei\u00dft nicht ab - Radio Rum\u00e4nien International<\/title>\n<meta name=\"robots\" content=\"index, follow, max-snippet:-1, max-image-preview:large, max-video-preview:-1\" \/>\n<link rel=\"canonical\" href=\"https:\/\/www.rri.ro\/de\/aktuell\/rri-aktuell\/ukraine-fluechtlingswelle-reisst-nicht-ab-id462254.html\" \/>\n<meta property=\"og:locale\" content=\"de_DE\" \/>\n<meta property=\"og:type\" content=\"article\" \/>\n<meta property=\"og:title\" content=\"Ukraine: Fl\u00fcchtlingswelle rei\u00dft nicht ab - Radio Rum\u00e4nien International\" \/>\n<meta property=\"og:description\" content=\"In Rum\u00e4nien kommen nach wir vor Gefl\u00fcchtete aus dem Nachbarland an. Auch die Moldaurepublik ger\u00e4t zunehmend unter Druck. Die gesamte Region ist auf internationale Kooperation angewiesen, um die Fl\u00fcchtlingskrise zu bew\u00e4ltigen.\" \/>\n<meta property=\"og:url\" content=\"https:\/\/www.rri.ro\/de\/aktuell\/rri-aktuell\/ukraine-fluechtlingswelle-reisst-nicht-ab-id462254.html\" \/>\n<meta property=\"og:site_name\" content=\"Radio Rum\u00e4nien International\" \/>\n<meta property=\"article:published_time\" content=\"2022-04-05T12:09:00+00:00\" \/>\n<meta property=\"article:modified_time\" content=\"2024-02-19T19:12:46+00:00\" \/>\n<meta property=\"og:image\" content=\"https:\/\/www.rri.ro\/wp-content\/uploads\/2023\/10\/vama-frontiera-refugiati-ucraina-foto-politia-de-frontiera.png\" \/>\n\t<meta property=\"og:image:width\" content=\"640\" \/>\n\t<meta property=\"og:image:height\" content=\"384\" \/>\n\t<meta property=\"og:image:type\" content=\"image\/png\" \/>\n<meta name=\"author\" content=\"Mihai Pelin\" \/>\n<meta name=\"twitter:card\" content=\"summary_large_image\" \/>\n<meta name=\"twitter:label1\" content=\"Verfasst von\" \/>\n\t<meta name=\"twitter:data1\" content=\"Mihai Pelin\" \/>\n\t<meta name=\"twitter:label2\" content=\"Gesch\u00e4tzte Lesezeit\" \/>\n\t<meta name=\"twitter:data2\" content=\"2\u00a0Minuten\" \/>\n\t<meta name=\"twitter:label3\" content=\"Written by\" \/>\n\t<meta name=\"twitter:data3\" content=\"Mihai Pelin\" \/>\n<script type=\"application\/ld+json\" class=\"yoast-schema-graph\">{\"@context\":\"https:\\\/\\\/schema.org\",\"@graph\":[{\"@type\":\"Article\",\"@id\":\"https:\\\/\\\/www.rri.ro\\\/de\\\/aktuell\\\/rri-aktuell\\\/ukraine-fluechtlingswelle-reisst-nicht-ab-id462254.html#article\",\"isPartOf\":{\"@id\":\"https:\\\/\\\/www.rri.ro\\\/de\\\/aktuell\\\/rri-aktuell\\\/ukraine-fluechtlingswelle-reisst-nicht-ab-id462254.html\"},\"author\":{\"name\":\"Mihai Pelin\",\"@id\":\"https:\\\/\\\/www.rri.ro\\\/#\\\/schema\\\/person\\\/c6036c822534c855dc3aad41a484f05d\"},\"headline\":\"Ukraine: Fl\u00fcchtlingswelle rei\u00dft nicht ab\",\"datePublished\":\"2022-04-05T12:09:00+00:00\",\"dateModified\":\"2024-02-19T19:12:46+00:00\",\"mainEntityOfPage\":{\"@id\":\"https:\\\/\\\/www.rri.ro\\\/de\\\/aktuell\\\/rri-aktuell\\\/ukraine-fluechtlingswelle-reisst-nicht-ab-id462254.html\"},\"wordCount\":476,\"image\":{\"@id\":\"https:\\\/\\\/www.rri.ro\\\/de\\\/aktuell\\\/rri-aktuell\\\/ukraine-fluechtlingswelle-reisst-nicht-ab-id462254.html#primaryimage\"},\"thumbnailUrl\":\"https:\\\/\\\/www.rri.ro\\\/wp-content\\\/uploads\\\/2023\\\/10\\\/vama-frontiera-refugiati-ucraina-foto-politia-de-frontiera.png\",\"keywords\":[\"Devisen\",\"EU-Kommission\",\"Filippo Grandi\",\"Fl\u00fcchtlingskrise\",\"Hrywnja\",\"Konversion\",\"Krieg\",\"Linda Thomas-Greenfield\",\"Moldaurepublik\",\"Nicolae Ciuca\",\"Rum\u00e4nien\",\"UAH\",\"Ukraine\",\"UNHCR\",\"UNO\"],\"articleSection\":[\"RRI Aktuell\"],\"inLanguage\":\"de\"},{\"@type\":\"WebPage\",\"@id\":\"https:\\\/\\\/www.rri.ro\\\/de\\\/aktuell\\\/rri-aktuell\\\/ukraine-fluechtlingswelle-reisst-nicht-ab-id462254.html\",\"url\":\"https:\\\/\\\/www.rri.ro\\\/de\\\/aktuell\\\/rri-aktuell\\\/ukraine-fluechtlingswelle-reisst-nicht-ab-id462254.html\",\"name\":\"Ukraine: Fl\u00fcchtlingswelle rei\u00dft nicht ab - Radio Rum\u00e4nien International\",\"isPartOf\":{\"@id\":\"https:\\\/\\\/www.rri.ro\\\/#website\"},\"primaryImageOfPage\":{\"@id\":\"https:\\\/\\\/www.rri.ro\\\/de\\\/aktuell\\\/rri-aktuell\\\/ukraine-fluechtlingswelle-reisst-nicht-ab-id462254.html#primaryimage\"},\"image\":{\"@id\":\"https:\\\/\\\/www.rri.ro\\\/de\\\/aktuell\\\/rri-aktuell\\\/ukraine-fluechtlingswelle-reisst-nicht-ab-id462254.html#primaryimage\"},\"thumbnailUrl\":\"https:\\\/\\\/www.rri.ro\\\/wp-content\\\/uploads\\\/2023\\\/10\\\/vama-frontiera-refugiati-ucraina-foto-politia-de-frontiera.png\",\"datePublished\":\"2022-04-05T12:09:00+00:00\",\"dateModified\":\"2024-02-19T19:12:46+00:00\",\"author\":{\"@id\":\"https:\\\/\\\/www.rri.ro\\\/#\\\/schema\\\/person\\\/c6036c822534c855dc3aad41a484f05d\"},\"breadcrumb\":{\"@id\":\"https:\\\/\\\/www.rri.ro\\\/de\\\/aktuell\\\/rri-aktuell\\\/ukraine-fluechtlingswelle-reisst-nicht-ab-id462254.html#breadcrumb\"},\"inLanguage\":\"de\",\"potentialAction\":[{\"@type\":\"ReadAction\",\"target\":[\"https:\\\/\\\/www.rri.ro\\\/de\\\/aktuell\\\/rri-aktuell\\\/ukraine-fluechtlingswelle-reisst-nicht-ab-id462254.html\"]}]},{\"@type\":\"ImageObject\",\"inLanguage\":\"de\",\"@id\":\"https:\\\/\\\/www.rri.ro\\\/de\\\/aktuell\\\/rri-aktuell\\\/ukraine-fluechtlingswelle-reisst-nicht-ab-id462254.html#primaryimage\",\"url\":\"https:\\\/\\\/www.rri.ro\\\/wp-content\\\/uploads\\\/2023\\\/10\\\/vama-frontiera-refugiati-ucraina-foto-politia-de-frontiera.png\",\"contentUrl\":\"https:\\\/\\\/www.rri.ro\\\/wp-content\\\/uploads\\\/2023\\\/10\\\/vama-frontiera-refugiati-ucraina-foto-politia-de-frontiera.png\",\"width\":640,\"height\":384},{\"@type\":\"BreadcrumbList\",\"@id\":\"https:\\\/\\\/www.rri.ro\\\/de\\\/aktuell\\\/rri-aktuell\\\/ukraine-fluechtlingswelle-reisst-nicht-ab-id462254.html#breadcrumb\",\"itemListElement\":[{\"@type\":\"ListItem\",\"position\":1,\"name\":\"Startseite\",\"item\":\"https:\\\/\\\/www.rri.ro\\\/de\"},{\"@type\":\"ListItem\",\"position\":2,\"name\":\"Aktuell\",\"item\":\"https:\\\/\\\/www.rri.ro\\\/de\\\/aktuell\"},{\"@type\":\"ListItem\",\"position\":3,\"name\":\"RRI Aktuell\",\"item\":\"https:\\\/\\\/www.rri.ro\\\/de\\\/aktuell\\\/rri-aktuell\"},{\"@type\":\"ListItem\",\"position\":4,\"name\":\"Ukraine: Fl\u00fcchtlingswelle rei\u00dft nicht ab\"}]},{\"@type\":\"WebSite\",\"@id\":\"https:\\\/\\\/www.rri.ro\\\/#website\",\"url\":\"https:\\\/\\\/www.rri.ro\\\/\",\"name\":\"Radio Rum\u00e4nien International\",\"description\":\"Totul despre Rom\u00e2nia \u015fi rom\u00e2ni, \u00een 13 limbi\\\/dialecte!\",\"inLanguage\":\"de\"},{\"@type\":\"Person\",\"@id\":\"https:\\\/\\\/www.rri.ro\\\/#\\\/schema\\\/person\\\/c6036c822534c855dc3aad41a484f05d\",\"name\":\"Mihai Pelin\",\"url\":\"https:\\\/\\\/www.rri.ro\\\/de\\\/author\\\/mihai-pelin\"}]}<\/script>\n<!-- \/ Yoast SEO plugin. -->","yoast_head_json":{"title":"Ukraine: Fl\u00fcchtlingswelle rei\u00dft nicht ab - Radio Rum\u00e4nien International","robots":{"index":"index","follow":"follow","max-snippet":"max-snippet:-1","max-image-preview":"max-image-preview:large","max-video-preview":"max-video-preview:-1"},"canonical":"https:\/\/www.rri.ro\/de\/aktuell\/rri-aktuell\/ukraine-fluechtlingswelle-reisst-nicht-ab-id462254.html","og_locale":"de_DE","og_type":"article","og_title":"Ukraine: Fl\u00fcchtlingswelle rei\u00dft nicht ab - Radio Rum\u00e4nien International","og_description":"In Rum\u00e4nien kommen nach wir vor Gefl\u00fcchtete aus dem Nachbarland an. Auch die Moldaurepublik ger\u00e4t zunehmend unter Druck. Die gesamte Region ist auf internationale Kooperation angewiesen, um die Fl\u00fcchtlingskrise zu bew\u00e4ltigen.","og_url":"https:\/\/www.rri.ro\/de\/aktuell\/rri-aktuell\/ukraine-fluechtlingswelle-reisst-nicht-ab-id462254.html","og_site_name":"Radio Rum\u00e4nien International","article_published_time":"2022-04-05T12:09:00+00:00","article_modified_time":"2024-02-19T19:12:46+00:00","og_image":[{"width":640,"height":384,"url":"https:\/\/www.rri.ro\/wp-content\/uploads\/2023\/10\/vama-frontiera-refugiati-ucraina-foto-politia-de-frontiera.png","type":"image\/png"}],"author":"Mihai Pelin","twitter_card":"summary_large_image","twitter_misc":{"Verfasst von":"Mihai Pelin","Gesch\u00e4tzte Lesezeit":"2\u00a0Minuten","Written by":"Mihai Pelin"},"schema":{"@context":"https:\/\/schema.org","@graph":[{"@type":"Article","@id":"https:\/\/www.rri.ro\/de\/aktuell\/rri-aktuell\/ukraine-fluechtlingswelle-reisst-nicht-ab-id462254.html#article","isPartOf":{"@id":"https:\/\/www.rri.ro\/de\/aktuell\/rri-aktuell\/ukraine-fluechtlingswelle-reisst-nicht-ab-id462254.html"},"author":{"name":"Mihai Pelin","@id":"https:\/\/www.rri.ro\/#\/schema\/person\/c6036c822534c855dc3aad41a484f05d"},"headline":"Ukraine: Fl\u00fcchtlingswelle rei\u00dft nicht ab","datePublished":"2022-04-05T12:09:00+00:00","dateModified":"2024-02-19T19:12:46+00:00","mainEntityOfPage":{"@id":"https:\/\/www.rri.ro\/de\/aktuell\/rri-aktuell\/ukraine-fluechtlingswelle-reisst-nicht-ab-id462254.html"},"wordCount":476,"image":{"@id":"https:\/\/www.rri.ro\/de\/aktuell\/rri-aktuell\/ukraine-fluechtlingswelle-reisst-nicht-ab-id462254.html#primaryimage"},"thumbnailUrl":"https:\/\/www.rri.ro\/wp-content\/uploads\/2023\/10\/vama-frontiera-refugiati-ucraina-foto-politia-de-frontiera.png","keywords":["Devisen","EU-Kommission","Filippo Grandi","Fl\u00fcchtlingskrise","Hrywnja","Konversion","Krieg","Linda Thomas-Greenfield","Moldaurepublik","Nicolae Ciuca","Rum\u00e4nien","UAH","Ukraine","UNHCR","UNO"],"articleSection":["RRI Aktuell"],"inLanguage":"de"},{"@type":"WebPage","@id":"https:\/\/www.rri.ro\/de\/aktuell\/rri-aktuell\/ukraine-fluechtlingswelle-reisst-nicht-ab-id462254.html","url":"https:\/\/www.rri.ro\/de\/aktuell\/rri-aktuell\/ukraine-fluechtlingswelle-reisst-nicht-ab-id462254.html","name":"Ukraine: Fl\u00fcchtlingswelle rei\u00dft nicht ab - Radio Rum\u00e4nien International","isPartOf":{"@id":"https:\/\/www.rri.ro\/#website"},"primaryImageOfPage":{"@id":"https:\/\/www.rri.ro\/de\/aktuell\/rri-aktuell\/ukraine-fluechtlingswelle-reisst-nicht-ab-id462254.html#primaryimage"},"image":{"@id":"https:\/\/www.rri.ro\/de\/aktuell\/rri-aktuell\/ukraine-fluechtlingswelle-reisst-nicht-ab-id462254.html#primaryimage"},"thumbnailUrl":"https:\/\/www.rri.ro\/wp-content\/uploads\/2023\/10\/vama-frontiera-refugiati-ucraina-foto-politia-de-frontiera.png","datePublished":"2022-04-05T12:09:00+00:00","dateModified":"2024-02-19T19:12:46+00:00","author":{"@id":"https:\/\/www.rri.ro\/#\/schema\/person\/c6036c822534c855dc3aad41a484f05d"},"breadcrumb":{"@id":"https:\/\/www.rri.ro\/de\/aktuell\/rri-aktuell\/ukraine-fluechtlingswelle-reisst-nicht-ab-id462254.html#breadcrumb"},"inLanguage":"de","potentialAction":[{"@type":"ReadAction","target":["https:\/\/www.rri.ro\/de\/aktuell\/rri-aktuell\/ukraine-fluechtlingswelle-reisst-nicht-ab-id462254.html"]}]},{"@type":"ImageObject","inLanguage":"de","@id":"https:\/\/www.rri.ro\/de\/aktuell\/rri-aktuell\/ukraine-fluechtlingswelle-reisst-nicht-ab-id462254.html#primaryimage","url":"https:\/\/www.rri.ro\/wp-content\/uploads\/2023\/10\/vama-frontiera-refugiati-ucraina-foto-politia-de-frontiera.png","contentUrl":"https:\/\/www.rri.ro\/wp-content\/uploads\/2023\/10\/vama-frontiera-refugiati-ucraina-foto-politia-de-frontiera.png","width":640,"height":384},{"@type":"BreadcrumbList","@id":"https:\/\/www.rri.ro\/de\/aktuell\/rri-aktuell\/ukraine-fluechtlingswelle-reisst-nicht-ab-id462254.html#breadcrumb","itemListElement":[{"@type":"ListItem","position":1,"name":"Startseite","item":"https:\/\/www.rri.ro\/de"},{"@type":"ListItem","position":2,"name":"Aktuell","item":"https:\/\/www.rri.ro\/de\/aktuell"},{"@type":"ListItem","position":3,"name":"RRI Aktuell","item":"https:\/\/www.rri.ro\/de\/aktuell\/rri-aktuell"},{"@type":"ListItem","position":4,"name":"Ukraine: Fl\u00fcchtlingswelle rei\u00dft nicht ab"}]},{"@type":"WebSite","@id":"https:\/\/www.rri.ro\/#website","url":"https:\/\/www.rri.ro\/","name":"Radio Rum\u00e4nien International","description":"Totul despre Rom\u00e2nia \u015fi rom\u00e2ni, \u00een 13 limbi\/dialecte!","inLanguage":"de"},{"@type":"Person","@id":"https:\/\/www.rri.ro\/#\/schema\/person\/c6036c822534c855dc3aad41a484f05d","name":"Mihai Pelin","url":"https:\/\/www.rri.ro\/de\/author\/mihai-pelin"}]}},"_links":{"self":[{"href":"https:\/\/www.rri.ro\/de\/wp-json\/wp\/v2\/posts\/462254","targetHints":{"allow":["GET"]}}],"collection":[{"href":"https:\/\/www.rri.ro\/de\/wp-json\/wp\/v2\/posts"}],"about":[{"href":"https:\/\/www.rri.ro\/de\/wp-json\/wp\/v2\/types\/post"}],"author":[{"embeddable":true,"href":"https:\/\/www.rri.ro\/de\/wp-json\/wp\/v2\/users\/106"}],"replies":[{"embeddable":true,"href":"https:\/\/www.rri.ro\/de\/wp-json\/wp\/v2\/comments?post=462254"}],"version-history":[{"count":0,"href":"https:\/\/www.rri.ro\/de\/wp-json\/wp\/v2\/posts\/462254\/revisions"}],"wp:featuredmedia":[{"embeddable":true,"href":"https:\/\/www.rri.ro\/de\/wp-json\/wp\/v2\/media\/91747"}],"wp:attachment":[{"href":"https:\/\/www.rri.ro\/de\/wp-json\/wp\/v2\/media?parent=462254"}],"wp:term":[{"taxonomy":"category","embeddable":true,"href":"https:\/\/www.rri.ro\/de\/wp-json\/wp\/v2\/categories?post=462254"},{"taxonomy":"post_tag","embeddable":true,"href":"https:\/\/www.rri.ro\/de\/wp-json\/wp\/v2\/tags?post=462254"},{"taxonomy":"author","embeddable":true,"href":"https:\/\/www.rri.ro\/de\/wp-json\/wp\/v2\/coauthors?post=462254"}],"curies":[{"name":"wp","href":"https:\/\/api.w.org\/{rel}","templated":true}]}}