{"id":462255,"date":"2022-04-08T14:33:00","date_gmt":"2022-04-08T11:33:00","guid":{"rendered":"http:\/\/devrri.freshlemon.ro\/aktuell\/elena-udrea-rechtskraeftig-verurteilt-id462255.html"},"modified":"2024-02-19T21:12:47","modified_gmt":"2024-02-19T19:12:47","slug":"elena-udrea-rechtskraeftig-verurteilt","status":"publish","type":"post","link":"https:\/\/www.rri.ro\/de\/aktuell\/rri-aktuell\/elena-udrea-rechtskraeftig-verurteilt-id462255.html","title":{"rendered":"Elena Udrea rechtskr\u00e4ftig verurteilt"},"content":{"rendered":"<p>Der Prozess im ber\u00fchmten Fall Gala Bute\u201c, benannt nach dem ehemaligen gro\u200e\u00dfen rum\u00e4nisch-kanadischen Boxer, ist zu Ende gegangen. Der Oberste Kassations- und Justizgerichtshof hat am Donnerstag die von der ehemaligen allm\u00e4chtigen Entwicklungsministerin Elena Udrea und den anderen Angeklagten eingelegten Nichtigkeitsklagen als unbegr\u00fcndet zur\u00fcckgewiesen. Elena Udrea wurde zu 6 Jahren Gef\u00e4ngnis verurteilt, der ehemalige Pr\u00e4sident des rum\u00e4nischen Boxverbandes, Rudel Obreja, muss eine Strafe von 5 Jahren verb\u00fc\u200e\u00dfen und der Verwalter der Udrea geh\u00f6renden Grundst\u00fccke 3 Jahre.<\/p>\n<p>&#13;<br \/>\n&#13;<\/p>\n<p>&#13;<br \/>\n&#13;<\/p>\n<p>Die Urteile in diesem Fall waren im Dezember 2018 ausgesetzt worden, nachdem das Verfassungsgericht entschieden hatte, dass bei der Zusammensetzung der f\u00fcnfk\u00f6pfigen Richter-Mannschaft des Obersten Gerichtshofs das Gesetz nicht eingehalten worden war und das letzte Urteil im Fall ala Bute\u201c v\u00f6llig rechtswidrig war.<\/p>\n<p>&#13;<br \/>\n&#13;<\/p>\n<p>&#13;<br \/>\n&#13;<\/p>\n<p>Mit der Ablehnung der Nichtigkeitsbeschwerde wandte der Oberste Gerichtshof ein Urteil des Gerichtshofs der Europ\u00e4ischen Union an, wonach nationale Richter eine Entscheidung des Verfassungsgerichts au\u200e\u00dfer Kraft setzen k\u00f6nnen, wenn die Urteile in F\u00e4llen von Betrug mit europ\u00e4ischen Geldern aufgehoben werden. Die rum\u00e4nischen Richter best\u00e4tigten somit den Vorrang des EU-Rechts vor dem nationalen Recht, indem sie eine Entscheidung des Verfassungsgerichts nicht durchsetzten.<\/p>\n<p>&#13;<br \/>\n&#13;<\/p>\n<p>&#13;<br \/>\n&#13;<\/p>\n<p>Im Fall Gala Bute\u201c wurde Udrea beschuldigt, ein System koordiniert zu haben, in dessen Rahmen die ihr nahestehenden Personen mit ihrem Wissen Geldbetr\u00e4ge von den Vertretern einiger Unternehmen erhielten, um ihnen die rechtzeitige Bezahlung der von dem von ihr geleiteten Ministerium finanzierten Arbeiten zu garantieren. Die Ermittler gehen davon aus, dass die erhaltenen Betr\u00e4ge entweder direkt in das Verm\u00f6gen von Elena Udrea geflossen sind, in bar oder durch die Bezahlung von Waren und Dienstleistungen, oder in das Verm\u00f6gen einiger von ihr genannter Personen. Udrea wird au\u200e\u00dferdem vorgeworfen, andere Beamte des Ministeriums dazu veranlasst zu haben, ihre Pflichten beim Erwerb von Werbedienstleistungen bei Gala Bute\u201c zu verletzen, wodurch der Haushalt der Einrichtung gesch\u00e4digt und Rudel Obreja ein unrechtm\u00e4\u200e\u00dfiger Vorteil verschafft wurde.<\/p>\n<p>&#13;<br \/>\n&#13;<\/p>\n<p>&#13;<br \/>\n&#13;<\/p>\n<p>2018 wurde sie wegen Bestechung und Amtsmissbrauchs rechtskr\u00e4ftig zu 6 Jahren Haft verurteilt, floh aber aus Rum\u00e4nien und wurde in Costa Rica gefunden und inhaftiert. Nach einem bereits patentierten Modell verlie\u200e\u00df Udrea am Donnerstag, dem Tag der endg\u00fcltigen Verurteilung, das Land, wurde aber in Bulgarien gefasst. Die Antikorruptionsbeh\u00f6rde hatte beantragt, sie unter richterliche Kontrolle zu stellen, weil sie versucht hatte, sich der Vollstreckung des Urteils zu entziehen, aber die Gerichte lehnten den Antrag ab.<\/p>\n<p>&#13;<br \/>\n&#13;<\/p>\n<p>&#13;<br \/>\n&#13;<\/p>\n<p>Gala Bute ist ein gel\u00f6ster Fall, nicht die Probleme von Elena Udrea mit der Justiz. Auch sie wurde wegen des Wahlkampfs 2009 zu acht Jahren Haft verurteilt, ein Urteil, das noch nicht rechtskr\u00e4ftig ist, und ist immer noch in einem Verfahren angeklagt. Es handelt sich um eine Vork\u00e4mpferin im Kampf gegen die Korruption, die wichtigste Helferin des ehemaligen Pr\u00e4sidenten Traian B\u0103sescu und auch eine Verfechterin der Unabh\u00e4ngigkeit der Staatsanw\u00e4lte bis zu dem Zeitpunkt, als sie die Korruptionsdelikte untersuchten, deren Angeh\u00f6rige oder Familienmitglieder sie waren.<\/p>\n<p>&#13;<br \/>\n&#13;<\/p>\n<p>&#13;<br \/>\n&#13;<\/p>\n<p>Das Erbe des Basescu-Regimes sieht schlecht aus: Die Nummer eins wurde k\u00fcrzlich vom Gericht als ehemaliger Mitarbeiter der Securitate, der kommunistischen politischen Polizei, best\u00e4tigt, und die Nummer zwei ist eine wegen Korruption verurteilte Person, die zweimal versucht hat, der Strafe zu entgehen.<\/p>\n<p>&#13;<\/p>\n","protected":false},"excerpt":{"rendered":"<p>Elena Udrea, vor mehr als einem Jahrzehnt eine sehr einflussreiche rum\u00e4nische Politikerin, ist wegen Korruption zu einer sechs-j\u00e4hrigen Gef\u00e4ngnisstrafe verurteilt worden.<\/p>\n","protected":false},"author":110,"featured_media":91845,"comment_status":"closed","ping_status":"closed","sticky":false,"template":"","format":"standard","meta":{"_acf_changed":false,"footnotes":""},"categories":[99583],"tags":[38055,28962,99625,99702],"coauthors":[],"class_list":["post-462255","post","type-post","status-publish","format-standard","has-post-thumbnail","hentry","category-rri-aktuell","tag-gala-bute","tag-elena-udrea","tag-justiz","tag-korruption"],"acf":[],"yoast_head":"<!-- This site is optimized with the Yoast SEO plugin v27.3 - https:\/\/yoast.com\/product\/yoast-seo-wordpress\/ -->\n<title>Elena Udrea rechtskr\u00e4ftig verurteilt - Radio Rum\u00e4nien International<\/title>\n<meta name=\"robots\" content=\"index, follow, max-snippet:-1, max-image-preview:large, max-video-preview:-1\" \/>\n<link rel=\"canonical\" href=\"https:\/\/www.rri.ro\/de\/aktuell\/rri-aktuell\/elena-udrea-rechtskraeftig-verurteilt-id462255.html\" \/>\n<meta property=\"og:locale\" content=\"de_DE\" \/>\n<meta property=\"og:type\" content=\"article\" \/>\n<meta property=\"og:title\" content=\"Elena Udrea rechtskr\u00e4ftig verurteilt - Radio Rum\u00e4nien International\" \/>\n<meta property=\"og:description\" content=\"Elena Udrea, vor mehr als einem Jahrzehnt eine sehr einflussreiche rum\u00e4nische Politikerin, ist wegen Korruption zu einer sechs-j\u00e4hrigen Gef\u00e4ngnisstrafe verurteilt worden.\" \/>\n<meta property=\"og:url\" content=\"https:\/\/www.rri.ro\/de\/aktuell\/rri-aktuell\/elena-udrea-rechtskraeftig-verurteilt-id462255.html\" \/>\n<meta property=\"og:site_name\" content=\"Radio Rum\u00e4nien International\" \/>\n<meta property=\"article:published_time\" content=\"2022-04-08T11:33:00+00:00\" \/>\n<meta property=\"article:modified_time\" content=\"2024-02-19T19:12:47+00:00\" \/>\n<meta property=\"og:image\" content=\"https:\/\/www.rri.ro\/wp-content\/uploads\/2023\/10\/elena-udrea-foto-fb-elena-udrea.png\" \/>\n\t<meta property=\"og:image:width\" content=\"640\" \/>\n\t<meta property=\"og:image:height\" content=\"480\" \/>\n\t<meta property=\"og:image:type\" content=\"image\/png\" \/>\n<meta name=\"author\" content=\"\u015etefan Stoica\" \/>\n<meta name=\"twitter:card\" content=\"summary_large_image\" \/>\n<meta name=\"twitter:label1\" content=\"Verfasst von\" \/>\n\t<meta name=\"twitter:data1\" content=\"\u015etefan Stoica\" \/>\n\t<meta name=\"twitter:label2\" content=\"Gesch\u00e4tzte Lesezeit\" \/>\n\t<meta name=\"twitter:data2\" content=\"3\u00a0Minuten\" \/>\n\t<meta name=\"twitter:label3\" content=\"Written by\" \/>\n\t<meta name=\"twitter:data3\" content=\"\u015etefan Stoica\" \/>\n<script type=\"application\/ld+json\" class=\"yoast-schema-graph\">{\"@context\":\"https:\\\/\\\/schema.org\",\"@graph\":[{\"@type\":\"Article\",\"@id\":\"https:\\\/\\\/www.rri.ro\\\/de\\\/aktuell\\\/rri-aktuell\\\/elena-udrea-rechtskraeftig-verurteilt-id462255.html#article\",\"isPartOf\":{\"@id\":\"https:\\\/\\\/www.rri.ro\\\/de\\\/aktuell\\\/rri-aktuell\\\/elena-udrea-rechtskraeftig-verurteilt-id462255.html\"},\"author\":{\"name\":\"\u015etefan Stoica\",\"@id\":\"https:\\\/\\\/www.rri.ro\\\/#\\\/schema\\\/person\\\/2d81d5dc94d44190d13245f64551d334\"},\"headline\":\"Elena Udrea rechtskr\u00e4ftig verurteilt\",\"datePublished\":\"2022-04-08T11:33:00+00:00\",\"dateModified\":\"2024-02-19T19:12:47+00:00\",\"mainEntityOfPage\":{\"@id\":\"https:\\\/\\\/www.rri.ro\\\/de\\\/aktuell\\\/rri-aktuell\\\/elena-udrea-rechtskraeftig-verurteilt-id462255.html\"},\"wordCount\":540,\"image\":{\"@id\":\"https:\\\/\\\/www.rri.ro\\\/de\\\/aktuell\\\/rri-aktuell\\\/elena-udrea-rechtskraeftig-verurteilt-id462255.html#primaryimage\"},\"thumbnailUrl\":\"https:\\\/\\\/www.rri.ro\\\/wp-content\\\/uploads\\\/2023\\\/10\\\/elena-udrea-foto-fb-elena-udrea.png\",\"keywords\":[\"'Gala Bute'\",\"Elena Udrea\",\"Justiz\",\"Korruption\"],\"articleSection\":[\"RRI Aktuell\"],\"inLanguage\":\"de\"},{\"@type\":\"WebPage\",\"@id\":\"https:\\\/\\\/www.rri.ro\\\/de\\\/aktuell\\\/rri-aktuell\\\/elena-udrea-rechtskraeftig-verurteilt-id462255.html\",\"url\":\"https:\\\/\\\/www.rri.ro\\\/de\\\/aktuell\\\/rri-aktuell\\\/elena-udrea-rechtskraeftig-verurteilt-id462255.html\",\"name\":\"Elena Udrea rechtskr\u00e4ftig verurteilt - Radio Rum\u00e4nien International\",\"isPartOf\":{\"@id\":\"https:\\\/\\\/www.rri.ro\\\/#website\"},\"primaryImageOfPage\":{\"@id\":\"https:\\\/\\\/www.rri.ro\\\/de\\\/aktuell\\\/rri-aktuell\\\/elena-udrea-rechtskraeftig-verurteilt-id462255.html#primaryimage\"},\"image\":{\"@id\":\"https:\\\/\\\/www.rri.ro\\\/de\\\/aktuell\\\/rri-aktuell\\\/elena-udrea-rechtskraeftig-verurteilt-id462255.html#primaryimage\"},\"thumbnailUrl\":\"https:\\\/\\\/www.rri.ro\\\/wp-content\\\/uploads\\\/2023\\\/10\\\/elena-udrea-foto-fb-elena-udrea.png\",\"datePublished\":\"2022-04-08T11:33:00+00:00\",\"dateModified\":\"2024-02-19T19:12:47+00:00\",\"author\":{\"@id\":\"https:\\\/\\\/www.rri.ro\\\/#\\\/schema\\\/person\\\/2d81d5dc94d44190d13245f64551d334\"},\"breadcrumb\":{\"@id\":\"https:\\\/\\\/www.rri.ro\\\/de\\\/aktuell\\\/rri-aktuell\\\/elena-udrea-rechtskraeftig-verurteilt-id462255.html#breadcrumb\"},\"inLanguage\":\"de\",\"potentialAction\":[{\"@type\":\"ReadAction\",\"target\":[\"https:\\\/\\\/www.rri.ro\\\/de\\\/aktuell\\\/rri-aktuell\\\/elena-udrea-rechtskraeftig-verurteilt-id462255.html\"]}]},{\"@type\":\"ImageObject\",\"inLanguage\":\"de\",\"@id\":\"https:\\\/\\\/www.rri.ro\\\/de\\\/aktuell\\\/rri-aktuell\\\/elena-udrea-rechtskraeftig-verurteilt-id462255.html#primaryimage\",\"url\":\"https:\\\/\\\/www.rri.ro\\\/wp-content\\\/uploads\\\/2023\\\/10\\\/elena-udrea-foto-fb-elena-udrea.png\",\"contentUrl\":\"https:\\\/\\\/www.rri.ro\\\/wp-content\\\/uploads\\\/2023\\\/10\\\/elena-udrea-foto-fb-elena-udrea.png\",\"width\":640,\"height\":480},{\"@type\":\"BreadcrumbList\",\"@id\":\"https:\\\/\\\/www.rri.ro\\\/de\\\/aktuell\\\/rri-aktuell\\\/elena-udrea-rechtskraeftig-verurteilt-id462255.html#breadcrumb\",\"itemListElement\":[{\"@type\":\"ListItem\",\"position\":1,\"name\":\"Startseite\",\"item\":\"https:\\\/\\\/www.rri.ro\\\/de\"},{\"@type\":\"ListItem\",\"position\":2,\"name\":\"Aktuell\",\"item\":\"https:\\\/\\\/www.rri.ro\\\/de\\\/aktuell\"},{\"@type\":\"ListItem\",\"position\":3,\"name\":\"RRI Aktuell\",\"item\":\"https:\\\/\\\/www.rri.ro\\\/de\\\/aktuell\\\/rri-aktuell\"},{\"@type\":\"ListItem\",\"position\":4,\"name\":\"Elena Udrea rechtskr\u00e4ftig verurteilt\"}]},{\"@type\":\"WebSite\",\"@id\":\"https:\\\/\\\/www.rri.ro\\\/#website\",\"url\":\"https:\\\/\\\/www.rri.ro\\\/\",\"name\":\"Radio Rum\u00e4nien International\",\"description\":\"Totul despre Rom\u00e2nia \u015fi rom\u00e2ni, \u00een 13 limbi\\\/dialecte!\",\"inLanguage\":\"de\"},{\"@type\":\"Person\",\"@id\":\"https:\\\/\\\/www.rri.ro\\\/#\\\/schema\\\/person\\\/2d81d5dc94d44190d13245f64551d334\",\"name\":\"\u015etefan Stoica\",\"url\":\"https:\\\/\\\/www.rri.ro\\\/de\\\/author\\\/stefan-stoica\"}]}<\/script>\n<!-- \/ Yoast SEO plugin. -->","yoast_head_json":{"title":"Elena Udrea rechtskr\u00e4ftig verurteilt - Radio Rum\u00e4nien International","robots":{"index":"index","follow":"follow","max-snippet":"max-snippet:-1","max-image-preview":"max-image-preview:large","max-video-preview":"max-video-preview:-1"},"canonical":"https:\/\/www.rri.ro\/de\/aktuell\/rri-aktuell\/elena-udrea-rechtskraeftig-verurteilt-id462255.html","og_locale":"de_DE","og_type":"article","og_title":"Elena Udrea rechtskr\u00e4ftig verurteilt - Radio Rum\u00e4nien International","og_description":"Elena Udrea, vor mehr als einem Jahrzehnt eine sehr einflussreiche rum\u00e4nische Politikerin, ist wegen Korruption zu einer sechs-j\u00e4hrigen Gef\u00e4ngnisstrafe verurteilt worden.","og_url":"https:\/\/www.rri.ro\/de\/aktuell\/rri-aktuell\/elena-udrea-rechtskraeftig-verurteilt-id462255.html","og_site_name":"Radio Rum\u00e4nien International","article_published_time":"2022-04-08T11:33:00+00:00","article_modified_time":"2024-02-19T19:12:47+00:00","og_image":[{"width":640,"height":480,"url":"https:\/\/www.rri.ro\/wp-content\/uploads\/2023\/10\/elena-udrea-foto-fb-elena-udrea.png","type":"image\/png"}],"author":"\u015etefan Stoica","twitter_card":"summary_large_image","twitter_misc":{"Verfasst von":"\u015etefan Stoica","Gesch\u00e4tzte Lesezeit":"3\u00a0Minuten","Written by":"\u015etefan Stoica"},"schema":{"@context":"https:\/\/schema.org","@graph":[{"@type":"Article","@id":"https:\/\/www.rri.ro\/de\/aktuell\/rri-aktuell\/elena-udrea-rechtskraeftig-verurteilt-id462255.html#article","isPartOf":{"@id":"https:\/\/www.rri.ro\/de\/aktuell\/rri-aktuell\/elena-udrea-rechtskraeftig-verurteilt-id462255.html"},"author":{"name":"\u015etefan Stoica","@id":"https:\/\/www.rri.ro\/#\/schema\/person\/2d81d5dc94d44190d13245f64551d334"},"headline":"Elena Udrea rechtskr\u00e4ftig verurteilt","datePublished":"2022-04-08T11:33:00+00:00","dateModified":"2024-02-19T19:12:47+00:00","mainEntityOfPage":{"@id":"https:\/\/www.rri.ro\/de\/aktuell\/rri-aktuell\/elena-udrea-rechtskraeftig-verurteilt-id462255.html"},"wordCount":540,"image":{"@id":"https:\/\/www.rri.ro\/de\/aktuell\/rri-aktuell\/elena-udrea-rechtskraeftig-verurteilt-id462255.html#primaryimage"},"thumbnailUrl":"https:\/\/www.rri.ro\/wp-content\/uploads\/2023\/10\/elena-udrea-foto-fb-elena-udrea.png","keywords":["'Gala Bute'","Elena Udrea","Justiz","Korruption"],"articleSection":["RRI Aktuell"],"inLanguage":"de"},{"@type":"WebPage","@id":"https:\/\/www.rri.ro\/de\/aktuell\/rri-aktuell\/elena-udrea-rechtskraeftig-verurteilt-id462255.html","url":"https:\/\/www.rri.ro\/de\/aktuell\/rri-aktuell\/elena-udrea-rechtskraeftig-verurteilt-id462255.html","name":"Elena Udrea rechtskr\u00e4ftig verurteilt - Radio Rum\u00e4nien International","isPartOf":{"@id":"https:\/\/www.rri.ro\/#website"},"primaryImageOfPage":{"@id":"https:\/\/www.rri.ro\/de\/aktuell\/rri-aktuell\/elena-udrea-rechtskraeftig-verurteilt-id462255.html#primaryimage"},"image":{"@id":"https:\/\/www.rri.ro\/de\/aktuell\/rri-aktuell\/elena-udrea-rechtskraeftig-verurteilt-id462255.html#primaryimage"},"thumbnailUrl":"https:\/\/www.rri.ro\/wp-content\/uploads\/2023\/10\/elena-udrea-foto-fb-elena-udrea.png","datePublished":"2022-04-08T11:33:00+00:00","dateModified":"2024-02-19T19:12:47+00:00","author":{"@id":"https:\/\/www.rri.ro\/#\/schema\/person\/2d81d5dc94d44190d13245f64551d334"},"breadcrumb":{"@id":"https:\/\/www.rri.ro\/de\/aktuell\/rri-aktuell\/elena-udrea-rechtskraeftig-verurteilt-id462255.html#breadcrumb"},"inLanguage":"de","potentialAction":[{"@type":"ReadAction","target":["https:\/\/www.rri.ro\/de\/aktuell\/rri-aktuell\/elena-udrea-rechtskraeftig-verurteilt-id462255.html"]}]},{"@type":"ImageObject","inLanguage":"de","@id":"https:\/\/www.rri.ro\/de\/aktuell\/rri-aktuell\/elena-udrea-rechtskraeftig-verurteilt-id462255.html#primaryimage","url":"https:\/\/www.rri.ro\/wp-content\/uploads\/2023\/10\/elena-udrea-foto-fb-elena-udrea.png","contentUrl":"https:\/\/www.rri.ro\/wp-content\/uploads\/2023\/10\/elena-udrea-foto-fb-elena-udrea.png","width":640,"height":480},{"@type":"BreadcrumbList","@id":"https:\/\/www.rri.ro\/de\/aktuell\/rri-aktuell\/elena-udrea-rechtskraeftig-verurteilt-id462255.html#breadcrumb","itemListElement":[{"@type":"ListItem","position":1,"name":"Startseite","item":"https:\/\/www.rri.ro\/de"},{"@type":"ListItem","position":2,"name":"Aktuell","item":"https:\/\/www.rri.ro\/de\/aktuell"},{"@type":"ListItem","position":3,"name":"RRI Aktuell","item":"https:\/\/www.rri.ro\/de\/aktuell\/rri-aktuell"},{"@type":"ListItem","position":4,"name":"Elena Udrea rechtskr\u00e4ftig verurteilt"}]},{"@type":"WebSite","@id":"https:\/\/www.rri.ro\/#website","url":"https:\/\/www.rri.ro\/","name":"Radio Rum\u00e4nien International","description":"Totul despre Rom\u00e2nia \u015fi rom\u00e2ni, \u00een 13 limbi\/dialecte!","inLanguage":"de"},{"@type":"Person","@id":"https:\/\/www.rri.ro\/#\/schema\/person\/2d81d5dc94d44190d13245f64551d334","name":"\u015etefan Stoica","url":"https:\/\/www.rri.ro\/de\/author\/stefan-stoica"}]}},"_links":{"self":[{"href":"https:\/\/www.rri.ro\/de\/wp-json\/wp\/v2\/posts\/462255","targetHints":{"allow":["GET"]}}],"collection":[{"href":"https:\/\/www.rri.ro\/de\/wp-json\/wp\/v2\/posts"}],"about":[{"href":"https:\/\/www.rri.ro\/de\/wp-json\/wp\/v2\/types\/post"}],"author":[{"embeddable":true,"href":"https:\/\/www.rri.ro\/de\/wp-json\/wp\/v2\/users\/110"}],"replies":[{"embeddable":true,"href":"https:\/\/www.rri.ro\/de\/wp-json\/wp\/v2\/comments?post=462255"}],"version-history":[{"count":0,"href":"https:\/\/www.rri.ro\/de\/wp-json\/wp\/v2\/posts\/462255\/revisions"}],"wp:featuredmedia":[{"embeddable":true,"href":"https:\/\/www.rri.ro\/de\/wp-json\/wp\/v2\/media\/91845"}],"wp:attachment":[{"href":"https:\/\/www.rri.ro\/de\/wp-json\/wp\/v2\/media?parent=462255"}],"wp:term":[{"taxonomy":"category","embeddable":true,"href":"https:\/\/www.rri.ro\/de\/wp-json\/wp\/v2\/categories?post=462255"},{"taxonomy":"post_tag","embeddable":true,"href":"https:\/\/www.rri.ro\/de\/wp-json\/wp\/v2\/tags?post=462255"},{"taxonomy":"author","embeddable":true,"href":"https:\/\/www.rri.ro\/de\/wp-json\/wp\/v2\/coauthors?post=462255"}],"curies":[{"name":"wp","href":"https:\/\/api.w.org\/{rel}","templated":true}]}}