{"id":462371,"date":"2022-08-25T13:53:00","date_gmt":"2022-08-25T10:53:00","guid":{"rendered":"http:\/\/devrri.freshlemon.ro\/aktuell\/regierung-aendert-justizgesetze-id462371.html"},"modified":"2024-02-19T21:14:01","modified_gmt":"2024-02-19T19:14:01","slug":"regierung-aendert-justizgesetze","status":"publish","type":"post","link":"https:\/\/www.rri.ro\/de\/aktuell\/rri-aktuell\/regierung-aendert-justizgesetze-id462371.html","title":{"rendered":"Regierung \u00e4ndert Justizgesetze"},"content":{"rendered":"<\/p>\n<p>&#13;<br \/>\n&#13;<\/p>\n<p>Zwei Jahre nach Beginn der \u00f6ffentlichen Debatte wurden die Entw\u00fcrfe der Justizgesetze von der Exekutive in Bukarest gebilligt und dem Parlament vorgelegt. Die drei Gesetzentw\u00fcrfe betreffen den Status der Richter und Staatsanw\u00e4lte, die Organisation der Justiz und den Status des Obersten Rates der Richter und Staatsanw\u00e4lte. Resortminister C\u0103t\u0103lin Predoiu erwartet, dass die Gesetze das Parlament in einer Form verlassen werden, die einer wichtigen Forderung des Kooperations- und \u00dcberpr\u00fcfungsverfahren nachkommt. Die Europ\u00e4ische Kommission fordert seit Einf\u00fchrung des Kooperations- und Kontrollverfahrens im Jahr 2007, dem Zeitpunkt des EU-Beitritts Rum\u00e4niens, eine tiefgreifende Reform in diesem Bereich. Justizminister C\u0103t\u0103lin Predoiu hofft, dass mit diesen Gesetzen das Kooperations- und \u00dcberpr\u00fcfungsverfahren aufgehoben werden kann<strong>: <em>Es gilt, den zentralen Punkt des Kooperations- und \u00dcberpr\u00fcfungsverfahrens abzuhaken. Ja, ich denke, wir sind an dem Punkt, an dem wir dieses Thema angehen k\u00f6nnen, wenn die Gesetze, auf dem Qualit\u00e4tsniveau und den Zielen, die wir uns gesetzt haben, verabschiedet werden\u201c.<\/em><\/strong><\/p>\n<p>&#13;<br \/>\n&#13;<\/p>\n<p>&#13;<br \/>\n&#13;<\/p>\n<p>Der Obersten Rates der Richter und Staatsanw\u00e4lte nahm bereits Stellung zu den Gesetzen. Seitdem die Entw\u00fcrfe zur \u00f6ffentlichen Diskussion gestellt wurden, sind sie auf Kritik der Richterverb\u00e4nde und der Zivilgesellschaft gesto\u00dfen und es wurden auch einige \u00c4nderungen vorgenommen. Die Regierungskoalition aus Sozialdemokraten, Liberalen und dem Ungarn-Verband unterst\u00fctzt die drei Gesetze. Die oppositionelle \u00f6ko-liberale USR ist jedoch der Ansicht, dass das Kooperations- und \u00dcberpr\u00fcfungsverfahren aufgrund dieser nicht aufgehoben werden kann. In ihrer jetzigen Form bringen die Entw\u00fcrfe der Justizgesetze Rum\u00e4nien vom Weg der Reformen ab und unterwerfen die Justiz einem anti reformistischen Netzwerk, das innerhalb der Justiz selbst entstanden ist\u201c, so der Vorwurf der USR. In einer Pressemitteilung erkl\u00e4rt die Partei, dass die neuen Justizgesetze die Sonderabteilung, f\u00fcr die Untersuchung der Richter und Staatsanw\u00e4lte, nicht abgeschafft, sondern lediglich umgestaltet wird. Damit bleibt der politische Einfluss auf die Ernennung von Staatsanw\u00e4lten trotz der Empfehlungen der europ\u00e4ischen Partner erhalten. \u00c4hnliche Kritik wurde von Vertretern der REPER-Partei des ehemaligen Premierministers und EU-Kommissars Dacian Ciolo\u0219 ge\u00e4u\u00dfert. Diese wirft dem Justizminister vor, Anfragen der Europ\u00e4ischen Kommission und anderer internationaler Gremien geschickt auszuweichen. C\u0103t\u0103lin Predoiu wies die \u00f6ffentliche Kritik zur\u00fcck.  Er erkl\u00e4rte, dass alle bisher von dem von ihm geleiteten Ministerium eingeleiteten gesetzgeberischen Schritte und Dokumente zur Aufhebung des zentralen Problems des Kooperations- und \u00dcberpr\u00fcfungsverfahren f\u00fchren werden. Fachleute wiesen bereits auf einige gro\u00dfe Schwachstellen in den Entw\u00fcrfen hin. Eine davon w\u00e4re die Aufhebung der Vorschriften zur Ernennung und Entlassung von Polizeibeamten, die auf Anordnung des Generalstaatsanwalts an gerichtlichen Ermittlungen teilnehmen. Die Abschaffung dieser Vorschriften w\u00fcrde nach Ansicht von Experten den Weg f\u00fcr eine politische Kontrolle der Polizei ebnen.<\/p>\n<p>&#13;<br \/>\n&#13;<\/p>\n<p>&#13;<\/p>\n","protected":false},"excerpt":{"rendered":"<p>In der heutigen Tagesnotiz befasst sich Stefan Stoica mit den Justizgesetzen, denen die Regierung am Mittwoch gr\u00fcnes Licht gab.<\/p>\n","protected":false},"author":110,"featured_media":84996,"comment_status":"closed","ping_status":"closed","sticky":false,"template":"","format":"standard","meta":{"_acf_changed":false,"footnotes":""},"categories":[99583],"tags":[99625,105604,99918],"coauthors":[],"class_list":["post-462371","post","type-post","status-publish","format-standard","has-post-thumbnail","hentry","category-rri-aktuell","tag-justiz","tag-kooperations-und-ueberpruefungsverfahren","tag-polizei"],"acf":[],"yoast_head":"<!-- This site is optimized with the Yoast SEO plugin v27.3 - https:\/\/yoast.com\/product\/yoast-seo-wordpress\/ -->\n<title>Regierung \u00e4ndert Justizgesetze - Radio Rum\u00e4nien International<\/title>\n<meta name=\"robots\" content=\"index, follow, max-snippet:-1, max-image-preview:large, max-video-preview:-1\" \/>\n<link rel=\"canonical\" href=\"https:\/\/www.rri.ro\/de\/aktuell\/rri-aktuell\/regierung-aendert-justizgesetze-id462371.html\" \/>\n<meta property=\"og:locale\" content=\"de_DE\" \/>\n<meta property=\"og:type\" content=\"article\" \/>\n<meta property=\"og:title\" content=\"Regierung \u00e4ndert Justizgesetze - Radio Rum\u00e4nien International\" \/>\n<meta property=\"og:description\" content=\"In der heutigen Tagesnotiz befasst sich Stefan Stoica mit den Justizgesetzen, denen die Regierung am Mittwoch gr\u00fcnes Licht gab.\" \/>\n<meta property=\"og:url\" content=\"https:\/\/www.rri.ro\/de\/aktuell\/rri-aktuell\/regierung-aendert-justizgesetze-id462371.html\" \/>\n<meta property=\"og:site_name\" content=\"Radio Rum\u00e4nien International\" \/>\n<meta property=\"article:published_time\" content=\"2022-08-25T10:53:00+00:00\" \/>\n<meta property=\"article:modified_time\" content=\"2024-02-19T19:14:01+00:00\" \/>\n<meta property=\"og:image\" content=\"https:\/\/www.rri.ro\/wp-content\/uploads\/2023\/10\/justitie-constitutie-foto-pixabay.png\" \/>\n\t<meta property=\"og:image:width\" content=\"640\" \/>\n\t<meta property=\"og:image:height\" content=\"480\" \/>\n\t<meta property=\"og:image:type\" content=\"image\/png\" \/>\n<meta name=\"author\" content=\"\u015etefan Stoica\" \/>\n<meta name=\"twitter:card\" content=\"summary_large_image\" \/>\n<meta name=\"twitter:label1\" content=\"Verfasst von\" \/>\n\t<meta name=\"twitter:data1\" content=\"\u015etefan Stoica\" \/>\n\t<meta name=\"twitter:label2\" content=\"Gesch\u00e4tzte Lesezeit\" \/>\n\t<meta name=\"twitter:data2\" content=\"2\u00a0Minuten\" \/>\n\t<meta name=\"twitter:label3\" content=\"Written by\" \/>\n\t<meta name=\"twitter:data3\" content=\"\u015etefan Stoica\" \/>\n<script type=\"application\/ld+json\" class=\"yoast-schema-graph\">{\"@context\":\"https:\\\/\\\/schema.org\",\"@graph\":[{\"@type\":\"Article\",\"@id\":\"https:\\\/\\\/www.rri.ro\\\/de\\\/aktuell\\\/rri-aktuell\\\/regierung-aendert-justizgesetze-id462371.html#article\",\"isPartOf\":{\"@id\":\"https:\\\/\\\/www.rri.ro\\\/de\\\/aktuell\\\/rri-aktuell\\\/regierung-aendert-justizgesetze-id462371.html\"},\"author\":{\"name\":\"\u015etefan Stoica\",\"@id\":\"https:\\\/\\\/www.rri.ro\\\/#\\\/schema\\\/person\\\/2d81d5dc94d44190d13245f64551d334\"},\"headline\":\"Regierung \u00e4ndert Justizgesetze\",\"datePublished\":\"2022-08-25T10:53:00+00:00\",\"dateModified\":\"2024-02-19T19:14:01+00:00\",\"mainEntityOfPage\":{\"@id\":\"https:\\\/\\\/www.rri.ro\\\/de\\\/aktuell\\\/rri-aktuell\\\/regierung-aendert-justizgesetze-id462371.html\"},\"wordCount\":455,\"image\":{\"@id\":\"https:\\\/\\\/www.rri.ro\\\/de\\\/aktuell\\\/rri-aktuell\\\/regierung-aendert-justizgesetze-id462371.html#primaryimage\"},\"thumbnailUrl\":\"https:\\\/\\\/www.rri.ro\\\/wp-content\\\/uploads\\\/2023\\\/10\\\/justitie-constitutie-foto-pixabay.png\",\"keywords\":[\"Justiz\",\"Kooperations- und \u00dcberpr\u00fcfungsverfahren\",\"Polizei\"],\"articleSection\":[\"RRI Aktuell\"],\"inLanguage\":\"de\"},{\"@type\":\"WebPage\",\"@id\":\"https:\\\/\\\/www.rri.ro\\\/de\\\/aktuell\\\/rri-aktuell\\\/regierung-aendert-justizgesetze-id462371.html\",\"url\":\"https:\\\/\\\/www.rri.ro\\\/de\\\/aktuell\\\/rri-aktuell\\\/regierung-aendert-justizgesetze-id462371.html\",\"name\":\"Regierung \u00e4ndert Justizgesetze - Radio Rum\u00e4nien International\",\"isPartOf\":{\"@id\":\"https:\\\/\\\/www.rri.ro\\\/#website\"},\"primaryImageOfPage\":{\"@id\":\"https:\\\/\\\/www.rri.ro\\\/de\\\/aktuell\\\/rri-aktuell\\\/regierung-aendert-justizgesetze-id462371.html#primaryimage\"},\"image\":{\"@id\":\"https:\\\/\\\/www.rri.ro\\\/de\\\/aktuell\\\/rri-aktuell\\\/regierung-aendert-justizgesetze-id462371.html#primaryimage\"},\"thumbnailUrl\":\"https:\\\/\\\/www.rri.ro\\\/wp-content\\\/uploads\\\/2023\\\/10\\\/justitie-constitutie-foto-pixabay.png\",\"datePublished\":\"2022-08-25T10:53:00+00:00\",\"dateModified\":\"2024-02-19T19:14:01+00:00\",\"author\":{\"@id\":\"https:\\\/\\\/www.rri.ro\\\/#\\\/schema\\\/person\\\/2d81d5dc94d44190d13245f64551d334\"},\"breadcrumb\":{\"@id\":\"https:\\\/\\\/www.rri.ro\\\/de\\\/aktuell\\\/rri-aktuell\\\/regierung-aendert-justizgesetze-id462371.html#breadcrumb\"},\"inLanguage\":\"de\",\"potentialAction\":[{\"@type\":\"ReadAction\",\"target\":[\"https:\\\/\\\/www.rri.ro\\\/de\\\/aktuell\\\/rri-aktuell\\\/regierung-aendert-justizgesetze-id462371.html\"]}]},{\"@type\":\"ImageObject\",\"inLanguage\":\"de\",\"@id\":\"https:\\\/\\\/www.rri.ro\\\/de\\\/aktuell\\\/rri-aktuell\\\/regierung-aendert-justizgesetze-id462371.html#primaryimage\",\"url\":\"https:\\\/\\\/www.rri.ro\\\/wp-content\\\/uploads\\\/2023\\\/10\\\/justitie-constitutie-foto-pixabay.png\",\"contentUrl\":\"https:\\\/\\\/www.rri.ro\\\/wp-content\\\/uploads\\\/2023\\\/10\\\/justitie-constitutie-foto-pixabay.png\",\"width\":640,\"height\":480},{\"@type\":\"BreadcrumbList\",\"@id\":\"https:\\\/\\\/www.rri.ro\\\/de\\\/aktuell\\\/rri-aktuell\\\/regierung-aendert-justizgesetze-id462371.html#breadcrumb\",\"itemListElement\":[{\"@type\":\"ListItem\",\"position\":1,\"name\":\"Startseite\",\"item\":\"https:\\\/\\\/www.rri.ro\\\/de\"},{\"@type\":\"ListItem\",\"position\":2,\"name\":\"Aktuell\",\"item\":\"https:\\\/\\\/www.rri.ro\\\/de\\\/aktuell\"},{\"@type\":\"ListItem\",\"position\":3,\"name\":\"RRI Aktuell\",\"item\":\"https:\\\/\\\/www.rri.ro\\\/de\\\/aktuell\\\/rri-aktuell\"},{\"@type\":\"ListItem\",\"position\":4,\"name\":\"Regierung \u00e4ndert Justizgesetze\"}]},{\"@type\":\"WebSite\",\"@id\":\"https:\\\/\\\/www.rri.ro\\\/#website\",\"url\":\"https:\\\/\\\/www.rri.ro\\\/\",\"name\":\"Radio Rum\u00e4nien International\",\"description\":\"Totul despre Rom\u00e2nia \u015fi rom\u00e2ni, \u00een 13 limbi\\\/dialecte!\",\"inLanguage\":\"de\"},{\"@type\":\"Person\",\"@id\":\"https:\\\/\\\/www.rri.ro\\\/#\\\/schema\\\/person\\\/2d81d5dc94d44190d13245f64551d334\",\"name\":\"\u015etefan Stoica\",\"url\":\"https:\\\/\\\/www.rri.ro\\\/de\\\/author\\\/stefan-stoica\"}]}<\/script>\n<!-- \/ Yoast SEO plugin. -->","yoast_head_json":{"title":"Regierung \u00e4ndert Justizgesetze - Radio Rum\u00e4nien International","robots":{"index":"index","follow":"follow","max-snippet":"max-snippet:-1","max-image-preview":"max-image-preview:large","max-video-preview":"max-video-preview:-1"},"canonical":"https:\/\/www.rri.ro\/de\/aktuell\/rri-aktuell\/regierung-aendert-justizgesetze-id462371.html","og_locale":"de_DE","og_type":"article","og_title":"Regierung \u00e4ndert Justizgesetze - Radio Rum\u00e4nien International","og_description":"In der heutigen Tagesnotiz befasst sich Stefan Stoica mit den Justizgesetzen, denen die Regierung am Mittwoch gr\u00fcnes Licht gab.","og_url":"https:\/\/www.rri.ro\/de\/aktuell\/rri-aktuell\/regierung-aendert-justizgesetze-id462371.html","og_site_name":"Radio Rum\u00e4nien International","article_published_time":"2022-08-25T10:53:00+00:00","article_modified_time":"2024-02-19T19:14:01+00:00","og_image":[{"width":640,"height":480,"url":"https:\/\/www.rri.ro\/wp-content\/uploads\/2023\/10\/justitie-constitutie-foto-pixabay.png","type":"image\/png"}],"author":"\u015etefan Stoica","twitter_card":"summary_large_image","twitter_misc":{"Verfasst von":"\u015etefan Stoica","Gesch\u00e4tzte Lesezeit":"2\u00a0Minuten","Written by":"\u015etefan Stoica"},"schema":{"@context":"https:\/\/schema.org","@graph":[{"@type":"Article","@id":"https:\/\/www.rri.ro\/de\/aktuell\/rri-aktuell\/regierung-aendert-justizgesetze-id462371.html#article","isPartOf":{"@id":"https:\/\/www.rri.ro\/de\/aktuell\/rri-aktuell\/regierung-aendert-justizgesetze-id462371.html"},"author":{"name":"\u015etefan Stoica","@id":"https:\/\/www.rri.ro\/#\/schema\/person\/2d81d5dc94d44190d13245f64551d334"},"headline":"Regierung \u00e4ndert Justizgesetze","datePublished":"2022-08-25T10:53:00+00:00","dateModified":"2024-02-19T19:14:01+00:00","mainEntityOfPage":{"@id":"https:\/\/www.rri.ro\/de\/aktuell\/rri-aktuell\/regierung-aendert-justizgesetze-id462371.html"},"wordCount":455,"image":{"@id":"https:\/\/www.rri.ro\/de\/aktuell\/rri-aktuell\/regierung-aendert-justizgesetze-id462371.html#primaryimage"},"thumbnailUrl":"https:\/\/www.rri.ro\/wp-content\/uploads\/2023\/10\/justitie-constitutie-foto-pixabay.png","keywords":["Justiz","Kooperations- und \u00dcberpr\u00fcfungsverfahren","Polizei"],"articleSection":["RRI Aktuell"],"inLanguage":"de"},{"@type":"WebPage","@id":"https:\/\/www.rri.ro\/de\/aktuell\/rri-aktuell\/regierung-aendert-justizgesetze-id462371.html","url":"https:\/\/www.rri.ro\/de\/aktuell\/rri-aktuell\/regierung-aendert-justizgesetze-id462371.html","name":"Regierung \u00e4ndert Justizgesetze - Radio Rum\u00e4nien International","isPartOf":{"@id":"https:\/\/www.rri.ro\/#website"},"primaryImageOfPage":{"@id":"https:\/\/www.rri.ro\/de\/aktuell\/rri-aktuell\/regierung-aendert-justizgesetze-id462371.html#primaryimage"},"image":{"@id":"https:\/\/www.rri.ro\/de\/aktuell\/rri-aktuell\/regierung-aendert-justizgesetze-id462371.html#primaryimage"},"thumbnailUrl":"https:\/\/www.rri.ro\/wp-content\/uploads\/2023\/10\/justitie-constitutie-foto-pixabay.png","datePublished":"2022-08-25T10:53:00+00:00","dateModified":"2024-02-19T19:14:01+00:00","author":{"@id":"https:\/\/www.rri.ro\/#\/schema\/person\/2d81d5dc94d44190d13245f64551d334"},"breadcrumb":{"@id":"https:\/\/www.rri.ro\/de\/aktuell\/rri-aktuell\/regierung-aendert-justizgesetze-id462371.html#breadcrumb"},"inLanguage":"de","potentialAction":[{"@type":"ReadAction","target":["https:\/\/www.rri.ro\/de\/aktuell\/rri-aktuell\/regierung-aendert-justizgesetze-id462371.html"]}]},{"@type":"ImageObject","inLanguage":"de","@id":"https:\/\/www.rri.ro\/de\/aktuell\/rri-aktuell\/regierung-aendert-justizgesetze-id462371.html#primaryimage","url":"https:\/\/www.rri.ro\/wp-content\/uploads\/2023\/10\/justitie-constitutie-foto-pixabay.png","contentUrl":"https:\/\/www.rri.ro\/wp-content\/uploads\/2023\/10\/justitie-constitutie-foto-pixabay.png","width":640,"height":480},{"@type":"BreadcrumbList","@id":"https:\/\/www.rri.ro\/de\/aktuell\/rri-aktuell\/regierung-aendert-justizgesetze-id462371.html#breadcrumb","itemListElement":[{"@type":"ListItem","position":1,"name":"Startseite","item":"https:\/\/www.rri.ro\/de"},{"@type":"ListItem","position":2,"name":"Aktuell","item":"https:\/\/www.rri.ro\/de\/aktuell"},{"@type":"ListItem","position":3,"name":"RRI Aktuell","item":"https:\/\/www.rri.ro\/de\/aktuell\/rri-aktuell"},{"@type":"ListItem","position":4,"name":"Regierung \u00e4ndert Justizgesetze"}]},{"@type":"WebSite","@id":"https:\/\/www.rri.ro\/#website","url":"https:\/\/www.rri.ro\/","name":"Radio Rum\u00e4nien International","description":"Totul despre Rom\u00e2nia \u015fi rom\u00e2ni, \u00een 13 limbi\/dialecte!","inLanguage":"de"},{"@type":"Person","@id":"https:\/\/www.rri.ro\/#\/schema\/person\/2d81d5dc94d44190d13245f64551d334","name":"\u015etefan Stoica","url":"https:\/\/www.rri.ro\/de\/author\/stefan-stoica"}]}},"_links":{"self":[{"href":"https:\/\/www.rri.ro\/de\/wp-json\/wp\/v2\/posts\/462371","targetHints":{"allow":["GET"]}}],"collection":[{"href":"https:\/\/www.rri.ro\/de\/wp-json\/wp\/v2\/posts"}],"about":[{"href":"https:\/\/www.rri.ro\/de\/wp-json\/wp\/v2\/types\/post"}],"author":[{"embeddable":true,"href":"https:\/\/www.rri.ro\/de\/wp-json\/wp\/v2\/users\/110"}],"replies":[{"embeddable":true,"href":"https:\/\/www.rri.ro\/de\/wp-json\/wp\/v2\/comments?post=462371"}],"version-history":[{"count":0,"href":"https:\/\/www.rri.ro\/de\/wp-json\/wp\/v2\/posts\/462371\/revisions"}],"wp:featuredmedia":[{"embeddable":true,"href":"https:\/\/www.rri.ro\/de\/wp-json\/wp\/v2\/media\/84996"}],"wp:attachment":[{"href":"https:\/\/www.rri.ro\/de\/wp-json\/wp\/v2\/media?parent=462371"}],"wp:term":[{"taxonomy":"category","embeddable":true,"href":"https:\/\/www.rri.ro\/de\/wp-json\/wp\/v2\/categories?post=462371"},{"taxonomy":"post_tag","embeddable":true,"href":"https:\/\/www.rri.ro\/de\/wp-json\/wp\/v2\/tags?post=462371"},{"taxonomy":"author","embeddable":true,"href":"https:\/\/www.rri.ro\/de\/wp-json\/wp\/v2\/coauthors?post=462371"}],"curies":[{"name":"wp","href":"https:\/\/api.w.org\/{rel}","templated":true}]}}