{"id":462438,"date":"2022-11-25T17:31:00","date_gmt":"2022-11-25T15:31:00","guid":{"rendered":"http:\/\/devrri.freshlemon.ro\/aktuell\/bruttomindestlohn-ab-1-januar-2023-auf-600-euro-erhoeht-id462438.html"},"modified":"2024-02-19T21:14:54","modified_gmt":"2024-02-19T19:14:54","slug":"bruttomindestlohn-ab-1-januar-2023-auf-600-euro-erhoeht","status":"publish","type":"post","link":"https:\/\/www.rri.ro\/de\/aktuell\/rri-aktuell\/bruttomindestlohn-ab-1-januar-2023-auf-600-euro-erhoeht-id462438.html","title":{"rendered":"Bruttomindestlohn ab 1. Januar 2023 auf 600 Euro erh\u00f6ht"},"content":{"rendered":"<p align=justify>\n<p>&#13;<br \/>\n<iframe width=100% height=20 scrolling=no frameborder=no allow=autoplay src=https:\/\/w.soundcloud.com\/player\/?url=https%3A\/\/api.soundcloud.com\/tracks\/1390374793&#038;color=%2300b7f1&#038;inverse=false&#038;auto_play=false&#038;show_user=true><\/iframe><\/p>\n<div style=font-size: 10px; color: #cccccc;line-break: anywhere;word-break: normal;overflow: hidden;white-space: nowrap;text-overflow: ellipsis; font-family: Interstate,Lucida Grande,Lucida Sans Unicode,Lucida Sans,Garuda,Verdana,Tahoma,sans-serif;font-weight: 100;><a href=\"https:\/\/soundcloud.com\/radioromaniainternational\" title=\"RadioRomaniaInternational\" target=\"_blank\" style=\"color:\" text-decoration: rel=\"noopener\">RadioRomaniaInternational<\/a> \u00b7 <a href=\"https:\/\/soundcloud.com\/radioromaniainternational\/bruttomindestlohn-ab-1-januar-2023-auf-600-euro-erhoht\" title=\"Bruttomindestlohn\" ab Januar auf Euro target=\"_blank\" style=\"color:\" text-decoration: rel=\"noopener\">Bruttomindestlohn ab 1. Januar 2023 auf 600 Euro erh\u00f6ht<\/a><\/div>\n<p>&#13;<\/p>\n<p align=justify>\n<p>&#13;<br \/>\n&#13;<\/p>\n<p align=justify>Angesichts einer der h\u00f6chsten Inflationsraten in der Europ\u00e4ischen Union wird es f\u00fcr die Rum\u00e4nen immer schwieriger, den Alltag finanziell zu bew\u00e4ltigen. Geringverdiener sind am st\u00e4rksten betroffen und leiden unter den steigenden Preisen, die das ganze Jahr \u00fcber im Zusammenhang mit dem Krieg in der benachbarten Ukraine angezogen sind. Generell konfrontieren sich die EU-L\u00e4nder mit einer noch nie dagewesenen Energiekrise und einer hohen Inflation. Dieser Wirtschaftsindikator liegt in Rum\u00e4nien derzeit bei etwa 15,5 %, und die Nationalbank sch\u00e4tzt ihn f\u00fcr Ende dieses Jahres auf 16,3 %.<\/p>\n<p>&#13;<br \/>\n&#13;<\/p>\n<p align=justify>\n<p>&#13;<br \/>\n&#13;<\/p>\n<p align=justify>Eine Situation, die Ma\u200e\u00dfnahmen erfordert. In erster Linie haben die Entscheidungstr\u00e4ger an die Rentner gedacht; vor kurzem wurde beschlossen, die Renten ab dem 1. Januar um 12,5 % zu erh\u00f6hen und weitere Leistungen zu gew\u00e4hren, um den Bed\u00fcrftigsten unter ihnen zu helfen, diese unsicheren Zeiten zu \u00fcberstehen. Nun sind die Geringverdiener an der Reihe, f\u00fcr die die Exekutive und die Sozialpartner am Donnerstag eine Einigung erzielt haben. Der Bruttomindestlohn wird am 1. Januar von 2.550 Lei (ca. 510 Euro) auf 3.000 Lei (ca. 600 Euro) steigen. Insgesamt werden fast 2,2 Millionen Mindestlohnempf\u00e4nger mehr Geld erhalten. Auch im Baugewerbe wird der Lohn nicht unter 4.000 Lei (etwa 800 \u20ac) liegen.<\/p>\n<p>&#13;<br \/>\n&#13;<\/p>\n<p align=justify>\n<p>&#13;<br \/>\n&#13;<\/p>\n<p align=justify>Die Entscheidungen wurden in Gespr\u00e4chen zwischen der Exekutive, den Gewerkschaften und den Arbeitgebern vereinbart. Laut Vasile Priceputu, dem Vertreter der kleinen und mittleren Unternehmen, sollen von den 3.000 Lei (600 Euro) 200 Lei (40 Euro) nicht besteuert werden, und Anfang n\u00e4chster Woche werden die Mitglieder des Dreiparteienrates f\u00fcr den sozialen Dialog auch Vorschl\u00e4ge f\u00fcr m\u00f6gliche Steuerabz\u00fcge f\u00fcr Betr\u00e4ge unterbreiten, die \u00fcber die 3.000 Lei hinausgehen. Vasile Priceputu:<\/p>\n<p>&#13;<br \/>\n&#13;<\/p>\n<p align=justify>&#13;<br \/>\n<em>Die Menschen m\u00fcssen wissen, dass der Mindestlohn ab dem 1. Januar 2023 3.000 Lei <\/em><em>(600 Euro) betragen wird, wobei 200 Lei (40 Euro) aus der Erh\u00f6hung um 450 Lei (90 Euro) nicht besteuert werden. Wie ich schon in der Sitzung sagte, wollen wir alle, dass unsere Arbeitnehmer mehr Geld verdienen. Wir m\u00fcssen vern\u00fcnftig sein, im Baugewerbe gibt es keine L\u00f6hne unter 4.000 Lei (800 Euro) netto. Selbst der unqualifizierteste Arbeiter bekommt mehr. Auch in diesem Fall ist der Vorschlag vern\u00fcnftig, und der Rat hat ihn unterst\u00fctzt.\u201c<\/em><\/p>\n<p>&#13;<br \/>\n&#13;<\/p>\n<p align=justify>&#13;\n <\/p>\n<p>&#13;<br \/>\n&#13;<\/p>\n<p align=justify>Experten erwarten, dass sich die Erh\u00f6hung positiv auf das Wirtschaftswachstum auswirkt, indem sie die Besch\u00e4ftigung f\u00f6rdert, die Kaufkraft der Arbeitnehmer erh\u00f6ht und der nicht angemeldeten Erwerbst\u00e4tigkeit entgegenwirkt. Auch die Vertreter des Arbeitsministeriums sind der Ansicht, dass die Erh\u00f6hung des Bruttomindestlohns positive Folgen haben wird, da bestimmte Kategorien von Arbeitnehmern, vor allem Frauen und junge Menschen, in die Bereiche des Arbeitsmarktes ziehen werden, wo eine hohe Nachfrage nach Arbeitskr\u00e4ften besteht.<\/p>\n<p>&#13;<\/p>\n","protected":false},"excerpt":{"rendered":"<p>Die Regierung in Bukarest hat bekannt gegeben, dass sie sich mit den Sozialpartnern auf eine Erh\u00f6hung des Bruttomindestlohns ab dem 1. Januar 2023 geeinigt hat.<\/p>\n","protected":false},"author":108,"featured_media":92483,"comment_status":"closed","ping_status":"closed","sticky":false,"template":"","format":"standard","meta":{"_acf_changed":false,"footnotes":""},"categories":[99583],"tags":[105593,105662,99610,99589,104810,105663],"coauthors":[],"class_list":["post-462438","post","type-post","status-publish","format-standard","has-post-thumbnail","hentry","category-rri-aktuell","tag-baugewerbe","tag-kmm","tag-mindestlohn","tag-rumaenien","tag-sozialpartner","tag-vasile-priceputu"],"acf":[],"yoast_head":"<!-- This site is optimized with the Yoast SEO plugin v27.3 - https:\/\/yoast.com\/product\/yoast-seo-wordpress\/ -->\n<title>Bruttomindestlohn ab 1. Januar 2023 auf 600 Euro erh\u00f6ht - Radio Rum\u00e4nien International<\/title>\n<meta name=\"robots\" content=\"index, follow, max-snippet:-1, max-image-preview:large, max-video-preview:-1\" \/>\n<link rel=\"canonical\" href=\"https:\/\/www.rri.ro\/de\/aktuell\/rri-aktuell\/bruttomindestlohn-ab-1-januar-2023-auf-600-euro-erhoeht-id462438.html\" \/>\n<meta property=\"og:locale\" content=\"de_DE\" \/>\n<meta property=\"og:type\" content=\"article\" \/>\n<meta property=\"og:title\" content=\"Bruttomindestlohn ab 1. Januar 2023 auf 600 Euro erh\u00f6ht - Radio Rum\u00e4nien International\" \/>\n<meta property=\"og:description\" content=\"Die Regierung in Bukarest hat bekannt gegeben, dass sie sich mit den Sozialpartnern auf eine Erh\u00f6hung des Bruttomindestlohns ab dem 1. Januar 2023 geeinigt hat.\" \/>\n<meta property=\"og:url\" content=\"https:\/\/www.rri.ro\/de\/aktuell\/rri-aktuell\/bruttomindestlohn-ab-1-januar-2023-auf-600-euro-erhoeht-id462438.html\" \/>\n<meta property=\"og:site_name\" content=\"Radio Rum\u00e4nien International\" \/>\n<meta property=\"article:published_time\" content=\"2022-11-25T15:31:00+00:00\" \/>\n<meta property=\"article:modified_time\" content=\"2024-02-19T19:14:54+00:00\" \/>\n<meta property=\"og:image\" content=\"https:\/\/www.rri.ro\/wp-content\/uploads\/2023\/10\/bani-romanesti-lei-economie-ron-foto-septimiu-pixabay-com.png\" \/>\n\t<meta property=\"og:image:width\" content=\"640\" \/>\n\t<meta property=\"og:image:height\" content=\"346\" \/>\n\t<meta property=\"og:image:type\" content=\"image\/png\" \/>\n<meta name=\"author\" content=\"Corina Cristea\" \/>\n<meta name=\"twitter:card\" content=\"summary_large_image\" \/>\n<meta name=\"twitter:label1\" content=\"Verfasst von\" \/>\n\t<meta name=\"twitter:data1\" content=\"Corina Cristea\" \/>\n\t<meta name=\"twitter:label2\" content=\"Gesch\u00e4tzte Lesezeit\" \/>\n\t<meta name=\"twitter:data2\" content=\"2\u00a0Minuten\" \/>\n\t<meta name=\"twitter:label3\" content=\"Written by\" \/>\n\t<meta name=\"twitter:data3\" content=\"Corina Cristea\" \/>\n<script type=\"application\/ld+json\" class=\"yoast-schema-graph\">{\"@context\":\"https:\\\/\\\/schema.org\",\"@graph\":[{\"@type\":\"Article\",\"@id\":\"https:\\\/\\\/www.rri.ro\\\/de\\\/aktuell\\\/rri-aktuell\\\/bruttomindestlohn-ab-1-januar-2023-auf-600-euro-erhoeht-id462438.html#article\",\"isPartOf\":{\"@id\":\"https:\\\/\\\/www.rri.ro\\\/de\\\/aktuell\\\/rri-aktuell\\\/bruttomindestlohn-ab-1-januar-2023-auf-600-euro-erhoeht-id462438.html\"},\"author\":{\"name\":\"Corina Cristea\",\"@id\":\"https:\\\/\\\/www.rri.ro\\\/#\\\/schema\\\/person\\\/f9ab1cb3569dee1b2c033a814bb7f0fc\"},\"headline\":\"Bruttomindestlohn ab 1. Januar 2023 auf 600 Euro erh\u00f6ht\",\"datePublished\":\"2022-11-25T15:31:00+00:00\",\"dateModified\":\"2024-02-19T19:14:54+00:00\",\"mainEntityOfPage\":{\"@id\":\"https:\\\/\\\/www.rri.ro\\\/de\\\/aktuell\\\/rri-aktuell\\\/bruttomindestlohn-ab-1-januar-2023-auf-600-euro-erhoeht-id462438.html\"},\"wordCount\":440,\"image\":{\"@id\":\"https:\\\/\\\/www.rri.ro\\\/de\\\/aktuell\\\/rri-aktuell\\\/bruttomindestlohn-ab-1-januar-2023-auf-600-euro-erhoeht-id462438.html#primaryimage\"},\"thumbnailUrl\":\"https:\\\/\\\/www.rri.ro\\\/wp-content\\\/uploads\\\/2023\\\/10\\\/bani-romanesti-lei-economie-ron-foto-septimiu-pixabay-com.png\",\"keywords\":[\"Baugewerbe\",\"KMM\",\"Mindestlohn\",\"Rum\u00e4nien\",\"Sozialpartner\",\"Vasile Priceputu\"],\"articleSection\":[\"RRI Aktuell\"],\"inLanguage\":\"de\"},{\"@type\":\"WebPage\",\"@id\":\"https:\\\/\\\/www.rri.ro\\\/de\\\/aktuell\\\/rri-aktuell\\\/bruttomindestlohn-ab-1-januar-2023-auf-600-euro-erhoeht-id462438.html\",\"url\":\"https:\\\/\\\/www.rri.ro\\\/de\\\/aktuell\\\/rri-aktuell\\\/bruttomindestlohn-ab-1-januar-2023-auf-600-euro-erhoeht-id462438.html\",\"name\":\"Bruttomindestlohn ab 1. Januar 2023 auf 600 Euro erh\u00f6ht - Radio Rum\u00e4nien International\",\"isPartOf\":{\"@id\":\"https:\\\/\\\/www.rri.ro\\\/#website\"},\"primaryImageOfPage\":{\"@id\":\"https:\\\/\\\/www.rri.ro\\\/de\\\/aktuell\\\/rri-aktuell\\\/bruttomindestlohn-ab-1-januar-2023-auf-600-euro-erhoeht-id462438.html#primaryimage\"},\"image\":{\"@id\":\"https:\\\/\\\/www.rri.ro\\\/de\\\/aktuell\\\/rri-aktuell\\\/bruttomindestlohn-ab-1-januar-2023-auf-600-euro-erhoeht-id462438.html#primaryimage\"},\"thumbnailUrl\":\"https:\\\/\\\/www.rri.ro\\\/wp-content\\\/uploads\\\/2023\\\/10\\\/bani-romanesti-lei-economie-ron-foto-septimiu-pixabay-com.png\",\"datePublished\":\"2022-11-25T15:31:00+00:00\",\"dateModified\":\"2024-02-19T19:14:54+00:00\",\"author\":{\"@id\":\"https:\\\/\\\/www.rri.ro\\\/#\\\/schema\\\/person\\\/f9ab1cb3569dee1b2c033a814bb7f0fc\"},\"breadcrumb\":{\"@id\":\"https:\\\/\\\/www.rri.ro\\\/de\\\/aktuell\\\/rri-aktuell\\\/bruttomindestlohn-ab-1-januar-2023-auf-600-euro-erhoeht-id462438.html#breadcrumb\"},\"inLanguage\":\"de\",\"potentialAction\":[{\"@type\":\"ReadAction\",\"target\":[\"https:\\\/\\\/www.rri.ro\\\/de\\\/aktuell\\\/rri-aktuell\\\/bruttomindestlohn-ab-1-januar-2023-auf-600-euro-erhoeht-id462438.html\"]}]},{\"@type\":\"ImageObject\",\"inLanguage\":\"de\",\"@id\":\"https:\\\/\\\/www.rri.ro\\\/de\\\/aktuell\\\/rri-aktuell\\\/bruttomindestlohn-ab-1-januar-2023-auf-600-euro-erhoeht-id462438.html#primaryimage\",\"url\":\"https:\\\/\\\/www.rri.ro\\\/wp-content\\\/uploads\\\/2023\\\/10\\\/bani-romanesti-lei-economie-ron-foto-septimiu-pixabay-com.png\",\"contentUrl\":\"https:\\\/\\\/www.rri.ro\\\/wp-content\\\/uploads\\\/2023\\\/10\\\/bani-romanesti-lei-economie-ron-foto-septimiu-pixabay-com.png\",\"width\":640,\"height\":346},{\"@type\":\"BreadcrumbList\",\"@id\":\"https:\\\/\\\/www.rri.ro\\\/de\\\/aktuell\\\/rri-aktuell\\\/bruttomindestlohn-ab-1-januar-2023-auf-600-euro-erhoeht-id462438.html#breadcrumb\",\"itemListElement\":[{\"@type\":\"ListItem\",\"position\":1,\"name\":\"Startseite\",\"item\":\"https:\\\/\\\/www.rri.ro\\\/de\"},{\"@type\":\"ListItem\",\"position\":2,\"name\":\"Aktuell\",\"item\":\"https:\\\/\\\/www.rri.ro\\\/de\\\/aktuell\"},{\"@type\":\"ListItem\",\"position\":3,\"name\":\"RRI Aktuell\",\"item\":\"https:\\\/\\\/www.rri.ro\\\/de\\\/aktuell\\\/rri-aktuell\"},{\"@type\":\"ListItem\",\"position\":4,\"name\":\"Bruttomindestlohn ab 1. Januar 2023 auf 600 Euro erh\u00f6ht\"}]},{\"@type\":\"WebSite\",\"@id\":\"https:\\\/\\\/www.rri.ro\\\/#website\",\"url\":\"https:\\\/\\\/www.rri.ro\\\/\",\"name\":\"Radio Rum\u00e4nien International\",\"description\":\"Totul despre Rom\u00e2nia \u015fi rom\u00e2ni, \u00een 13 limbi\\\/dialecte!\",\"inLanguage\":\"de\"},{\"@type\":\"Person\",\"@id\":\"https:\\\/\\\/www.rri.ro\\\/#\\\/schema\\\/person\\\/f9ab1cb3569dee1b2c033a814bb7f0fc\",\"name\":\"Corina Cristea\",\"url\":\"https:\\\/\\\/www.rri.ro\\\/de\\\/author\\\/corina-cristea\"}]}<\/script>\n<!-- \/ Yoast SEO plugin. -->","yoast_head_json":{"title":"Bruttomindestlohn ab 1. Januar 2023 auf 600 Euro erh\u00f6ht - Radio Rum\u00e4nien International","robots":{"index":"index","follow":"follow","max-snippet":"max-snippet:-1","max-image-preview":"max-image-preview:large","max-video-preview":"max-video-preview:-1"},"canonical":"https:\/\/www.rri.ro\/de\/aktuell\/rri-aktuell\/bruttomindestlohn-ab-1-januar-2023-auf-600-euro-erhoeht-id462438.html","og_locale":"de_DE","og_type":"article","og_title":"Bruttomindestlohn ab 1. Januar 2023 auf 600 Euro erh\u00f6ht - Radio Rum\u00e4nien International","og_description":"Die Regierung in Bukarest hat bekannt gegeben, dass sie sich mit den Sozialpartnern auf eine Erh\u00f6hung des Bruttomindestlohns ab dem 1. Januar 2023 geeinigt hat.","og_url":"https:\/\/www.rri.ro\/de\/aktuell\/rri-aktuell\/bruttomindestlohn-ab-1-januar-2023-auf-600-euro-erhoeht-id462438.html","og_site_name":"Radio Rum\u00e4nien International","article_published_time":"2022-11-25T15:31:00+00:00","article_modified_time":"2024-02-19T19:14:54+00:00","og_image":[{"width":640,"height":346,"url":"https:\/\/www.rri.ro\/wp-content\/uploads\/2023\/10\/bani-romanesti-lei-economie-ron-foto-septimiu-pixabay-com.png","type":"image\/png"}],"author":"Corina Cristea","twitter_card":"summary_large_image","twitter_misc":{"Verfasst von":"Corina Cristea","Gesch\u00e4tzte Lesezeit":"2\u00a0Minuten","Written by":"Corina Cristea"},"schema":{"@context":"https:\/\/schema.org","@graph":[{"@type":"Article","@id":"https:\/\/www.rri.ro\/de\/aktuell\/rri-aktuell\/bruttomindestlohn-ab-1-januar-2023-auf-600-euro-erhoeht-id462438.html#article","isPartOf":{"@id":"https:\/\/www.rri.ro\/de\/aktuell\/rri-aktuell\/bruttomindestlohn-ab-1-januar-2023-auf-600-euro-erhoeht-id462438.html"},"author":{"name":"Corina Cristea","@id":"https:\/\/www.rri.ro\/#\/schema\/person\/f9ab1cb3569dee1b2c033a814bb7f0fc"},"headline":"Bruttomindestlohn ab 1. Januar 2023 auf 600 Euro erh\u00f6ht","datePublished":"2022-11-25T15:31:00+00:00","dateModified":"2024-02-19T19:14:54+00:00","mainEntityOfPage":{"@id":"https:\/\/www.rri.ro\/de\/aktuell\/rri-aktuell\/bruttomindestlohn-ab-1-januar-2023-auf-600-euro-erhoeht-id462438.html"},"wordCount":440,"image":{"@id":"https:\/\/www.rri.ro\/de\/aktuell\/rri-aktuell\/bruttomindestlohn-ab-1-januar-2023-auf-600-euro-erhoeht-id462438.html#primaryimage"},"thumbnailUrl":"https:\/\/www.rri.ro\/wp-content\/uploads\/2023\/10\/bani-romanesti-lei-economie-ron-foto-septimiu-pixabay-com.png","keywords":["Baugewerbe","KMM","Mindestlohn","Rum\u00e4nien","Sozialpartner","Vasile Priceputu"],"articleSection":["RRI Aktuell"],"inLanguage":"de"},{"@type":"WebPage","@id":"https:\/\/www.rri.ro\/de\/aktuell\/rri-aktuell\/bruttomindestlohn-ab-1-januar-2023-auf-600-euro-erhoeht-id462438.html","url":"https:\/\/www.rri.ro\/de\/aktuell\/rri-aktuell\/bruttomindestlohn-ab-1-januar-2023-auf-600-euro-erhoeht-id462438.html","name":"Bruttomindestlohn ab 1. Januar 2023 auf 600 Euro erh\u00f6ht - Radio Rum\u00e4nien International","isPartOf":{"@id":"https:\/\/www.rri.ro\/#website"},"primaryImageOfPage":{"@id":"https:\/\/www.rri.ro\/de\/aktuell\/rri-aktuell\/bruttomindestlohn-ab-1-januar-2023-auf-600-euro-erhoeht-id462438.html#primaryimage"},"image":{"@id":"https:\/\/www.rri.ro\/de\/aktuell\/rri-aktuell\/bruttomindestlohn-ab-1-januar-2023-auf-600-euro-erhoeht-id462438.html#primaryimage"},"thumbnailUrl":"https:\/\/www.rri.ro\/wp-content\/uploads\/2023\/10\/bani-romanesti-lei-economie-ron-foto-septimiu-pixabay-com.png","datePublished":"2022-11-25T15:31:00+00:00","dateModified":"2024-02-19T19:14:54+00:00","author":{"@id":"https:\/\/www.rri.ro\/#\/schema\/person\/f9ab1cb3569dee1b2c033a814bb7f0fc"},"breadcrumb":{"@id":"https:\/\/www.rri.ro\/de\/aktuell\/rri-aktuell\/bruttomindestlohn-ab-1-januar-2023-auf-600-euro-erhoeht-id462438.html#breadcrumb"},"inLanguage":"de","potentialAction":[{"@type":"ReadAction","target":["https:\/\/www.rri.ro\/de\/aktuell\/rri-aktuell\/bruttomindestlohn-ab-1-januar-2023-auf-600-euro-erhoeht-id462438.html"]}]},{"@type":"ImageObject","inLanguage":"de","@id":"https:\/\/www.rri.ro\/de\/aktuell\/rri-aktuell\/bruttomindestlohn-ab-1-januar-2023-auf-600-euro-erhoeht-id462438.html#primaryimage","url":"https:\/\/www.rri.ro\/wp-content\/uploads\/2023\/10\/bani-romanesti-lei-economie-ron-foto-septimiu-pixabay-com.png","contentUrl":"https:\/\/www.rri.ro\/wp-content\/uploads\/2023\/10\/bani-romanesti-lei-economie-ron-foto-septimiu-pixabay-com.png","width":640,"height":346},{"@type":"BreadcrumbList","@id":"https:\/\/www.rri.ro\/de\/aktuell\/rri-aktuell\/bruttomindestlohn-ab-1-januar-2023-auf-600-euro-erhoeht-id462438.html#breadcrumb","itemListElement":[{"@type":"ListItem","position":1,"name":"Startseite","item":"https:\/\/www.rri.ro\/de"},{"@type":"ListItem","position":2,"name":"Aktuell","item":"https:\/\/www.rri.ro\/de\/aktuell"},{"@type":"ListItem","position":3,"name":"RRI Aktuell","item":"https:\/\/www.rri.ro\/de\/aktuell\/rri-aktuell"},{"@type":"ListItem","position":4,"name":"Bruttomindestlohn ab 1. Januar 2023 auf 600 Euro erh\u00f6ht"}]},{"@type":"WebSite","@id":"https:\/\/www.rri.ro\/#website","url":"https:\/\/www.rri.ro\/","name":"Radio Rum\u00e4nien International","description":"Totul despre Rom\u00e2nia \u015fi rom\u00e2ni, \u00een 13 limbi\/dialecte!","inLanguage":"de"},{"@type":"Person","@id":"https:\/\/www.rri.ro\/#\/schema\/person\/f9ab1cb3569dee1b2c033a814bb7f0fc","name":"Corina Cristea","url":"https:\/\/www.rri.ro\/de\/author\/corina-cristea"}]}},"_links":{"self":[{"href":"https:\/\/www.rri.ro\/de\/wp-json\/wp\/v2\/posts\/462438","targetHints":{"allow":["GET"]}}],"collection":[{"href":"https:\/\/www.rri.ro\/de\/wp-json\/wp\/v2\/posts"}],"about":[{"href":"https:\/\/www.rri.ro\/de\/wp-json\/wp\/v2\/types\/post"}],"author":[{"embeddable":true,"href":"https:\/\/www.rri.ro\/de\/wp-json\/wp\/v2\/users\/108"}],"replies":[{"embeddable":true,"href":"https:\/\/www.rri.ro\/de\/wp-json\/wp\/v2\/comments?post=462438"}],"version-history":[{"count":0,"href":"https:\/\/www.rri.ro\/de\/wp-json\/wp\/v2\/posts\/462438\/revisions"}],"wp:featuredmedia":[{"embeddable":true,"href":"https:\/\/www.rri.ro\/de\/wp-json\/wp\/v2\/media\/92483"}],"wp:attachment":[{"href":"https:\/\/www.rri.ro\/de\/wp-json\/wp\/v2\/media?parent=462438"}],"wp:term":[{"taxonomy":"category","embeddable":true,"href":"https:\/\/www.rri.ro\/de\/wp-json\/wp\/v2\/categories?post=462438"},{"taxonomy":"post_tag","embeddable":true,"href":"https:\/\/www.rri.ro\/de\/wp-json\/wp\/v2\/tags?post=462438"},{"taxonomy":"author","embeddable":true,"href":"https:\/\/www.rri.ro\/de\/wp-json\/wp\/v2\/coauthors?post=462438"}],"curies":[{"name":"wp","href":"https:\/\/api.w.org\/{rel}","templated":true}]}}