{"id":462452,"date":"2022-12-15T13:19:00","date_gmt":"2022-12-15T11:19:00","guid":{"rendered":"http:\/\/devrri.freshlemon.ro\/aktuell\/das-parlament-hat-den-staatshaushalt-fuer-2023-verabschiedet-id462452.html"},"modified":"2024-02-19T21:15:06","modified_gmt":"2024-02-19T19:15:06","slug":"das-parlament-hat-den-staatshaushalt-fuer-2023-verabschiedet","status":"publish","type":"post","link":"https:\/\/www.rri.ro\/de\/aktuell\/rri-aktuell\/das-parlament-hat-den-staatshaushalt-fuer-2023-verabschiedet-id462452.html","title":{"rendered":"Das Parlament hat den Staatshaushalt f\u00fcr 2023 verabschiedet"},"content":{"rendered":"<\/p>\n<p>&#13;<br \/>\n&#13;<\/p>\n<p align=right>\n<p>&#13;<br \/>\n&#13;<\/p>\n<p>Innerhalb von weniger als einer Woche nach der Verabschiedung durch die Exekutive wurden der Staatshaushalt und der Haushalt der staatlichen Sozialversicherung vom Parlament angenommen. Die Version des Parlaments ist in der endg\u00fcltigen Form sehr nahe an der Version der Regierung. Die Verabschiedung des Gesetzes wurde durch Abgeordnete und Senatoren der Regierungskoalition beschleunigt. Nur einige wenige \u00c4nderungsantr\u00e4ge wurden akzeptiert, w\u00e4hrend die Vorschl\u00e4ge der Opposition f\u00fcr umfangreiche zus\u00e4tzliche Mittelzuweisungen abgelehnt wurden.<\/p>\n<p>&#13;<br \/>\n&#13;<\/p>\n<p>&#13;<br \/>\n&#13;<\/p>\n<p>&#13;<br \/>\n&#13;<\/p>\n<p>Der Haushalt beinhaltet Ma\u200e\u00dfnahmen, die Schwachstellen in der Wirtschaft beseitigen und Investitionen erm\u00f6glichen &#8211; so die Vertreter der Regierungsparteien. Die Liberalen sehen in diesem Haushalt eine Priorit\u00e4t, da er sich auf einen einzigen Satz und nicht auf eine progressiv ansteigende Steuerbasis st\u00fctzt. Dieser Haushalt, so die PNL, wird alle Rum\u00e4ninnen und Rum\u00e4nen beim \u00dcberwinden der aktuellen Krise unterst\u00fctzen. Der liberale Premierminister Nicolae Ciuc\u0103: &#8222;Wir werden unsere Aufmerksamkeit weiterhin auf alles richten, was die Unterst\u00fctzung des Gesch\u00e4ftsumfelds, der Investitionen, des Schutzes der B\u00fcrger und des Schutzes der gef\u00e4hrdeten B\u00fcrger bedeuten kann.&#8220;<\/p>\n<p>&#13;<br \/>\n&#13;<\/p>\n<p>&#13;<br \/>\n&#13;<\/p>\n<p>&#13;<br \/>\n&#13;<\/p>\n<p>Die Sozialdemokraten sagen, dass der Haushalt ausgeglichen ist, dass es Wirtschaftswachstum gibt und dass das Defizit sinkt. Au\u200e\u00dferdem behaupten sie, dass der Haushalt Rekordinvestitionen beinhaltet. Wir haben Sozialausgaben f\u00fcr sozial Schwache, Ausgleichszahlungen f\u00fcr Energiepreise, Jugendprogramme, aber auch Lohn- und Rentenerh\u00f6hungen, f\u00fcgen sie hinzu. PSD-Chef Marcel Ciolacu: &#8222;Wir haben zum ersten Mal vor Ende des Jahres einen Haushalt, sodass k\u00fcnftig alle lokalen Beh\u00f6rden ihre Investitionen ab dem 1. Januar planen k\u00f6nnen.&#8220;<\/p>\n<p>&#13;<br \/>\n&#13;<\/p>\n<p>&#13;<br \/>\n&#13;<\/p>\n<p>&#13;<br \/>\n&#13;<\/p>\n<p>Die Opposition kritisiert den Haushalt als kurzsichtig und unrealistisch. &#8222;Das Budget ist unseri\u00f6s, genau wie Sie es letztes Jahr waren, indem Sie \u00fcberh\u00f6hte Einnahmen angesetzt haben, um \u00fcbertriebene Ausgabensteigerungen zu finanzieren&#8220;, sagt die \u00f6ko-liberale USR. Der USR-Vorsitzende C\u0103t\u0103lin Drul\u0103: &#8222;Ein verlogener, inflation\u00e4rer Haushalt, der den Preiserh\u00f6hungen, die jeden Tag stattfinden, noch mehr \u00d6l ins Feuer gie\u200e\u00dfen wird. Wir haben mit Nein gestimmt&#8220;.<\/p>\n<p>&#13;<br \/>\n&#13;<\/p>\n<p>&#13;<br \/>\n&#13;<\/p>\n<p>&#13;<br \/>\n&#13;<\/p>\n<p>Aus Sicht der ultranationalen AUR ist der derzeitige Haushalt keiner f\u00fcr die Entwicklung und den Wiederaufbau des Landes, sondern ein \u00dcberlebenshaushalt, ein Haushalt zur Deckung des Defizits. Der AUR-Vorsitzende George Simion: &#8222;Wir bem\u00fchen uns, um zwei Lei mehr f\u00fcr die Rente, einen Lei mehr f\u00fcr das Gehalt und um von 100 Br\u00fccken eine oder zwei zu reparieren. Das Land wird keine finanziellen Mittel f\u00fcr die Reindustrialisierung, f\u00fcr neue Energieanlagen erhalten.&#8220;<\/p>\n<p>&#13;<br \/>\n&#13;<\/p>\n<p>&#13;<br \/>\n&#13;<\/p>\n<p>&#13;<br \/>\n&#13;<\/p>\n<p>Der Staatshaushalt prognostiziert f\u00fcr das kommende Jahr ein Wirtschaftswachstum in H\u00f6he von 2,8 % des Bruttoinlandsprodukts und eine durchschnittliche j\u00e4hrliche Inflationsrate von 8 % bis Ende 2023. Das Haushaltsdefizit wird von 80 Milliarden Lei (etwa umgerechnet 16 Milliarden Euro) in diesem Jahr auf 68,2 Milliarden Lei (umgerechnet 13,2 Milliarden Euro) sinken. Zu den Ma\u200e\u00dfnahmen geh\u00f6ren eine Rentenanpassung um 12,5 %, eine Anhebung des Mindestlohns auf einen Betrag von 3.000 Lei (ca. 600 \u20ac) und finanzielle Unterst\u00fctzung f\u00fcr Geringverdiener.<\/p>\n<p>&#13;<br \/>\n&#13;<\/p>\n<p>&#13;<br \/>\n&#13;<\/p>\n<p>&#13;<\/p>\n","protected":false},"excerpt":{"rendered":"<p>Die Senatoren und Abgeordneten in Bukarest haben den Staatshaushalt und den Haushalt der staatlichen Sozialversicherung f\u00fcr 2023 verabschiedet.<\/p>\n","protected":false},"author":108,"featured_media":73974,"comment_status":"closed","ping_status":"closed","sticky":false,"template":"","format":"standard","meta":{"_acf_changed":false,"footnotes":""},"categories":[99583],"tags":[149918,145379,143777,143776,99798,144286,99757],"coauthors":[],"class_list":["post-462452","post","type-post","status-publish","format-standard","has-post-thumbnail","hentry","category-rri-aktuell","tag-aur-de","tag-parlament-de","tag-pnl-de","tag-psd-de","tag-staatshaushalt","tag-usr-de","tag-wirtschaft"],"acf":[],"yoast_head":"<!-- This site is optimized with the Yoast SEO plugin v27.3 - https:\/\/yoast.com\/product\/yoast-seo-wordpress\/ -->\n<title>Das Parlament hat den Staatshaushalt f\u00fcr 2023 verabschiedet - Radio Rum\u00e4nien International<\/title>\n<meta name=\"robots\" content=\"index, follow, max-snippet:-1, max-image-preview:large, max-video-preview:-1\" \/>\n<link rel=\"canonical\" href=\"https:\/\/www.rri.ro\/de\/aktuell\/rri-aktuell\/das-parlament-hat-den-staatshaushalt-fuer-2023-verabschiedet-id462452.html\" \/>\n<meta property=\"og:locale\" content=\"de_DE\" \/>\n<meta property=\"og:type\" content=\"article\" \/>\n<meta property=\"og:title\" content=\"Das Parlament hat den Staatshaushalt f\u00fcr 2023 verabschiedet - Radio Rum\u00e4nien International\" \/>\n<meta property=\"og:description\" content=\"Die Senatoren und Abgeordneten in Bukarest haben den Staatshaushalt und den Haushalt der staatlichen Sozialversicherung f\u00fcr 2023 verabschiedet.\" \/>\n<meta property=\"og:url\" content=\"https:\/\/www.rri.ro\/de\/aktuell\/rri-aktuell\/das-parlament-hat-den-staatshaushalt-fuer-2023-verabschiedet-id462452.html\" \/>\n<meta property=\"og:site_name\" content=\"Radio Rum\u00e4nien International\" \/>\n<meta property=\"article:published_time\" content=\"2022-12-15T11:19:00+00:00\" \/>\n<meta property=\"article:modified_time\" content=\"2024-02-19T19:15:06+00:00\" \/>\n<meta property=\"og:image\" content=\"https:\/\/www.rri.ro\/wp-content\/uploads\/2023\/10\/parlament-camera-deputatilor-spate.png\" \/>\n\t<meta property=\"og:image:width\" content=\"640\" \/>\n\t<meta property=\"og:image:height\" content=\"427\" \/>\n\t<meta property=\"og:image:type\" content=\"image\/png\" \/>\n<meta name=\"author\" content=\"Corina Cristea\" \/>\n<meta name=\"twitter:card\" content=\"summary_large_image\" \/>\n<meta name=\"twitter:label1\" content=\"Verfasst von\" \/>\n\t<meta name=\"twitter:data1\" content=\"Corina Cristea\" \/>\n\t<meta name=\"twitter:label2\" content=\"Gesch\u00e4tzte Lesezeit\" \/>\n\t<meta name=\"twitter:data2\" content=\"2\u00a0Minuten\" \/>\n\t<meta name=\"twitter:label3\" content=\"Written by\" \/>\n\t<meta name=\"twitter:data3\" content=\"Corina Cristea\" \/>\n<script type=\"application\/ld+json\" class=\"yoast-schema-graph\">{\"@context\":\"https:\\\/\\\/schema.org\",\"@graph\":[{\"@type\":\"Article\",\"@id\":\"https:\\\/\\\/www.rri.ro\\\/de\\\/aktuell\\\/rri-aktuell\\\/das-parlament-hat-den-staatshaushalt-fuer-2023-verabschiedet-id462452.html#article\",\"isPartOf\":{\"@id\":\"https:\\\/\\\/www.rri.ro\\\/de\\\/aktuell\\\/rri-aktuell\\\/das-parlament-hat-den-staatshaushalt-fuer-2023-verabschiedet-id462452.html\"},\"author\":{\"name\":\"Corina Cristea\",\"@id\":\"https:\\\/\\\/www.rri.ro\\\/#\\\/schema\\\/person\\\/f9ab1cb3569dee1b2c033a814bb7f0fc\"},\"headline\":\"Das Parlament hat den Staatshaushalt f\u00fcr 2023 verabschiedet\",\"datePublished\":\"2022-12-15T11:19:00+00:00\",\"dateModified\":\"2024-02-19T19:15:06+00:00\",\"mainEntityOfPage\":{\"@id\":\"https:\\\/\\\/www.rri.ro\\\/de\\\/aktuell\\\/rri-aktuell\\\/das-parlament-hat-den-staatshaushalt-fuer-2023-verabschiedet-id462452.html\"},\"wordCount\":478,\"image\":{\"@id\":\"https:\\\/\\\/www.rri.ro\\\/de\\\/aktuell\\\/rri-aktuell\\\/das-parlament-hat-den-staatshaushalt-fuer-2023-verabschiedet-id462452.html#primaryimage\"},\"thumbnailUrl\":\"https:\\\/\\\/www.rri.ro\\\/wp-content\\\/uploads\\\/2023\\\/10\\\/parlament-camera-deputatilor-spate.png\",\"keywords\":[\"AUR\",\"Parlament\",\"PNL\",\"PSD\",\"Staatshaushalt\",\"USR\",\"Wirtschaft\"],\"articleSection\":[\"RRI Aktuell\"],\"inLanguage\":\"de\"},{\"@type\":\"WebPage\",\"@id\":\"https:\\\/\\\/www.rri.ro\\\/de\\\/aktuell\\\/rri-aktuell\\\/das-parlament-hat-den-staatshaushalt-fuer-2023-verabschiedet-id462452.html\",\"url\":\"https:\\\/\\\/www.rri.ro\\\/de\\\/aktuell\\\/rri-aktuell\\\/das-parlament-hat-den-staatshaushalt-fuer-2023-verabschiedet-id462452.html\",\"name\":\"Das Parlament hat den Staatshaushalt f\u00fcr 2023 verabschiedet - Radio Rum\u00e4nien International\",\"isPartOf\":{\"@id\":\"https:\\\/\\\/www.rri.ro\\\/#website\"},\"primaryImageOfPage\":{\"@id\":\"https:\\\/\\\/www.rri.ro\\\/de\\\/aktuell\\\/rri-aktuell\\\/das-parlament-hat-den-staatshaushalt-fuer-2023-verabschiedet-id462452.html#primaryimage\"},\"image\":{\"@id\":\"https:\\\/\\\/www.rri.ro\\\/de\\\/aktuell\\\/rri-aktuell\\\/das-parlament-hat-den-staatshaushalt-fuer-2023-verabschiedet-id462452.html#primaryimage\"},\"thumbnailUrl\":\"https:\\\/\\\/www.rri.ro\\\/wp-content\\\/uploads\\\/2023\\\/10\\\/parlament-camera-deputatilor-spate.png\",\"datePublished\":\"2022-12-15T11:19:00+00:00\",\"dateModified\":\"2024-02-19T19:15:06+00:00\",\"author\":{\"@id\":\"https:\\\/\\\/www.rri.ro\\\/#\\\/schema\\\/person\\\/f9ab1cb3569dee1b2c033a814bb7f0fc\"},\"breadcrumb\":{\"@id\":\"https:\\\/\\\/www.rri.ro\\\/de\\\/aktuell\\\/rri-aktuell\\\/das-parlament-hat-den-staatshaushalt-fuer-2023-verabschiedet-id462452.html#breadcrumb\"},\"inLanguage\":\"de\",\"potentialAction\":[{\"@type\":\"ReadAction\",\"target\":[\"https:\\\/\\\/www.rri.ro\\\/de\\\/aktuell\\\/rri-aktuell\\\/das-parlament-hat-den-staatshaushalt-fuer-2023-verabschiedet-id462452.html\"]}]},{\"@type\":\"ImageObject\",\"inLanguage\":\"de\",\"@id\":\"https:\\\/\\\/www.rri.ro\\\/de\\\/aktuell\\\/rri-aktuell\\\/das-parlament-hat-den-staatshaushalt-fuer-2023-verabschiedet-id462452.html#primaryimage\",\"url\":\"https:\\\/\\\/www.rri.ro\\\/wp-content\\\/uploads\\\/2023\\\/10\\\/parlament-camera-deputatilor-spate.png\",\"contentUrl\":\"https:\\\/\\\/www.rri.ro\\\/wp-content\\\/uploads\\\/2023\\\/10\\\/parlament-camera-deputatilor-spate.png\",\"width\":640,\"height\":427},{\"@type\":\"BreadcrumbList\",\"@id\":\"https:\\\/\\\/www.rri.ro\\\/de\\\/aktuell\\\/rri-aktuell\\\/das-parlament-hat-den-staatshaushalt-fuer-2023-verabschiedet-id462452.html#breadcrumb\",\"itemListElement\":[{\"@type\":\"ListItem\",\"position\":1,\"name\":\"Startseite\",\"item\":\"https:\\\/\\\/www.rri.ro\\\/de\"},{\"@type\":\"ListItem\",\"position\":2,\"name\":\"Aktuell\",\"item\":\"https:\\\/\\\/www.rri.ro\\\/de\\\/aktuell\"},{\"@type\":\"ListItem\",\"position\":3,\"name\":\"RRI Aktuell\",\"item\":\"https:\\\/\\\/www.rri.ro\\\/de\\\/aktuell\\\/rri-aktuell\"},{\"@type\":\"ListItem\",\"position\":4,\"name\":\"Das Parlament hat den Staatshaushalt f\u00fcr 2023 verabschiedet\"}]},{\"@type\":\"WebSite\",\"@id\":\"https:\\\/\\\/www.rri.ro\\\/#website\",\"url\":\"https:\\\/\\\/www.rri.ro\\\/\",\"name\":\"Radio Rum\u00e4nien International\",\"description\":\"Totul despre Rom\u00e2nia \u015fi rom\u00e2ni, \u00een 13 limbi\\\/dialecte!\",\"inLanguage\":\"de\"},{\"@type\":\"Person\",\"@id\":\"https:\\\/\\\/www.rri.ro\\\/#\\\/schema\\\/person\\\/f9ab1cb3569dee1b2c033a814bb7f0fc\",\"name\":\"Corina Cristea\",\"url\":\"https:\\\/\\\/www.rri.ro\\\/de\\\/author\\\/corina-cristea\"}]}<\/script>\n<!-- \/ Yoast SEO plugin. -->","yoast_head_json":{"title":"Das Parlament hat den Staatshaushalt f\u00fcr 2023 verabschiedet - Radio Rum\u00e4nien International","robots":{"index":"index","follow":"follow","max-snippet":"max-snippet:-1","max-image-preview":"max-image-preview:large","max-video-preview":"max-video-preview:-1"},"canonical":"https:\/\/www.rri.ro\/de\/aktuell\/rri-aktuell\/das-parlament-hat-den-staatshaushalt-fuer-2023-verabschiedet-id462452.html","og_locale":"de_DE","og_type":"article","og_title":"Das Parlament hat den Staatshaushalt f\u00fcr 2023 verabschiedet - Radio Rum\u00e4nien International","og_description":"Die Senatoren und Abgeordneten in Bukarest haben den Staatshaushalt und den Haushalt der staatlichen Sozialversicherung f\u00fcr 2023 verabschiedet.","og_url":"https:\/\/www.rri.ro\/de\/aktuell\/rri-aktuell\/das-parlament-hat-den-staatshaushalt-fuer-2023-verabschiedet-id462452.html","og_site_name":"Radio Rum\u00e4nien International","article_published_time":"2022-12-15T11:19:00+00:00","article_modified_time":"2024-02-19T19:15:06+00:00","og_image":[{"width":640,"height":427,"url":"https:\/\/www.rri.ro\/wp-content\/uploads\/2023\/10\/parlament-camera-deputatilor-spate.png","type":"image\/png"}],"author":"Corina Cristea","twitter_card":"summary_large_image","twitter_misc":{"Verfasst von":"Corina Cristea","Gesch\u00e4tzte Lesezeit":"2\u00a0Minuten","Written by":"Corina Cristea"},"schema":{"@context":"https:\/\/schema.org","@graph":[{"@type":"Article","@id":"https:\/\/www.rri.ro\/de\/aktuell\/rri-aktuell\/das-parlament-hat-den-staatshaushalt-fuer-2023-verabschiedet-id462452.html#article","isPartOf":{"@id":"https:\/\/www.rri.ro\/de\/aktuell\/rri-aktuell\/das-parlament-hat-den-staatshaushalt-fuer-2023-verabschiedet-id462452.html"},"author":{"name":"Corina Cristea","@id":"https:\/\/www.rri.ro\/#\/schema\/person\/f9ab1cb3569dee1b2c033a814bb7f0fc"},"headline":"Das Parlament hat den Staatshaushalt f\u00fcr 2023 verabschiedet","datePublished":"2022-12-15T11:19:00+00:00","dateModified":"2024-02-19T19:15:06+00:00","mainEntityOfPage":{"@id":"https:\/\/www.rri.ro\/de\/aktuell\/rri-aktuell\/das-parlament-hat-den-staatshaushalt-fuer-2023-verabschiedet-id462452.html"},"wordCount":478,"image":{"@id":"https:\/\/www.rri.ro\/de\/aktuell\/rri-aktuell\/das-parlament-hat-den-staatshaushalt-fuer-2023-verabschiedet-id462452.html#primaryimage"},"thumbnailUrl":"https:\/\/www.rri.ro\/wp-content\/uploads\/2023\/10\/parlament-camera-deputatilor-spate.png","keywords":["AUR","Parlament","PNL","PSD","Staatshaushalt","USR","Wirtschaft"],"articleSection":["RRI Aktuell"],"inLanguage":"de"},{"@type":"WebPage","@id":"https:\/\/www.rri.ro\/de\/aktuell\/rri-aktuell\/das-parlament-hat-den-staatshaushalt-fuer-2023-verabschiedet-id462452.html","url":"https:\/\/www.rri.ro\/de\/aktuell\/rri-aktuell\/das-parlament-hat-den-staatshaushalt-fuer-2023-verabschiedet-id462452.html","name":"Das Parlament hat den Staatshaushalt f\u00fcr 2023 verabschiedet - Radio Rum\u00e4nien International","isPartOf":{"@id":"https:\/\/www.rri.ro\/#website"},"primaryImageOfPage":{"@id":"https:\/\/www.rri.ro\/de\/aktuell\/rri-aktuell\/das-parlament-hat-den-staatshaushalt-fuer-2023-verabschiedet-id462452.html#primaryimage"},"image":{"@id":"https:\/\/www.rri.ro\/de\/aktuell\/rri-aktuell\/das-parlament-hat-den-staatshaushalt-fuer-2023-verabschiedet-id462452.html#primaryimage"},"thumbnailUrl":"https:\/\/www.rri.ro\/wp-content\/uploads\/2023\/10\/parlament-camera-deputatilor-spate.png","datePublished":"2022-12-15T11:19:00+00:00","dateModified":"2024-02-19T19:15:06+00:00","author":{"@id":"https:\/\/www.rri.ro\/#\/schema\/person\/f9ab1cb3569dee1b2c033a814bb7f0fc"},"breadcrumb":{"@id":"https:\/\/www.rri.ro\/de\/aktuell\/rri-aktuell\/das-parlament-hat-den-staatshaushalt-fuer-2023-verabschiedet-id462452.html#breadcrumb"},"inLanguage":"de","potentialAction":[{"@type":"ReadAction","target":["https:\/\/www.rri.ro\/de\/aktuell\/rri-aktuell\/das-parlament-hat-den-staatshaushalt-fuer-2023-verabschiedet-id462452.html"]}]},{"@type":"ImageObject","inLanguage":"de","@id":"https:\/\/www.rri.ro\/de\/aktuell\/rri-aktuell\/das-parlament-hat-den-staatshaushalt-fuer-2023-verabschiedet-id462452.html#primaryimage","url":"https:\/\/www.rri.ro\/wp-content\/uploads\/2023\/10\/parlament-camera-deputatilor-spate.png","contentUrl":"https:\/\/www.rri.ro\/wp-content\/uploads\/2023\/10\/parlament-camera-deputatilor-spate.png","width":640,"height":427},{"@type":"BreadcrumbList","@id":"https:\/\/www.rri.ro\/de\/aktuell\/rri-aktuell\/das-parlament-hat-den-staatshaushalt-fuer-2023-verabschiedet-id462452.html#breadcrumb","itemListElement":[{"@type":"ListItem","position":1,"name":"Startseite","item":"https:\/\/www.rri.ro\/de"},{"@type":"ListItem","position":2,"name":"Aktuell","item":"https:\/\/www.rri.ro\/de\/aktuell"},{"@type":"ListItem","position":3,"name":"RRI Aktuell","item":"https:\/\/www.rri.ro\/de\/aktuell\/rri-aktuell"},{"@type":"ListItem","position":4,"name":"Das Parlament hat den Staatshaushalt f\u00fcr 2023 verabschiedet"}]},{"@type":"WebSite","@id":"https:\/\/www.rri.ro\/#website","url":"https:\/\/www.rri.ro\/","name":"Radio Rum\u00e4nien International","description":"Totul despre Rom\u00e2nia \u015fi rom\u00e2ni, \u00een 13 limbi\/dialecte!","inLanguage":"de"},{"@type":"Person","@id":"https:\/\/www.rri.ro\/#\/schema\/person\/f9ab1cb3569dee1b2c033a814bb7f0fc","name":"Corina Cristea","url":"https:\/\/www.rri.ro\/de\/author\/corina-cristea"}]}},"_links":{"self":[{"href":"https:\/\/www.rri.ro\/de\/wp-json\/wp\/v2\/posts\/462452","targetHints":{"allow":["GET"]}}],"collection":[{"href":"https:\/\/www.rri.ro\/de\/wp-json\/wp\/v2\/posts"}],"about":[{"href":"https:\/\/www.rri.ro\/de\/wp-json\/wp\/v2\/types\/post"}],"author":[{"embeddable":true,"href":"https:\/\/www.rri.ro\/de\/wp-json\/wp\/v2\/users\/108"}],"replies":[{"embeddable":true,"href":"https:\/\/www.rri.ro\/de\/wp-json\/wp\/v2\/comments?post=462452"}],"version-history":[{"count":0,"href":"https:\/\/www.rri.ro\/de\/wp-json\/wp\/v2\/posts\/462452\/revisions"}],"wp:featuredmedia":[{"embeddable":true,"href":"https:\/\/www.rri.ro\/de\/wp-json\/wp\/v2\/media\/73974"}],"wp:attachment":[{"href":"https:\/\/www.rri.ro\/de\/wp-json\/wp\/v2\/media?parent=462452"}],"wp:term":[{"taxonomy":"category","embeddable":true,"href":"https:\/\/www.rri.ro\/de\/wp-json\/wp\/v2\/categories?post=462452"},{"taxonomy":"post_tag","embeddable":true,"href":"https:\/\/www.rri.ro\/de\/wp-json\/wp\/v2\/tags?post=462452"},{"taxonomy":"author","embeddable":true,"href":"https:\/\/www.rri.ro\/de\/wp-json\/wp\/v2\/coauthors?post=462452"}],"curies":[{"name":"wp","href":"https:\/\/api.w.org\/{rel}","templated":true}]}}