{"id":462463,"date":"2023-01-05T13:00:00","date_gmt":"2023-01-05T11:00:00","guid":{"rendered":"http:\/\/devrri.freshlemon.ro\/aktuell\/rumaenien-verzeichnet-rekord-bei-der-aufnahme-von-europaeischen-geldern-id462463.html"},"modified":"2024-02-19T21:15:14","modified_gmt":"2024-02-19T19:15:14","slug":"rumaenien-verzeichnet-rekord-bei-der-aufnahme-von-europaeischen-geldern","status":"publish","type":"post","link":"https:\/\/www.rri.ro\/de\/aktuell\/rri-aktuell\/rumaenien-verzeichnet-rekord-bei-der-aufnahme-von-europaeischen-geldern-id462463.html","title":{"rendered":"Rum\u00e4nien verzeichnet Rekord bei der Aufnahme von europ\u00e4ischen Geldern"},"content":{"rendered":"<p>Im vergangenen Jahr konnte Rum\u00e4nien mehr als 11 Milliarden Euro an europ\u00e4ischen Geldern absorbieren, teilte Premierminister Nicolae Ciuc\u0103 mit. Der Chef der Exekutive erkl\u00e4rte, dass dies das h\u00f6chste Niveau sei, das er erreicht habe, seit er Zugang zu diesen europ\u00e4ischen Finanzierungen habe, und f\u00fcr 2023 sei beabsichtigt, es zu halten oder sogar zu \u00fcbertreffen. Bei der Er\u00f6ffnung der ersten Regierungssitzung in diesem Jahr sagte er auch, dass Rum\u00e4nien einen guten Haushaltsvollzug hatte und ein Defizit verzeichnete. <\/p>\n<p>&#13;<br \/>\n&#13;<\/p>\n<p>&#13;<br \/>\n&#13;<\/p>\n<p>Seiner Meinung nach ist es der Regierung gelungen, ein Wirtschaftswachstum zu erzielen, mit dem sie zu Beginn des letzten Jahres nicht gerechnet hatte, insbesondere nach dem Ausbruch des Krieges in der Ukraine und nach den Auswirkungen des Anstiegs der Energie- und Gaspreise. Europ\u00e4ische Gelder, die nach Rum\u00e4nien flie\u200e\u00dfen, m\u00fcssen vor allem Investitionen unterst\u00fctzen, so Premierminister Nicolae Ciuc\u0103, damit die nationale Wirtschaft den Herausforderungen oder Auswirkungen standhalten kann, die auf europ\u00e4ischer oder weltwirtschaftlicher Ebene zu sp\u00fcren sind oder sein werden.<\/p>\n<p>&#13;<br \/>\n&#13;<\/p>\n<p>&#13;<br \/>\n&#13;<\/p>\n<p>Nicolae Ciuc\u0103: <em>&#8222;F\u00fcr unser Land ist die Vorhersage positiv, und auch wenn Rum\u00e4nien nicht das gleiche Wachstumsniveau haben wird, wird es ein Wirtschaftswachstum haben, und das muss durch Ma\u200e\u00dfnahmen auf Regierungsebene und durch Ma\u200e\u00dfnahmen zur Unterst\u00fctzung des Unternehmensumfelds, des unternehmerischen Umfelds, unterst\u00fctzt werden, wie wir es auch in diesem Jahr getan haben, vielleicht sogar mehr als das, denn wir haben immer noch Garantiefonds, staatliche Garantien zur Verf\u00fcgung. In diesem Jahr haben wir 112 Milliarden Lei (ca. 22,7 Milliarden Euro) f\u00fcr Investitionen zur Verf\u00fcgung, die auch tats\u00e4chlich in Investitionen flie\u200e\u00dfen werden.&#8220;<\/em><\/p>\n<p>&#13;<br \/>\n&#13;<\/p>\n<p>&#13;<br \/>\n&#13;<\/p>\n<p>Der Premierminister erinnerte daran, dass der gr\u00f6\u200e\u00dfte Teil des Geldes auch im letzten Jahr f\u00fcr Investitionen bestimmt war, aber um die vorgeschlagenen Ziele zu erreichen, sind Solidarit\u00e4t, Empathie auf nationaler Ebene, Dialog mit den Sozialpartnern, Koordination zwischen den Ministerien und nicht zuletzt Stabilit\u00e4t in der Politik erforderlich. Er sagte auch, dass die bereits mit den Koalitionspartnern vereinbarten Projekte in diesem Jahr gef\u00f6rdert werden, ob sie sich nun auf Bildung, Gesundheit oder die Meilensteine und Ziele des Nationalen Plans f\u00fcr Wiederaufbau und Resilienz beziehen.<\/p>\n<p>&#13;<br \/>\n&#13;<\/p>\n<p>&#13;<br \/>\n&#13;<\/p>\n<p>Nicolae Ciuc\u0103: <em>&#8222;Wir haben bereits \u00fcber die Fertigstellung und weitere Verabschiedung des Gesetzespakets f\u00fcr das Bildungswesen gesprochen, so dass wir zu Beginn der neuen Legislaturperiode \u00fcber ein Gesetzespaket verf\u00fcgen werden, das im Parlament debattiert werden wird. Im Bereich der Gesundheit haben wir auch die Projekte und Ma\u200e\u00dfnahmen zur Verbesserung des medizinischen Systems in unserem Land festgelegt, n\u00e4mlich die Modernisierungsprojekte der Krankenh\u00e4user durch PNRR und die durch europ\u00e4ische Projekte&#8220;.<\/em><\/p>\n<p>&#13;<br \/>\n&#13;<\/p>\n<p>&#13;<br \/>\n&#13;<\/p>\n<p>Andererseits betonte der Premierminister, dass gen\u00fcgend Mittel f\u00fcr die rechtzeitige Auszahlung der den Rentnern oder anderen Kategorien von B\u00fcrgern zustehenden Rechte vorhanden sind.<\/p>\n<p>&#13;<\/p>\n","protected":false},"excerpt":{"rendered":"<p>Die europ\u00e4ischen Gelder, die Rum\u00e4nien im vergangenen Jahr angezogen hat, haben ein Rekordniveau erreicht, sagt Premierminister Nicolae Ciuc\u0103. Er sch\u00e4tzt das Wirtschaftswachstum positiv ein.<\/p>\n","protected":false},"author":106,"featured_media":74277,"comment_status":"closed","ping_status":"closed","sticky":false,"template":"","format":"standard","meta":{"_acf_changed":false,"footnotes":""},"categories":[99583],"tags":[105674,105689,156690,105407,99757],"coauthors":[],"class_list":["post-462463","post","type-post","status-publish","format-standard","has-post-thumbnail","hentry","category-rri-aktuell","tag-konjunkturplan","tag-nationales-programm-fuer-wiederaufbau-und-resilienz","tag-pnrr-de","tag-premierminister-nicolae-ciuca","tag-wirtschaft"],"acf":[],"yoast_head":"<!-- This site is optimized with the Yoast SEO plugin v27.3 - https:\/\/yoast.com\/product\/yoast-seo-wordpress\/ -->\n<title>Rum\u00e4nien verzeichnet Rekord bei der Aufnahme von europ\u00e4ischen Geldern - Radio Rum\u00e4nien International<\/title>\n<meta name=\"robots\" content=\"index, follow, max-snippet:-1, max-image-preview:large, max-video-preview:-1\" \/>\n<link rel=\"canonical\" href=\"https:\/\/www.rri.ro\/de\/aktuell\/rri-aktuell\/rumaenien-verzeichnet-rekord-bei-der-aufnahme-von-europaeischen-geldern-id462463.html\" \/>\n<meta property=\"og:locale\" content=\"de_DE\" \/>\n<meta property=\"og:type\" content=\"article\" \/>\n<meta property=\"og:title\" content=\"Rum\u00e4nien verzeichnet Rekord bei der Aufnahme von europ\u00e4ischen Geldern - Radio Rum\u00e4nien International\" \/>\n<meta property=\"og:description\" content=\"Die europ\u00e4ischen Gelder, die Rum\u00e4nien im vergangenen Jahr angezogen hat, haben ein Rekordniveau erreicht, sagt Premierminister Nicolae Ciuc\u0103. Er sch\u00e4tzt das Wirtschaftswachstum positiv ein.\" \/>\n<meta property=\"og:url\" content=\"https:\/\/www.rri.ro\/de\/aktuell\/rri-aktuell\/rumaenien-verzeichnet-rekord-bei-der-aufnahme-von-europaeischen-geldern-id462463.html\" \/>\n<meta property=\"og:site_name\" content=\"Radio Rum\u00e4nien International\" \/>\n<meta property=\"article:published_time\" content=\"2023-01-05T11:00:00+00:00\" \/>\n<meta property=\"article:modified_time\" content=\"2024-02-19T19:15:14+00:00\" \/>\n<meta property=\"og:image\" content=\"https:\/\/www.rri.ro\/wp-content\/uploads\/2023\/10\/fonduri-europene-bani-euro-finante.png\" \/>\n\t<meta property=\"og:image:width\" content=\"640\" \/>\n\t<meta property=\"og:image:height\" content=\"480\" \/>\n\t<meta property=\"og:image:type\" content=\"image\/png\" \/>\n<meta name=\"author\" content=\"Mihai Pelin\" \/>\n<meta name=\"twitter:card\" content=\"summary_large_image\" \/>\n<meta name=\"twitter:label1\" content=\"Verfasst von\" \/>\n\t<meta name=\"twitter:data1\" content=\"Mihai Pelin\" \/>\n\t<meta name=\"twitter:label2\" content=\"Gesch\u00e4tzte Lesezeit\" \/>\n\t<meta name=\"twitter:data2\" content=\"2\u00a0Minuten\" \/>\n\t<meta name=\"twitter:label3\" content=\"Written by\" \/>\n\t<meta name=\"twitter:data3\" content=\"Mihai Pelin\" \/>\n<script type=\"application\/ld+json\" class=\"yoast-schema-graph\">{\"@context\":\"https:\\\/\\\/schema.org\",\"@graph\":[{\"@type\":\"Article\",\"@id\":\"https:\\\/\\\/www.rri.ro\\\/de\\\/aktuell\\\/rri-aktuell\\\/rumaenien-verzeichnet-rekord-bei-der-aufnahme-von-europaeischen-geldern-id462463.html#article\",\"isPartOf\":{\"@id\":\"https:\\\/\\\/www.rri.ro\\\/de\\\/aktuell\\\/rri-aktuell\\\/rumaenien-verzeichnet-rekord-bei-der-aufnahme-von-europaeischen-geldern-id462463.html\"},\"author\":{\"name\":\"Mihai Pelin\",\"@id\":\"https:\\\/\\\/www.rri.ro\\\/#\\\/schema\\\/person\\\/c6036c822534c855dc3aad41a484f05d\"},\"headline\":\"Rum\u00e4nien verzeichnet Rekord bei der Aufnahme von europ\u00e4ischen Geldern\",\"datePublished\":\"2023-01-05T11:00:00+00:00\",\"dateModified\":\"2024-02-19T19:15:14+00:00\",\"mainEntityOfPage\":{\"@id\":\"https:\\\/\\\/www.rri.ro\\\/de\\\/aktuell\\\/rri-aktuell\\\/rumaenien-verzeichnet-rekord-bei-der-aufnahme-von-europaeischen-geldern-id462463.html\"},\"wordCount\":467,\"image\":{\"@id\":\"https:\\\/\\\/www.rri.ro\\\/de\\\/aktuell\\\/rri-aktuell\\\/rumaenien-verzeichnet-rekord-bei-der-aufnahme-von-europaeischen-geldern-id462463.html#primaryimage\"},\"thumbnailUrl\":\"https:\\\/\\\/www.rri.ro\\\/wp-content\\\/uploads\\\/2023\\\/10\\\/fonduri-europene-bani-euro-finante.png\",\"keywords\":[\"Konjunkturplan\",\"Nationales Programm f\u00fcr Wiederaufbau und Resilienz\",\"PNRR\",\"Premierminister Nicolae Ciuca\",\"Wirtschaft\"],\"articleSection\":[\"RRI Aktuell\"],\"inLanguage\":\"de\"},{\"@type\":\"WebPage\",\"@id\":\"https:\\\/\\\/www.rri.ro\\\/de\\\/aktuell\\\/rri-aktuell\\\/rumaenien-verzeichnet-rekord-bei-der-aufnahme-von-europaeischen-geldern-id462463.html\",\"url\":\"https:\\\/\\\/www.rri.ro\\\/de\\\/aktuell\\\/rri-aktuell\\\/rumaenien-verzeichnet-rekord-bei-der-aufnahme-von-europaeischen-geldern-id462463.html\",\"name\":\"Rum\u00e4nien verzeichnet Rekord bei der Aufnahme von europ\u00e4ischen Geldern - Radio Rum\u00e4nien International\",\"isPartOf\":{\"@id\":\"https:\\\/\\\/www.rri.ro\\\/#website\"},\"primaryImageOfPage\":{\"@id\":\"https:\\\/\\\/www.rri.ro\\\/de\\\/aktuell\\\/rri-aktuell\\\/rumaenien-verzeichnet-rekord-bei-der-aufnahme-von-europaeischen-geldern-id462463.html#primaryimage\"},\"image\":{\"@id\":\"https:\\\/\\\/www.rri.ro\\\/de\\\/aktuell\\\/rri-aktuell\\\/rumaenien-verzeichnet-rekord-bei-der-aufnahme-von-europaeischen-geldern-id462463.html#primaryimage\"},\"thumbnailUrl\":\"https:\\\/\\\/www.rri.ro\\\/wp-content\\\/uploads\\\/2023\\\/10\\\/fonduri-europene-bani-euro-finante.png\",\"datePublished\":\"2023-01-05T11:00:00+00:00\",\"dateModified\":\"2024-02-19T19:15:14+00:00\",\"author\":{\"@id\":\"https:\\\/\\\/www.rri.ro\\\/#\\\/schema\\\/person\\\/c6036c822534c855dc3aad41a484f05d\"},\"breadcrumb\":{\"@id\":\"https:\\\/\\\/www.rri.ro\\\/de\\\/aktuell\\\/rri-aktuell\\\/rumaenien-verzeichnet-rekord-bei-der-aufnahme-von-europaeischen-geldern-id462463.html#breadcrumb\"},\"inLanguage\":\"de\",\"potentialAction\":[{\"@type\":\"ReadAction\",\"target\":[\"https:\\\/\\\/www.rri.ro\\\/de\\\/aktuell\\\/rri-aktuell\\\/rumaenien-verzeichnet-rekord-bei-der-aufnahme-von-europaeischen-geldern-id462463.html\"]}]},{\"@type\":\"ImageObject\",\"inLanguage\":\"de\",\"@id\":\"https:\\\/\\\/www.rri.ro\\\/de\\\/aktuell\\\/rri-aktuell\\\/rumaenien-verzeichnet-rekord-bei-der-aufnahme-von-europaeischen-geldern-id462463.html#primaryimage\",\"url\":\"https:\\\/\\\/www.rri.ro\\\/wp-content\\\/uploads\\\/2023\\\/10\\\/fonduri-europene-bani-euro-finante.png\",\"contentUrl\":\"https:\\\/\\\/www.rri.ro\\\/wp-content\\\/uploads\\\/2023\\\/10\\\/fonduri-europene-bani-euro-finante.png\",\"width\":640,\"height\":480,\"caption\":\"Photo credit: pixabay\"},{\"@type\":\"BreadcrumbList\",\"@id\":\"https:\\\/\\\/www.rri.ro\\\/de\\\/aktuell\\\/rri-aktuell\\\/rumaenien-verzeichnet-rekord-bei-der-aufnahme-von-europaeischen-geldern-id462463.html#breadcrumb\",\"itemListElement\":[{\"@type\":\"ListItem\",\"position\":1,\"name\":\"Startseite\",\"item\":\"https:\\\/\\\/www.rri.ro\\\/de\"},{\"@type\":\"ListItem\",\"position\":2,\"name\":\"Aktuell\",\"item\":\"https:\\\/\\\/www.rri.ro\\\/de\\\/aktuell\"},{\"@type\":\"ListItem\",\"position\":3,\"name\":\"RRI Aktuell\",\"item\":\"https:\\\/\\\/www.rri.ro\\\/de\\\/aktuell\\\/rri-aktuell\"},{\"@type\":\"ListItem\",\"position\":4,\"name\":\"Rum\u00e4nien verzeichnet Rekord bei der Aufnahme von europ\u00e4ischen Geldern\"}]},{\"@type\":\"WebSite\",\"@id\":\"https:\\\/\\\/www.rri.ro\\\/#website\",\"url\":\"https:\\\/\\\/www.rri.ro\\\/\",\"name\":\"Radio Rum\u00e4nien International\",\"description\":\"Totul despre Rom\u00e2nia \u015fi rom\u00e2ni, \u00een 13 limbi\\\/dialecte!\",\"inLanguage\":\"de\"},{\"@type\":\"Person\",\"@id\":\"https:\\\/\\\/www.rri.ro\\\/#\\\/schema\\\/person\\\/c6036c822534c855dc3aad41a484f05d\",\"name\":\"Mihai Pelin\",\"url\":\"https:\\\/\\\/www.rri.ro\\\/de\\\/author\\\/mihai-pelin\"}]}<\/script>\n<!-- \/ Yoast SEO plugin. -->","yoast_head_json":{"title":"Rum\u00e4nien verzeichnet Rekord bei der Aufnahme von europ\u00e4ischen Geldern - Radio Rum\u00e4nien International","robots":{"index":"index","follow":"follow","max-snippet":"max-snippet:-1","max-image-preview":"max-image-preview:large","max-video-preview":"max-video-preview:-1"},"canonical":"https:\/\/www.rri.ro\/de\/aktuell\/rri-aktuell\/rumaenien-verzeichnet-rekord-bei-der-aufnahme-von-europaeischen-geldern-id462463.html","og_locale":"de_DE","og_type":"article","og_title":"Rum\u00e4nien verzeichnet Rekord bei der Aufnahme von europ\u00e4ischen Geldern - Radio Rum\u00e4nien International","og_description":"Die europ\u00e4ischen Gelder, die Rum\u00e4nien im vergangenen Jahr angezogen hat, haben ein Rekordniveau erreicht, sagt Premierminister Nicolae Ciuc\u0103. Er sch\u00e4tzt das Wirtschaftswachstum positiv ein.","og_url":"https:\/\/www.rri.ro\/de\/aktuell\/rri-aktuell\/rumaenien-verzeichnet-rekord-bei-der-aufnahme-von-europaeischen-geldern-id462463.html","og_site_name":"Radio Rum\u00e4nien International","article_published_time":"2023-01-05T11:00:00+00:00","article_modified_time":"2024-02-19T19:15:14+00:00","og_image":[{"width":640,"height":480,"url":"https:\/\/www.rri.ro\/wp-content\/uploads\/2023\/10\/fonduri-europene-bani-euro-finante.png","type":"image\/png"}],"author":"Mihai Pelin","twitter_card":"summary_large_image","twitter_misc":{"Verfasst von":"Mihai Pelin","Gesch\u00e4tzte Lesezeit":"2\u00a0Minuten","Written by":"Mihai Pelin"},"schema":{"@context":"https:\/\/schema.org","@graph":[{"@type":"Article","@id":"https:\/\/www.rri.ro\/de\/aktuell\/rri-aktuell\/rumaenien-verzeichnet-rekord-bei-der-aufnahme-von-europaeischen-geldern-id462463.html#article","isPartOf":{"@id":"https:\/\/www.rri.ro\/de\/aktuell\/rri-aktuell\/rumaenien-verzeichnet-rekord-bei-der-aufnahme-von-europaeischen-geldern-id462463.html"},"author":{"name":"Mihai Pelin","@id":"https:\/\/www.rri.ro\/#\/schema\/person\/c6036c822534c855dc3aad41a484f05d"},"headline":"Rum\u00e4nien verzeichnet Rekord bei der Aufnahme von europ\u00e4ischen Geldern","datePublished":"2023-01-05T11:00:00+00:00","dateModified":"2024-02-19T19:15:14+00:00","mainEntityOfPage":{"@id":"https:\/\/www.rri.ro\/de\/aktuell\/rri-aktuell\/rumaenien-verzeichnet-rekord-bei-der-aufnahme-von-europaeischen-geldern-id462463.html"},"wordCount":467,"image":{"@id":"https:\/\/www.rri.ro\/de\/aktuell\/rri-aktuell\/rumaenien-verzeichnet-rekord-bei-der-aufnahme-von-europaeischen-geldern-id462463.html#primaryimage"},"thumbnailUrl":"https:\/\/www.rri.ro\/wp-content\/uploads\/2023\/10\/fonduri-europene-bani-euro-finante.png","keywords":["Konjunkturplan","Nationales Programm f\u00fcr Wiederaufbau und Resilienz","PNRR","Premierminister Nicolae Ciuca","Wirtschaft"],"articleSection":["RRI Aktuell"],"inLanguage":"de"},{"@type":"WebPage","@id":"https:\/\/www.rri.ro\/de\/aktuell\/rri-aktuell\/rumaenien-verzeichnet-rekord-bei-der-aufnahme-von-europaeischen-geldern-id462463.html","url":"https:\/\/www.rri.ro\/de\/aktuell\/rri-aktuell\/rumaenien-verzeichnet-rekord-bei-der-aufnahme-von-europaeischen-geldern-id462463.html","name":"Rum\u00e4nien verzeichnet Rekord bei der Aufnahme von europ\u00e4ischen Geldern - Radio Rum\u00e4nien International","isPartOf":{"@id":"https:\/\/www.rri.ro\/#website"},"primaryImageOfPage":{"@id":"https:\/\/www.rri.ro\/de\/aktuell\/rri-aktuell\/rumaenien-verzeichnet-rekord-bei-der-aufnahme-von-europaeischen-geldern-id462463.html#primaryimage"},"image":{"@id":"https:\/\/www.rri.ro\/de\/aktuell\/rri-aktuell\/rumaenien-verzeichnet-rekord-bei-der-aufnahme-von-europaeischen-geldern-id462463.html#primaryimage"},"thumbnailUrl":"https:\/\/www.rri.ro\/wp-content\/uploads\/2023\/10\/fonduri-europene-bani-euro-finante.png","datePublished":"2023-01-05T11:00:00+00:00","dateModified":"2024-02-19T19:15:14+00:00","author":{"@id":"https:\/\/www.rri.ro\/#\/schema\/person\/c6036c822534c855dc3aad41a484f05d"},"breadcrumb":{"@id":"https:\/\/www.rri.ro\/de\/aktuell\/rri-aktuell\/rumaenien-verzeichnet-rekord-bei-der-aufnahme-von-europaeischen-geldern-id462463.html#breadcrumb"},"inLanguage":"de","potentialAction":[{"@type":"ReadAction","target":["https:\/\/www.rri.ro\/de\/aktuell\/rri-aktuell\/rumaenien-verzeichnet-rekord-bei-der-aufnahme-von-europaeischen-geldern-id462463.html"]}]},{"@type":"ImageObject","inLanguage":"de","@id":"https:\/\/www.rri.ro\/de\/aktuell\/rri-aktuell\/rumaenien-verzeichnet-rekord-bei-der-aufnahme-von-europaeischen-geldern-id462463.html#primaryimage","url":"https:\/\/www.rri.ro\/wp-content\/uploads\/2023\/10\/fonduri-europene-bani-euro-finante.png","contentUrl":"https:\/\/www.rri.ro\/wp-content\/uploads\/2023\/10\/fonduri-europene-bani-euro-finante.png","width":640,"height":480,"caption":"Photo credit: pixabay"},{"@type":"BreadcrumbList","@id":"https:\/\/www.rri.ro\/de\/aktuell\/rri-aktuell\/rumaenien-verzeichnet-rekord-bei-der-aufnahme-von-europaeischen-geldern-id462463.html#breadcrumb","itemListElement":[{"@type":"ListItem","position":1,"name":"Startseite","item":"https:\/\/www.rri.ro\/de"},{"@type":"ListItem","position":2,"name":"Aktuell","item":"https:\/\/www.rri.ro\/de\/aktuell"},{"@type":"ListItem","position":3,"name":"RRI Aktuell","item":"https:\/\/www.rri.ro\/de\/aktuell\/rri-aktuell"},{"@type":"ListItem","position":4,"name":"Rum\u00e4nien verzeichnet Rekord bei der Aufnahme von europ\u00e4ischen Geldern"}]},{"@type":"WebSite","@id":"https:\/\/www.rri.ro\/#website","url":"https:\/\/www.rri.ro\/","name":"Radio Rum\u00e4nien International","description":"Totul despre Rom\u00e2nia \u015fi rom\u00e2ni, \u00een 13 limbi\/dialecte!","inLanguage":"de"},{"@type":"Person","@id":"https:\/\/www.rri.ro\/#\/schema\/person\/c6036c822534c855dc3aad41a484f05d","name":"Mihai Pelin","url":"https:\/\/www.rri.ro\/de\/author\/mihai-pelin"}]}},"_links":{"self":[{"href":"https:\/\/www.rri.ro\/de\/wp-json\/wp\/v2\/posts\/462463","targetHints":{"allow":["GET"]}}],"collection":[{"href":"https:\/\/www.rri.ro\/de\/wp-json\/wp\/v2\/posts"}],"about":[{"href":"https:\/\/www.rri.ro\/de\/wp-json\/wp\/v2\/types\/post"}],"author":[{"embeddable":true,"href":"https:\/\/www.rri.ro\/de\/wp-json\/wp\/v2\/users\/106"}],"replies":[{"embeddable":true,"href":"https:\/\/www.rri.ro\/de\/wp-json\/wp\/v2\/comments?post=462463"}],"version-history":[{"count":0,"href":"https:\/\/www.rri.ro\/de\/wp-json\/wp\/v2\/posts\/462463\/revisions"}],"wp:featuredmedia":[{"embeddable":true,"href":"https:\/\/www.rri.ro\/de\/wp-json\/wp\/v2\/media\/74277"}],"wp:attachment":[{"href":"https:\/\/www.rri.ro\/de\/wp-json\/wp\/v2\/media?parent=462463"}],"wp:term":[{"taxonomy":"category","embeddable":true,"href":"https:\/\/www.rri.ro\/de\/wp-json\/wp\/v2\/categories?post=462463"},{"taxonomy":"post_tag","embeddable":true,"href":"https:\/\/www.rri.ro\/de\/wp-json\/wp\/v2\/tags?post=462463"},{"taxonomy":"author","embeddable":true,"href":"https:\/\/www.rri.ro\/de\/wp-json\/wp\/v2\/coauthors?post=462463"}],"curies":[{"name":"wp","href":"https:\/\/api.w.org\/{rel}","templated":true}]}}