{"id":462550,"date":"2023-03-20T16:02:00","date_gmt":"2023-03-20T14:02:00","guid":{"rendered":"http:\/\/devrri.freshlemon.ro\/aktuell\/internationale-organisation-der-frankophonie-30-jubilaeum-der-mitgliedschaft-rumaeniens-id462550.html"},"modified":"2024-02-19T21:16:16","modified_gmt":"2024-02-19T19:16:16","slug":"internationale-organisation-der-frankophonie-30-jubilaeum-der-mitgliedschaft-rumaeniens","status":"publish","type":"post","link":"https:\/\/www.rri.ro\/de\/aktuell\/rri-aktuell\/internationale-organisation-der-frankophonie-30-jubilaeum-der-mitgliedschaft-rumaeniens-id462550.html","title":{"rendered":"Internationale Organisation der Frankophonie: 30. Jubil\u00e4um der Mitgliedschaft Rum\u00e4niens"},"content":{"rendered":"<p align=justify>\n<p>&#13;<br \/>\n&#13;<\/p>\n<p><iframe allow=autoplay frameborder=no height=20 scrolling=no src=https:\/\/w.soundcloud.com\/player\/?url=https%3A\/\/api.soundcloud.com\/tracks\/1473102295&#038;color=%2300b7f1&#038;inverse=false&#038;auto_play=false&#038;show_user=true width=100%><\/iframe><\/p>\n<p>&#13;<br \/>\n&#13;<\/p>\n<div style=font-size: 10px; color: #cccccc;line-break: anywhere;word-break: normal;overflow: hidden;white-space: nowrap;text-overflow: ellipsis; font-family: Interstate,Lucida Grande,Lucida Sans Unicode,Lucida Sans,Garuda,Verdana,Tahoma,sans-serif;font-weight: 100;><a href=\"https:\/\/soundcloud.com\/radioromaniainternational\" style=\"color:\" text-decoration: target=\"_blank\" title=\"RadioRomaniaInternational\" rel=\"noopener\">RadioRomaniaInternational<\/a> \u00b7 <a href=\"https:\/\/soundcloud.com\/radioromaniainternational\/internationale-organisation-der-frankophonie-30-jubilaum-der-mitgliedschaft-rumaniens\" style=\"color:\" text-decoration: target=\"_blank\" title=\"Internationale\" Organisation der Frankophonie: Mitgliedschaft rel=\"noopener\">Internationale Organisation der Frankophonie: 30. Jubil\u00e4um der Mitgliedschaft Rum\u00e4niens<\/a><\/div>\n<p>&#13;<br \/>\n&#13;<\/p>\n<p align=justify>\n<p>&#13;<br \/>\n&#13;<\/p>\n<p align=justify>Am 20. M\u00e4rz eines jeden Jahres begehen 88 L\u00e4nder und Regierungen auf f\u00fcnf Kontinenten, die Mitglied oder Beobachter der Internationalen Organisation der Frankophonie sind, sowie 321 Millionen franz\u00f6sischsprachige Menschen den Internationalen Tag der Frankophonie. Dieses Datum erinnert an die Unterzeichnung des Vertrags zur Gr\u00fcndung der Agentur f\u00fcr kulturelle und technische Zusammenarbeit im Jahr 1970 in Niamey (Niger), die sp\u00e4ter zur Internationalen Organisation der Frankophonie (OIF) wurde.<\/p>\n<p>&#13;<br \/>\n&#13;<\/p>\n<p align=justify>\n<p>&#13;<br \/>\n&#13;<\/p>\n<p align=justify>F\u00fcr Rum\u00e4nien hat dieses Jahr eine doppelte festliche Bedeutung &#8212; im Jahr 2023 feiert es auch den 30. Jahrestag seines Beitritts zur institutionellen Frankophonie. W\u00e4hrend dieser Zeit kann das Land auf bedeutende Meilensteine zur\u00fcckblicken: Im Jahr 2007 etwa wurde es vom damaligen Generalsekret\u00e4r der Frankophonie zum Flaggschiffstaat der Frankophonie\u201c in Mittel- und Osteuropa ernannt. Rum\u00e4nien hat aktiv an den Treffen der verschiedenen Strukturen der Frankophonie sowie der Akteure der Frankophonie teilgenommen. Dazu geh\u00f6rten Gipfeltreffen, Ministerkonferenzen, Tagungen des St\u00e4ndigen Rats und die Teilnahme an der Parlamentarischen Versammlung der Frankophonie sowie das Mitwirken im Verband der frankophonen Universit\u00e4ten (AUF) oder an Veranstaltungen des Senders TV5 Monde, der Senghor-Universit\u00e4t und der Internationalen Vereinigung frankophoner B\u00fcrgermeister. Rum\u00e4nien hat auch an der Ausarbeitung der strategischen Dokumente der OIF mitgewirkt und ist einer der wichtigsten Akteure innerhalb der Organisation, sowohl was den finanziellen Beitrag als auch die F\u00f6rderung der Frankophonie und ihrer Werte betrifft.<\/p>\n<p>&#13;<br \/>\n&#13;<\/p>\n<p align=justify>\n<p>&#13;<br \/>\n&#13;<\/p>\n<p align=justify>Anl\u00e4sslich des 30-j\u00e4hrigen Bestehens der institutionellen Frankophonie in Rum\u00e4nien im Jahr 2023 und des Internationalen Tages der Frankophonie am 20. M\u00e4rz sowie des Monats der Frankophonie, der in Rum\u00e4nien jedes Jahr im M\u00e4rz begangen wird, haben das Au\u200e\u00dfenministerium \u00fcber die Botschaften und Konsulate und das Rum\u00e4nische Kulturinstitut \u00fcber 60 Veranstaltungen in rund 50 L\u00e4ndern geplant. Die Bandbreite ist gro\u200e\u00df: Ausstellungen, Konzerte, Filmvorf\u00fchrungen, Konferenzen, Symposien, kulturell-diplomatische Projekte, Theaterauff\u00fchrungen, literarische Veranstaltungen, Workshops, Buchvorstellungen oder Multimedia-Shows.<\/p>\n<p>&#13;<br \/>\n&#13;<\/p>\n<p align=justify>\n<p>&#13;<br \/>\n&#13;<\/p>\n<p align=justify>Auf politischer Ebene wurde das 30-j\u00e4hrige Bestehen der rum\u00e4nischen Frankophonie durch den Besuch der amtierenden Generalsekret\u00e4rin der Frankophonie, Louise Mushikiwabo, in der vergangenen Woche in Bukarest begangen, die an der internationalen Konferenz Frankophonie der Zukunft: Bildung f\u00fcr nachhaltige Entwicklung\u201c teilnahm. Bei dieser Gelegenheit wies Pr\u00e4sident Klaus Johannis darauf hin, dass Rum\u00e4nien 30 Jahre nach seinem Beitritt zur OIF eine aktive, integrative und einflussreiche Frankophonie will, die auf eine nachhaltige Zukunft ausgerichtet ist, die nur in einem Raum des Friedens und der Stabilit\u00e4t erreicht werden kann. Die Frankophonie der Zukunft wird jeden Tag aufgebaut, und Rum\u00e4nien ist ein aktiver Teil dieses Prozesses und leistet einen wichtigen Beitrag, so Pr\u00e4sident Johannis in diesem Zusammenhang.<\/p>\n<p>&#13;<\/p>\n","protected":false},"excerpt":{"rendered":"<p>In diesem Jahr begeht Rum\u00e4nien das 30. Jubil\u00e4um seiner Mitgliedschaft in der Internationalen Organisation der Frankophonie.<\/p>\n","protected":false},"author":109,"featured_media":95107,"comment_status":"closed","ping_status":"closed","sticky":false,"template":"","format":"standard","meta":{"_acf_changed":false,"footnotes":""},"categories":[99583],"tags":[105761,105760,100878,101388,47856,37459,99589],"coauthors":[],"class_list":["post-462550","post","type-post","status-publish","format-standard","has-post-thumbnail","hentry","category-rri-aktuell","tag-20-maerz","tag-internationale-organisation-der-frankophonie","tag-jahrestag","tag-jubilaeum","tag-louise-mushikiwabo","tag-oif","tag-rumaenien"],"acf":[],"yoast_head":"<!-- This site is optimized with the Yoast SEO plugin v27.5 - https:\/\/yoast.com\/product\/yoast-seo-wordpress\/ -->\n<title>Internationale Organisation der Frankophonie: 30. Jubil\u00e4um der Mitgliedschaft Rum\u00e4niens - Radio Rum\u00e4nien International<\/title>\n<meta name=\"robots\" content=\"index, follow, max-snippet:-1, max-image-preview:large, max-video-preview:-1\" \/>\n<link rel=\"canonical\" href=\"https:\/\/www.rri.ro\/de\/aktuell\/rri-aktuell\/internationale-organisation-der-frankophonie-30-jubilaeum-der-mitgliedschaft-rumaeniens-id462550.html\" \/>\n<meta property=\"og:locale\" content=\"de_DE\" \/>\n<meta property=\"og:type\" content=\"article\" \/>\n<meta property=\"og:title\" content=\"Internationale Organisation der Frankophonie: 30. Jubil\u00e4um der Mitgliedschaft Rum\u00e4niens - Radio Rum\u00e4nien International\" \/>\n<meta property=\"og:description\" content=\"In diesem Jahr begeht Rum\u00e4nien das 30. Jubil\u00e4um seiner Mitgliedschaft in der Internationalen Organisation der Frankophonie.\" \/>\n<meta property=\"og:url\" content=\"https:\/\/www.rri.ro\/de\/aktuell\/rri-aktuell\/internationale-organisation-der-frankophonie-30-jubilaeum-der-mitgliedschaft-rumaeniens-id462550.html\" \/>\n<meta property=\"og:site_name\" content=\"Radio Rum\u00e4nien International\" \/>\n<meta property=\"article:published_time\" content=\"2023-03-20T14:02:00+00:00\" \/>\n<meta property=\"article:modified_time\" content=\"2024-02-19T19:16:16+00:00\" \/>\n<meta property=\"og:image\" content=\"https:\/\/www.rri.ro\/wp-content\/uploads\/2023\/10\/logo-francofonie-30-ani.png\" \/>\n\t<meta property=\"og:image:width\" content=\"640\" \/>\n\t<meta property=\"og:image:height\" content=\"450\" \/>\n\t<meta property=\"og:image:type\" content=\"image\/png\" \/>\n<meta name=\"author\" content=\"Roxana Vasile\" \/>\n<meta name=\"twitter:card\" content=\"summary_large_image\" \/>\n<meta name=\"twitter:label1\" content=\"Verfasst von\" \/>\n\t<meta name=\"twitter:data1\" content=\"Roxana Vasile\" \/>\n\t<meta name=\"twitter:label2\" content=\"Gesch\u00e4tzte Lesezeit\" \/>\n\t<meta name=\"twitter:data2\" content=\"2\u00a0Minuten\" \/>\n\t<meta name=\"twitter:label3\" content=\"Written by\" \/>\n\t<meta name=\"twitter:data3\" content=\"Roxana Vasile\" \/>\n<script type=\"application\/ld+json\" class=\"yoast-schema-graph\">{\"@context\":\"https:\\\/\\\/schema.org\",\"@graph\":[{\"@type\":\"Article\",\"@id\":\"https:\\\/\\\/www.rri.ro\\\/de\\\/aktuell\\\/rri-aktuell\\\/internationale-organisation-der-frankophonie-30-jubilaeum-der-mitgliedschaft-rumaeniens-id462550.html#article\",\"isPartOf\":{\"@id\":\"https:\\\/\\\/www.rri.ro\\\/de\\\/aktuell\\\/rri-aktuell\\\/internationale-organisation-der-frankophonie-30-jubilaeum-der-mitgliedschaft-rumaeniens-id462550.html\"},\"author\":{\"name\":\"Roxana Vasile\",\"@id\":\"https:\\\/\\\/www.rri.ro\\\/#\\\/schema\\\/person\\\/0745b519f2d1287783422f162c4112af\"},\"headline\":\"Internationale Organisation der Frankophonie: 30. Jubil\u00e4um der Mitgliedschaft Rum\u00e4niens\",\"datePublished\":\"2023-03-20T14:02:00+00:00\",\"dateModified\":\"2024-02-19T19:16:16+00:00\",\"mainEntityOfPage\":{\"@id\":\"https:\\\/\\\/www.rri.ro\\\/de\\\/aktuell\\\/rri-aktuell\\\/internationale-organisation-der-frankophonie-30-jubilaeum-der-mitgliedschaft-rumaeniens-id462550.html\"},\"wordCount\":448,\"image\":{\"@id\":\"https:\\\/\\\/www.rri.ro\\\/de\\\/aktuell\\\/rri-aktuell\\\/internationale-organisation-der-frankophonie-30-jubilaeum-der-mitgliedschaft-rumaeniens-id462550.html#primaryimage\"},\"thumbnailUrl\":\"https:\\\/\\\/www.rri.ro\\\/wp-content\\\/uploads\\\/2023\\\/10\\\/logo-francofonie-30-ani.png\",\"keywords\":[\"20. M\u00e4rz\",\"Internationale Organisation der Frankophonie\",\"Jahrestag\",\"Jubil\u00e4um\",\"Louise Mushikiwabo\",\"OIF\",\"Rum\u00e4nien\"],\"articleSection\":[\"RRI Aktuell\"],\"inLanguage\":\"de\"},{\"@type\":\"WebPage\",\"@id\":\"https:\\\/\\\/www.rri.ro\\\/de\\\/aktuell\\\/rri-aktuell\\\/internationale-organisation-der-frankophonie-30-jubilaeum-der-mitgliedschaft-rumaeniens-id462550.html\",\"url\":\"https:\\\/\\\/www.rri.ro\\\/de\\\/aktuell\\\/rri-aktuell\\\/internationale-organisation-der-frankophonie-30-jubilaeum-der-mitgliedschaft-rumaeniens-id462550.html\",\"name\":\"Internationale Organisation der Frankophonie: 30. Jubil\u00e4um der Mitgliedschaft Rum\u00e4niens - Radio Rum\u00e4nien International\",\"isPartOf\":{\"@id\":\"https:\\\/\\\/www.rri.ro\\\/#website\"},\"primaryImageOfPage\":{\"@id\":\"https:\\\/\\\/www.rri.ro\\\/de\\\/aktuell\\\/rri-aktuell\\\/internationale-organisation-der-frankophonie-30-jubilaeum-der-mitgliedschaft-rumaeniens-id462550.html#primaryimage\"},\"image\":{\"@id\":\"https:\\\/\\\/www.rri.ro\\\/de\\\/aktuell\\\/rri-aktuell\\\/internationale-organisation-der-frankophonie-30-jubilaeum-der-mitgliedschaft-rumaeniens-id462550.html#primaryimage\"},\"thumbnailUrl\":\"https:\\\/\\\/www.rri.ro\\\/wp-content\\\/uploads\\\/2023\\\/10\\\/logo-francofonie-30-ani.png\",\"datePublished\":\"2023-03-20T14:02:00+00:00\",\"dateModified\":\"2024-02-19T19:16:16+00:00\",\"author\":{\"@id\":\"https:\\\/\\\/www.rri.ro\\\/#\\\/schema\\\/person\\\/0745b519f2d1287783422f162c4112af\"},\"breadcrumb\":{\"@id\":\"https:\\\/\\\/www.rri.ro\\\/de\\\/aktuell\\\/rri-aktuell\\\/internationale-organisation-der-frankophonie-30-jubilaeum-der-mitgliedschaft-rumaeniens-id462550.html#breadcrumb\"},\"inLanguage\":\"de\",\"potentialAction\":[{\"@type\":\"ReadAction\",\"target\":[\"https:\\\/\\\/www.rri.ro\\\/de\\\/aktuell\\\/rri-aktuell\\\/internationale-organisation-der-frankophonie-30-jubilaeum-der-mitgliedschaft-rumaeniens-id462550.html\"]}]},{\"@type\":\"ImageObject\",\"inLanguage\":\"de\",\"@id\":\"https:\\\/\\\/www.rri.ro\\\/de\\\/aktuell\\\/rri-aktuell\\\/internationale-organisation-der-frankophonie-30-jubilaeum-der-mitgliedschaft-rumaeniens-id462550.html#primaryimage\",\"url\":\"https:\\\/\\\/www.rri.ro\\\/wp-content\\\/uploads\\\/2023\\\/10\\\/logo-francofonie-30-ani.png\",\"contentUrl\":\"https:\\\/\\\/www.rri.ro\\\/wp-content\\\/uploads\\\/2023\\\/10\\\/logo-francofonie-30-ani.png\",\"width\":640,\"height\":450},{\"@type\":\"BreadcrumbList\",\"@id\":\"https:\\\/\\\/www.rri.ro\\\/de\\\/aktuell\\\/rri-aktuell\\\/internationale-organisation-der-frankophonie-30-jubilaeum-der-mitgliedschaft-rumaeniens-id462550.html#breadcrumb\",\"itemListElement\":[{\"@type\":\"ListItem\",\"position\":1,\"name\":\"Startseite\",\"item\":\"https:\\\/\\\/www.rri.ro\\\/de\"},{\"@type\":\"ListItem\",\"position\":2,\"name\":\"Aktuell\",\"item\":\"https:\\\/\\\/www.rri.ro\\\/de\\\/aktuell\"},{\"@type\":\"ListItem\",\"position\":3,\"name\":\"RRI Aktuell\",\"item\":\"https:\\\/\\\/www.rri.ro\\\/de\\\/aktuell\\\/rri-aktuell\"},{\"@type\":\"ListItem\",\"position\":4,\"name\":\"Internationale Organisation der Frankophonie: 30. Jubil\u00e4um der Mitgliedschaft Rum\u00e4niens\"}]},{\"@type\":\"WebSite\",\"@id\":\"https:\\\/\\\/www.rri.ro\\\/#website\",\"url\":\"https:\\\/\\\/www.rri.ro\\\/\",\"name\":\"Radio Rum\u00e4nien International\",\"description\":\"Totul despre Rom\u00e2nia \u015fi rom\u00e2ni, \u00een 13 limbi\\\/dialecte!\",\"inLanguage\":\"de\"},{\"@type\":\"Person\",\"@id\":\"https:\\\/\\\/www.rri.ro\\\/#\\\/schema\\\/person\\\/0745b519f2d1287783422f162c4112af\",\"name\":\"Roxana Vasile\",\"url\":\"https:\\\/\\\/www.rri.ro\\\/de\\\/author\\\/roxana-vasile\"}]}<\/script>\n<!-- \/ Yoast SEO plugin. -->","yoast_head_json":{"title":"Internationale Organisation der Frankophonie: 30. Jubil\u00e4um der Mitgliedschaft Rum\u00e4niens - Radio Rum\u00e4nien International","robots":{"index":"index","follow":"follow","max-snippet":"max-snippet:-1","max-image-preview":"max-image-preview:large","max-video-preview":"max-video-preview:-1"},"canonical":"https:\/\/www.rri.ro\/de\/aktuell\/rri-aktuell\/internationale-organisation-der-frankophonie-30-jubilaeum-der-mitgliedschaft-rumaeniens-id462550.html","og_locale":"de_DE","og_type":"article","og_title":"Internationale Organisation der Frankophonie: 30. Jubil\u00e4um der Mitgliedschaft Rum\u00e4niens - Radio Rum\u00e4nien International","og_description":"In diesem Jahr begeht Rum\u00e4nien das 30. Jubil\u00e4um seiner Mitgliedschaft in der Internationalen Organisation der Frankophonie.","og_url":"https:\/\/www.rri.ro\/de\/aktuell\/rri-aktuell\/internationale-organisation-der-frankophonie-30-jubilaeum-der-mitgliedschaft-rumaeniens-id462550.html","og_site_name":"Radio Rum\u00e4nien International","article_published_time":"2023-03-20T14:02:00+00:00","article_modified_time":"2024-02-19T19:16:16+00:00","og_image":[{"width":640,"height":450,"url":"https:\/\/www.rri.ro\/wp-content\/uploads\/2023\/10\/logo-francofonie-30-ani.png","type":"image\/png"}],"author":"Roxana Vasile","twitter_card":"summary_large_image","twitter_misc":{"Verfasst von":"Roxana Vasile","Gesch\u00e4tzte Lesezeit":"2\u00a0Minuten","Written by":"Roxana Vasile"},"schema":{"@context":"https:\/\/schema.org","@graph":[{"@type":"Article","@id":"https:\/\/www.rri.ro\/de\/aktuell\/rri-aktuell\/internationale-organisation-der-frankophonie-30-jubilaeum-der-mitgliedschaft-rumaeniens-id462550.html#article","isPartOf":{"@id":"https:\/\/www.rri.ro\/de\/aktuell\/rri-aktuell\/internationale-organisation-der-frankophonie-30-jubilaeum-der-mitgliedschaft-rumaeniens-id462550.html"},"author":{"name":"Roxana Vasile","@id":"https:\/\/www.rri.ro\/#\/schema\/person\/0745b519f2d1287783422f162c4112af"},"headline":"Internationale Organisation der Frankophonie: 30. Jubil\u00e4um der Mitgliedschaft Rum\u00e4niens","datePublished":"2023-03-20T14:02:00+00:00","dateModified":"2024-02-19T19:16:16+00:00","mainEntityOfPage":{"@id":"https:\/\/www.rri.ro\/de\/aktuell\/rri-aktuell\/internationale-organisation-der-frankophonie-30-jubilaeum-der-mitgliedschaft-rumaeniens-id462550.html"},"wordCount":448,"image":{"@id":"https:\/\/www.rri.ro\/de\/aktuell\/rri-aktuell\/internationale-organisation-der-frankophonie-30-jubilaeum-der-mitgliedschaft-rumaeniens-id462550.html#primaryimage"},"thumbnailUrl":"https:\/\/www.rri.ro\/wp-content\/uploads\/2023\/10\/logo-francofonie-30-ani.png","keywords":["20. M\u00e4rz","Internationale Organisation der Frankophonie","Jahrestag","Jubil\u00e4um","Louise Mushikiwabo","OIF","Rum\u00e4nien"],"articleSection":["RRI Aktuell"],"inLanguage":"de"},{"@type":"WebPage","@id":"https:\/\/www.rri.ro\/de\/aktuell\/rri-aktuell\/internationale-organisation-der-frankophonie-30-jubilaeum-der-mitgliedschaft-rumaeniens-id462550.html","url":"https:\/\/www.rri.ro\/de\/aktuell\/rri-aktuell\/internationale-organisation-der-frankophonie-30-jubilaeum-der-mitgliedschaft-rumaeniens-id462550.html","name":"Internationale Organisation der Frankophonie: 30. Jubil\u00e4um der Mitgliedschaft Rum\u00e4niens - Radio Rum\u00e4nien International","isPartOf":{"@id":"https:\/\/www.rri.ro\/#website"},"primaryImageOfPage":{"@id":"https:\/\/www.rri.ro\/de\/aktuell\/rri-aktuell\/internationale-organisation-der-frankophonie-30-jubilaeum-der-mitgliedschaft-rumaeniens-id462550.html#primaryimage"},"image":{"@id":"https:\/\/www.rri.ro\/de\/aktuell\/rri-aktuell\/internationale-organisation-der-frankophonie-30-jubilaeum-der-mitgliedschaft-rumaeniens-id462550.html#primaryimage"},"thumbnailUrl":"https:\/\/www.rri.ro\/wp-content\/uploads\/2023\/10\/logo-francofonie-30-ani.png","datePublished":"2023-03-20T14:02:00+00:00","dateModified":"2024-02-19T19:16:16+00:00","author":{"@id":"https:\/\/www.rri.ro\/#\/schema\/person\/0745b519f2d1287783422f162c4112af"},"breadcrumb":{"@id":"https:\/\/www.rri.ro\/de\/aktuell\/rri-aktuell\/internationale-organisation-der-frankophonie-30-jubilaeum-der-mitgliedschaft-rumaeniens-id462550.html#breadcrumb"},"inLanguage":"de","potentialAction":[{"@type":"ReadAction","target":["https:\/\/www.rri.ro\/de\/aktuell\/rri-aktuell\/internationale-organisation-der-frankophonie-30-jubilaeum-der-mitgliedschaft-rumaeniens-id462550.html"]}]},{"@type":"ImageObject","inLanguage":"de","@id":"https:\/\/www.rri.ro\/de\/aktuell\/rri-aktuell\/internationale-organisation-der-frankophonie-30-jubilaeum-der-mitgliedschaft-rumaeniens-id462550.html#primaryimage","url":"https:\/\/www.rri.ro\/wp-content\/uploads\/2023\/10\/logo-francofonie-30-ani.png","contentUrl":"https:\/\/www.rri.ro\/wp-content\/uploads\/2023\/10\/logo-francofonie-30-ani.png","width":640,"height":450},{"@type":"BreadcrumbList","@id":"https:\/\/www.rri.ro\/de\/aktuell\/rri-aktuell\/internationale-organisation-der-frankophonie-30-jubilaeum-der-mitgliedschaft-rumaeniens-id462550.html#breadcrumb","itemListElement":[{"@type":"ListItem","position":1,"name":"Startseite","item":"https:\/\/www.rri.ro\/de"},{"@type":"ListItem","position":2,"name":"Aktuell","item":"https:\/\/www.rri.ro\/de\/aktuell"},{"@type":"ListItem","position":3,"name":"RRI Aktuell","item":"https:\/\/www.rri.ro\/de\/aktuell\/rri-aktuell"},{"@type":"ListItem","position":4,"name":"Internationale Organisation der Frankophonie: 30. Jubil\u00e4um der Mitgliedschaft Rum\u00e4niens"}]},{"@type":"WebSite","@id":"https:\/\/www.rri.ro\/#website","url":"https:\/\/www.rri.ro\/","name":"Radio Rum\u00e4nien International","description":"Totul despre Rom\u00e2nia \u015fi rom\u00e2ni, \u00een 13 limbi\/dialecte!","inLanguage":"de"},{"@type":"Person","@id":"https:\/\/www.rri.ro\/#\/schema\/person\/0745b519f2d1287783422f162c4112af","name":"Roxana Vasile","url":"https:\/\/www.rri.ro\/de\/author\/roxana-vasile"}]}},"_links":{"self":[{"href":"https:\/\/www.rri.ro\/de\/wp-json\/wp\/v2\/posts\/462550","targetHints":{"allow":["GET"]}}],"collection":[{"href":"https:\/\/www.rri.ro\/de\/wp-json\/wp\/v2\/posts"}],"about":[{"href":"https:\/\/www.rri.ro\/de\/wp-json\/wp\/v2\/types\/post"}],"author":[{"embeddable":true,"href":"https:\/\/www.rri.ro\/de\/wp-json\/wp\/v2\/users\/109"}],"replies":[{"embeddable":true,"href":"https:\/\/www.rri.ro\/de\/wp-json\/wp\/v2\/comments?post=462550"}],"version-history":[{"count":0,"href":"https:\/\/www.rri.ro\/de\/wp-json\/wp\/v2\/posts\/462550\/revisions"}],"wp:featuredmedia":[{"embeddable":true,"href":"https:\/\/www.rri.ro\/de\/wp-json\/wp\/v2\/media\/95107"}],"wp:attachment":[{"href":"https:\/\/www.rri.ro\/de\/wp-json\/wp\/v2\/media?parent=462550"}],"wp:term":[{"taxonomy":"category","embeddable":true,"href":"https:\/\/www.rri.ro\/de\/wp-json\/wp\/v2\/categories?post=462550"},{"taxonomy":"post_tag","embeddable":true,"href":"https:\/\/www.rri.ro\/de\/wp-json\/wp\/v2\/tags?post=462550"},{"taxonomy":"author","embeddable":true,"href":"https:\/\/www.rri.ro\/de\/wp-json\/wp\/v2\/coauthors?post=462550"}],"curies":[{"name":"wp","href":"https:\/\/api.w.org\/{rel}","templated":true}]}}