{"id":462566,"date":"2023-04-07T14:10:00","date_gmt":"2023-04-07T11:10:00","guid":{"rendered":"http:\/\/devrri.freshlemon.ro\/aktuell\/der-eu-aufbauplan-stellt-eine-aussergewoehnliche-gelegenheit-dar-id462566.html"},"modified":"2024-02-19T21:16:32","modified_gmt":"2024-02-19T19:16:32","slug":"der-eu-aufbauplan-stellt-eine-aussergewoehnliche-gelegenheit-dar","status":"publish","type":"post","link":"https:\/\/www.rri.ro\/de\/aktuell\/rri-aktuell\/der-eu-aufbauplan-stellt-eine-aussergewoehnliche-gelegenheit-dar-id462566.html","title":{"rendered":"Der EU-Aufbauplan stellt eine au\u00dfergew\u00f6hnliche Gelegenheit dar"},"content":{"rendered":"<\/p>\n<p>&#13;<br \/>\n&#13;<\/p>\n<p>Die Bukarester Exekutive hat erkannt, dass im Haushalt ein Loch von 20 Milliarden Lei klafft, was 4 Milliarden Euro entspricht. Sie sucht nach L\u00f6sungen, um dieses zu stopfen. Das Ziel ist es, das Defizit auf 4,4 Prozent des BIP zu halten. Die Regierung hat zugesagt, die Geh\u00e4lter und andere Einnahmen nicht zu senken. In Erw\u00e4gung gezogene L\u00f6sungen umfassen die Einbeziehung von Boni in die Geh\u00e4lter und die K\u00fcrzung bestimmter Zulagen sowie Ma\u200e\u00dfnahmen zur Eind\u00e4mmung der Steuerhinterziehung. Die Experten warnten, dass im Staatshaushalt einige Einnahmen zu hoch und einige Ausgaben zu niedrig veranschlagt worden seien, und dass diese \u00dcberschneidung, sobald sie sich best\u00e4tigt, nur zu einem Anstieg des Defizits f\u00fchren k\u00f6nne. Eugen R\u0103dulescu, Leiter der Direktion f\u00fcr Finanzstabilit\u00e4t der Nationalbank, meint, dass das Zahlungsbilanzdefizit haupts\u00e4chlich auf das \u00f6ffentliche Defizit zur\u00fcckzuf\u00fchren ist. Er sprach auf einer Konferenz \u00fcber die hohen Risiken, die von Zwillingsdefiziten ausgehen. Das Leistungsbilanzdefizit hat 9 % des BIP \u00fcberschritten und ist selbst im Vergleich zu den L\u00e4ndern der Region das h\u00f6chste. Das Haushaltsdefizit ist trotz der Reduzierung weiterhin hoch. Die hohe Haushaltsdefizitlage hat Rum\u00e4nien bereits vor Ausbruch der Pandemie an den Rand einer Vertragsverletzung gebracht. Der EU-Aufbauplan ist daher ein echter Befreiungsschlag, meint Eugen R\u0103dulescu: <em>Wir sprechen von schwindelerregend hohen Summen, die in den nationalen Wirtschaftskreislauf hineingeholt werden k\u00f6nnten, aber wir sprechen auch von Ma\u200e\u00dfnahmen, die darauf abzielen, die makro\u00f6konomischen Ungleichgewichte wieder herzustellen, die gar nicht gut sind.\u201c <\/em><\/p>\n<p>&#13;<br \/>\n&#13;<\/p>\n<p>&#13;<br \/>\n&#13;<\/p>\n<p>&#13;<br \/>\n&#13;<\/p>\n<p>Die zu beschlie\u200e\u00dfenden Ma\u200e\u00dfnahmen erfordern einen starken politischen Willen, da sie weder popul\u00e4r noch einfach zu verabschieden sind. Rum\u00e4nien profitiert von zwei besseren Entwicklungen als urspr\u00fcnglich erwartet, n\u00e4mlich dem Wirtschaftswachstum und der relativen Wechselkursstabilit\u00e4t, die auf nat\u00fcrliche Marktbewegungen und nicht auf Interventionen der Zentralbank zur\u00fcckzuf\u00fchren sind, so der Leiter der Direktion f\u00fcr Finanzstabilit\u00e4t der Zentralbank. Cristian Popa, Mitglied des Verwaltungsrats der Notenbank, geht davon aus, dass die Inflation in den n\u00e4chsten Monaten schneller sinken und im dritten Quartal des Jahres voraussichtlich unter 10 % liegen wird. Eine Senkung der Leitzinsen ist jedoch nicht in Sicht. Laut ihm gibt es viele Faktoren, die die Inflation unter Druck setzen, darunter Krieg, Protektionismus und die gr\u00fcne Wirtschaft, die teurer ist. Die Aush\u00f6hlung des Liberalismus f\u00fchrt zu einer inflation\u00e4ren Entwicklung, da sich die Beh\u00f6rden zu sehr in die Unternehmen, in die Privatwirtschaft einmischen und dadurch Regulierungskosten, Regeln und B\u00fcrokratie verursachen. Diese k\u00f6nnen die Preise in die H\u00f6he treiben.<\/p>\n<p>&#13;<br \/>\n&#13;<\/p>\n<p>&#13;<\/p>\n","protected":false},"excerpt":{"rendered":"<p>Die von der EU als Gegenleistung f\u00fcr die Reformen im Rahmen des Aufbau- und Resilienzplans zugesagten Gelder sind ein Rettungsanker f\u00fcr die rum\u00e4nische Wirtschaft.<\/p>\n","protected":false},"author":110,"featured_media":95207,"comment_status":"closed","ping_status":"closed","sticky":false,"template":"","format":"standard","meta":{"_acf_changed":false,"footnotes":""},"categories":[99583],"tags":[105788,100261,143977,99757],"coauthors":[],"class_list":["post-462566","post","type-post","status-publish","format-standard","has-post-thumbnail","hentry","category-rri-aktuell","tag-eu-aufbauplan","tag-haushalt","tag-inflation-de","tag-wirtschaft"],"acf":[],"yoast_head":"<!-- This site is optimized with the Yoast SEO plugin v27.3 - https:\/\/yoast.com\/product\/yoast-seo-wordpress\/ -->\n<title>Der EU-Aufbauplan stellt eine au\u00dfergew\u00f6hnliche Gelegenheit dar - Radio Rum\u00e4nien International<\/title>\n<meta name=\"robots\" content=\"index, follow, max-snippet:-1, max-image-preview:large, max-video-preview:-1\" \/>\n<link rel=\"canonical\" href=\"https:\/\/www.rri.ro\/de\/aktuell\/rri-aktuell\/der-eu-aufbauplan-stellt-eine-aussergewoehnliche-gelegenheit-dar-id462566.html\" \/>\n<meta property=\"og:locale\" content=\"de_DE\" \/>\n<meta property=\"og:type\" content=\"article\" \/>\n<meta property=\"og:title\" content=\"Der EU-Aufbauplan stellt eine au\u00dfergew\u00f6hnliche Gelegenheit dar - Radio Rum\u00e4nien International\" \/>\n<meta property=\"og:description\" content=\"Die von der EU als Gegenleistung f\u00fcr die Reformen im Rahmen des Aufbau- und Resilienzplans zugesagten Gelder sind ein Rettungsanker f\u00fcr die rum\u00e4nische Wirtschaft.\" \/>\n<meta property=\"og:url\" content=\"https:\/\/www.rri.ro\/de\/aktuell\/rri-aktuell\/der-eu-aufbauplan-stellt-eine-aussergewoehnliche-gelegenheit-dar-id462566.html\" \/>\n<meta property=\"og:site_name\" content=\"Radio Rum\u00e4nien International\" \/>\n<meta property=\"article:published_time\" content=\"2023-04-07T11:10:00+00:00\" \/>\n<meta property=\"article:modified_time\" content=\"2024-02-19T19:16:32+00:00\" \/>\n<meta property=\"og:image\" content=\"https:\/\/www.rri.ro\/wp-content\/uploads\/2023\/10\/bani-lei-bancnote-septimiu-pixabay-com.jpg\" \/>\n\t<meta property=\"og:image:width\" content=\"640\" \/>\n\t<meta property=\"og:image:height\" content=\"378\" \/>\n\t<meta property=\"og:image:type\" content=\"image\/jpeg\" \/>\n<meta name=\"author\" content=\"\u015etefan Stoica\" \/>\n<meta name=\"twitter:card\" content=\"summary_large_image\" \/>\n<meta name=\"twitter:label1\" content=\"Verfasst von\" \/>\n\t<meta name=\"twitter:data1\" content=\"\u015etefan Stoica\" \/>\n\t<meta name=\"twitter:label2\" content=\"Gesch\u00e4tzte Lesezeit\" \/>\n\t<meta name=\"twitter:data2\" content=\"2\u00a0Minuten\" \/>\n\t<meta name=\"twitter:label3\" content=\"Written by\" \/>\n\t<meta name=\"twitter:data3\" content=\"\u015etefan Stoica\" \/>\n<script type=\"application\/ld+json\" class=\"yoast-schema-graph\">{\"@context\":\"https:\\\/\\\/schema.org\",\"@graph\":[{\"@type\":\"Article\",\"@id\":\"https:\\\/\\\/www.rri.ro\\\/de\\\/aktuell\\\/rri-aktuell\\\/der-eu-aufbauplan-stellt-eine-aussergewoehnliche-gelegenheit-dar-id462566.html#article\",\"isPartOf\":{\"@id\":\"https:\\\/\\\/www.rri.ro\\\/de\\\/aktuell\\\/rri-aktuell\\\/der-eu-aufbauplan-stellt-eine-aussergewoehnliche-gelegenheit-dar-id462566.html\"},\"author\":{\"name\":\"\u015etefan Stoica\",\"@id\":\"https:\\\/\\\/www.rri.ro\\\/#\\\/schema\\\/person\\\/2d81d5dc94d44190d13245f64551d334\"},\"headline\":\"Der EU-Aufbauplan stellt eine au\u00dfergew\u00f6hnliche Gelegenheit dar\",\"datePublished\":\"2023-04-07T11:10:00+00:00\",\"dateModified\":\"2024-02-19T19:16:32+00:00\",\"mainEntityOfPage\":{\"@id\":\"https:\\\/\\\/www.rri.ro\\\/de\\\/aktuell\\\/rri-aktuell\\\/der-eu-aufbauplan-stellt-eine-aussergewoehnliche-gelegenheit-dar-id462566.html\"},\"wordCount\":431,\"image\":{\"@id\":\"https:\\\/\\\/www.rri.ro\\\/de\\\/aktuell\\\/rri-aktuell\\\/der-eu-aufbauplan-stellt-eine-aussergewoehnliche-gelegenheit-dar-id462566.html#primaryimage\"},\"thumbnailUrl\":\"https:\\\/\\\/www.rri.ro\\\/wp-content\\\/uploads\\\/2023\\\/10\\\/bani-lei-bancnote-septimiu-pixabay-com.jpg\",\"keywords\":[\"EU-Aufbauplan\",\"Haushalt\",\"inflation\",\"Wirtschaft\"],\"articleSection\":[\"RRI Aktuell\"],\"inLanguage\":\"de\"},{\"@type\":\"WebPage\",\"@id\":\"https:\\\/\\\/www.rri.ro\\\/de\\\/aktuell\\\/rri-aktuell\\\/der-eu-aufbauplan-stellt-eine-aussergewoehnliche-gelegenheit-dar-id462566.html\",\"url\":\"https:\\\/\\\/www.rri.ro\\\/de\\\/aktuell\\\/rri-aktuell\\\/der-eu-aufbauplan-stellt-eine-aussergewoehnliche-gelegenheit-dar-id462566.html\",\"name\":\"Der EU-Aufbauplan stellt eine au\u00dfergew\u00f6hnliche Gelegenheit dar - Radio Rum\u00e4nien International\",\"isPartOf\":{\"@id\":\"https:\\\/\\\/www.rri.ro\\\/#website\"},\"primaryImageOfPage\":{\"@id\":\"https:\\\/\\\/www.rri.ro\\\/de\\\/aktuell\\\/rri-aktuell\\\/der-eu-aufbauplan-stellt-eine-aussergewoehnliche-gelegenheit-dar-id462566.html#primaryimage\"},\"image\":{\"@id\":\"https:\\\/\\\/www.rri.ro\\\/de\\\/aktuell\\\/rri-aktuell\\\/der-eu-aufbauplan-stellt-eine-aussergewoehnliche-gelegenheit-dar-id462566.html#primaryimage\"},\"thumbnailUrl\":\"https:\\\/\\\/www.rri.ro\\\/wp-content\\\/uploads\\\/2023\\\/10\\\/bani-lei-bancnote-septimiu-pixabay-com.jpg\",\"datePublished\":\"2023-04-07T11:10:00+00:00\",\"dateModified\":\"2024-02-19T19:16:32+00:00\",\"author\":{\"@id\":\"https:\\\/\\\/www.rri.ro\\\/#\\\/schema\\\/person\\\/2d81d5dc94d44190d13245f64551d334\"},\"breadcrumb\":{\"@id\":\"https:\\\/\\\/www.rri.ro\\\/de\\\/aktuell\\\/rri-aktuell\\\/der-eu-aufbauplan-stellt-eine-aussergewoehnliche-gelegenheit-dar-id462566.html#breadcrumb\"},\"inLanguage\":\"de\",\"potentialAction\":[{\"@type\":\"ReadAction\",\"target\":[\"https:\\\/\\\/www.rri.ro\\\/de\\\/aktuell\\\/rri-aktuell\\\/der-eu-aufbauplan-stellt-eine-aussergewoehnliche-gelegenheit-dar-id462566.html\"]}]},{\"@type\":\"ImageObject\",\"inLanguage\":\"de\",\"@id\":\"https:\\\/\\\/www.rri.ro\\\/de\\\/aktuell\\\/rri-aktuell\\\/der-eu-aufbauplan-stellt-eine-aussergewoehnliche-gelegenheit-dar-id462566.html#primaryimage\",\"url\":\"https:\\\/\\\/www.rri.ro\\\/wp-content\\\/uploads\\\/2023\\\/10\\\/bani-lei-bancnote-septimiu-pixabay-com.jpg\",\"contentUrl\":\"https:\\\/\\\/www.rri.ro\\\/wp-content\\\/uploads\\\/2023\\\/10\\\/bani-lei-bancnote-septimiu-pixabay-com.jpg\",\"width\":640,\"height\":378,\"caption\":\"Photo: Septimiu Balica \\\/ pixabay.com\"},{\"@type\":\"BreadcrumbList\",\"@id\":\"https:\\\/\\\/www.rri.ro\\\/de\\\/aktuell\\\/rri-aktuell\\\/der-eu-aufbauplan-stellt-eine-aussergewoehnliche-gelegenheit-dar-id462566.html#breadcrumb\",\"itemListElement\":[{\"@type\":\"ListItem\",\"position\":1,\"name\":\"Startseite\",\"item\":\"https:\\\/\\\/www.rri.ro\\\/de\"},{\"@type\":\"ListItem\",\"position\":2,\"name\":\"Aktuell\",\"item\":\"https:\\\/\\\/www.rri.ro\\\/de\\\/aktuell\"},{\"@type\":\"ListItem\",\"position\":3,\"name\":\"RRI Aktuell\",\"item\":\"https:\\\/\\\/www.rri.ro\\\/de\\\/aktuell\\\/rri-aktuell\"},{\"@type\":\"ListItem\",\"position\":4,\"name\":\"Der EU-Aufbauplan stellt eine au\u00dfergew\u00f6hnliche Gelegenheit dar\"}]},{\"@type\":\"WebSite\",\"@id\":\"https:\\\/\\\/www.rri.ro\\\/#website\",\"url\":\"https:\\\/\\\/www.rri.ro\\\/\",\"name\":\"Radio Rum\u00e4nien International\",\"description\":\"Totul despre Rom\u00e2nia \u015fi rom\u00e2ni, \u00een 13 limbi\\\/dialecte!\",\"inLanguage\":\"de\"},{\"@type\":\"Person\",\"@id\":\"https:\\\/\\\/www.rri.ro\\\/#\\\/schema\\\/person\\\/2d81d5dc94d44190d13245f64551d334\",\"name\":\"\u015etefan Stoica\",\"url\":\"https:\\\/\\\/www.rri.ro\\\/de\\\/author\\\/stefan-stoica\"}]}<\/script>\n<!-- \/ Yoast SEO plugin. -->","yoast_head_json":{"title":"Der EU-Aufbauplan stellt eine au\u00dfergew\u00f6hnliche Gelegenheit dar - Radio Rum\u00e4nien International","robots":{"index":"index","follow":"follow","max-snippet":"max-snippet:-1","max-image-preview":"max-image-preview:large","max-video-preview":"max-video-preview:-1"},"canonical":"https:\/\/www.rri.ro\/de\/aktuell\/rri-aktuell\/der-eu-aufbauplan-stellt-eine-aussergewoehnliche-gelegenheit-dar-id462566.html","og_locale":"de_DE","og_type":"article","og_title":"Der EU-Aufbauplan stellt eine au\u00dfergew\u00f6hnliche Gelegenheit dar - Radio Rum\u00e4nien International","og_description":"Die von der EU als Gegenleistung f\u00fcr die Reformen im Rahmen des Aufbau- und Resilienzplans zugesagten Gelder sind ein Rettungsanker f\u00fcr die rum\u00e4nische Wirtschaft.","og_url":"https:\/\/www.rri.ro\/de\/aktuell\/rri-aktuell\/der-eu-aufbauplan-stellt-eine-aussergewoehnliche-gelegenheit-dar-id462566.html","og_site_name":"Radio Rum\u00e4nien International","article_published_time":"2023-04-07T11:10:00+00:00","article_modified_time":"2024-02-19T19:16:32+00:00","og_image":[{"width":640,"height":378,"url":"https:\/\/www.rri.ro\/wp-content\/uploads\/2023\/10\/bani-lei-bancnote-septimiu-pixabay-com.jpg","type":"image\/jpeg"}],"author":"\u015etefan Stoica","twitter_card":"summary_large_image","twitter_misc":{"Verfasst von":"\u015etefan Stoica","Gesch\u00e4tzte Lesezeit":"2\u00a0Minuten","Written by":"\u015etefan Stoica"},"schema":{"@context":"https:\/\/schema.org","@graph":[{"@type":"Article","@id":"https:\/\/www.rri.ro\/de\/aktuell\/rri-aktuell\/der-eu-aufbauplan-stellt-eine-aussergewoehnliche-gelegenheit-dar-id462566.html#article","isPartOf":{"@id":"https:\/\/www.rri.ro\/de\/aktuell\/rri-aktuell\/der-eu-aufbauplan-stellt-eine-aussergewoehnliche-gelegenheit-dar-id462566.html"},"author":{"name":"\u015etefan Stoica","@id":"https:\/\/www.rri.ro\/#\/schema\/person\/2d81d5dc94d44190d13245f64551d334"},"headline":"Der EU-Aufbauplan stellt eine au\u00dfergew\u00f6hnliche Gelegenheit dar","datePublished":"2023-04-07T11:10:00+00:00","dateModified":"2024-02-19T19:16:32+00:00","mainEntityOfPage":{"@id":"https:\/\/www.rri.ro\/de\/aktuell\/rri-aktuell\/der-eu-aufbauplan-stellt-eine-aussergewoehnliche-gelegenheit-dar-id462566.html"},"wordCount":431,"image":{"@id":"https:\/\/www.rri.ro\/de\/aktuell\/rri-aktuell\/der-eu-aufbauplan-stellt-eine-aussergewoehnliche-gelegenheit-dar-id462566.html#primaryimage"},"thumbnailUrl":"https:\/\/www.rri.ro\/wp-content\/uploads\/2023\/10\/bani-lei-bancnote-septimiu-pixabay-com.jpg","keywords":["EU-Aufbauplan","Haushalt","inflation","Wirtschaft"],"articleSection":["RRI Aktuell"],"inLanguage":"de"},{"@type":"WebPage","@id":"https:\/\/www.rri.ro\/de\/aktuell\/rri-aktuell\/der-eu-aufbauplan-stellt-eine-aussergewoehnliche-gelegenheit-dar-id462566.html","url":"https:\/\/www.rri.ro\/de\/aktuell\/rri-aktuell\/der-eu-aufbauplan-stellt-eine-aussergewoehnliche-gelegenheit-dar-id462566.html","name":"Der EU-Aufbauplan stellt eine au\u00dfergew\u00f6hnliche Gelegenheit dar - Radio Rum\u00e4nien International","isPartOf":{"@id":"https:\/\/www.rri.ro\/#website"},"primaryImageOfPage":{"@id":"https:\/\/www.rri.ro\/de\/aktuell\/rri-aktuell\/der-eu-aufbauplan-stellt-eine-aussergewoehnliche-gelegenheit-dar-id462566.html#primaryimage"},"image":{"@id":"https:\/\/www.rri.ro\/de\/aktuell\/rri-aktuell\/der-eu-aufbauplan-stellt-eine-aussergewoehnliche-gelegenheit-dar-id462566.html#primaryimage"},"thumbnailUrl":"https:\/\/www.rri.ro\/wp-content\/uploads\/2023\/10\/bani-lei-bancnote-septimiu-pixabay-com.jpg","datePublished":"2023-04-07T11:10:00+00:00","dateModified":"2024-02-19T19:16:32+00:00","author":{"@id":"https:\/\/www.rri.ro\/#\/schema\/person\/2d81d5dc94d44190d13245f64551d334"},"breadcrumb":{"@id":"https:\/\/www.rri.ro\/de\/aktuell\/rri-aktuell\/der-eu-aufbauplan-stellt-eine-aussergewoehnliche-gelegenheit-dar-id462566.html#breadcrumb"},"inLanguage":"de","potentialAction":[{"@type":"ReadAction","target":["https:\/\/www.rri.ro\/de\/aktuell\/rri-aktuell\/der-eu-aufbauplan-stellt-eine-aussergewoehnliche-gelegenheit-dar-id462566.html"]}]},{"@type":"ImageObject","inLanguage":"de","@id":"https:\/\/www.rri.ro\/de\/aktuell\/rri-aktuell\/der-eu-aufbauplan-stellt-eine-aussergewoehnliche-gelegenheit-dar-id462566.html#primaryimage","url":"https:\/\/www.rri.ro\/wp-content\/uploads\/2023\/10\/bani-lei-bancnote-septimiu-pixabay-com.jpg","contentUrl":"https:\/\/www.rri.ro\/wp-content\/uploads\/2023\/10\/bani-lei-bancnote-septimiu-pixabay-com.jpg","width":640,"height":378,"caption":"Photo: Septimiu Balica \/ pixabay.com"},{"@type":"BreadcrumbList","@id":"https:\/\/www.rri.ro\/de\/aktuell\/rri-aktuell\/der-eu-aufbauplan-stellt-eine-aussergewoehnliche-gelegenheit-dar-id462566.html#breadcrumb","itemListElement":[{"@type":"ListItem","position":1,"name":"Startseite","item":"https:\/\/www.rri.ro\/de"},{"@type":"ListItem","position":2,"name":"Aktuell","item":"https:\/\/www.rri.ro\/de\/aktuell"},{"@type":"ListItem","position":3,"name":"RRI Aktuell","item":"https:\/\/www.rri.ro\/de\/aktuell\/rri-aktuell"},{"@type":"ListItem","position":4,"name":"Der EU-Aufbauplan stellt eine au\u00dfergew\u00f6hnliche Gelegenheit dar"}]},{"@type":"WebSite","@id":"https:\/\/www.rri.ro\/#website","url":"https:\/\/www.rri.ro\/","name":"Radio Rum\u00e4nien International","description":"Totul despre Rom\u00e2nia \u015fi rom\u00e2ni, \u00een 13 limbi\/dialecte!","inLanguage":"de"},{"@type":"Person","@id":"https:\/\/www.rri.ro\/#\/schema\/person\/2d81d5dc94d44190d13245f64551d334","name":"\u015etefan Stoica","url":"https:\/\/www.rri.ro\/de\/author\/stefan-stoica"}]}},"_links":{"self":[{"href":"https:\/\/www.rri.ro\/de\/wp-json\/wp\/v2\/posts\/462566","targetHints":{"allow":["GET"]}}],"collection":[{"href":"https:\/\/www.rri.ro\/de\/wp-json\/wp\/v2\/posts"}],"about":[{"href":"https:\/\/www.rri.ro\/de\/wp-json\/wp\/v2\/types\/post"}],"author":[{"embeddable":true,"href":"https:\/\/www.rri.ro\/de\/wp-json\/wp\/v2\/users\/110"}],"replies":[{"embeddable":true,"href":"https:\/\/www.rri.ro\/de\/wp-json\/wp\/v2\/comments?post=462566"}],"version-history":[{"count":0,"href":"https:\/\/www.rri.ro\/de\/wp-json\/wp\/v2\/posts\/462566\/revisions"}],"wp:featuredmedia":[{"embeddable":true,"href":"https:\/\/www.rri.ro\/de\/wp-json\/wp\/v2\/media\/95207"}],"wp:attachment":[{"href":"https:\/\/www.rri.ro\/de\/wp-json\/wp\/v2\/media?parent=462566"}],"wp:term":[{"taxonomy":"category","embeddable":true,"href":"https:\/\/www.rri.ro\/de\/wp-json\/wp\/v2\/categories?post=462566"},{"taxonomy":"post_tag","embeddable":true,"href":"https:\/\/www.rri.ro\/de\/wp-json\/wp\/v2\/tags?post=462566"},{"taxonomy":"author","embeddable":true,"href":"https:\/\/www.rri.ro\/de\/wp-json\/wp\/v2\/coauthors?post=462566"}],"curies":[{"name":"wp","href":"https:\/\/api.w.org\/{rel}","templated":true}]}}