{"id":462626,"date":"2023-07-06T12:24:00","date_gmt":"2023-07-06T09:24:00","guid":{"rendered":"http:\/\/devrri.freshlemon.ro\/aktuell\/besuch-des-rumaenischen-ministerpraesidenten-in-deutschland-id462626.html"},"modified":"2024-02-19T21:17:22","modified_gmt":"2024-02-19T19:17:22","slug":"besuch-des-rumaenischen-ministerpraesidenten-in-deutschland","status":"publish","type":"post","link":"https:\/\/www.rri.ro\/de\/aktuell\/rri-aktuell\/besuch-des-rumaenischen-ministerpraesidenten-in-deutschland-id462626.html","title":{"rendered":"Besuch des rum\u00e4nischen Ministerpr\u00e4sidenten in Deutschland"},"content":{"rendered":"<\/p>\n<p>&#13;<br \/>\n&#13;<\/p>\n<p>Die Bundesregierung unterst\u00fctzt Rum\u00e4nien bei der Aufnahme in den Schengen-Raum, wie Bundeskanzler Olaf Scholz bei seinem Treffen mit dem rum\u00e4nischen Ministerpr\u00e4sidenten Marcel Ciolacu in Berlin mitteilte. Ciolacu, der sich zu einem zweit\u00e4gigen Besuch in Deutschland aufhielt, w\u00fcrdigte die Unterst\u00fctzung f\u00fcr den Beitritt Bukarests zum Schengen-Raum und skizzierte die wichtigsten Aktionslinien zwischen den beiden L\u00e4ndern. Beim bilateralen Treffen wurde die Sicherheit an der Ostflanke der NATO und der bevorstehende NATO-Gipfel in Vilnius besprochen. Die Unterst\u00fctzung f\u00fcr die St\u00e4rkung der NATO-Ostflanke sei vorbildlich, sagte der Bundeskanzler und f\u00fcgte hinzu, dass Rum\u00e4nien ein wichtiger und zuverl\u00e4ssiger Verb\u00fcndeter und Partner sei. Was die bilateralen Beziehungen betrifft, sagte er, dass unsere L\u00e4nder hervorragende\u201c und enge\u201c Beziehungen haben. Die bilateralen Wirtschaftsbeziehungen seien erfreulich\u201c. Marcel Ciolacu erkl\u00e4rte seinerseits, dass er eine Verringerung des Handelsdefizits zwischen den beiden L\u00e4ndern anstreben werde. Wir haben \u00fcber die wirtschaftliche Zusammenarbeit gesprochen und dar\u00fcber, wie wir gemeinsam sowohl den Handel als auch die Investitionen ausbauen k\u00f6nnen, einschlie\u200e\u00dflich der Nutzung europ\u00e4ischer Ressourcen. Die deutsche Wirtschaft ist der wichtigste Handelspartner Rum\u00e4niens. Aber es gibt noch viel Potenzial zwischen unseren beiden L\u00e4ndern, und wir haben gemeinsam neue Wege gefunden, wie wir zusammenarbeiten k\u00f6nnen, um neue M\u00e4rkte zu erschlie\u200e\u00dfen. Die aktive Beteiligung am Wiederaufbauprozess in der Ukraine oder die Unterst\u00fctzung der Entwicklung der Republik Moldau sind wichtige Richtungen. Ich m\u00f6chte in diesem Zusammenhang unsere volle Unterst\u00fctzung f\u00fcr die Ukraine bekr\u00e4ftigen\u201c, sagte Ciolacu.<\/p>\n<p>&#13;<br \/>\n&#13;<\/p>\n<p>&#13;<br \/>\n&#13;<\/p>\n<p>&#13;<br \/>\n&#13;<\/p>\n<p>Deutschland hat Interesse an Investitionen in die Petrochemie, die D\u00fcngemittelindustrie und die Baustoffindustrie in Rum\u00e4nien bekundet. Die Reise des rum\u00e4nischen Regierungschefs nach Deutschland umfasste auch Treffen mit Vertretern des Bundestages, der Wirtschaft, der Diaspora und der R\u00fcstungsindustrie. Laut Marcel Ciolacu werden deutsche Investitionen prim\u00e4r in den Bereichen Baumaterialien und Lebensmittel erwartet. Der Premierminister erinnerte daran, dass Rum\u00e4nien die Entwicklung eines Windparks im Schwarzen Meer plant. Gro\u200e\u00dfe deutsche Unternehmen k\u00f6nnten nach der Verabschiedung der Rechtsvorschriften in diesem Bereich investieren.<\/p>\n<p>&#13;<br \/>\n&#13;<\/p>\n<p>&#13;<br \/>\n&#13;<\/p>\n<p>&#13;<br \/>\n&#13;<\/p>\n<p>Im Hinblick auf die Diaspora stellte Marcel Ciolacu den Vertretern der rum\u00e4nischen Gemeinschaft in Deutschland die Projekte der Regierung in Bukarest vor. Wir m\u00fcssen L\u00f6sungen finden, um die Kommunikation zwischen Ihnen und Ihren Landsleuten sicherzustellen. Unser Ziel ist es, ein Start-up-Programm f\u00fcr die Diaspora zu entwickeln\u201c, erkl\u00e4rte der Ministerpr\u00e4sident.<\/p>\n<p>&#13;<br \/>\n&#13;<\/p>\n<p>&#13;<\/p>\n","protected":false},"excerpt":{"rendered":"<p>Der rum\u00e4nische Ministerpr\u00e4sident Marcel Ciolacu diskutierte mit Bundeskanzler Olaf Scholz \u00fcber die Schengen-Frage, die Ostflanke der NATO und die bilateralen Beziehungen.<\/p>\n","protected":false},"author":107,"featured_media":96236,"comment_status":"closed","ping_status":"closed","sticky":false,"template":"","format":"standard","meta":{"_acf_changed":false,"footnotes":""},"categories":[99583],"tags":[99686,155920,101813,99847,100576,137227,145202,134268,99757],"coauthors":[],"class_list":["post-462626","post","type-post","status-publish","format-standard","has-post-thumbnail","hentry","category-rri-aktuell","tag-deutschland","tag-diaspora-de","tag-handel","tag-investitionen","tag-moldau","tag-nato-de","tag-schengen-de","tag-ukraine-de","tag-wirtschaft"],"acf":[],"yoast_head":"<!-- This site is optimized with the Yoast SEO plugin v27.3 - https:\/\/yoast.com\/product\/yoast-seo-wordpress\/ -->\n<title>Besuch des rum\u00e4nischen Ministerpr\u00e4sidenten in Deutschland - Radio Rum\u00e4nien International<\/title>\n<meta name=\"robots\" content=\"index, follow, max-snippet:-1, max-image-preview:large, max-video-preview:-1\" \/>\n<link rel=\"canonical\" href=\"https:\/\/www.rri.ro\/de\/aktuell\/rri-aktuell\/besuch-des-rumaenischen-ministerpraesidenten-in-deutschland-id462626.html\" \/>\n<meta property=\"og:locale\" content=\"de_DE\" \/>\n<meta property=\"og:type\" content=\"article\" \/>\n<meta property=\"og:title\" content=\"Besuch des rum\u00e4nischen Ministerpr\u00e4sidenten in Deutschland - Radio Rum\u00e4nien International\" \/>\n<meta property=\"og:description\" content=\"Der rum\u00e4nische Ministerpr\u00e4sident Marcel Ciolacu diskutierte mit Bundeskanzler Olaf Scholz \u00fcber die Schengen-Frage, die Ostflanke der NATO und die bilateralen Beziehungen.\" \/>\n<meta property=\"og:url\" content=\"https:\/\/www.rri.ro\/de\/aktuell\/rri-aktuell\/besuch-des-rumaenischen-ministerpraesidenten-in-deutschland-id462626.html\" \/>\n<meta property=\"og:site_name\" content=\"Radio Rum\u00e4nien International\" \/>\n<meta property=\"article:published_time\" content=\"2023-07-06T09:24:00+00:00\" \/>\n<meta property=\"article:modified_time\" content=\"2024-02-19T19:17:22+00:00\" \/>\n<meta property=\"og:image\" content=\"https:\/\/www.rri.ro\/wp-content\/uploads\/2023\/10\/ciolacu-germania-foto-facebook-guv-ro.png\" \/>\n\t<meta property=\"og:image:width\" content=\"640\" \/>\n\t<meta property=\"og:image:height\" content=\"469\" \/>\n\t<meta property=\"og:image:type\" content=\"image\/png\" \/>\n<meta name=\"author\" content=\"Daniela Budu\" \/>\n<meta name=\"twitter:card\" content=\"summary_large_image\" \/>\n<meta name=\"twitter:label1\" content=\"Verfasst von\" \/>\n\t<meta name=\"twitter:data1\" content=\"Daniela Budu\" \/>\n\t<meta name=\"twitter:label2\" content=\"Gesch\u00e4tzte Lesezeit\" \/>\n\t<meta name=\"twitter:data2\" content=\"2\u00a0Minuten\" \/>\n\t<meta name=\"twitter:label3\" content=\"Written by\" \/>\n\t<meta name=\"twitter:data3\" content=\"Daniela Budu\" \/>\n<script type=\"application\/ld+json\" class=\"yoast-schema-graph\">{\"@context\":\"https:\\\/\\\/schema.org\",\"@graph\":[{\"@type\":\"Article\",\"@id\":\"https:\\\/\\\/www.rri.ro\\\/de\\\/aktuell\\\/rri-aktuell\\\/besuch-des-rumaenischen-ministerpraesidenten-in-deutschland-id462626.html#article\",\"isPartOf\":{\"@id\":\"https:\\\/\\\/www.rri.ro\\\/de\\\/aktuell\\\/rri-aktuell\\\/besuch-des-rumaenischen-ministerpraesidenten-in-deutschland-id462626.html\"},\"author\":{\"name\":\"Daniela Budu\",\"@id\":\"https:\\\/\\\/www.rri.ro\\\/#\\\/schema\\\/person\\\/b46b8f80d7d6e4b5ac9f14f0acbad0c4\"},\"headline\":\"Besuch des rum\u00e4nischen Ministerpr\u00e4sidenten in Deutschland\",\"datePublished\":\"2023-07-06T09:24:00+00:00\",\"dateModified\":\"2024-02-19T19:17:22+00:00\",\"mainEntityOfPage\":{\"@id\":\"https:\\\/\\\/www.rri.ro\\\/de\\\/aktuell\\\/rri-aktuell\\\/besuch-des-rumaenischen-ministerpraesidenten-in-deutschland-id462626.html\"},\"wordCount\":408,\"image\":{\"@id\":\"https:\\\/\\\/www.rri.ro\\\/de\\\/aktuell\\\/rri-aktuell\\\/besuch-des-rumaenischen-ministerpraesidenten-in-deutschland-id462626.html#primaryimage\"},\"thumbnailUrl\":\"https:\\\/\\\/www.rri.ro\\\/wp-content\\\/uploads\\\/2023\\\/10\\\/ciolacu-germania-foto-facebook-guv-ro.png\",\"keywords\":[\"Deutschland\",\"diaspora\",\"Handel\",\"Investitionen\",\"Moldau\",\"NATO\",\"Schengen\",\"Ukraine\",\"Wirtschaft\"],\"articleSection\":[\"RRI Aktuell\"],\"inLanguage\":\"de\"},{\"@type\":\"WebPage\",\"@id\":\"https:\\\/\\\/www.rri.ro\\\/de\\\/aktuell\\\/rri-aktuell\\\/besuch-des-rumaenischen-ministerpraesidenten-in-deutschland-id462626.html\",\"url\":\"https:\\\/\\\/www.rri.ro\\\/de\\\/aktuell\\\/rri-aktuell\\\/besuch-des-rumaenischen-ministerpraesidenten-in-deutschland-id462626.html\",\"name\":\"Besuch des rum\u00e4nischen Ministerpr\u00e4sidenten in Deutschland - Radio Rum\u00e4nien International\",\"isPartOf\":{\"@id\":\"https:\\\/\\\/www.rri.ro\\\/#website\"},\"primaryImageOfPage\":{\"@id\":\"https:\\\/\\\/www.rri.ro\\\/de\\\/aktuell\\\/rri-aktuell\\\/besuch-des-rumaenischen-ministerpraesidenten-in-deutschland-id462626.html#primaryimage\"},\"image\":{\"@id\":\"https:\\\/\\\/www.rri.ro\\\/de\\\/aktuell\\\/rri-aktuell\\\/besuch-des-rumaenischen-ministerpraesidenten-in-deutschland-id462626.html#primaryimage\"},\"thumbnailUrl\":\"https:\\\/\\\/www.rri.ro\\\/wp-content\\\/uploads\\\/2023\\\/10\\\/ciolacu-germania-foto-facebook-guv-ro.png\",\"datePublished\":\"2023-07-06T09:24:00+00:00\",\"dateModified\":\"2024-02-19T19:17:22+00:00\",\"author\":{\"@id\":\"https:\\\/\\\/www.rri.ro\\\/#\\\/schema\\\/person\\\/b46b8f80d7d6e4b5ac9f14f0acbad0c4\"},\"breadcrumb\":{\"@id\":\"https:\\\/\\\/www.rri.ro\\\/de\\\/aktuell\\\/rri-aktuell\\\/besuch-des-rumaenischen-ministerpraesidenten-in-deutschland-id462626.html#breadcrumb\"},\"inLanguage\":\"de\",\"potentialAction\":[{\"@type\":\"ReadAction\",\"target\":[\"https:\\\/\\\/www.rri.ro\\\/de\\\/aktuell\\\/rri-aktuell\\\/besuch-des-rumaenischen-ministerpraesidenten-in-deutschland-id462626.html\"]}]},{\"@type\":\"ImageObject\",\"inLanguage\":\"de\",\"@id\":\"https:\\\/\\\/www.rri.ro\\\/de\\\/aktuell\\\/rri-aktuell\\\/besuch-des-rumaenischen-ministerpraesidenten-in-deutschland-id462626.html#primaryimage\",\"url\":\"https:\\\/\\\/www.rri.ro\\\/wp-content\\\/uploads\\\/2023\\\/10\\\/ciolacu-germania-foto-facebook-guv-ro.png\",\"contentUrl\":\"https:\\\/\\\/www.rri.ro\\\/wp-content\\\/uploads\\\/2023\\\/10\\\/ciolacu-germania-foto-facebook-guv-ro.png\",\"width\":640,\"height\":469},{\"@type\":\"BreadcrumbList\",\"@id\":\"https:\\\/\\\/www.rri.ro\\\/de\\\/aktuell\\\/rri-aktuell\\\/besuch-des-rumaenischen-ministerpraesidenten-in-deutschland-id462626.html#breadcrumb\",\"itemListElement\":[{\"@type\":\"ListItem\",\"position\":1,\"name\":\"Startseite\",\"item\":\"https:\\\/\\\/www.rri.ro\\\/de\"},{\"@type\":\"ListItem\",\"position\":2,\"name\":\"Aktuell\",\"item\":\"https:\\\/\\\/www.rri.ro\\\/de\\\/aktuell\"},{\"@type\":\"ListItem\",\"position\":3,\"name\":\"RRI Aktuell\",\"item\":\"https:\\\/\\\/www.rri.ro\\\/de\\\/aktuell\\\/rri-aktuell\"},{\"@type\":\"ListItem\",\"position\":4,\"name\":\"Besuch des rum\u00e4nischen Ministerpr\u00e4sidenten in Deutschland\"}]},{\"@type\":\"WebSite\",\"@id\":\"https:\\\/\\\/www.rri.ro\\\/#website\",\"url\":\"https:\\\/\\\/www.rri.ro\\\/\",\"name\":\"Radio Rum\u00e4nien International\",\"description\":\"Totul despre Rom\u00e2nia \u015fi rom\u00e2ni, \u00een 13 limbi\\\/dialecte!\",\"inLanguage\":\"de\"},{\"@type\":\"Person\",\"@id\":\"https:\\\/\\\/www.rri.ro\\\/#\\\/schema\\\/person\\\/b46b8f80d7d6e4b5ac9f14f0acbad0c4\",\"name\":\"Daniela Budu\",\"url\":\"https:\\\/\\\/www.rri.ro\\\/de\\\/author\\\/daniela-budu\"}]}<\/script>\n<!-- \/ Yoast SEO plugin. -->","yoast_head_json":{"title":"Besuch des rum\u00e4nischen Ministerpr\u00e4sidenten in Deutschland - Radio Rum\u00e4nien International","robots":{"index":"index","follow":"follow","max-snippet":"max-snippet:-1","max-image-preview":"max-image-preview:large","max-video-preview":"max-video-preview:-1"},"canonical":"https:\/\/www.rri.ro\/de\/aktuell\/rri-aktuell\/besuch-des-rumaenischen-ministerpraesidenten-in-deutschland-id462626.html","og_locale":"de_DE","og_type":"article","og_title":"Besuch des rum\u00e4nischen Ministerpr\u00e4sidenten in Deutschland - Radio Rum\u00e4nien International","og_description":"Der rum\u00e4nische Ministerpr\u00e4sident Marcel Ciolacu diskutierte mit Bundeskanzler Olaf Scholz \u00fcber die Schengen-Frage, die Ostflanke der NATO und die bilateralen Beziehungen.","og_url":"https:\/\/www.rri.ro\/de\/aktuell\/rri-aktuell\/besuch-des-rumaenischen-ministerpraesidenten-in-deutschland-id462626.html","og_site_name":"Radio Rum\u00e4nien International","article_published_time":"2023-07-06T09:24:00+00:00","article_modified_time":"2024-02-19T19:17:22+00:00","og_image":[{"width":640,"height":469,"url":"https:\/\/www.rri.ro\/wp-content\/uploads\/2023\/10\/ciolacu-germania-foto-facebook-guv-ro.png","type":"image\/png"}],"author":"Daniela Budu","twitter_card":"summary_large_image","twitter_misc":{"Verfasst von":"Daniela Budu","Gesch\u00e4tzte Lesezeit":"2\u00a0Minuten","Written by":"Daniela Budu"},"schema":{"@context":"https:\/\/schema.org","@graph":[{"@type":"Article","@id":"https:\/\/www.rri.ro\/de\/aktuell\/rri-aktuell\/besuch-des-rumaenischen-ministerpraesidenten-in-deutschland-id462626.html#article","isPartOf":{"@id":"https:\/\/www.rri.ro\/de\/aktuell\/rri-aktuell\/besuch-des-rumaenischen-ministerpraesidenten-in-deutschland-id462626.html"},"author":{"name":"Daniela Budu","@id":"https:\/\/www.rri.ro\/#\/schema\/person\/b46b8f80d7d6e4b5ac9f14f0acbad0c4"},"headline":"Besuch des rum\u00e4nischen Ministerpr\u00e4sidenten in Deutschland","datePublished":"2023-07-06T09:24:00+00:00","dateModified":"2024-02-19T19:17:22+00:00","mainEntityOfPage":{"@id":"https:\/\/www.rri.ro\/de\/aktuell\/rri-aktuell\/besuch-des-rumaenischen-ministerpraesidenten-in-deutschland-id462626.html"},"wordCount":408,"image":{"@id":"https:\/\/www.rri.ro\/de\/aktuell\/rri-aktuell\/besuch-des-rumaenischen-ministerpraesidenten-in-deutschland-id462626.html#primaryimage"},"thumbnailUrl":"https:\/\/www.rri.ro\/wp-content\/uploads\/2023\/10\/ciolacu-germania-foto-facebook-guv-ro.png","keywords":["Deutschland","diaspora","Handel","Investitionen","Moldau","NATO","Schengen","Ukraine","Wirtschaft"],"articleSection":["RRI Aktuell"],"inLanguage":"de"},{"@type":"WebPage","@id":"https:\/\/www.rri.ro\/de\/aktuell\/rri-aktuell\/besuch-des-rumaenischen-ministerpraesidenten-in-deutschland-id462626.html","url":"https:\/\/www.rri.ro\/de\/aktuell\/rri-aktuell\/besuch-des-rumaenischen-ministerpraesidenten-in-deutschland-id462626.html","name":"Besuch des rum\u00e4nischen Ministerpr\u00e4sidenten in Deutschland - Radio Rum\u00e4nien International","isPartOf":{"@id":"https:\/\/www.rri.ro\/#website"},"primaryImageOfPage":{"@id":"https:\/\/www.rri.ro\/de\/aktuell\/rri-aktuell\/besuch-des-rumaenischen-ministerpraesidenten-in-deutschland-id462626.html#primaryimage"},"image":{"@id":"https:\/\/www.rri.ro\/de\/aktuell\/rri-aktuell\/besuch-des-rumaenischen-ministerpraesidenten-in-deutschland-id462626.html#primaryimage"},"thumbnailUrl":"https:\/\/www.rri.ro\/wp-content\/uploads\/2023\/10\/ciolacu-germania-foto-facebook-guv-ro.png","datePublished":"2023-07-06T09:24:00+00:00","dateModified":"2024-02-19T19:17:22+00:00","author":{"@id":"https:\/\/www.rri.ro\/#\/schema\/person\/b46b8f80d7d6e4b5ac9f14f0acbad0c4"},"breadcrumb":{"@id":"https:\/\/www.rri.ro\/de\/aktuell\/rri-aktuell\/besuch-des-rumaenischen-ministerpraesidenten-in-deutschland-id462626.html#breadcrumb"},"inLanguage":"de","potentialAction":[{"@type":"ReadAction","target":["https:\/\/www.rri.ro\/de\/aktuell\/rri-aktuell\/besuch-des-rumaenischen-ministerpraesidenten-in-deutschland-id462626.html"]}]},{"@type":"ImageObject","inLanguage":"de","@id":"https:\/\/www.rri.ro\/de\/aktuell\/rri-aktuell\/besuch-des-rumaenischen-ministerpraesidenten-in-deutschland-id462626.html#primaryimage","url":"https:\/\/www.rri.ro\/wp-content\/uploads\/2023\/10\/ciolacu-germania-foto-facebook-guv-ro.png","contentUrl":"https:\/\/www.rri.ro\/wp-content\/uploads\/2023\/10\/ciolacu-germania-foto-facebook-guv-ro.png","width":640,"height":469},{"@type":"BreadcrumbList","@id":"https:\/\/www.rri.ro\/de\/aktuell\/rri-aktuell\/besuch-des-rumaenischen-ministerpraesidenten-in-deutschland-id462626.html#breadcrumb","itemListElement":[{"@type":"ListItem","position":1,"name":"Startseite","item":"https:\/\/www.rri.ro\/de"},{"@type":"ListItem","position":2,"name":"Aktuell","item":"https:\/\/www.rri.ro\/de\/aktuell"},{"@type":"ListItem","position":3,"name":"RRI Aktuell","item":"https:\/\/www.rri.ro\/de\/aktuell\/rri-aktuell"},{"@type":"ListItem","position":4,"name":"Besuch des rum\u00e4nischen Ministerpr\u00e4sidenten in Deutschland"}]},{"@type":"WebSite","@id":"https:\/\/www.rri.ro\/#website","url":"https:\/\/www.rri.ro\/","name":"Radio Rum\u00e4nien International","description":"Totul despre Rom\u00e2nia \u015fi rom\u00e2ni, \u00een 13 limbi\/dialecte!","inLanguage":"de"},{"@type":"Person","@id":"https:\/\/www.rri.ro\/#\/schema\/person\/b46b8f80d7d6e4b5ac9f14f0acbad0c4","name":"Daniela Budu","url":"https:\/\/www.rri.ro\/de\/author\/daniela-budu"}]}},"_links":{"self":[{"href":"https:\/\/www.rri.ro\/de\/wp-json\/wp\/v2\/posts\/462626","targetHints":{"allow":["GET"]}}],"collection":[{"href":"https:\/\/www.rri.ro\/de\/wp-json\/wp\/v2\/posts"}],"about":[{"href":"https:\/\/www.rri.ro\/de\/wp-json\/wp\/v2\/types\/post"}],"author":[{"embeddable":true,"href":"https:\/\/www.rri.ro\/de\/wp-json\/wp\/v2\/users\/107"}],"replies":[{"embeddable":true,"href":"https:\/\/www.rri.ro\/de\/wp-json\/wp\/v2\/comments?post=462626"}],"version-history":[{"count":0,"href":"https:\/\/www.rri.ro\/de\/wp-json\/wp\/v2\/posts\/462626\/revisions"}],"wp:featuredmedia":[{"embeddable":true,"href":"https:\/\/www.rri.ro\/de\/wp-json\/wp\/v2\/media\/96236"}],"wp:attachment":[{"href":"https:\/\/www.rri.ro\/de\/wp-json\/wp\/v2\/media?parent=462626"}],"wp:term":[{"taxonomy":"category","embeddable":true,"href":"https:\/\/www.rri.ro\/de\/wp-json\/wp\/v2\/categories?post=462626"},{"taxonomy":"post_tag","embeddable":true,"href":"https:\/\/www.rri.ro\/de\/wp-json\/wp\/v2\/tags?post=462626"},{"taxonomy":"author","embeddable":true,"href":"https:\/\/www.rri.ro\/de\/wp-json\/wp\/v2\/coauthors?post=462626"}],"curies":[{"name":"wp","href":"https:\/\/api.w.org\/{rel}","templated":true}]}}