{"id":462660,"date":"2023-09-05T12:50:00","date_gmt":"2023-09-05T09:50:00","guid":{"rendered":"http:\/\/devrri.freshlemon.ro\/aktuell\/kontroversen-ueber-die-uebernahme-der-regierungsverantwortung-id462660.html"},"modified":"2024-02-19T21:17:39","modified_gmt":"2024-02-19T19:17:39","slug":"kontroversen-ueber-die-uebernahme-der-regierungsverantwortung","status":"publish","type":"post","link":"https:\/\/www.rri.ro\/de\/aktuell\/rri-aktuell\/kontroversen-ueber-die-uebernahme-der-regierungsverantwortung-id462660.html","title":{"rendered":"Kontroversen \u00fcber die \u00dcbernahme der Regierungsverantwortung"},"content":{"rendered":"<\/p>\n<p>&#13;<br \/>\n&#13;<\/p>\n<p>Die Herbstsitzung des rum\u00e4nischen Parlaments verspricht eine arbeitsreiche Zeit zu werden. Einerseits sind viele R\u00fcckst\u00e4nde entstanden, wie die Reform des Sonderrentensystems, das Gehaltsgesetz und der staatliche Rentenanspruch; andererseits haben die neuesten Verkehrstrag\u00f6dien sch\u00e4rfere Strafen f\u00fcr Straftaten unter Alkohol- oder Drogeneinfluss ganz oben auf den politischen Plan gesetzt.<\/p>\n<p>&#13;<br \/>\n&#13;<\/p>\n<p>&#13;<br \/>\n&#13;<\/p>\n<p>&#13;<br \/>\n&#13;<\/p>\n<p>Der am meisten erwartete Moment im Parlament ist der, in dem die PSD-PNL-Exekutive die Verantwortung f\u00fcr das Haushaltsdefizit \u00fcbernimmt. Vor zwei Wochen k\u00fcndigte der Premierminister und sozialdemokratische Parteichef Marcel Ciolacu seine Absicht an, dieses Verfahren anzuwenden, was seine liberalen Partner etwas \u00fcberraschte. Am Montag wurde das Thema in der Koalition besprochen und die PNL stimmte zu, ohne konkrete Ma\u200e\u00dfnahmen festzulegen. Im Prinzip \u00fcbernimmt die Regierung in der Legislative die Verantwortung f\u00fcr ein umfassendes Steuergesetz. Marcel Ciolacu: Wir haben \u00fcber das Paket gesprochen, das in einem einzigen Gesetz enthalten sein wird und das den Kampf gegen Steuerhinterziehung, die Reformen in der lokalen Verwaltung und Ma\u200e\u00dfnahmen zur Erreichung eines geringeren Haushaltsdefizits als im vergangenen Jahr umfasst.\u201c Der Parteivorsitzende der Liberalen, Nicolae Ciuc\u0103, stimmte den Ma\u200e\u00dfnahmen zum Haushaltsausgleich zu: Es gibt drei St\u00fctzpfeiler: Reduzierung der Haushaltsausgaben, Reduzierung der Steuerhinterziehung und steuerliche Ma\u200e\u00dfnahmen. Die Nationalliberale Partei hat sich f\u00fcr die Beibehaltung des einheitlichen Steuersatzes ausgesprochen und wird dies auch weiterhin tun.\u201c Die Vertreter der PNL sind aber nicht bereit, Ma\u200e\u00dfnahmen zu ergreifen, die sich negativ auf das Unternehmensumfeld auswirken w\u00fcrden, wie die Erh\u00f6hung der Dividendensteuer oder die Senkung der H\u00f6chstgrenze f\u00fcr KMU.<\/p>\n<p>&#13;<br \/>\n&#13;<\/p>\n<p>&#13;<br \/>\n&#13;<\/p>\n<p>&#13;<br \/>\n&#13;<\/p>\n<p>Die wichtigsten Oppositionsparteien kritisieren die Absicht der Exekutive, die Verantwortung zu \u00fcbernehmen. C\u0103t\u0103lin Drul\u0103, der Vorsitzende der \u00f6ko-liberalen USR, verurteilt jeden Versuch der Regierung, die Steuern zu erh\u00f6hen. Unsere Priorit\u00e4t wird der Kampf gegen missbr\u00e4uchliche Steuererh\u00f6hungen sein, die die PSD und ihr Anh\u00e4nger, die PNL, vornehmen wollen.\u201c Die Ultranationalisten der AUR wollen die Mehrwertsteuererh\u00f6hung unbedingt verhindern. AUR-Chef George Simion fordert, sich der Mehrwertsteuererh\u00f6hung in jeder Form zu widersetzen. Wir m\u00fcssen darauf achten, dass nicht die Kleinstunternehmen das Problem sind, sondern die gro\u200e\u00dfen Unternehmen, die keine K\u00f6rperschaftssteuer zahlen und ihre Steuern nicht korrekt abf\u00fchren.\u201c Die \u00dcbernahme der Verantwortung f\u00fcr ein Gesetzgebungsprojekt durch die Exekutive ist der schnellste Weg, um es voranzubringen, da dadurch die Zeit, die f\u00fcr die Debatte \u00fcber dieses Gesetz erforderlich w\u00e4re, entf\u00e4llt. Allerdings ist es auch riskant, da eine Abstimmung \u00fcber einen m\u00f6glichen Misstrauensantrag der Opposition das Kabinett in Gefahr bringen w\u00fcrde.<\/p>\n<p>&#13;<\/p>\n","protected":false},"excerpt":{"rendered":"<p>Die PSD-PNL-Regierung wird die Verantwortung f\u00fcr ein Gesetzespaket \u00fcbernehmen, mit dem der Haushalt wieder ins Gleichgewicht gebracht werden soll. Die Opposition droht mit Misstrauensantr\u00e4gen.<\/p>\n","protected":false},"author":110,"featured_media":73974,"comment_status":"closed","ping_status":"closed","sticky":false,"template":"","format":"standard","meta":{"_acf_changed":false,"footnotes":""},"categories":[99583],"tags":[99619,47188,100353,99608,103398],"coauthors":[],"class_list":["post-462660","post","type-post","status-publish","format-standard","has-post-thumbnail","hentry","category-rri-aktuell","tag-haushaltsdefizit","tag-parlament","tag-renten","tag-steuern","tag-straftaten"],"acf":[],"yoast_head":"<!-- This site is optimized with the Yoast SEO plugin v27.5 - https:\/\/yoast.com\/product\/yoast-seo-wordpress\/ -->\n<title>Kontroversen \u00fcber die \u00dcbernahme der Regierungsverantwortung - Radio Rum\u00e4nien International<\/title>\n<meta name=\"robots\" content=\"index, follow, max-snippet:-1, max-image-preview:large, max-video-preview:-1\" \/>\n<link rel=\"canonical\" href=\"https:\/\/www.rri.ro\/de\/aktuell\/rri-aktuell\/kontroversen-ueber-die-uebernahme-der-regierungsverantwortung-id462660.html\" \/>\n<meta property=\"og:locale\" content=\"de_DE\" \/>\n<meta property=\"og:type\" content=\"article\" \/>\n<meta property=\"og:title\" content=\"Kontroversen \u00fcber die \u00dcbernahme der Regierungsverantwortung - Radio Rum\u00e4nien International\" \/>\n<meta property=\"og:description\" content=\"Die PSD-PNL-Regierung wird die Verantwortung f\u00fcr ein Gesetzespaket \u00fcbernehmen, mit dem der Haushalt wieder ins Gleichgewicht gebracht werden soll. Die Opposition droht mit Misstrauensantr\u00e4gen.\" \/>\n<meta property=\"og:url\" content=\"https:\/\/www.rri.ro\/de\/aktuell\/rri-aktuell\/kontroversen-ueber-die-uebernahme-der-regierungsverantwortung-id462660.html\" \/>\n<meta property=\"og:site_name\" content=\"Radio Rum\u00e4nien International\" \/>\n<meta property=\"article:published_time\" content=\"2023-09-05T09:50:00+00:00\" \/>\n<meta property=\"article:modified_time\" content=\"2024-02-19T19:17:39+00:00\" \/>\n<meta property=\"og:image\" content=\"https:\/\/www.rri.ro\/wp-content\/uploads\/2023\/10\/parlament-camera-deputatilor-spate.png\" \/>\n\t<meta property=\"og:image:width\" content=\"640\" \/>\n\t<meta property=\"og:image:height\" content=\"427\" \/>\n\t<meta property=\"og:image:type\" content=\"image\/png\" \/>\n<meta name=\"author\" content=\"\u015etefan Stoica\" \/>\n<meta name=\"twitter:card\" content=\"summary_large_image\" \/>\n<meta name=\"twitter:label1\" content=\"Verfasst von\" \/>\n\t<meta name=\"twitter:data1\" content=\"\u015etefan Stoica\" \/>\n\t<meta name=\"twitter:label2\" content=\"Gesch\u00e4tzte Lesezeit\" \/>\n\t<meta name=\"twitter:data2\" content=\"2\u00a0Minuten\" \/>\n\t<meta name=\"twitter:label3\" content=\"Written by\" \/>\n\t<meta name=\"twitter:data3\" content=\"\u015etefan Stoica\" \/>\n<script type=\"application\/ld+json\" class=\"yoast-schema-graph\">{\"@context\":\"https:\\\/\\\/schema.org\",\"@graph\":[{\"@type\":\"Article\",\"@id\":\"https:\\\/\\\/www.rri.ro\\\/de\\\/aktuell\\\/rri-aktuell\\\/kontroversen-ueber-die-uebernahme-der-regierungsverantwortung-id462660.html#article\",\"isPartOf\":{\"@id\":\"https:\\\/\\\/www.rri.ro\\\/de\\\/aktuell\\\/rri-aktuell\\\/kontroversen-ueber-die-uebernahme-der-regierungsverantwortung-id462660.html\"},\"author\":{\"name\":\"\u015etefan Stoica\",\"@id\":\"https:\\\/\\\/www.rri.ro\\\/#\\\/schema\\\/person\\\/2d81d5dc94d44190d13245f64551d334\"},\"headline\":\"Kontroversen \u00fcber die \u00dcbernahme der Regierungsverantwortung\",\"datePublished\":\"2023-09-05T09:50:00+00:00\",\"dateModified\":\"2024-02-19T19:17:39+00:00\",\"mainEntityOfPage\":{\"@id\":\"https:\\\/\\\/www.rri.ro\\\/de\\\/aktuell\\\/rri-aktuell\\\/kontroversen-ueber-die-uebernahme-der-regierungsverantwortung-id462660.html\"},\"wordCount\":424,\"image\":{\"@id\":\"https:\\\/\\\/www.rri.ro\\\/de\\\/aktuell\\\/rri-aktuell\\\/kontroversen-ueber-die-uebernahme-der-regierungsverantwortung-id462660.html#primaryimage\"},\"thumbnailUrl\":\"https:\\\/\\\/www.rri.ro\\\/wp-content\\\/uploads\\\/2023\\\/10\\\/parlament-camera-deputatilor-spate.png\",\"keywords\":[\"Haushaltsdefizit\",\"Parlament\",\"Renten\",\"Steuern\",\"Straftaten\"],\"articleSection\":[\"RRI Aktuell\"],\"inLanguage\":\"de\"},{\"@type\":\"WebPage\",\"@id\":\"https:\\\/\\\/www.rri.ro\\\/de\\\/aktuell\\\/rri-aktuell\\\/kontroversen-ueber-die-uebernahme-der-regierungsverantwortung-id462660.html\",\"url\":\"https:\\\/\\\/www.rri.ro\\\/de\\\/aktuell\\\/rri-aktuell\\\/kontroversen-ueber-die-uebernahme-der-regierungsverantwortung-id462660.html\",\"name\":\"Kontroversen \u00fcber die \u00dcbernahme der Regierungsverantwortung - Radio Rum\u00e4nien International\",\"isPartOf\":{\"@id\":\"https:\\\/\\\/www.rri.ro\\\/#website\"},\"primaryImageOfPage\":{\"@id\":\"https:\\\/\\\/www.rri.ro\\\/de\\\/aktuell\\\/rri-aktuell\\\/kontroversen-ueber-die-uebernahme-der-regierungsverantwortung-id462660.html#primaryimage\"},\"image\":{\"@id\":\"https:\\\/\\\/www.rri.ro\\\/de\\\/aktuell\\\/rri-aktuell\\\/kontroversen-ueber-die-uebernahme-der-regierungsverantwortung-id462660.html#primaryimage\"},\"thumbnailUrl\":\"https:\\\/\\\/www.rri.ro\\\/wp-content\\\/uploads\\\/2023\\\/10\\\/parlament-camera-deputatilor-spate.png\",\"datePublished\":\"2023-09-05T09:50:00+00:00\",\"dateModified\":\"2024-02-19T19:17:39+00:00\",\"author\":{\"@id\":\"https:\\\/\\\/www.rri.ro\\\/#\\\/schema\\\/person\\\/2d81d5dc94d44190d13245f64551d334\"},\"breadcrumb\":{\"@id\":\"https:\\\/\\\/www.rri.ro\\\/de\\\/aktuell\\\/rri-aktuell\\\/kontroversen-ueber-die-uebernahme-der-regierungsverantwortung-id462660.html#breadcrumb\"},\"inLanguage\":\"de\",\"potentialAction\":[{\"@type\":\"ReadAction\",\"target\":[\"https:\\\/\\\/www.rri.ro\\\/de\\\/aktuell\\\/rri-aktuell\\\/kontroversen-ueber-die-uebernahme-der-regierungsverantwortung-id462660.html\"]}]},{\"@type\":\"ImageObject\",\"inLanguage\":\"de\",\"@id\":\"https:\\\/\\\/www.rri.ro\\\/de\\\/aktuell\\\/rri-aktuell\\\/kontroversen-ueber-die-uebernahme-der-regierungsverantwortung-id462660.html#primaryimage\",\"url\":\"https:\\\/\\\/www.rri.ro\\\/wp-content\\\/uploads\\\/2023\\\/10\\\/parlament-camera-deputatilor-spate.png\",\"contentUrl\":\"https:\\\/\\\/www.rri.ro\\\/wp-content\\\/uploads\\\/2023\\\/10\\\/parlament-camera-deputatilor-spate.png\",\"width\":640,\"height\":427},{\"@type\":\"BreadcrumbList\",\"@id\":\"https:\\\/\\\/www.rri.ro\\\/de\\\/aktuell\\\/rri-aktuell\\\/kontroversen-ueber-die-uebernahme-der-regierungsverantwortung-id462660.html#breadcrumb\",\"itemListElement\":[{\"@type\":\"ListItem\",\"position\":1,\"name\":\"Startseite\",\"item\":\"https:\\\/\\\/www.rri.ro\\\/de\"},{\"@type\":\"ListItem\",\"position\":2,\"name\":\"Aktuell\",\"item\":\"https:\\\/\\\/www.rri.ro\\\/de\\\/aktuell\"},{\"@type\":\"ListItem\",\"position\":3,\"name\":\"RRI Aktuell\",\"item\":\"https:\\\/\\\/www.rri.ro\\\/de\\\/aktuell\\\/rri-aktuell\"},{\"@type\":\"ListItem\",\"position\":4,\"name\":\"Kontroversen \u00fcber die \u00dcbernahme der Regierungsverantwortung\"}]},{\"@type\":\"WebSite\",\"@id\":\"https:\\\/\\\/www.rri.ro\\\/#website\",\"url\":\"https:\\\/\\\/www.rri.ro\\\/\",\"name\":\"Radio Rum\u00e4nien International\",\"description\":\"Totul despre Rom\u00e2nia \u015fi rom\u00e2ni, \u00een 13 limbi\\\/dialecte!\",\"inLanguage\":\"de\"},{\"@type\":\"Person\",\"@id\":\"https:\\\/\\\/www.rri.ro\\\/#\\\/schema\\\/person\\\/2d81d5dc94d44190d13245f64551d334\",\"name\":\"\u015etefan Stoica\",\"url\":\"https:\\\/\\\/www.rri.ro\\\/de\\\/author\\\/stefan-stoica\"}]}<\/script>\n<!-- \/ Yoast SEO plugin. -->","yoast_head_json":{"title":"Kontroversen \u00fcber die \u00dcbernahme der Regierungsverantwortung - Radio Rum\u00e4nien International","robots":{"index":"index","follow":"follow","max-snippet":"max-snippet:-1","max-image-preview":"max-image-preview:large","max-video-preview":"max-video-preview:-1"},"canonical":"https:\/\/www.rri.ro\/de\/aktuell\/rri-aktuell\/kontroversen-ueber-die-uebernahme-der-regierungsverantwortung-id462660.html","og_locale":"de_DE","og_type":"article","og_title":"Kontroversen \u00fcber die \u00dcbernahme der Regierungsverantwortung - Radio Rum\u00e4nien International","og_description":"Die PSD-PNL-Regierung wird die Verantwortung f\u00fcr ein Gesetzespaket \u00fcbernehmen, mit dem der Haushalt wieder ins Gleichgewicht gebracht werden soll. Die Opposition droht mit Misstrauensantr\u00e4gen.","og_url":"https:\/\/www.rri.ro\/de\/aktuell\/rri-aktuell\/kontroversen-ueber-die-uebernahme-der-regierungsverantwortung-id462660.html","og_site_name":"Radio Rum\u00e4nien International","article_published_time":"2023-09-05T09:50:00+00:00","article_modified_time":"2024-02-19T19:17:39+00:00","og_image":[{"width":640,"height":427,"url":"https:\/\/www.rri.ro\/wp-content\/uploads\/2023\/10\/parlament-camera-deputatilor-spate.png","type":"image\/png"}],"author":"\u015etefan Stoica","twitter_card":"summary_large_image","twitter_misc":{"Verfasst von":"\u015etefan Stoica","Gesch\u00e4tzte Lesezeit":"2\u00a0Minuten","Written by":"\u015etefan Stoica"},"schema":{"@context":"https:\/\/schema.org","@graph":[{"@type":"Article","@id":"https:\/\/www.rri.ro\/de\/aktuell\/rri-aktuell\/kontroversen-ueber-die-uebernahme-der-regierungsverantwortung-id462660.html#article","isPartOf":{"@id":"https:\/\/www.rri.ro\/de\/aktuell\/rri-aktuell\/kontroversen-ueber-die-uebernahme-der-regierungsverantwortung-id462660.html"},"author":{"name":"\u015etefan Stoica","@id":"https:\/\/www.rri.ro\/#\/schema\/person\/2d81d5dc94d44190d13245f64551d334"},"headline":"Kontroversen \u00fcber die \u00dcbernahme der Regierungsverantwortung","datePublished":"2023-09-05T09:50:00+00:00","dateModified":"2024-02-19T19:17:39+00:00","mainEntityOfPage":{"@id":"https:\/\/www.rri.ro\/de\/aktuell\/rri-aktuell\/kontroversen-ueber-die-uebernahme-der-regierungsverantwortung-id462660.html"},"wordCount":424,"image":{"@id":"https:\/\/www.rri.ro\/de\/aktuell\/rri-aktuell\/kontroversen-ueber-die-uebernahme-der-regierungsverantwortung-id462660.html#primaryimage"},"thumbnailUrl":"https:\/\/www.rri.ro\/wp-content\/uploads\/2023\/10\/parlament-camera-deputatilor-spate.png","keywords":["Haushaltsdefizit","Parlament","Renten","Steuern","Straftaten"],"articleSection":["RRI Aktuell"],"inLanguage":"de"},{"@type":"WebPage","@id":"https:\/\/www.rri.ro\/de\/aktuell\/rri-aktuell\/kontroversen-ueber-die-uebernahme-der-regierungsverantwortung-id462660.html","url":"https:\/\/www.rri.ro\/de\/aktuell\/rri-aktuell\/kontroversen-ueber-die-uebernahme-der-regierungsverantwortung-id462660.html","name":"Kontroversen \u00fcber die \u00dcbernahme der Regierungsverantwortung - Radio Rum\u00e4nien International","isPartOf":{"@id":"https:\/\/www.rri.ro\/#website"},"primaryImageOfPage":{"@id":"https:\/\/www.rri.ro\/de\/aktuell\/rri-aktuell\/kontroversen-ueber-die-uebernahme-der-regierungsverantwortung-id462660.html#primaryimage"},"image":{"@id":"https:\/\/www.rri.ro\/de\/aktuell\/rri-aktuell\/kontroversen-ueber-die-uebernahme-der-regierungsverantwortung-id462660.html#primaryimage"},"thumbnailUrl":"https:\/\/www.rri.ro\/wp-content\/uploads\/2023\/10\/parlament-camera-deputatilor-spate.png","datePublished":"2023-09-05T09:50:00+00:00","dateModified":"2024-02-19T19:17:39+00:00","author":{"@id":"https:\/\/www.rri.ro\/#\/schema\/person\/2d81d5dc94d44190d13245f64551d334"},"breadcrumb":{"@id":"https:\/\/www.rri.ro\/de\/aktuell\/rri-aktuell\/kontroversen-ueber-die-uebernahme-der-regierungsverantwortung-id462660.html#breadcrumb"},"inLanguage":"de","potentialAction":[{"@type":"ReadAction","target":["https:\/\/www.rri.ro\/de\/aktuell\/rri-aktuell\/kontroversen-ueber-die-uebernahme-der-regierungsverantwortung-id462660.html"]}]},{"@type":"ImageObject","inLanguage":"de","@id":"https:\/\/www.rri.ro\/de\/aktuell\/rri-aktuell\/kontroversen-ueber-die-uebernahme-der-regierungsverantwortung-id462660.html#primaryimage","url":"https:\/\/www.rri.ro\/wp-content\/uploads\/2023\/10\/parlament-camera-deputatilor-spate.png","contentUrl":"https:\/\/www.rri.ro\/wp-content\/uploads\/2023\/10\/parlament-camera-deputatilor-spate.png","width":640,"height":427},{"@type":"BreadcrumbList","@id":"https:\/\/www.rri.ro\/de\/aktuell\/rri-aktuell\/kontroversen-ueber-die-uebernahme-der-regierungsverantwortung-id462660.html#breadcrumb","itemListElement":[{"@type":"ListItem","position":1,"name":"Startseite","item":"https:\/\/www.rri.ro\/de"},{"@type":"ListItem","position":2,"name":"Aktuell","item":"https:\/\/www.rri.ro\/de\/aktuell"},{"@type":"ListItem","position":3,"name":"RRI Aktuell","item":"https:\/\/www.rri.ro\/de\/aktuell\/rri-aktuell"},{"@type":"ListItem","position":4,"name":"Kontroversen \u00fcber die \u00dcbernahme der Regierungsverantwortung"}]},{"@type":"WebSite","@id":"https:\/\/www.rri.ro\/#website","url":"https:\/\/www.rri.ro\/","name":"Radio Rum\u00e4nien International","description":"Totul despre Rom\u00e2nia \u015fi rom\u00e2ni, \u00een 13 limbi\/dialecte!","inLanguage":"de"},{"@type":"Person","@id":"https:\/\/www.rri.ro\/#\/schema\/person\/2d81d5dc94d44190d13245f64551d334","name":"\u015etefan Stoica","url":"https:\/\/www.rri.ro\/de\/author\/stefan-stoica"}]}},"_links":{"self":[{"href":"https:\/\/www.rri.ro\/de\/wp-json\/wp\/v2\/posts\/462660","targetHints":{"allow":["GET"]}}],"collection":[{"href":"https:\/\/www.rri.ro\/de\/wp-json\/wp\/v2\/posts"}],"about":[{"href":"https:\/\/www.rri.ro\/de\/wp-json\/wp\/v2\/types\/post"}],"author":[{"embeddable":true,"href":"https:\/\/www.rri.ro\/de\/wp-json\/wp\/v2\/users\/110"}],"replies":[{"embeddable":true,"href":"https:\/\/www.rri.ro\/de\/wp-json\/wp\/v2\/comments?post=462660"}],"version-history":[{"count":0,"href":"https:\/\/www.rri.ro\/de\/wp-json\/wp\/v2\/posts\/462660\/revisions"}],"wp:featuredmedia":[{"embeddable":true,"href":"https:\/\/www.rri.ro\/de\/wp-json\/wp\/v2\/media\/73974"}],"wp:attachment":[{"href":"https:\/\/www.rri.ro\/de\/wp-json\/wp\/v2\/media?parent=462660"}],"wp:term":[{"taxonomy":"category","embeddable":true,"href":"https:\/\/www.rri.ro\/de\/wp-json\/wp\/v2\/categories?post=462660"},{"taxonomy":"post_tag","embeddable":true,"href":"https:\/\/www.rri.ro\/de\/wp-json\/wp\/v2\/tags?post=462660"},{"taxonomy":"author","embeddable":true,"href":"https:\/\/www.rri.ro\/de\/wp-json\/wp\/v2\/coauthors?post=462660"}],"curies":[{"name":"wp","href":"https:\/\/api.w.org\/{rel}","templated":true}]}}