{"id":462665,"date":"2023-09-28T16:05:00","date_gmt":"2023-09-28T13:05:00","guid":{"rendered":"http:\/\/devrri.freshlemon.ro\/aktuell\/roberta-metsola-fordert-unverzueglichen-schengen-beitritt-rumaeniens-und-bulgariens-id462665.html"},"modified":"2024-02-19T21:17:43","modified_gmt":"2024-02-19T19:17:43","slug":"roberta-metsola-fordert-unverzueglichen-schengen-beitritt-rumaeniens-und-bulgariens","status":"publish","type":"post","link":"https:\/\/www.rri.ro\/de\/aktuell\/rri-aktuell\/roberta-metsola-fordert-unverzueglichen-schengen-beitritt-rumaeniens-und-bulgariens-id462665.html","title":{"rendered":"Roberta Metsola fordert unverz\u00fcglichen Schengen-Beitritt Rum\u00e4niens und Bulgariens"},"content":{"rendered":"<p>Unter Berufung auf eine unzureichende Kontrolle des Migrantenzustroms hatten \u00d6sterreich und die Niederlande die Hoffnungen Rum\u00e4niens und Bulgariens auf einen Schengen-Beitritt mit einem negativen Votum im Rat &#8222;Justiz und Inneres&#8220; im vergangenen Dezember erneut zunichte gemacht. Nur Wien war gegen den Beitritt Rum\u00e4niens zu Europas grenzfreiem Raum, aber das Land ben\u00f6tigte Einstimmigkeit f\u00fcr den Beitritt.<\/p>\n<p>&#13;<br \/>\n&#13;<\/p>\n<p>&#13;<br \/>\n&#13;<\/p>\n<p>Au\u200e\u00dferdem zogen Bukarest und Sofia in diesem Beitrittsprozess an einem Strang, und eine Abkopplung kommt nicht in Frage. Trotz der Ma\u200e\u00dfnahmen, die in beiden L\u00e4ndern seit der Tagung des Rates &#8222;Justiz und Inneres&#8220; im Dezember ergriffen wurden, hat sich nur wenig ge\u00e4ndert. Die Niederlande haben begonnen, diplomatische Signale zu geben, dass sie ihr Veto gegen Bulgarien aufgeben k\u00f6nnten, aber \u00d6sterreich h\u00e4lt an seiner Position fest, zumindest auf deklaratorischer Ebene. Es hat sogar den j\u00fcngsten Appell der Chefin der Gemeinschaftsexekutive, Ursula von der Leyen, zur\u00fcckgewiesen, die in ihrer j\u00e4hrlichen Rede zur Lage der Europ\u00e4ischen Union \u00d6sterreich aufgefordert hatte, den Schengen-Beitritt Rum\u00e4niens und Bulgariens unverz\u00fcglich zuzulassen. Rum\u00e4nien erwarte und verdiene eine positive Entscheidung w\u00e4hrend der spanischen EU-Ratspr\u00e4sidentschaft zur Schengen-Erweiterung, sagte die Pr\u00e4sidentin der Europ\u00e4ischen Legislative in einem Interview mit European Newsroom.<\/p>\n<p>&#13;<br \/>\n&#13;<\/p>\n<p>&#13;<br \/>\n&#13;<\/p>\n<p>Roberta Metsola hat sich optimistisch bez\u00fcglich des Schengen-Beitritts der beiden L\u00e4nder ge\u00e4u\u200e\u00dfert. &#8222;Sie warten nicht nur auf diese Entscheidung, sondern haben sie seit 2011 auch verdient. Deshalb glaube ich, dass es uns gelingen wird, eine L\u00f6sung zu finden. Wir erwarten von dieser EU-Ratspr\u00e4sidentschaft, dass wir versuchen, mit den \u00f6sterreichischen Kollegen und anderen zusammenzuarbeiten, wenn es in anderen L\u00e4ndern noch Fragen gibt, und ich glaube, dass diese Fragen beantwortet werden k\u00f6nnen&#8220;, so Metsola weiter. In einem Interview mit einem privaten Fernsehsender in Rum\u00e4nien sagte die Pr\u00e4sidentin des Europ\u00e4ischen Parlaments, Europa d\u00fcrfe nicht den Eindruck entstehen lassen, dass einige L\u00e4nder zweitklassig seien.<\/p>\n<p>&#13;<br \/>\n&#13;<\/p>\n<p>&#13;<br \/>\n&#13;<\/p>\n<p> &#8222;Wir m\u00fcssen Ma\u200e\u00dfnahmen ergreifen, um ein geeintes Europa zu gew\u00e4hrleisten, in dem Rum\u00e4nien und Bulgarien nicht mehr vor den Toren von Schengen stehen, in dem der Extremismus nicht wachsen darf und in dem die demokratischen Werte gegen Russland verteidigt werden. Die \u00fcberm\u00e4\u200e\u00dfigen Verz\u00f6gerungen bei der Entscheidung \u00fcber den Beitritt Rum\u00e4niens und Bulgariens zu Europas grenzfreiem Raum stellen f\u00fcr die beiden L\u00e4nder einen doppelten Nachteil dar: eine Einschr\u00e4nkung des Rechts auf Freiz\u00fcgigkeit und zus\u00e4tzliche Kosten f\u00fcr ihre Volkswirtschaften, so Metsola.  Obwohl die Beitrittskriterien seit mehr als 12 Jahren erf\u00fcllt sind, m\u00fcssen Rum\u00e4nen und Bulgaren immer noch Zeit mit Grenzkontrollen verschwenden, w\u00e4hrend die dadurch entstehenden wirtschaftlichen Verluste erheblich sind. Nach Angaben des rum\u00e4nischen Verkehrsministers Sorin Grindeanu bedeutet der Verbleib Rum\u00e4niens au\u200e\u00dferhalb des Schengen-Raums wirtschaftliche Verluste von bis zu 2 % des BIP, und die Regierung in Bukarest beabsichtigt, Entsch\u00e4digungen zu fordern.<\/p>\n<p>&#13;<\/p>\n","protected":false},"excerpt":{"rendered":"<p>Seit langem k\u00e4mpft Rum\u00e4nien f\u00fcr einen Beitritt zum Schengen-Raum. Dezember 2022 stimmten aber \u00d6sterreich und die Niederlande dagegen. Jetzt sagt die EP-Pr\u00e4sidentin, Europa d\u00fcrfe nicht den Eindruck entstehen lassen, dass einige L\u00e4nder zweitklassig seien.<\/p>\n","protected":false},"author":108,"featured_media":272063,"comment_status":"closed","ping_status":"closed","sticky":false,"template":"","format":"standard","meta":{"_acf_changed":false,"footnotes":""},"categories":[99583],"tags":[101387,99778,99781,149765,99589,145202],"coauthors":[],"class_list":["post-462665","post","type-post","status-publish","format-standard","has-post-thumbnail","hentry","category-rri-aktuell","tag-beitritt","tag-bulgarien","tag-oesterreich","tag-roberta-metsola-de","tag-rumaenien","tag-schengen-de"],"acf":[],"yoast_head":"<!-- This site is optimized with the Yoast SEO plugin v27.5 - https:\/\/yoast.com\/product\/yoast-seo-wordpress\/ -->\n<title>Roberta Metsola fordert unverz\u00fcglichen Schengen-Beitritt Rum\u00e4niens und Bulgariens - Radio Rum\u00e4nien International<\/title>\n<meta name=\"robots\" content=\"index, follow, max-snippet:-1, max-image-preview:large, max-video-preview:-1\" \/>\n<link rel=\"canonical\" href=\"https:\/\/www.rri.ro\/de\/aktuell\/rri-aktuell\/roberta-metsola-fordert-unverzueglichen-schengen-beitritt-rumaeniens-und-bulgariens-id462665.html\" \/>\n<meta property=\"og:locale\" content=\"de_DE\" \/>\n<meta property=\"og:type\" content=\"article\" \/>\n<meta property=\"og:title\" content=\"Roberta Metsola fordert unverz\u00fcglichen Schengen-Beitritt Rum\u00e4niens und Bulgariens - Radio Rum\u00e4nien International\" \/>\n<meta property=\"og:description\" content=\"Seit langem k\u00e4mpft Rum\u00e4nien f\u00fcr einen Beitritt zum Schengen-Raum. Dezember 2022 stimmten aber \u00d6sterreich und die Niederlande dagegen. Jetzt sagt die EP-Pr\u00e4sidentin, Europa d\u00fcrfe nicht den Eindruck entstehen lassen, dass einige L\u00e4nder zweitklassig seien.\" \/>\n<meta property=\"og:url\" content=\"https:\/\/www.rri.ro\/de\/aktuell\/rri-aktuell\/roberta-metsola-fordert-unverzueglichen-schengen-beitritt-rumaeniens-und-bulgariens-id462665.html\" \/>\n<meta property=\"og:site_name\" content=\"Radio Rum\u00e4nien International\" \/>\n<meta property=\"article:published_time\" content=\"2023-09-28T13:05:00+00:00\" \/>\n<meta property=\"article:modified_time\" content=\"2024-02-19T19:17:43+00:00\" \/>\n<meta property=\"og:image\" content=\"https:\/\/www.rri.ro\/wp-content\/uploads\/2023\/10\/roberta-metsola-presedinte-parlamentul-european-foto-European-Union-2022-Source-EP-Alain-ROLLAND.png\" \/>\n\t<meta property=\"og:image:width\" content=\"640\" \/>\n\t<meta property=\"og:image:height\" content=\"427\" \/>\n\t<meta property=\"og:image:type\" content=\"image\/png\" \/>\n<meta name=\"author\" content=\"Corina Cristea\" \/>\n<meta name=\"twitter:card\" content=\"summary_large_image\" \/>\n<meta name=\"twitter:label1\" content=\"Verfasst von\" \/>\n\t<meta name=\"twitter:data1\" content=\"Corina Cristea\" \/>\n\t<meta name=\"twitter:label2\" content=\"Gesch\u00e4tzte Lesezeit\" \/>\n\t<meta name=\"twitter:data2\" content=\"2\u00a0Minuten\" \/>\n\t<meta name=\"twitter:label3\" content=\"Written by\" \/>\n\t<meta name=\"twitter:data3\" content=\"Corina Cristea\" \/>\n<script type=\"application\/ld+json\" class=\"yoast-schema-graph\">{\"@context\":\"https:\\\/\\\/schema.org\",\"@graph\":[{\"@type\":\"Article\",\"@id\":\"https:\\\/\\\/www.rri.ro\\\/de\\\/aktuell\\\/rri-aktuell\\\/roberta-metsola-fordert-unverzueglichen-schengen-beitritt-rumaeniens-und-bulgariens-id462665.html#article\",\"isPartOf\":{\"@id\":\"https:\\\/\\\/www.rri.ro\\\/de\\\/aktuell\\\/rri-aktuell\\\/roberta-metsola-fordert-unverzueglichen-schengen-beitritt-rumaeniens-und-bulgariens-id462665.html\"},\"author\":{\"name\":\"Corina Cristea\",\"@id\":\"https:\\\/\\\/www.rri.ro\\\/#\\\/schema\\\/person\\\/f9ab1cb3569dee1b2c033a814bb7f0fc\"},\"headline\":\"Roberta Metsola fordert unverz\u00fcglichen Schengen-Beitritt Rum\u00e4niens und Bulgariens\",\"datePublished\":\"2023-09-28T13:05:00+00:00\",\"dateModified\":\"2024-02-19T19:17:43+00:00\",\"mainEntityOfPage\":{\"@id\":\"https:\\\/\\\/www.rri.ro\\\/de\\\/aktuell\\\/rri-aktuell\\\/roberta-metsola-fordert-unverzueglichen-schengen-beitritt-rumaeniens-und-bulgariens-id462665.html\"},\"wordCount\":484,\"image\":{\"@id\":\"https:\\\/\\\/www.rri.ro\\\/de\\\/aktuell\\\/rri-aktuell\\\/roberta-metsola-fordert-unverzueglichen-schengen-beitritt-rumaeniens-und-bulgariens-id462665.html#primaryimage\"},\"thumbnailUrl\":\"https:\\\/\\\/www.rri.ro\\\/wp-content\\\/uploads\\\/2023\\\/10\\\/roberta-metsola-presedinte-parlamentul-european-foto-European-Union-2022-Source-EP-Alain-ROLLAND.png\",\"keywords\":[\"Beitritt\",\"Bulgarien\",\"\u00d6sterreich\",\"Roberta Metsola\",\"Rum\u00e4nien\",\"Schengen\"],\"articleSection\":[\"RRI Aktuell\"],\"inLanguage\":\"de\"},{\"@type\":\"WebPage\",\"@id\":\"https:\\\/\\\/www.rri.ro\\\/de\\\/aktuell\\\/rri-aktuell\\\/roberta-metsola-fordert-unverzueglichen-schengen-beitritt-rumaeniens-und-bulgariens-id462665.html\",\"url\":\"https:\\\/\\\/www.rri.ro\\\/de\\\/aktuell\\\/rri-aktuell\\\/roberta-metsola-fordert-unverzueglichen-schengen-beitritt-rumaeniens-und-bulgariens-id462665.html\",\"name\":\"Roberta Metsola fordert unverz\u00fcglichen Schengen-Beitritt Rum\u00e4niens und Bulgariens - Radio Rum\u00e4nien International\",\"isPartOf\":{\"@id\":\"https:\\\/\\\/www.rri.ro\\\/#website\"},\"primaryImageOfPage\":{\"@id\":\"https:\\\/\\\/www.rri.ro\\\/de\\\/aktuell\\\/rri-aktuell\\\/roberta-metsola-fordert-unverzueglichen-schengen-beitritt-rumaeniens-und-bulgariens-id462665.html#primaryimage\"},\"image\":{\"@id\":\"https:\\\/\\\/www.rri.ro\\\/de\\\/aktuell\\\/rri-aktuell\\\/roberta-metsola-fordert-unverzueglichen-schengen-beitritt-rumaeniens-und-bulgariens-id462665.html#primaryimage\"},\"thumbnailUrl\":\"https:\\\/\\\/www.rri.ro\\\/wp-content\\\/uploads\\\/2023\\\/10\\\/roberta-metsola-presedinte-parlamentul-european-foto-European-Union-2022-Source-EP-Alain-ROLLAND.png\",\"datePublished\":\"2023-09-28T13:05:00+00:00\",\"dateModified\":\"2024-02-19T19:17:43+00:00\",\"author\":{\"@id\":\"https:\\\/\\\/www.rri.ro\\\/#\\\/schema\\\/person\\\/f9ab1cb3569dee1b2c033a814bb7f0fc\"},\"breadcrumb\":{\"@id\":\"https:\\\/\\\/www.rri.ro\\\/de\\\/aktuell\\\/rri-aktuell\\\/roberta-metsola-fordert-unverzueglichen-schengen-beitritt-rumaeniens-und-bulgariens-id462665.html#breadcrumb\"},\"inLanguage\":\"de\",\"potentialAction\":[{\"@type\":\"ReadAction\",\"target\":[\"https:\\\/\\\/www.rri.ro\\\/de\\\/aktuell\\\/rri-aktuell\\\/roberta-metsola-fordert-unverzueglichen-schengen-beitritt-rumaeniens-und-bulgariens-id462665.html\"]}]},{\"@type\":\"ImageObject\",\"inLanguage\":\"de\",\"@id\":\"https:\\\/\\\/www.rri.ro\\\/de\\\/aktuell\\\/rri-aktuell\\\/roberta-metsola-fordert-unverzueglichen-schengen-beitritt-rumaeniens-und-bulgariens-id462665.html#primaryimage\",\"url\":\"https:\\\/\\\/www.rri.ro\\\/wp-content\\\/uploads\\\/2023\\\/10\\\/roberta-metsola-presedinte-parlamentul-european-foto-European-Union-2022-Source-EP-Alain-ROLLAND.png\",\"contentUrl\":\"https:\\\/\\\/www.rri.ro\\\/wp-content\\\/uploads\\\/2023\\\/10\\\/roberta-metsola-presedinte-parlamentul-european-foto-European-Union-2022-Source-EP-Alain-ROLLAND.png\",\"width\":640,\"height\":427},{\"@type\":\"BreadcrumbList\",\"@id\":\"https:\\\/\\\/www.rri.ro\\\/de\\\/aktuell\\\/rri-aktuell\\\/roberta-metsola-fordert-unverzueglichen-schengen-beitritt-rumaeniens-und-bulgariens-id462665.html#breadcrumb\",\"itemListElement\":[{\"@type\":\"ListItem\",\"position\":1,\"name\":\"Startseite\",\"item\":\"https:\\\/\\\/www.rri.ro\\\/de\"},{\"@type\":\"ListItem\",\"position\":2,\"name\":\"Aktuell\",\"item\":\"https:\\\/\\\/www.rri.ro\\\/de\\\/aktuell\"},{\"@type\":\"ListItem\",\"position\":3,\"name\":\"RRI Aktuell\",\"item\":\"https:\\\/\\\/www.rri.ro\\\/de\\\/aktuell\\\/rri-aktuell\"},{\"@type\":\"ListItem\",\"position\":4,\"name\":\"Roberta Metsola fordert unverz\u00fcglichen Schengen-Beitritt Rum\u00e4niens und Bulgariens\"}]},{\"@type\":\"WebSite\",\"@id\":\"https:\\\/\\\/www.rri.ro\\\/#website\",\"url\":\"https:\\\/\\\/www.rri.ro\\\/\",\"name\":\"Radio Rum\u00e4nien International\",\"description\":\"Totul despre Rom\u00e2nia \u015fi rom\u00e2ni, \u00een 13 limbi\\\/dialecte!\",\"inLanguage\":\"de\"},{\"@type\":\"Person\",\"@id\":\"https:\\\/\\\/www.rri.ro\\\/#\\\/schema\\\/person\\\/f9ab1cb3569dee1b2c033a814bb7f0fc\",\"name\":\"Corina Cristea\",\"url\":\"https:\\\/\\\/www.rri.ro\\\/de\\\/author\\\/corina-cristea\"}]}<\/script>\n<!-- \/ Yoast SEO plugin. -->","yoast_head_json":{"title":"Roberta Metsola fordert unverz\u00fcglichen Schengen-Beitritt Rum\u00e4niens und Bulgariens - Radio Rum\u00e4nien International","robots":{"index":"index","follow":"follow","max-snippet":"max-snippet:-1","max-image-preview":"max-image-preview:large","max-video-preview":"max-video-preview:-1"},"canonical":"https:\/\/www.rri.ro\/de\/aktuell\/rri-aktuell\/roberta-metsola-fordert-unverzueglichen-schengen-beitritt-rumaeniens-und-bulgariens-id462665.html","og_locale":"de_DE","og_type":"article","og_title":"Roberta Metsola fordert unverz\u00fcglichen Schengen-Beitritt Rum\u00e4niens und Bulgariens - Radio Rum\u00e4nien International","og_description":"Seit langem k\u00e4mpft Rum\u00e4nien f\u00fcr einen Beitritt zum Schengen-Raum. Dezember 2022 stimmten aber \u00d6sterreich und die Niederlande dagegen. Jetzt sagt die EP-Pr\u00e4sidentin, Europa d\u00fcrfe nicht den Eindruck entstehen lassen, dass einige L\u00e4nder zweitklassig seien.","og_url":"https:\/\/www.rri.ro\/de\/aktuell\/rri-aktuell\/roberta-metsola-fordert-unverzueglichen-schengen-beitritt-rumaeniens-und-bulgariens-id462665.html","og_site_name":"Radio Rum\u00e4nien International","article_published_time":"2023-09-28T13:05:00+00:00","article_modified_time":"2024-02-19T19:17:43+00:00","og_image":[{"width":640,"height":427,"url":"https:\/\/www.rri.ro\/wp-content\/uploads\/2023\/10\/roberta-metsola-presedinte-parlamentul-european-foto-European-Union-2022-Source-EP-Alain-ROLLAND.png","type":"image\/png"}],"author":"Corina Cristea","twitter_card":"summary_large_image","twitter_misc":{"Verfasst von":"Corina Cristea","Gesch\u00e4tzte Lesezeit":"2\u00a0Minuten","Written by":"Corina Cristea"},"schema":{"@context":"https:\/\/schema.org","@graph":[{"@type":"Article","@id":"https:\/\/www.rri.ro\/de\/aktuell\/rri-aktuell\/roberta-metsola-fordert-unverzueglichen-schengen-beitritt-rumaeniens-und-bulgariens-id462665.html#article","isPartOf":{"@id":"https:\/\/www.rri.ro\/de\/aktuell\/rri-aktuell\/roberta-metsola-fordert-unverzueglichen-schengen-beitritt-rumaeniens-und-bulgariens-id462665.html"},"author":{"name":"Corina Cristea","@id":"https:\/\/www.rri.ro\/#\/schema\/person\/f9ab1cb3569dee1b2c033a814bb7f0fc"},"headline":"Roberta Metsola fordert unverz\u00fcglichen Schengen-Beitritt Rum\u00e4niens und Bulgariens","datePublished":"2023-09-28T13:05:00+00:00","dateModified":"2024-02-19T19:17:43+00:00","mainEntityOfPage":{"@id":"https:\/\/www.rri.ro\/de\/aktuell\/rri-aktuell\/roberta-metsola-fordert-unverzueglichen-schengen-beitritt-rumaeniens-und-bulgariens-id462665.html"},"wordCount":484,"image":{"@id":"https:\/\/www.rri.ro\/de\/aktuell\/rri-aktuell\/roberta-metsola-fordert-unverzueglichen-schengen-beitritt-rumaeniens-und-bulgariens-id462665.html#primaryimage"},"thumbnailUrl":"https:\/\/www.rri.ro\/wp-content\/uploads\/2023\/10\/roberta-metsola-presedinte-parlamentul-european-foto-European-Union-2022-Source-EP-Alain-ROLLAND.png","keywords":["Beitritt","Bulgarien","\u00d6sterreich","Roberta Metsola","Rum\u00e4nien","Schengen"],"articleSection":["RRI Aktuell"],"inLanguage":"de"},{"@type":"WebPage","@id":"https:\/\/www.rri.ro\/de\/aktuell\/rri-aktuell\/roberta-metsola-fordert-unverzueglichen-schengen-beitritt-rumaeniens-und-bulgariens-id462665.html","url":"https:\/\/www.rri.ro\/de\/aktuell\/rri-aktuell\/roberta-metsola-fordert-unverzueglichen-schengen-beitritt-rumaeniens-und-bulgariens-id462665.html","name":"Roberta Metsola fordert unverz\u00fcglichen Schengen-Beitritt Rum\u00e4niens und Bulgariens - Radio Rum\u00e4nien International","isPartOf":{"@id":"https:\/\/www.rri.ro\/#website"},"primaryImageOfPage":{"@id":"https:\/\/www.rri.ro\/de\/aktuell\/rri-aktuell\/roberta-metsola-fordert-unverzueglichen-schengen-beitritt-rumaeniens-und-bulgariens-id462665.html#primaryimage"},"image":{"@id":"https:\/\/www.rri.ro\/de\/aktuell\/rri-aktuell\/roberta-metsola-fordert-unverzueglichen-schengen-beitritt-rumaeniens-und-bulgariens-id462665.html#primaryimage"},"thumbnailUrl":"https:\/\/www.rri.ro\/wp-content\/uploads\/2023\/10\/roberta-metsola-presedinte-parlamentul-european-foto-European-Union-2022-Source-EP-Alain-ROLLAND.png","datePublished":"2023-09-28T13:05:00+00:00","dateModified":"2024-02-19T19:17:43+00:00","author":{"@id":"https:\/\/www.rri.ro\/#\/schema\/person\/f9ab1cb3569dee1b2c033a814bb7f0fc"},"breadcrumb":{"@id":"https:\/\/www.rri.ro\/de\/aktuell\/rri-aktuell\/roberta-metsola-fordert-unverzueglichen-schengen-beitritt-rumaeniens-und-bulgariens-id462665.html#breadcrumb"},"inLanguage":"de","potentialAction":[{"@type":"ReadAction","target":["https:\/\/www.rri.ro\/de\/aktuell\/rri-aktuell\/roberta-metsola-fordert-unverzueglichen-schengen-beitritt-rumaeniens-und-bulgariens-id462665.html"]}]},{"@type":"ImageObject","inLanguage":"de","@id":"https:\/\/www.rri.ro\/de\/aktuell\/rri-aktuell\/roberta-metsola-fordert-unverzueglichen-schengen-beitritt-rumaeniens-und-bulgariens-id462665.html#primaryimage","url":"https:\/\/www.rri.ro\/wp-content\/uploads\/2023\/10\/roberta-metsola-presedinte-parlamentul-european-foto-European-Union-2022-Source-EP-Alain-ROLLAND.png","contentUrl":"https:\/\/www.rri.ro\/wp-content\/uploads\/2023\/10\/roberta-metsola-presedinte-parlamentul-european-foto-European-Union-2022-Source-EP-Alain-ROLLAND.png","width":640,"height":427},{"@type":"BreadcrumbList","@id":"https:\/\/www.rri.ro\/de\/aktuell\/rri-aktuell\/roberta-metsola-fordert-unverzueglichen-schengen-beitritt-rumaeniens-und-bulgariens-id462665.html#breadcrumb","itemListElement":[{"@type":"ListItem","position":1,"name":"Startseite","item":"https:\/\/www.rri.ro\/de"},{"@type":"ListItem","position":2,"name":"Aktuell","item":"https:\/\/www.rri.ro\/de\/aktuell"},{"@type":"ListItem","position":3,"name":"RRI Aktuell","item":"https:\/\/www.rri.ro\/de\/aktuell\/rri-aktuell"},{"@type":"ListItem","position":4,"name":"Roberta Metsola fordert unverz\u00fcglichen Schengen-Beitritt Rum\u00e4niens und Bulgariens"}]},{"@type":"WebSite","@id":"https:\/\/www.rri.ro\/#website","url":"https:\/\/www.rri.ro\/","name":"Radio Rum\u00e4nien International","description":"Totul despre Rom\u00e2nia \u015fi rom\u00e2ni, \u00een 13 limbi\/dialecte!","inLanguage":"de"},{"@type":"Person","@id":"https:\/\/www.rri.ro\/#\/schema\/person\/f9ab1cb3569dee1b2c033a814bb7f0fc","name":"Corina Cristea","url":"https:\/\/www.rri.ro\/de\/author\/corina-cristea"}]}},"_links":{"self":[{"href":"https:\/\/www.rri.ro\/de\/wp-json\/wp\/v2\/posts\/462665","targetHints":{"allow":["GET"]}}],"collection":[{"href":"https:\/\/www.rri.ro\/de\/wp-json\/wp\/v2\/posts"}],"about":[{"href":"https:\/\/www.rri.ro\/de\/wp-json\/wp\/v2\/types\/post"}],"author":[{"embeddable":true,"href":"https:\/\/www.rri.ro\/de\/wp-json\/wp\/v2\/users\/108"}],"replies":[{"embeddable":true,"href":"https:\/\/www.rri.ro\/de\/wp-json\/wp\/v2\/comments?post=462665"}],"version-history":[{"count":0,"href":"https:\/\/www.rri.ro\/de\/wp-json\/wp\/v2\/posts\/462665\/revisions"}],"wp:featuredmedia":[{"embeddable":true,"href":"https:\/\/www.rri.ro\/de\/wp-json\/wp\/v2\/media\/272063"}],"wp:attachment":[{"href":"https:\/\/www.rri.ro\/de\/wp-json\/wp\/v2\/media?parent=462665"}],"wp:term":[{"taxonomy":"category","embeddable":true,"href":"https:\/\/www.rri.ro\/de\/wp-json\/wp\/v2\/categories?post=462665"},{"taxonomy":"post_tag","embeddable":true,"href":"https:\/\/www.rri.ro\/de\/wp-json\/wp\/v2\/tags?post=462665"},{"taxonomy":"author","embeddable":true,"href":"https:\/\/www.rri.ro\/de\/wp-json\/wp\/v2\/coauthors?post=462665"}],"curies":[{"name":"wp","href":"https:\/\/api.w.org\/{rel}","templated":true}]}}