{"id":627775,"date":"2013-02-23T14:03:00","date_gmt":"2013-02-23T12:03:00","guid":{"rendered":"http:\/\/devrri.freshlemon.ro\/aktuell\/die-woche-18-02-22-02-2013-im-ueberblick-id627775.html"},"modified":"2013-02-23T14:03:00","modified_gmt":"2013-02-23T12:03:00","slug":"die-woche-18-02-22-02-2013-im-ueberblick","status":"publish","type":"post","link":"https:\/\/www.rri.ro\/de\/aktuell\/wochenspiegel\/die-woche-18-02-22-02-2013-im-ueberblick-id627775.html","title":{"rendered":"Die Woche 18.02. &#8211; 22.02.2013 im \u00dcberblick"},"content":{"rendered":"<div align=justify>&#13;<br \/>\n\t<strong>DIE THEMEN:<\/strong><\/div>\n<p>&#13;<\/p>\n<div align=justify>&#13;\n\t <\/div>\n<p>&#13;<\/p>\n<div align=justify>&#13;\n\t <\/div>\n<p>&#13;<\/p>\n<p>&#13;\n\t <\/p>\n<p>&#13;<\/p>\n<div align=justify>&#13;<br \/>\n\t<strong>Staatshaushalt f\u00fcr 2013 im Parlament verabschiedet<\/strong><\/div>\n<p>&#13;<\/p>\n<p>&#13;<br \/>\n\t<strong>Umweltmarke f\u00fcr KFZ eingef\u00fchrt<\/strong><\/p>\n<p>&#13;<\/p>\n<p>&#13;<br \/>\n\t<strong>Rum\u00e4nien und Frankreich bekr\u00e4ftigen stategische Partnerschaft<\/strong><\/p>\n<p>&#13;<\/p>\n<p>&#13;<br \/>\n\t<strong>Rum\u00e4nischer Film gewinnt Goldenen B\u00e4ren\u201c<\/strong><\/p>\n<p>&#13;<\/p>\n<p>&#13;<br \/>\n\t<strong>Olympische Festspiele der Europ\u00e4ischen Jugend in Kronstadt<\/strong><\/p>\n<p>&#13;<\/p>\n<p>&#13;<br \/>\n\t<strong>Steaua Bukarest im Achtelfinale der Europa League<\/strong><\/p>\n<p>&#13;<\/p>\n<p>&#13;\n\t <\/p>\n<p>&#13;<\/p>\n<p>&#13;\n\t <\/p>\n<p>&#13;<\/p>\n<p>&#13;<br \/>\n\t<b>Staatshaushalt f\u00fcr 2013 im Parlament verabschiedet<\/b><\/p>\n<p>&#13;<\/p>\n<p>&#13;\n\t <\/p>\n<p>&#13;<\/p>\n<p>&#13;<br \/>\n\tDas rum\u00e4nische Parlament hat am Donnerstag den Haushalt und den Sozialhaushalt f\u00fcr das Jahr 2013 verabschiedet. Der neue Haushalt richtet sich nach einem voraussichtlichen Wirtschaftswachstum von 1,6%, einer Inflationsrate von 4,3% im Jahr und einem durchschnittlichen Wechselkurs von 4,5 Lei f\u00fcr einen Euro.<\/p>\n<p>&#13;<\/p>\n<p>&#13;\n\t <\/p>\n<p>&#13;<\/p>\n<p>&#13;<br \/>\n\tDer vom mittelinksorientierten Premierminister Victor Ponta als &#8222;derzeit bestm\u00f6glichen&#8220; bezeichnete Haushalt wurde im Plenum des Parlaments mit absoluter Mehrheit vom regierenden B\u00fcndnis USL verabschiedet. Die mittelinksgerichtete Koalition billigte den Haushalt f\u00fcr 2013, ohne einen einzigen von den zehn Tausend von der liberaldemokratischen Opposition eingereichten \u00c4nderungsvorschl\u00e4ge anzunehmen.<\/p>\n<p>&#13;<\/p>\n<p>&#13;\n\t <\/p>\n<p>&#13;<\/p>\n<p>&#13;<br \/>\n\tWie erwartet, konnten sich die Regierung und die Oposition \u00fcber die Haushaltsstruktur nicht einigen. Mit dem neuen Haushalt f\u00f6rdere die Regierung die Entwicklung und die Investitionen, das neue Budget w\u00fcrde au\u200e\u00dferdem die Wiederherstellung der L\u00f6hne von Staatsbediensteten und die Erh\u00f6hung der Renten vorsehen, bekr\u00e4ftigten Mitglieder der regierenden Koalition USL. Die Opposition bezeichnet hingegen das Budget als einen &#8222;Haushalt der Armut&#8220;.<\/p>\n<p>&#13;<\/p>\n<hr \/>\n<p>&#13;<\/p>\n<p>&#13;\n\t <\/p>\n<p>&#13;<\/p>\n<p>&#13;<br \/>\n\t<b>Umweltmarke f\u00fcr KFZ eingef\u00fchrt<\/b><\/p>\n<p>&#13;<\/p>\n<p>&#13;\n\t <\/p>\n<p>&#13;<\/p>\n<p>&#13;<br \/>\n\tDie Erstzulassungsgeb\u00fchr wurde 2007 von den rum\u00e4nischen Beh\u00f6rden zum Zwecke der Erneuerung des Fuhrparks eingef\u00fchrt. Besagte Abgabe erhielt im Laufe der Zeit auch den Namen Schadstoff- oder Umweltgeb\u00fchr und wurde bisher etlichen \u00c4nderungen unterworfen. Die letzte Variante wurde am Dienstag ins Leben gerufen, nachdem die rum\u00e4nische Regierung der Einf\u00fchrung der Umweltmarke f\u00fcr Kraftfahrzeuge von bis zu 8+1 Sitzen gr\u00fcnes Licht gegeben hat. Diese soll am 15. M\u00e4rz in Kraft treten. F\u00fcr die anderen Fahrzeugkategorien bleiben die bisherigen Regelungen weiterhin in Kraft.<\/p>\n<p>&#13;<\/p>\n<p>&#13;\n\t <\/p>\n<p>&#13;<\/p>\n<p>&#13;<br \/>\n\tDie Neuheit im Vergleich zu dem Entwurf, der vor einem Monat vorgelegt wurde, besteht darin, dass die Abgabe f\u00fcr Euro-3- und Euro-4-Dieselfahrzeuge steigen wird, denn die Beh\u00f6rden meinen, dass diese mehr Schadstoffe aussto\u200e\u00dfen. Fahrzeugbesitzer, die die Umweltabgabe in einer ihrer unterschiedlichen Formen entrichtet haben, werden davon nicht betroffen. Sie m\u00fcssen somit keine Umweltmarke bezahlen.<\/p>\n<p>&#13;<\/p>\n<p>&#13;\n\t <\/p>\n<p>&#13;<\/p>\n<p>&#13;<br \/>\n\tWas die Autos anbelangt, die noch vor 2007 zugelassen wurden, muss man die Marke f\u00fcr diese nur beim Verkauf bezahlen. In der neuen Rechenformel ist nicht mehr der Hubraum des Autos entscheidend, sondern die CO2-Emissionen. Laut den Angaben des Umweltministeriums geht der Betrag f\u00fcr Euro-2-Fahrzeuge um 60%, f\u00fcr Euro1-Fahrzeuge um 80% und f\u00fcr Non-Euro-Fahrzeuge um 90% herunter.<\/p>\n<p>&#13;<\/p>\n<p>&#13;\n\t <\/p>\n<p>&#13;<\/p>\n<p>&#13;<br \/>\n\tDie Umweltmarke h\u00e4lt am Prinzip des bezahlenden Umwelts\u00fcnders fest: Wer der Umwelt schadet, der zahlt\u201c. Sie stellt auch einen betr\u00e4chtlichen Schlag gegen Euro-3- und Euro-4-Motoren dar, mit denen die Mehrheit der Gebrauchtwagen ausgestattet sind, die die Rum\u00e4nen erwerben. F\u00fcr diese wird die Geb\u00fchr um 10-15% angehoben, obwohl sie &#8212; laut Fachleuten &#8212; viel weniger Schadstoffemissionen als Non-Euro-, Euro-1- und Euro-2-Wagen aufweisen.<\/p>\n<p>&#13;<\/p>\n<p>&#13;\n\t <\/p>\n<p>&#13;<\/p>\n<p>&#13;<br \/>\n\tDie neue Abgabe erleichtere den Kauf sehr alter Fahrzeuge und f\u00f6rdere \u00fcberhaupt nicht die Erneuerung des Fuhrparks, meinen hingegen die Automobilbauer. Die neue Umweltmarke wirkt sich auch auf Diesel-Fahrzeuge aus, f\u00fcr die man eine h\u00f6here Abgabe als f\u00fcr Benzin-Autos wird zahlen m\u00fcssen. Im Falle von Wagen, die 7-8 Jahre alt sind, kann die Differenz bis zu 50% betragen.<\/p>\n<p>&#13;<\/p>\n<hr \/>\n<p>&#13;<\/p>\n<p>&#13;\n\t <\/p>\n<p>&#13;<\/p>\n<p>&#13;<br \/>\n\t<b>Rum\u00e4nien und Frankreich bekr\u00e4ftigen stategische Partnerschaft<\/b><\/p>\n<p>&#13;<\/p>\n<p>&#13;\n\t <\/p>\n<p>&#13;<\/p>\n<p>&#13;<br \/>\n\tRum\u00e4nien und Frankreich haben ihre vor 5 Jahren abgeschlossene strategische Partnerschaft verl\u00e4ngert. Der rum\u00e4nische Ministerpr\u00e4sident Victor Ponta und sein franz\u00f6sischer Gegen\u00fcber Jean-Marc Ayrault unterzeichneten in Paris den sog. Fahrplan\u201c zur Erneuerung der Partnerschaft zwischen den beiden L\u00e4ndern.<\/p>\n<p>&#13;<\/p>\n<p>&#13;\n\t <\/p>\n<p>&#13;<\/p>\n<p>&#13;<br \/>\n\tDas Dokument enth\u00e4lt politische, wirtschaftliche und soziale Projekte. Zu den Priorit\u00e4ten der franz\u00f6sich-rum\u00e4nischen Programme f\u00fcr die Zeit 2013-2018 geh\u00f6ren die Besch\u00e4ftigung der Arbeitskr\u00e4fte durch die Steigerung der Investitionen, eine bessere Verwaltung der EU-Strukturfonds, die soziale Eingliederung der Roma sowohl in Frankreich als auch in Rum\u00e4nien, die Landwirtschaft, die Gesundheit und die Verteidigung.<\/p>\n<p>&#13;<\/p>\n<p>&#13;\n\t <\/p>\n<p>&#13;<\/p>\n<p>&#13;<br \/>\n\tMinisterpr\u00e4sident Victor Ponta, der seinen ersten Staatsbesuch nach den Parlamentswahlen im Dezember 2012 unternommen hat, betonte bei dem Treffen in Paris die wirtschaftliche Seite der strategischen Partnerschaft und die Gesch\u00e4ftsm\u00f6glichkeiten, die Rum\u00e4nien mit Projekten bietet, die f\u00fcr beide L\u00e4nder von Vorteil sein k\u00f6nnten. Ich bin zuversichtlich, dass in den n\u00e4chsten Jahren die strategische Partnerschaft zwischen Frankreich und Rum\u00e4nien die Erfolge erzielen kann, die beide L\u00e4nder brauchen\u201c, sagte Victor Ponta. Die Anzahl der franz\u00f6sischen Investoren in Rum\u00e4nien sollte h\u00f6her werden; diese k\u00f6nnten vor allem in Bereichen wie Energie, Landwirtschaft, und Infrastruktur investieren, sagte noch der rum\u00e4nische Ministerpr\u00e4sident.<\/p>\n<p>&#13;<\/p>\n<p>&#13;\n\t <\/p>\n<p>&#13;<\/p>\n<p>&#13;<br \/>\n\tSeinerseits sagte der franz\u00f6sische Premierminister, dass die kulturelle Ann\u00e4herung und die Freundschaft zwischen Rum\u00e4nien und Frankreich exzellent seien, und die 2008 unterzeichnete strategische Partnerschaft die Beziehungen zwischen beiden L\u00e4ndern besser strukturiere. Das neue Abkommen f\u00fcr die n\u00e4chsten 5 Jahre wird sich auf wichtige wirtschaftliche Fragen, aber auch auf die Verteidigung der Europ\u00e4ischen Union beziehen, sagte noch Jean-Marc Ayrault. Frankreich unterst\u00fctze den Beitritt Rum\u00e4niens und Bulgariens zum Schengener Raum, gem\u00e4\u200e\u00df eines genauen Verfahrens und eines Fahrplanes\u201c, die im M\u00e4rz mit den europ\u00e4ischen Partnern diskutiert werden.<\/p>\n<p>&#13;<\/p>\n<hr \/>\n<p>&#13;<\/p>\n<p>&#13;\n\t <\/p>\n<p>&#13;<\/p>\n<p>&#13;<br \/>\n\t<b>Rum\u00e4nischer Film gewinnt Goldenen B\u00e4ren\u201c<\/b><\/p>\n<p>&#13;<\/p>\n<p>&#13;\n\t <\/p>\n<p>&#13;<\/p>\n<p>&#13;<br \/>\n\tDer Film &#8222;Childs pose&#8220; (rum. &#8222;Pozi\u021bia copilului&#8220;) des rum\u00e4nischen Regisseurs C\u0103lin Peter Netzer hat den Goldenen B\u00e4ren der 63. Berlinale gewonnen. Dies gab die internationale Jury am vergangenen Samstagabend bekannt. Das Drama erz\u00e4hlt die Geschichte einer Frau aus der rum\u00e4nischen Oberschicht, die ihren Sohn vor der ihm drohenden Gef\u00e4gnisstrafe wegen eines totgefahrenen Kindes retten will. Die von der Schauspielerin Lumini\u021ba Gheorghiu verk\u00f6rperte resolute und dominante Frau scheut dabei selbst vor Mitteln wie Bestechung und Falschaussage nicht zur\u00fcck. Der Regisseur C\u0103lin Peter Netzer ist zum Teil in Deutschland aufgewachsen.<\/p>\n<p>&#13;<\/p>\n<p>&#13;\n\t <\/p>\n<p>&#13;<\/p>\n<p>&#13;<br \/>\n\tDer Goldene B\u00e4r ist der zweite wichtige Preis f\u00fcr das rum\u00e4nische Kino. Der Spielfilm &#8222;4 Monate, 3 Wochen und 2 Tage&#8220; von Cristian Mungiu gewann 2007 die Goldene Palme in Cannes. Der Triumph des rum\u00e4nischen Regisseurs C\u0103lin Peter Netzer bei der Berlinale kommt nach dem Erfolg des rum\u00e4nischen Films &#8222;Wenn ich pfeifen will, pfeife ich&#8220;. Der Regisseur Florin \u015eerban wurde f\u00fcr seinen Streifen 2010 mit dem Gro\u200e\u00dfen Preis der Jury &#8212; dem Silbernen B\u00e4ren &#8212; und dem Alfred-Bauer-Preis ausgezeichnet.<\/p>\n<p>&#13;<\/p>\n<hr \/>\n<p>&#13;<\/p>\n<p>&#13;\n\t <\/p>\n<p>&#13;<\/p>\n<p>&#13;<br \/>\n\t<b>Olympische Festspiele der Europ\u00e4ischen Jugend in Kronstadt<\/b><\/p>\n<p>&#13;<\/p>\n<p>&#13;\n\t <\/p>\n<p>&#13;<\/p>\n<p>&#13;<br \/>\n\tRum\u00e4nien war vergangene Woche Gastgeber des gr\u00f6\u200e\u00dften Wintersport-Ereignisses in seiner Geschichte &#8212; das Olympische Festival der Europ\u00e4ischen Jugend fand in Bra\u0219ov\/Kronstadt statt, das erste sportliche Gro\u200e\u00dfereignis nach der Sommer-Universiade 1981. F\u00fcr Rum\u00e4nien gingen 60 Sportler an den Start &#8212; damit die drittgr\u00f6\u200e\u00dfte Delegation hinter Russland und Tschechien.<\/p>\n<p>&#13;<\/p>\n<p>&#13;\n\t <\/p>\n<p>&#13;<\/p>\n<p>&#13;<br \/>\n\tObwohl die Erwartungen vor dem Festival nicht allzu gro\u200e\u00df waren, eroberten die rum\u00e4nischen Junioren insgesamt drei Medaillen. Der Eisschnelll\u00e4ufer Emil Imre gewann am Dienstag Gold auf der Kurzdistanz von 1000 Metern &#8212; ebenfalls im Kurzrennen hatte er auf 500 Metern davor Silber geholt. Der 17j\u00e4hrige ist der talentierteste rum\u00e4nische Sportler im Eisschnelllauf, sein erkl\u00e4rtes Ziel ist die Teilnahme an den Olympischen Winterspielen im kommenden Jahr im russichen Sotschi.<\/p>\n<p>&#13;<\/p>\n<p>&#13;\n\t <\/p>\n<p>&#13;<\/p>\n<p>&#13;<br \/>\n\tUnd schlie\u200e\u00dflich wurde Dorottya Buzas zweite im Biathlon, im 6-Kilometer-Sprintrennen. Insgesamt traten 900 Sportler im Alter zwischen 14 und 18 Jahren aus 45 L\u00e4ndern an. Das Programm umfasste 28 Proben in 8 Winterdisziplinen.<\/p>\n<p>&#13;<\/p>\n<hr \/>\n<p>&#13;<\/p>\n<p>&#13;\n\t <\/p>\n<p>&#13;<\/p>\n<p>&#13;<br \/>\n\t<b>Steaua Bukarest im Achtelfinale der Europa League<\/b><\/p>\n<p>&#13;<\/p>\n<p>&#13;\n\t <\/p>\n<p>&#13;<\/p>\n<p>&#13;<br \/>\n\tBukarest war in Feierlaune nach dem kleinen Europapokal-Wunder am Donnerstagabend: Trotz der beinahe aussichtslosen Lage nach dem Hinspiel, drehte der rum\u00e4nische Rekordmeister Steaua Bukarest das Ergebnis in der Begegnung mit Ajax Amsterdam zu seinen Gunsten um und steht jetzt in der n\u00e4chsten Runde. Die Niederl\u00e4nder gewannen die erste Partie mit 2:0, Steaua f\u00fchrte nach 90 Minuten vor eigenen Fans ebenfalls mit 2:0. Nach torloser Verl\u00e4ngerung gewannen die Rotblauen das Elfmeterschie\u200e\u00dfen.<\/p>\n<p>&#13;<\/p>\n<p>&#13;\n\t <\/p>\n<p>&#13;<\/p>\n<p>&#13;<br \/>\n\tUngl\u00fccklicher verlief der Donnerstagabend f\u00fcr den zweiten rum\u00e4nischen Europa-League-Teilnehmer, den CFR Cluj, der auch das R\u00fcckspiel gegen Inter Mailand verlor und ausschied.<\/p>\n<p>&#13;<\/p>\n<p>&#13;\n\t <\/p>\n<p>&#13;<\/p>\n<p>&#13;<br \/>\n\tDer Herbstmeister Steaua Bukarest darf sich jetzt weiter in der Europa League freuen: es folgt ein Achtelfinale-Duell mit dem amtierenden Champions League-Sieger, dem FC Chelsea. Das Hinspiel findet am 7. M\u00e4rz in Bukarest statt, das R\u00fcckspiel eine Woche sp\u00e4ter in London.<\/p>\n<p>&#13;<\/p>\n","protected":false},"excerpt":{"rendered":"<p>R\u00fcckblick auf die wichtigsten Ereignisse in Politik, Wirtschaft und Gesellschaft<\/p>\n","protected":false},"author":113,"featured_media":123816,"comment_status":"closed","ping_status":"closed","sticky":false,"template":"","format":"standard","meta":{"_acf_changed":false,"footnotes":""},"categories":[116751],"tags":[116921,116926],"coauthors":[],"class_list":["post-627775","post","type-post","status-publish","format-standard","has-post-thumbnail","hentry","category-wochenspiegel","tag-radio-rumaenien-international","tag-wochenspiegel"],"acf":[],"yoast_head":"<!-- This site is optimized with the Yoast SEO plugin v27.3 - https:\/\/yoast.com\/product\/yoast-seo-wordpress\/ -->\n<title>Die Woche 18.02. - 22.02.2013 im \u00dcberblick - Radio Rum\u00e4nien International<\/title>\n<meta name=\"robots\" content=\"index, follow, max-snippet:-1, max-image-preview:large, max-video-preview:-1\" \/>\n<link rel=\"canonical\" href=\"https:\/\/www.rri.ro\/de\/aktuell\/wochenspiegel\/die-woche-18-02-22-02-2013-im-ueberblick-id627775.html\" \/>\n<meta property=\"og:locale\" content=\"de_DE\" \/>\n<meta property=\"og:type\" content=\"article\" \/>\n<meta property=\"og:title\" content=\"Die Woche 18.02. - 22.02.2013 im \u00dcberblick - Radio Rum\u00e4nien International\" \/>\n<meta property=\"og:description\" content=\"R\u00fcckblick auf die wichtigsten Ereignisse in Politik, Wirtschaft und Gesellschaft\" \/>\n<meta property=\"og:url\" content=\"https:\/\/www.rri.ro\/de\/aktuell\/wochenspiegel\/die-woche-18-02-22-02-2013-im-ueberblick-id627775.html\" \/>\n<meta property=\"og:site_name\" content=\"Radio Rum\u00e4nien International\" \/>\n<meta property=\"article:published_time\" content=\"2013-02-23T12:03:00+00:00\" \/>\n<meta property=\"og:image\" content=\"https:\/\/www.rri.ro\/wp-content\/uploads\/2023\/10\/eveniment-top.jpg\" \/>\n\t<meta property=\"og:image:width\" content=\"640\" \/>\n\t<meta property=\"og:image:height\" content=\"480\" \/>\n\t<meta property=\"og:image:type\" content=\"image\/png\" \/>\n<meta name=\"author\" content=\"Newsroom\" \/>\n<meta name=\"twitter:card\" content=\"summary_large_image\" \/>\n<meta name=\"twitter:label1\" content=\"Verfasst von\" \/>\n\t<meta name=\"twitter:data1\" content=\"Newsroom\" \/>\n\t<meta name=\"twitter:label2\" content=\"Gesch\u00e4tzte Lesezeit\" \/>\n\t<meta name=\"twitter:data2\" content=\"7\u00a0Minuten\" \/>\n\t<meta name=\"twitter:label3\" content=\"Written by\" \/>\n\t<meta name=\"twitter:data3\" content=\"Newsroom\" \/>\n<script type=\"application\/ld+json\" class=\"yoast-schema-graph\">{\"@context\":\"https:\\\/\\\/schema.org\",\"@graph\":[{\"@type\":\"Article\",\"@id\":\"https:\\\/\\\/www.rri.ro\\\/de\\\/aktuell\\\/wochenspiegel\\\/die-woche-18-02-22-02-2013-im-ueberblick-id627775.html#article\",\"isPartOf\":{\"@id\":\"https:\\\/\\\/www.rri.ro\\\/de\\\/aktuell\\\/wochenspiegel\\\/die-woche-18-02-22-02-2013-im-ueberblick-id627775.html\"},\"author\":{\"name\":\"Newsroom\",\"@id\":\"https:\\\/\\\/www.rri.ro\\\/#\\\/schema\\\/person\\\/4a479940371b9fdefd194f561e8a7f88\"},\"headline\":\"Die Woche 18.02. &#8211; 22.02.2013 im \u00dcberblick\",\"datePublished\":\"2013-02-23T12:03:00+00:00\",\"mainEntityOfPage\":{\"@id\":\"https:\\\/\\\/www.rri.ro\\\/de\\\/aktuell\\\/wochenspiegel\\\/die-woche-18-02-22-02-2013-im-ueberblick-id627775.html\"},\"wordCount\":1375,\"image\":{\"@id\":\"https:\\\/\\\/www.rri.ro\\\/de\\\/aktuell\\\/wochenspiegel\\\/die-woche-18-02-22-02-2013-im-ueberblick-id627775.html#primaryimage\"},\"thumbnailUrl\":\"https:\\\/\\\/www.rri.ro\\\/wp-content\\\/uploads\\\/2023\\\/10\\\/eveniment-top.jpg\",\"keywords\":[\"Radio Rum\u00e4nien International\",\"Wochenspiegel\"],\"articleSection\":[\"Wochenspiegel\"],\"inLanguage\":\"de\"},{\"@type\":\"WebPage\",\"@id\":\"https:\\\/\\\/www.rri.ro\\\/de\\\/aktuell\\\/wochenspiegel\\\/die-woche-18-02-22-02-2013-im-ueberblick-id627775.html\",\"url\":\"https:\\\/\\\/www.rri.ro\\\/de\\\/aktuell\\\/wochenspiegel\\\/die-woche-18-02-22-02-2013-im-ueberblick-id627775.html\",\"name\":\"Die Woche 18.02. - 22.02.2013 im \u00dcberblick - Radio Rum\u00e4nien International\",\"isPartOf\":{\"@id\":\"https:\\\/\\\/www.rri.ro\\\/#website\"},\"primaryImageOfPage\":{\"@id\":\"https:\\\/\\\/www.rri.ro\\\/de\\\/aktuell\\\/wochenspiegel\\\/die-woche-18-02-22-02-2013-im-ueberblick-id627775.html#primaryimage\"},\"image\":{\"@id\":\"https:\\\/\\\/www.rri.ro\\\/de\\\/aktuell\\\/wochenspiegel\\\/die-woche-18-02-22-02-2013-im-ueberblick-id627775.html#primaryimage\"},\"thumbnailUrl\":\"https:\\\/\\\/www.rri.ro\\\/wp-content\\\/uploads\\\/2023\\\/10\\\/eveniment-top.jpg\",\"datePublished\":\"2013-02-23T12:03:00+00:00\",\"author\":{\"@id\":\"https:\\\/\\\/www.rri.ro\\\/#\\\/schema\\\/person\\\/4a479940371b9fdefd194f561e8a7f88\"},\"breadcrumb\":{\"@id\":\"https:\\\/\\\/www.rri.ro\\\/de\\\/aktuell\\\/wochenspiegel\\\/die-woche-18-02-22-02-2013-im-ueberblick-id627775.html#breadcrumb\"},\"inLanguage\":\"de\",\"potentialAction\":[{\"@type\":\"ReadAction\",\"target\":[\"https:\\\/\\\/www.rri.ro\\\/de\\\/aktuell\\\/wochenspiegel\\\/die-woche-18-02-22-02-2013-im-ueberblick-id627775.html\"]}]},{\"@type\":\"ImageObject\",\"inLanguage\":\"de\",\"@id\":\"https:\\\/\\\/www.rri.ro\\\/de\\\/aktuell\\\/wochenspiegel\\\/die-woche-18-02-22-02-2013-im-ueberblick-id627775.html#primaryimage\",\"url\":\"https:\\\/\\\/www.rri.ro\\\/wp-content\\\/uploads\\\/2023\\\/10\\\/eveniment-top.jpg\",\"contentUrl\":\"https:\\\/\\\/www.rri.ro\\\/wp-content\\\/uploads\\\/2023\\\/10\\\/eveniment-top.jpg\",\"width\":640,\"height\":480},{\"@type\":\"BreadcrumbList\",\"@id\":\"https:\\\/\\\/www.rri.ro\\\/de\\\/aktuell\\\/wochenspiegel\\\/die-woche-18-02-22-02-2013-im-ueberblick-id627775.html#breadcrumb\",\"itemListElement\":[{\"@type\":\"ListItem\",\"position\":1,\"name\":\"Startseite\",\"item\":\"https:\\\/\\\/www.rri.ro\\\/de\"},{\"@type\":\"ListItem\",\"position\":2,\"name\":\"Aktuell\",\"item\":\"https:\\\/\\\/www.rri.ro\\\/de\\\/aktuell\"},{\"@type\":\"ListItem\",\"position\":3,\"name\":\"Wochenspiegel\",\"item\":\"https:\\\/\\\/www.rri.ro\\\/de\\\/aktuell\\\/wochenspiegel\"},{\"@type\":\"ListItem\",\"position\":4,\"name\":\"Die Woche 18.02. &#8211; 22.02.2013 im \u00dcberblick\"}]},{\"@type\":\"WebSite\",\"@id\":\"https:\\\/\\\/www.rri.ro\\\/#website\",\"url\":\"https:\\\/\\\/www.rri.ro\\\/\",\"name\":\"Radio Rum\u00e4nien International\",\"description\":\"Totul despre Rom\u00e2nia \u015fi rom\u00e2ni, \u00een 13 limbi\\\/dialecte!\",\"inLanguage\":\"de\"},{\"@type\":\"Person\",\"@id\":\"https:\\\/\\\/www.rri.ro\\\/#\\\/schema\\\/person\\\/4a479940371b9fdefd194f561e8a7f88\",\"name\":\"Newsroom\",\"url\":\"https:\\\/\\\/www.rri.ro\\\/de\\\/author\\\/newsroom\"}]}<\/script>\n<!-- \/ Yoast SEO plugin. -->","yoast_head_json":{"title":"Die Woche 18.02. - 22.02.2013 im \u00dcberblick - Radio Rum\u00e4nien International","robots":{"index":"index","follow":"follow","max-snippet":"max-snippet:-1","max-image-preview":"max-image-preview:large","max-video-preview":"max-video-preview:-1"},"canonical":"https:\/\/www.rri.ro\/de\/aktuell\/wochenspiegel\/die-woche-18-02-22-02-2013-im-ueberblick-id627775.html","og_locale":"de_DE","og_type":"article","og_title":"Die Woche 18.02. - 22.02.2013 im \u00dcberblick - Radio Rum\u00e4nien International","og_description":"R\u00fcckblick auf die wichtigsten Ereignisse in Politik, Wirtschaft und Gesellschaft","og_url":"https:\/\/www.rri.ro\/de\/aktuell\/wochenspiegel\/die-woche-18-02-22-02-2013-im-ueberblick-id627775.html","og_site_name":"Radio Rum\u00e4nien International","article_published_time":"2013-02-23T12:03:00+00:00","og_image":[{"width":640,"height":480,"url":"https:\/\/www.rri.ro\/wp-content\/uploads\/2023\/10\/eveniment-top.jpg","type":"image\/png"}],"author":"Newsroom","twitter_card":"summary_large_image","twitter_misc":{"Verfasst von":"Newsroom","Gesch\u00e4tzte Lesezeit":"7\u00a0Minuten","Written by":"Newsroom"},"schema":{"@context":"https:\/\/schema.org","@graph":[{"@type":"Article","@id":"https:\/\/www.rri.ro\/de\/aktuell\/wochenspiegel\/die-woche-18-02-22-02-2013-im-ueberblick-id627775.html#article","isPartOf":{"@id":"https:\/\/www.rri.ro\/de\/aktuell\/wochenspiegel\/die-woche-18-02-22-02-2013-im-ueberblick-id627775.html"},"author":{"name":"Newsroom","@id":"https:\/\/www.rri.ro\/#\/schema\/person\/4a479940371b9fdefd194f561e8a7f88"},"headline":"Die Woche 18.02. &#8211; 22.02.2013 im \u00dcberblick","datePublished":"2013-02-23T12:03:00+00:00","mainEntityOfPage":{"@id":"https:\/\/www.rri.ro\/de\/aktuell\/wochenspiegel\/die-woche-18-02-22-02-2013-im-ueberblick-id627775.html"},"wordCount":1375,"image":{"@id":"https:\/\/www.rri.ro\/de\/aktuell\/wochenspiegel\/die-woche-18-02-22-02-2013-im-ueberblick-id627775.html#primaryimage"},"thumbnailUrl":"https:\/\/www.rri.ro\/wp-content\/uploads\/2023\/10\/eveniment-top.jpg","keywords":["Radio Rum\u00e4nien International","Wochenspiegel"],"articleSection":["Wochenspiegel"],"inLanguage":"de"},{"@type":"WebPage","@id":"https:\/\/www.rri.ro\/de\/aktuell\/wochenspiegel\/die-woche-18-02-22-02-2013-im-ueberblick-id627775.html","url":"https:\/\/www.rri.ro\/de\/aktuell\/wochenspiegel\/die-woche-18-02-22-02-2013-im-ueberblick-id627775.html","name":"Die Woche 18.02. - 22.02.2013 im \u00dcberblick - Radio Rum\u00e4nien International","isPartOf":{"@id":"https:\/\/www.rri.ro\/#website"},"primaryImageOfPage":{"@id":"https:\/\/www.rri.ro\/de\/aktuell\/wochenspiegel\/die-woche-18-02-22-02-2013-im-ueberblick-id627775.html#primaryimage"},"image":{"@id":"https:\/\/www.rri.ro\/de\/aktuell\/wochenspiegel\/die-woche-18-02-22-02-2013-im-ueberblick-id627775.html#primaryimage"},"thumbnailUrl":"https:\/\/www.rri.ro\/wp-content\/uploads\/2023\/10\/eveniment-top.jpg","datePublished":"2013-02-23T12:03:00+00:00","author":{"@id":"https:\/\/www.rri.ro\/#\/schema\/person\/4a479940371b9fdefd194f561e8a7f88"},"breadcrumb":{"@id":"https:\/\/www.rri.ro\/de\/aktuell\/wochenspiegel\/die-woche-18-02-22-02-2013-im-ueberblick-id627775.html#breadcrumb"},"inLanguage":"de","potentialAction":[{"@type":"ReadAction","target":["https:\/\/www.rri.ro\/de\/aktuell\/wochenspiegel\/die-woche-18-02-22-02-2013-im-ueberblick-id627775.html"]}]},{"@type":"ImageObject","inLanguage":"de","@id":"https:\/\/www.rri.ro\/de\/aktuell\/wochenspiegel\/die-woche-18-02-22-02-2013-im-ueberblick-id627775.html#primaryimage","url":"https:\/\/www.rri.ro\/wp-content\/uploads\/2023\/10\/eveniment-top.jpg","contentUrl":"https:\/\/www.rri.ro\/wp-content\/uploads\/2023\/10\/eveniment-top.jpg","width":640,"height":480},{"@type":"BreadcrumbList","@id":"https:\/\/www.rri.ro\/de\/aktuell\/wochenspiegel\/die-woche-18-02-22-02-2013-im-ueberblick-id627775.html#breadcrumb","itemListElement":[{"@type":"ListItem","position":1,"name":"Startseite","item":"https:\/\/www.rri.ro\/de"},{"@type":"ListItem","position":2,"name":"Aktuell","item":"https:\/\/www.rri.ro\/de\/aktuell"},{"@type":"ListItem","position":3,"name":"Wochenspiegel","item":"https:\/\/www.rri.ro\/de\/aktuell\/wochenspiegel"},{"@type":"ListItem","position":4,"name":"Die Woche 18.02. &#8211; 22.02.2013 im \u00dcberblick"}]},{"@type":"WebSite","@id":"https:\/\/www.rri.ro\/#website","url":"https:\/\/www.rri.ro\/","name":"Radio Rum\u00e4nien International","description":"Totul despre Rom\u00e2nia \u015fi rom\u00e2ni, \u00een 13 limbi\/dialecte!","inLanguage":"de"},{"@type":"Person","@id":"https:\/\/www.rri.ro\/#\/schema\/person\/4a479940371b9fdefd194f561e8a7f88","name":"Newsroom","url":"https:\/\/www.rri.ro\/de\/author\/newsroom"}]}},"_links":{"self":[{"href":"https:\/\/www.rri.ro\/de\/wp-json\/wp\/v2\/posts\/627775","targetHints":{"allow":["GET"]}}],"collection":[{"href":"https:\/\/www.rri.ro\/de\/wp-json\/wp\/v2\/posts"}],"about":[{"href":"https:\/\/www.rri.ro\/de\/wp-json\/wp\/v2\/types\/post"}],"author":[{"embeddable":true,"href":"https:\/\/www.rri.ro\/de\/wp-json\/wp\/v2\/users\/113"}],"replies":[{"embeddable":true,"href":"https:\/\/www.rri.ro\/de\/wp-json\/wp\/v2\/comments?post=627775"}],"version-history":[{"count":0,"href":"https:\/\/www.rri.ro\/de\/wp-json\/wp\/v2\/posts\/627775\/revisions"}],"wp:featuredmedia":[{"embeddable":true,"href":"https:\/\/www.rri.ro\/de\/wp-json\/wp\/v2\/media\/123816"}],"wp:attachment":[{"href":"https:\/\/www.rri.ro\/de\/wp-json\/wp\/v2\/media?parent=627775"}],"wp:term":[{"taxonomy":"category","embeddable":true,"href":"https:\/\/www.rri.ro\/de\/wp-json\/wp\/v2\/categories?post=627775"},{"taxonomy":"post_tag","embeddable":true,"href":"https:\/\/www.rri.ro\/de\/wp-json\/wp\/v2\/tags?post=627775"},{"taxonomy":"author","embeddable":true,"href":"https:\/\/www.rri.ro\/de\/wp-json\/wp\/v2\/coauthors?post=627775"}],"curies":[{"name":"wp","href":"https:\/\/api.w.org\/{rel}","templated":true}]}}